{"id":163127,"date":"2026-04-13T11:06:33","date_gmt":"2026-04-13T11:06:33","guid":{"rendered":"https:\/\/diariodalagoa.pt\/?p=163127"},"modified":"2026-04-13T11:06:35","modified_gmt":"2026-04-13T11:06:35","slug":"camara-do-comercio-de-ponta-delgada-defende-fundo-de-captacao-de-rotas-aereas","status":"publish","type":"post","link":"https:\/\/diariodalagoa.pt\/en\/camara-do-comercio-de-ponta-delgada-defende-fundo-de-captacao-de-rotas-aereas\/","title":{"rendered":"C\u00e2mara do Com\u00e9rcio de Ponta Delgada defende fundo de capta\u00e7\u00e3o de rotas a\u00e9reas"},"content":{"rendered":"<figure class=\"wp-block-image size-full\"><img decoding=\"async\" width=\"960\" height=\"540\" src=\"https:\/\/diariodalagoa.pt\/wp-content\/uploads\/2026\/04\/ryanair.jpg\" alt=\"\" class=\"wp-image-163128\" srcset=\"https:\/\/diariodalagoa.pt\/wp-content\/uploads\/2026\/04\/ryanair.jpg 960w, https:\/\/diariodalagoa.pt\/wp-content\/uploads\/2026\/04\/ryanair-300x169.jpg 300w, https:\/\/diariodalagoa.pt\/wp-content\/uploads\/2026\/04\/ryanair-768x432.jpg 768w, https:\/\/diariodalagoa.pt\/wp-content\/uploads\/2026\/04\/ryanair-18x10.jpg 18w\" sizes=\"(max-width: 960px) 100vw, 960px\" \/><figcaption class=\"wp-element-caption\"><sub><mark style=\"background-color:rgba(0, 0, 0, 0)\" class=\"has-inline-color has-cyan-bluish-gray-color\">\u00a9 D.R.<\/mark><\/sub><\/figcaption><\/figure>\n\n\n\n<p>A C\u00e2mara do Com\u00e9rcio e Ind\u00fastria de Ponta Delgada considera (CCIPD) \u201cimperativo adotar instrumentos de pol\u00edtica p\u00fablica que mitiguem as desvantagens competitivas\u201d associadas \u00e0 insularidade dos A\u00e7ores e ao facto da Ryanair ter deixado de voar para a regi\u00e3o.<\/p>\n\n\n\n<p>Em comunicado, a CCIPD entende ser necess\u00e1rio \u201cassegurar n\u00edveis adequados de conectividade a\u00e9rea e garantir a sustentabilidade do setor tur\u00edstico, que constitui um dos principais motores da economia regional\u201d.<\/p>\n\n\n\n<p>Para tal, d\u00e1 como exemplo as ilhas Can\u00e1rias que \u201cimplementaram um programa de desenvolvimento de voos no \u00e2mbito territorial da Regi\u00e3o Ultraperif\u00e9rica das Can\u00e1rias para 2013-2026\u201d, que assenta num \u201cregime p\u00fablico de incentivos \u00e0 cria\u00e7\u00e3o e opera\u00e7\u00e3o de novas rotas a\u00e9reas internacionais, baseado em mecanismos concorrenciais e transparentes\u201d.<\/p>\n\n\n\n<p>\u00c9 um programa que \u201cvisa apoiar a abertura de rotas diretas, reduzindo o risco inicial para as companhias a\u00e9reas atrav\u00e9s de incentivos financeiros proporcionais \u00e0 capacidade oferecida\u201d, pode ler-se na missiva.<\/p>\n\n\n\n<p>Sublinha que \u201ceste regime foi formalmente enquadrado e aprovado pela Comiss\u00e3o Europeia, no \u00e2mbito das regras de aux\u00edlios de Estado, designadamente ao abrigo das diretrizes relativas a aeroportos e companhias a\u00e9reas, que valida a sua compatibilidade com o mercado interno e reconhece a sua contribui\u00e7\u00e3o para o desenvolvimento econ\u00f3mico de uma regi\u00e3o ultraperif\u00e9rica\u201d.<\/p>\n\n\n\n<p>De resto, acrescenta a C\u00e2mara do Com\u00e9rcio e Ind\u00fastria de Ponta Delgada, \u201co an\u00fancio do vice-presidente executivo da Comiss\u00e3o Europeia para a Coes\u00e3o e Reformas, Rafaelle Fitto, de que ir\u00e1 apresentar um novo pacote legislativo para responder \u00e0s especificidades das regi\u00f5es ultraperif\u00e9ricas, onde se incluem os A\u00e7ores, \u00e9 inequivocamente uma oportunidade que n\u00e3o pode ser desperdi\u00e7ada pelo governo regional e que permitir\u00e1 enquadrar adequadamente o imprescind\u00edvel programa de capta\u00e7\u00e3o de novos operadores e rotas a\u00e9reas\u201d. <\/p>\n\n\n\n<p>\u201cFace ao impacto econ\u00f3mico negativo decorrente da perda de conectividade a\u00e9rea nos A\u00e7ores, torna-se urgente e estrat\u00e9gico avaliar a implementa\u00e7\u00e3o de um programa an\u00e1logo ao modelo das Can\u00e1rias, devidamente adaptado \u00e0 realidade regional, que permita incentivar a cria\u00e7\u00e3o de novas rotas, refor\u00e7ar a competitividade do destino e assegurar a sua integra\u00e7\u00e3o nos principais mercados emissores internacionais. Tal medida constitui n\u00e3o apenas uma resposta conjuntural \u00e0 atual perda de oferta a\u00e9rea, mas uma op\u00e7\u00e3o estrutural de pol\u00edtica p\u00fablica alinhada com as melhores pr\u00e1ticas europeias e com os instrumentos j\u00e1 reconhecidos e aprovados pelas institui\u00e7\u00f5es comunit\u00e1rias\u201d, finaliza o comunicado.<\/p>","protected":false},"excerpt":{"rendered":"<p>Em causa est\u00e1 a sustentabilidade do setor do turismo. C\u00e2mara do Com\u00e9rcio e Ind\u00fastria de Ponta Delgada entende que os A\u00e7ores devem seguir o exemplo das Can\u00e1rias.<\/p>","protected":false},"author":2,"featured_media":163128,"comment_status":"open","ping_status":"open","sticky":false,"template":"","format":"standard","meta":[],"categories":[21],"tags":[119,195,1186,1965,2886,3468,31],"acf":[],"yoast_head":"<!-- This site is optimized with the Yoast SEO plugin v20.10 - https:\/\/yoast.com\/wordpress\/plugins\/seo\/ -->\n<title>C\u00e2mara do Com\u00e9rcio de Ponta Delgada defende fundo de capta\u00e7\u00e3o de rotas a\u00e9reas - Di\u00e1rio da Lagoa<\/title>\n<meta name=\"description\" content=\"Em causa est\u00e1 a sustentabilidade do setor do turismo. C\u00e2mara do Com\u00e9rcio e Ind\u00fastria de Ponta Delgada entende que os A\u00e7ores devem seguir o exemplo das Can\u00e1rias.\" \/>\n<meta name=\"robots\" content=\"index, follow, max-snippet:-1, max-image-preview:large, max-video-preview:-1\" \/>\n<link rel=\"canonical\" href=\"https:\/\/diariodalagoa.pt\/en\/camara-do-comercio-de-ponta-delgada-defende-fundo-de-captacao-de-rotas-aereas\/\" \/>\n<meta property=\"og:locale\" content=\"en_US\" \/>\n<meta property=\"og:type\" content=\"article\" \/>\n<meta property=\"og:title\" content=\"C\u00e2mara do Com\u00e9rcio de Ponta Delgada defende fundo de capta\u00e7\u00e3o de rotas a\u00e9reas - Di\u00e1rio da Lagoa\" \/>\n<meta property=\"og:description\" content=\"Em causa est\u00e1 a sustentabilidade do setor do turismo. C\u00e2mara do Com\u00e9rcio e Ind\u00fastria de Ponta Delgada entende que os A\u00e7ores devem seguir o exemplo das Can\u00e1rias.\" \/>\n<meta property=\"og:url\" content=\"https:\/\/diariodalagoa.pt\/en\/camara-do-comercio-de-ponta-delgada-defende-fundo-de-captacao-de-rotas-aereas\/\" \/>\n<meta property=\"og:site_name\" content=\"Di\u00e1rio da Lagoa\" \/>\n<meta property=\"article:published_time\" content=\"2026-04-13T11:06:33+00:00\" \/>\n<meta property=\"article:modified_time\" content=\"2026-04-13T11:06:35+00:00\" \/>\n<meta property=\"og:image\" content=\"https:\/\/diariodalagoa.pt\/wp-content\/uploads\/2026\/04\/ryanair.jpg\" \/>\n\t<meta property=\"og:image:width\" content=\"960\" \/>\n\t<meta property=\"og:image:height\" content=\"540\" \/>\n\t<meta property=\"og:image:type\" content=\"image\/jpeg\" \/>\n<meta name=\"author\" content=\"Di\u00e1rio da Lagoa\" \/>\n<meta name=\"twitter:card\" content=\"summary_large_image\" \/>\n<meta name=\"twitter:label1\" content=\"Written by\" \/>\n\t<meta name=\"twitter:data1\" content=\"Di\u00e1rio da Lagoa\" \/>\n\t<meta name=\"twitter:label2\" content=\"Est. reading time\" \/>\n\t<meta name=\"twitter:data2\" content=\"3 minutes\" \/>\n<script type=\"application\/ld+json\" class=\"yoast-schema-graph\">{\"@context\":\"https:\/\/schema.org\",\"@graph\":[{\"@type\":\"WebPage\",\"@id\":\"https:\/\/diariodalagoa.pt\/camara-do-comercio-de-ponta-delgada-defende-fundo-de-captacao-de-rotas-aereas\/\",\"url\":\"https:\/\/diariodalagoa.pt\/camara-do-comercio-de-ponta-delgada-defende-fundo-de-captacao-de-rotas-aereas\/\",\"name\":\"C\u00e2mara do Com\u00e9rcio de Ponta Delgada defende fundo de capta\u00e7\u00e3o de rotas a\u00e9reas - Di\u00e1rio da Lagoa\",\"isPartOf\":{\"@id\":\"https:\/\/diariodalagoa.pt\/#website\"},\"datePublished\":\"2026-04-13T11:06:33+00:00\",\"dateModified\":\"2026-04-13T11:06:35+00:00\",\"author\":{\"@id\":\"https:\/\/diariodalagoa.pt\/#\/schema\/person\/1615a002370e8857b6f972834bc43ece\"},\"description\":\"Em causa est\u00e1 a sustentabilidade do setor do turismo. C\u00e2mara do Com\u00e9rcio e Ind\u00fastria de Ponta Delgada entende que os A\u00e7ores devem seguir o exemplo das Can\u00e1rias.\",\"breadcrumb\":{\"@id\":\"https:\/\/diariodalagoa.pt\/camara-do-comercio-de-ponta-delgada-defende-fundo-de-captacao-de-rotas-aereas\/#breadcrumb\"},\"inLanguage\":\"en-US\",\"potentialAction\":[{\"@type\":\"ReadAction\",\"target\":[\"https:\/\/diariodalagoa.pt\/camara-do-comercio-de-ponta-delgada-defende-fundo-de-captacao-de-rotas-aereas\/\"]}]},{\"@type\":\"BreadcrumbList\",\"@id\":\"https:\/\/diariodalagoa.pt\/camara-do-comercio-de-ponta-delgada-defende-fundo-de-captacao-de-rotas-aereas\/#breadcrumb\",\"itemListElement\":[{\"@type\":\"ListItem\",\"position\":1,\"name\":\"In\u00edcio\",\"item\":\"https:\/\/diariodalagoa.pt\/\"},{\"@type\":\"ListItem\",\"position\":2,\"name\":\"C\u00e2mara do Com\u00e9rcio de Ponta Delgada defende fundo de capta\u00e7\u00e3o de rotas a\u00e9reas\"}]},{\"@type\":\"WebSite\",\"@id\":\"https:\/\/diariodalagoa.pt\/#website\",\"url\":\"https:\/\/diariodalagoa.pt\/\",\"name\":\"Di\u00e1rio da Lagoa\",\"description\":\"Di\u00e1rio da Lagoa. As not\u00edcias que contam. A partir da Lagoa, nos A\u00e7ores, para o mundo.\",\"potentialAction\":[{\"@type\":\"SearchAction\",\"target\":{\"@type\":\"EntryPoint\",\"urlTemplate\":\"https:\/\/diariodalagoa.pt\/?s={search_term_string}\"},\"query-input\":\"required name=search_term_string\"}],\"inLanguage\":\"en-US\"},{\"@type\":\"Person\",\"@id\":\"https:\/\/diariodalagoa.pt\/#\/schema\/person\/1615a002370e8857b6f972834bc43ece\",\"name\":\"Di\u00e1rio da Lagoa\",\"image\":{\"@type\":\"ImageObject\",\"inLanguage\":\"en-US\",\"@id\":\"https:\/\/diariodalagoa.pt\/#\/schema\/person\/image\/\",\"url\":\"https:\/\/secure.gravatar.com\/avatar\/2cb5cef90a26f8fbd4d9d930608102c5?s=96&d=mm&r=g\",\"contentUrl\":\"https:\/\/secure.gravatar.com\/avatar\/2cb5cef90a26f8fbd4d9d930608102c5?s=96&d=mm&r=g\",\"caption\":\"Di\u00e1rio da Lagoa\"},\"url\":\"https:\/\/diariodalagoa.pt\/en\/author\/diariodalagoa\/\"}]}<\/script>\n<!-- \/ Yoast SEO plugin. -->","yoast_head_json":{"title":"C\u00e2mara do Com\u00e9rcio de Ponta Delgada defende fundo de capta\u00e7\u00e3o de rotas a\u00e9reas - Di\u00e1rio da Lagoa","description":"Em causa est\u00e1 a sustentabilidade do setor do turismo. C\u00e2mara do Com\u00e9rcio e Ind\u00fastria de Ponta Delgada entende que os A\u00e7ores devem seguir o exemplo das Can\u00e1rias.","robots":{"index":"index","follow":"follow","max-snippet":"max-snippet:-1","max-image-preview":"max-image-preview:large","max-video-preview":"max-video-preview:-1"},"canonical":"https:\/\/diariodalagoa.pt\/en\/camara-do-comercio-de-ponta-delgada-defende-fundo-de-captacao-de-rotas-aereas\/","og_locale":"en_US","og_type":"article","og_title":"C\u00e2mara do Com\u00e9rcio de Ponta Delgada defende fundo de capta\u00e7\u00e3o de rotas a\u00e9reas - Di\u00e1rio da Lagoa","og_description":"Em causa est\u00e1 a sustentabilidade do setor do turismo. C\u00e2mara do Com\u00e9rcio e Ind\u00fastria de Ponta Delgada entende que os A\u00e7ores devem seguir o exemplo das Can\u00e1rias.","og_url":"https:\/\/diariodalagoa.pt\/en\/camara-do-comercio-de-ponta-delgada-defende-fundo-de-captacao-de-rotas-aereas\/","og_site_name":"Di\u00e1rio da Lagoa","article_published_time":"2026-04-13T11:06:33+00:00","article_modified_time":"2026-04-13T11:06:35+00:00","og_image":[{"width":960,"height":540,"url":"https:\/\/diariodalagoa.pt\/wp-content\/uploads\/2026\/04\/ryanair.jpg","type":"image\/jpeg"}],"author":"Di\u00e1rio da Lagoa","twitter_card":"summary_large_image","twitter_misc":{"Written by":"Di\u00e1rio da Lagoa","Est. reading time":"3 minutes"},"schema":{"@context":"https:\/\/schema.org","@graph":[{"@type":"WebPage","@id":"https:\/\/diariodalagoa.pt\/camara-do-comercio-de-ponta-delgada-defende-fundo-de-captacao-de-rotas-aereas\/","url":"https:\/\/diariodalagoa.pt\/camara-do-comercio-de-ponta-delgada-defende-fundo-de-captacao-de-rotas-aereas\/","name":"C\u00e2mara do Com\u00e9rcio de Ponta Delgada defende fundo de capta\u00e7\u00e3o de rotas a\u00e9reas - Di\u00e1rio da Lagoa","isPartOf":{"@id":"https:\/\/diariodalagoa.pt\/#website"},"datePublished":"2026-04-13T11:06:33+00:00","dateModified":"2026-04-13T11:06:35+00:00","author":{"@id":"https:\/\/diariodalagoa.pt\/#\/schema\/person\/1615a002370e8857b6f972834bc43ece"},"description":"Em causa est\u00e1 a sustentabilidade do setor do turismo. C\u00e2mara do Com\u00e9rcio e Ind\u00fastria de Ponta Delgada entende que os A\u00e7ores devem seguir o exemplo das Can\u00e1rias.","breadcrumb":{"@id":"https:\/\/diariodalagoa.pt\/camara-do-comercio-de-ponta-delgada-defende-fundo-de-captacao-de-rotas-aereas\/#breadcrumb"},"inLanguage":"en-US","potentialAction":[{"@type":"ReadAction","target":["https:\/\/diariodalagoa.pt\/camara-do-comercio-de-ponta-delgada-defende-fundo-de-captacao-de-rotas-aereas\/"]}]},{"@type":"BreadcrumbList","@id":"https:\/\/diariodalagoa.pt\/camara-do-comercio-de-ponta-delgada-defende-fundo-de-captacao-de-rotas-aereas\/#breadcrumb","itemListElement":[{"@type":"ListItem","position":1,"name":"In\u00edcio","item":"https:\/\/diariodalagoa.pt\/"},{"@type":"ListItem","position":2,"name":"C\u00e2mara do Com\u00e9rcio de Ponta Delgada defende fundo de capta\u00e7\u00e3o de rotas a\u00e9reas"}]},{"@type":"WebSite","@id":"https:\/\/diariodalagoa.pt\/#website","url":"https:\/\/diariodalagoa.pt\/","name":"Di\u00e1rio da Lagoa","description":"Di\u00e1rio da Lagoa. As not\u00edcias que contam. A partir da Lagoa, nos A\u00e7ores, para o mundo.","potentialAction":[{"@type":"SearchAction","target":{"@type":"EntryPoint","urlTemplate":"https:\/\/diariodalagoa.pt\/?s={search_term_string}"},"query-input":"required name=search_term_string"}],"inLanguage":"en-US"},{"@type":"Person","@id":"https:\/\/diariodalagoa.pt\/#\/schema\/person\/1615a002370e8857b6f972834bc43ece","name":"Di\u00e1rio da Lagoa","image":{"@type":"ImageObject","inLanguage":"en-US","@id":"https:\/\/diariodalagoa.pt\/#\/schema\/person\/image\/","url":"https:\/\/secure.gravatar.com\/avatar\/2cb5cef90a26f8fbd4d9d930608102c5?s=96&d=mm&r=g","contentUrl":"https:\/\/secure.gravatar.com\/avatar\/2cb5cef90a26f8fbd4d9d930608102c5?s=96&d=mm&r=g","caption":"Di\u00e1rio da Lagoa"},"url":"https:\/\/diariodalagoa.pt\/en\/author\/diariodalagoa\/"}]}},"_links":{"self":[{"href":"https:\/\/diariodalagoa.pt\/en\/wp-json\/wp\/v2\/posts\/163127"}],"collection":[{"href":"https:\/\/diariodalagoa.pt\/en\/wp-json\/wp\/v2\/posts"}],"about":[{"href":"https:\/\/diariodalagoa.pt\/en\/wp-json\/wp\/v2\/types\/post"}],"author":[{"embeddable":true,"href":"https:\/\/diariodalagoa.pt\/en\/wp-json\/wp\/v2\/users\/2"}],"replies":[{"embeddable":true,"href":"https:\/\/diariodalagoa.pt\/en\/wp-json\/wp\/v2\/comments?post=163127"}],"version-history":[{"count":2,"href":"https:\/\/diariodalagoa.pt\/en\/wp-json\/wp\/v2\/posts\/163127\/revisions"}],"predecessor-version":[{"id":163130,"href":"https:\/\/diariodalagoa.pt\/en\/wp-json\/wp\/v2\/posts\/163127\/revisions\/163130"}],"wp:featuredmedia":[{"embeddable":true,"href":"https:\/\/diariodalagoa.pt\/en\/wp-json\/wp\/v2\/media\/163128"}],"wp:attachment":[{"href":"https:\/\/diariodalagoa.pt\/en\/wp-json\/wp\/v2\/media?parent=163127"}],"wp:term":[{"taxonomy":"category","embeddable":true,"href":"https:\/\/diariodalagoa.pt\/en\/wp-json\/wp\/v2\/categories?post=163127"},{"taxonomy":"post_tag","embeddable":true,"href":"https:\/\/diariodalagoa.pt\/en\/wp-json\/wp\/v2\/tags?post=163127"}],"curies":[{"name":"wp","href":"https:\/\/api.w.org\/{rel}","templated":true}]}}