{"id":162997,"date":"2026-04-07T17:08:57","date_gmt":"2026-04-07T17:08:57","guid":{"rendered":"https:\/\/diariodalagoa.pt\/?p=162997"},"modified":"2026-04-08T16:31:09","modified_gmt":"2026-04-08T16:31:09","slug":"natacha-cande-recebe-voto-de-congratulacao-pela-revalidacao-do-titulo-iberico-de-pentatlo","status":"publish","type":"post","link":"https:\/\/diariodalagoa.pt\/en\/natacha-cande-recebe-voto-de-congratulacao-pela-revalidacao-do-titulo-iberico-de-pentatlo\/","title":{"rendered":"Natacha Cand\u00e9 recebe voto de congratula\u00e7\u00e3o pela revalida\u00e7\u00e3o do t\u00edtulo ib\u00e9rico de pentatlo"},"content":{"rendered":"<figure class=\"wp-block-image size-full\"><img decoding=\"async\" width=\"960\" height=\"640\" src=\"https:\/\/diariodalagoa.pt\/wp-content\/uploads\/2026\/04\/natacha-cande.jpg\" alt=\"\" class=\"wp-image-162998\" srcset=\"https:\/\/diariodalagoa.pt\/wp-content\/uploads\/2026\/04\/natacha-cande.jpg 960w, https:\/\/diariodalagoa.pt\/wp-content\/uploads\/2026\/04\/natacha-cande-300x200.jpg 300w, https:\/\/diariodalagoa.pt\/wp-content\/uploads\/2026\/04\/natacha-cande-768x512.jpg 768w, https:\/\/diariodalagoa.pt\/wp-content\/uploads\/2026\/04\/natacha-cande-18x12.jpg 18w\" sizes=\"(max-width: 960px) 100vw, 960px\" \/><figcaption class=\"wp-element-caption\"><sub><mark style=\"background-color:rgba(0, 0, 0, 0)\" class=\"has-inline-color has-cyan-bluish-gray-color\">\u00a9 CM PONTA DELGADA<\/mark><\/sub><\/figcaption><\/figure>\n\n\n\n<p>A C\u00e2mara Municipal de Ponta Delgada aprovou, em reuni\u00e3o ordin\u00e1ria e por unanimidade, um voto de congratula\u00e7\u00e3o \u00e0 atleta Natacha Cand\u00e9, do Clube Desportivo e Cultural Juventude Ilha Verde, pela revalida\u00e7\u00e3o do t\u00edtulo ib\u00e9rico de pentatlo, no escal\u00e3o de sub-20.<\/p>\n\n\n\n<p>O t\u00edtulo de campe\u00e3 ib\u00e9rica de pentatlo foi conquistado no Torneio Ib\u00e9rico de Provas Combinadas, realizado em Zaragoza, Espanha, onde a atleta representou a sele\u00e7\u00e3o nacional e alcan\u00e7ou uma extraordin\u00e1ria pontua\u00e7\u00e3o total de 4257 pontos, superando as suas pr\u00f3prias marcas.<\/p>\n\n\n\n<p>Importa recordar que, j\u00e1 no corrente ano, Natacha Cand\u00e9 havia conquistado o t\u00edtulo de campe\u00e3 nacional de pentatlo nos campeonatos nacionais de provas combinadas, ao somar 4197 pontos, numa competi\u00e7\u00e3o em que estabeleceu, em simult\u00e2neo, os recordes nacionais dos escal\u00f5es de sub-20 e sub-23.<\/p>\n\n\n\n<p>Tal como se l\u00ea no voto de congratula\u00e7\u00e3o aprovado, \u201ca progress\u00e3o desportiva da atleta, marcada pela constante melhoria dos seus resultados \u2013 incluindo a supera\u00e7\u00e3o da anterior marca pessoal de 4094 pontos no Torneio Ib\u00e9rico de 2025 \u2013 constitui um exemplo de rigor, disciplina e compromisso com a excel\u00eancia, projetando o nome de Ponta Delgada e dos A\u00e7ores al\u00e9m-fronteiras\u201d. <\/p>\n\n\n\n<p>Recorde-se que Natacha Cand\u00e9 foi distinguida na Gala do Desporto de Ponta Delgada com o t\u00edtulo de \u201cAtleta Feminina do Ano\u201d, reconhecimento que sublinha o m\u00e9rito do seu percurso e o seu papel enquanto refer\u00eancia para a juventude.<\/p>","protected":false},"excerpt":{"rendered":"<p>Atleta do Juventude Ilha Verde superou as marcas anteriores e vincou, em Espanha, estar motivada para dar passos seguros na carreira<\/p>","protected":false},"author":2,"featured_media":162998,"comment_status":"open","ping_status":"open","sticky":false,"template":"","format":"standard","meta":[],"categories":[21],"tags":[4777,34,66,243,2344,2873],"acf":[],"yoast_head":"<!-- This site is optimized with the Yoast SEO plugin v20.10 - https:\/\/yoast.com\/wordpress\/plugins\/seo\/ -->\n<title>Natacha Cand\u00e9 recebe voto de congratula\u00e7\u00e3o pela revalida\u00e7\u00e3o do t\u00edtulo ib\u00e9rico de pentatlo - Di\u00e1rio da Lagoa<\/title>\n<meta name=\"description\" content=\"Atleta do Juventude Ilha Verde superou as marcas anteriores e vincou, em Espanha, estar motivada para dar passos seguros na carreira.\" \/>\n<meta name=\"robots\" content=\"index, follow, max-snippet:-1, max-image-preview:large, max-video-preview:-1\" \/>\n<link rel=\"canonical\" href=\"https:\/\/diariodalagoa.pt\/en\/natacha-cande-recebe-voto-de-congratulacao-pela-revalidacao-do-titulo-iberico-de-pentatlo\/\" \/>\n<meta property=\"og:locale\" content=\"en_US\" \/>\n<meta property=\"og:type\" content=\"article\" \/>\n<meta property=\"og:title\" content=\"Natacha Cand\u00e9 recebe voto de congratula\u00e7\u00e3o pela revalida\u00e7\u00e3o do t\u00edtulo ib\u00e9rico de pentatlo - Di\u00e1rio da Lagoa\" \/>\n<meta property=\"og:description\" content=\"Atleta do Juventude Ilha Verde superou as marcas anteriores e vincou, em Espanha, estar motivada para dar passos seguros na carreira.\" \/>\n<meta property=\"og:url\" content=\"https:\/\/diariodalagoa.pt\/en\/natacha-cande-recebe-voto-de-congratulacao-pela-revalidacao-do-titulo-iberico-de-pentatlo\/\" \/>\n<meta property=\"og:site_name\" content=\"Di\u00e1rio da Lagoa\" \/>\n<meta property=\"article:published_time\" content=\"2026-04-07T17:08:57+00:00\" \/>\n<meta property=\"article:modified_time\" content=\"2026-04-08T16:31:09+00:00\" \/>\n<meta property=\"og:image\" content=\"https:\/\/diariodalagoa.pt\/wp-content\/uploads\/2026\/04\/natacha-cande.jpg\" \/>\n\t<meta property=\"og:image:width\" content=\"960\" \/>\n\t<meta property=\"og:image:height\" content=\"640\" \/>\n\t<meta property=\"og:image:type\" content=\"image\/jpeg\" \/>\n<meta name=\"author\" content=\"Di\u00e1rio da Lagoa\" \/>\n<meta name=\"twitter:card\" content=\"summary_large_image\" \/>\n<meta name=\"twitter:label1\" content=\"Written by\" \/>\n\t<meta name=\"twitter:data1\" content=\"Di\u00e1rio da Lagoa\" \/>\n\t<meta name=\"twitter:label2\" content=\"Est. reading time\" \/>\n\t<meta name=\"twitter:data2\" content=\"2 minutes\" \/>\n<script type=\"application\/ld+json\" class=\"yoast-schema-graph\">{\"@context\":\"https:\/\/schema.org\",\"@graph\":[{\"@type\":\"WebPage\",\"@id\":\"https:\/\/diariodalagoa.pt\/natacha-cande-recebe-voto-de-congratulacao-pela-revalidacao-do-titulo-iberico-de-pentatlo\/\",\"url\":\"https:\/\/diariodalagoa.pt\/natacha-cande-recebe-voto-de-congratulacao-pela-revalidacao-do-titulo-iberico-de-pentatlo\/\",\"name\":\"Natacha Cand\u00e9 recebe voto de congratula\u00e7\u00e3o pela revalida\u00e7\u00e3o do t\u00edtulo ib\u00e9rico de pentatlo - Di\u00e1rio da Lagoa\",\"isPartOf\":{\"@id\":\"https:\/\/diariodalagoa.pt\/#website\"},\"datePublished\":\"2026-04-07T17:08:57+00:00\",\"dateModified\":\"2026-04-08T16:31:09+00:00\",\"author\":{\"@id\":\"https:\/\/diariodalagoa.pt\/#\/schema\/person\/1615a002370e8857b6f972834bc43ece\"},\"description\":\"Atleta do Juventude Ilha Verde superou as marcas anteriores e vincou, em Espanha, estar motivada para dar passos seguros na carreira.\",\"breadcrumb\":{\"@id\":\"https:\/\/diariodalagoa.pt\/natacha-cande-recebe-voto-de-congratulacao-pela-revalidacao-do-titulo-iberico-de-pentatlo\/#breadcrumb\"},\"inLanguage\":\"en-US\",\"potentialAction\":[{\"@type\":\"ReadAction\",\"target\":[\"https:\/\/diariodalagoa.pt\/natacha-cande-recebe-voto-de-congratulacao-pela-revalidacao-do-titulo-iberico-de-pentatlo\/\"]}]},{\"@type\":\"BreadcrumbList\",\"@id\":\"https:\/\/diariodalagoa.pt\/natacha-cande-recebe-voto-de-congratulacao-pela-revalidacao-do-titulo-iberico-de-pentatlo\/#breadcrumb\",\"itemListElement\":[{\"@type\":\"ListItem\",\"position\":1,\"name\":\"In\u00edcio\",\"item\":\"https:\/\/diariodalagoa.pt\/\"},{\"@type\":\"ListItem\",\"position\":2,\"name\":\"Natacha Cand\u00e9 recebe voto de congratula\u00e7\u00e3o pela revalida\u00e7\u00e3o do t\u00edtulo ib\u00e9rico de pentatlo\"}]},{\"@type\":\"WebSite\",\"@id\":\"https:\/\/diariodalagoa.pt\/#website\",\"url\":\"https:\/\/diariodalagoa.pt\/\",\"name\":\"Di\u00e1rio da Lagoa\",\"description\":\"Di\u00e1rio da Lagoa. As not\u00edcias que contam. A partir da Lagoa, nos A\u00e7ores, para o mundo.\",\"potentialAction\":[{\"@type\":\"SearchAction\",\"target\":{\"@type\":\"EntryPoint\",\"urlTemplate\":\"https:\/\/diariodalagoa.pt\/?s={search_term_string}\"},\"query-input\":\"required name=search_term_string\"}],\"inLanguage\":\"en-US\"},{\"@type\":\"Person\",\"@id\":\"https:\/\/diariodalagoa.pt\/#\/schema\/person\/1615a002370e8857b6f972834bc43ece\",\"name\":\"Di\u00e1rio da Lagoa\",\"image\":{\"@type\":\"ImageObject\",\"inLanguage\":\"en-US\",\"@id\":\"https:\/\/diariodalagoa.pt\/#\/schema\/person\/image\/\",\"url\":\"https:\/\/secure.gravatar.com\/avatar\/2cb5cef90a26f8fbd4d9d930608102c5?s=96&d=mm&r=g\",\"contentUrl\":\"https:\/\/secure.gravatar.com\/avatar\/2cb5cef90a26f8fbd4d9d930608102c5?s=96&d=mm&r=g\",\"caption\":\"Di\u00e1rio da Lagoa\"},\"url\":\"https:\/\/diariodalagoa.pt\/en\/author\/diariodalagoa\/\"}]}<\/script>\n<!-- \/ Yoast SEO plugin. -->","yoast_head_json":{"title":"Natacha Cand\u00e9 recebe voto de congratula\u00e7\u00e3o pela revalida\u00e7\u00e3o do t\u00edtulo ib\u00e9rico de pentatlo - Di\u00e1rio da Lagoa","description":"Atleta do Juventude Ilha Verde superou as marcas anteriores e vincou, em Espanha, estar motivada para dar passos seguros na carreira.","robots":{"index":"index","follow":"follow","max-snippet":"max-snippet:-1","max-image-preview":"max-image-preview:large","max-video-preview":"max-video-preview:-1"},"canonical":"https:\/\/diariodalagoa.pt\/en\/natacha-cande-recebe-voto-de-congratulacao-pela-revalidacao-do-titulo-iberico-de-pentatlo\/","og_locale":"en_US","og_type":"article","og_title":"Natacha Cand\u00e9 recebe voto de congratula\u00e7\u00e3o pela revalida\u00e7\u00e3o do t\u00edtulo ib\u00e9rico de pentatlo - Di\u00e1rio da Lagoa","og_description":"Atleta do Juventude Ilha Verde superou as marcas anteriores e vincou, em Espanha, estar motivada para dar passos seguros na carreira.","og_url":"https:\/\/diariodalagoa.pt\/en\/natacha-cande-recebe-voto-de-congratulacao-pela-revalidacao-do-titulo-iberico-de-pentatlo\/","og_site_name":"Di\u00e1rio da Lagoa","article_published_time":"2026-04-07T17:08:57+00:00","article_modified_time":"2026-04-08T16:31:09+00:00","og_image":[{"width":960,"height":640,"url":"https:\/\/diariodalagoa.pt\/wp-content\/uploads\/2026\/04\/natacha-cande.jpg","type":"image\/jpeg"}],"author":"Di\u00e1rio da Lagoa","twitter_card":"summary_large_image","twitter_misc":{"Written by":"Di\u00e1rio da Lagoa","Est. reading time":"2 minutes"},"schema":{"@context":"https:\/\/schema.org","@graph":[{"@type":"WebPage","@id":"https:\/\/diariodalagoa.pt\/natacha-cande-recebe-voto-de-congratulacao-pela-revalidacao-do-titulo-iberico-de-pentatlo\/","url":"https:\/\/diariodalagoa.pt\/natacha-cande-recebe-voto-de-congratulacao-pela-revalidacao-do-titulo-iberico-de-pentatlo\/","name":"Natacha Cand\u00e9 recebe voto de congratula\u00e7\u00e3o pela revalida\u00e7\u00e3o do t\u00edtulo ib\u00e9rico de pentatlo - Di\u00e1rio da Lagoa","isPartOf":{"@id":"https:\/\/diariodalagoa.pt\/#website"},"datePublished":"2026-04-07T17:08:57+00:00","dateModified":"2026-04-08T16:31:09+00:00","author":{"@id":"https:\/\/diariodalagoa.pt\/#\/schema\/person\/1615a002370e8857b6f972834bc43ece"},"description":"Atleta do Juventude Ilha Verde superou as marcas anteriores e vincou, em Espanha, estar motivada para dar passos seguros na carreira.","breadcrumb":{"@id":"https:\/\/diariodalagoa.pt\/natacha-cande-recebe-voto-de-congratulacao-pela-revalidacao-do-titulo-iberico-de-pentatlo\/#breadcrumb"},"inLanguage":"en-US","potentialAction":[{"@type":"ReadAction","target":["https:\/\/diariodalagoa.pt\/natacha-cande-recebe-voto-de-congratulacao-pela-revalidacao-do-titulo-iberico-de-pentatlo\/"]}]},{"@type":"BreadcrumbList","@id":"https:\/\/diariodalagoa.pt\/natacha-cande-recebe-voto-de-congratulacao-pela-revalidacao-do-titulo-iberico-de-pentatlo\/#breadcrumb","itemListElement":[{"@type":"ListItem","position":1,"name":"In\u00edcio","item":"https:\/\/diariodalagoa.pt\/"},{"@type":"ListItem","position":2,"name":"Natacha Cand\u00e9 recebe voto de congratula\u00e7\u00e3o pela revalida\u00e7\u00e3o do t\u00edtulo ib\u00e9rico de pentatlo"}]},{"@type":"WebSite","@id":"https:\/\/diariodalagoa.pt\/#website","url":"https:\/\/diariodalagoa.pt\/","name":"Di\u00e1rio da Lagoa","description":"Di\u00e1rio da Lagoa. As not\u00edcias que contam. A partir da Lagoa, nos A\u00e7ores, para o mundo.","potentialAction":[{"@type":"SearchAction","target":{"@type":"EntryPoint","urlTemplate":"https:\/\/diariodalagoa.pt\/?s={search_term_string}"},"query-input":"required name=search_term_string"}],"inLanguage":"en-US"},{"@type":"Person","@id":"https:\/\/diariodalagoa.pt\/#\/schema\/person\/1615a002370e8857b6f972834bc43ece","name":"Di\u00e1rio da Lagoa","image":{"@type":"ImageObject","inLanguage":"en-US","@id":"https:\/\/diariodalagoa.pt\/#\/schema\/person\/image\/","url":"https:\/\/secure.gravatar.com\/avatar\/2cb5cef90a26f8fbd4d9d930608102c5?s=96&d=mm&r=g","contentUrl":"https:\/\/secure.gravatar.com\/avatar\/2cb5cef90a26f8fbd4d9d930608102c5?s=96&d=mm&r=g","caption":"Di\u00e1rio da Lagoa"},"url":"https:\/\/diariodalagoa.pt\/en\/author\/diariodalagoa\/"}]}},"_links":{"self":[{"href":"https:\/\/diariodalagoa.pt\/en\/wp-json\/wp\/v2\/posts\/162997"}],"collection":[{"href":"https:\/\/diariodalagoa.pt\/en\/wp-json\/wp\/v2\/posts"}],"about":[{"href":"https:\/\/diariodalagoa.pt\/en\/wp-json\/wp\/v2\/types\/post"}],"author":[{"embeddable":true,"href":"https:\/\/diariodalagoa.pt\/en\/wp-json\/wp\/v2\/users\/2"}],"replies":[{"embeddable":true,"href":"https:\/\/diariodalagoa.pt\/en\/wp-json\/wp\/v2\/comments?post=162997"}],"version-history":[{"count":2,"href":"https:\/\/diariodalagoa.pt\/en\/wp-json\/wp\/v2\/posts\/162997\/revisions"}],"predecessor-version":[{"id":163000,"href":"https:\/\/diariodalagoa.pt\/en\/wp-json\/wp\/v2\/posts\/162997\/revisions\/163000"}],"wp:featuredmedia":[{"embeddable":true,"href":"https:\/\/diariodalagoa.pt\/en\/wp-json\/wp\/v2\/media\/162998"}],"wp:attachment":[{"href":"https:\/\/diariodalagoa.pt\/en\/wp-json\/wp\/v2\/media?parent=162997"}],"wp:term":[{"taxonomy":"category","embeddable":true,"href":"https:\/\/diariodalagoa.pt\/en\/wp-json\/wp\/v2\/categories?post=162997"},{"taxonomy":"post_tag","embeddable":true,"href":"https:\/\/diariodalagoa.pt\/en\/wp-json\/wp\/v2\/tags?post=162997"}],"curies":[{"name":"wp","href":"https:\/\/api.w.org\/{rel}","templated":true}]}}