{"id":160045,"date":"2025-11-25T08:59:24","date_gmt":"2025-11-25T08:59:24","guid":{"rendered":"https:\/\/diariodalagoa.pt\/?p=160045"},"modified":"2025-11-26T15:07:44","modified_gmt":"2025-11-26T15:07:44","slug":"joao-de-melo-celebra-cinquenta-anos-de-carreira-literaria-no-nordeste","status":"publish","type":"post","link":"https:\/\/diariodalagoa.pt\/en\/joao-de-melo-celebra-cinquenta-anos-de-carreira-literaria-no-nordeste\/","title":{"rendered":"Jo\u00e3o de Melo celebra cinquenta anos de carreira liter\u00e1ria no Nordeste"},"content":{"rendered":"<figure class=\"wp-block-image size-full\"><img decoding=\"async\" width=\"960\" height=\"640\" src=\"https:\/\/diariodalagoa.pt\/wp-content\/uploads\/2025\/11\/joao-de-melo-1.jpg\" alt=\"\" class=\"wp-image-160046\" srcset=\"https:\/\/diariodalagoa.pt\/wp-content\/uploads\/2025\/11\/joao-de-melo-1.jpg 960w, https:\/\/diariodalagoa.pt\/wp-content\/uploads\/2025\/11\/joao-de-melo-1-300x200.jpg 300w, https:\/\/diariodalagoa.pt\/wp-content\/uploads\/2025\/11\/joao-de-melo-1-768x512.jpg 768w, https:\/\/diariodalagoa.pt\/wp-content\/uploads\/2025\/11\/joao-de-melo-1-18x12.jpg 18w\" sizes=\"(max-width: 960px) 100vw, 960px\" \/><figcaption class=\"wp-element-caption\"><sub><mark style=\"background-color:rgba(0, 0, 0, 0)\" class=\"has-inline-color has-cyan-bluish-gray-color\">\u00a9 CM NORDESTE<\/mark><\/sub><\/figcaption><\/figure>\n\n\n\n<p>O munic\u00edpio do Nordeste promoveu um evento cultural de comemora\u00e7\u00e3o dos cinquenta anos de carreira liter\u00e1ria do escritor Jo\u00e3o de Melo e de lan\u00e7amento de uma obra editada pela autarquia e da autoria de Mafalda Vicente. Sob o t\u00edtulo \u201cAs paisagens n\u00e3o existem sozinhas\u201d, inspirado numa frase do livro \u201cA\u00e7ores: o segredo das ilhas\u201d, do escritor Jo\u00e3o de Melo, foram dois dias dedicados \u00e0 literatura, ao territ\u00f3rio e \u00e0 paisagem.<\/p>\n\n\n\n<p>Para a celebra\u00e7\u00e3o das bodas de ouro da carreira liter\u00e1ria do escritor Jo\u00e3o de Melo, natural do Nordeste, freguesia da Achadinha, v\u00e1rios convidados partilharam as suas experi\u00eancias de trabalho baseadas na obra do autor, havendo ainda uma apresenta\u00e7\u00e3o focada nos livros que comp\u00f5em a vasta carreira liter\u00e1ria do escritor.<\/p>\n\n\n\n<p>Teresa Viveiros foi uma das convidadas com a apresenta\u00e7\u00e3o do seu projeto \u201cA mala pedag\u00f3gica: Jo\u00e3o de Melo, de menino a escritor\u201d, inspirado na hist\u00f3ria de vida de Jo\u00e3o de Melo, assim como B\u00e1rbara Mesquita, que foi ao Nordeste exprimir como as palavras de Jo\u00e3o de Melo a tocaram e ajudaram a desenvolver a sua tese de doutoramento sobre as paisagens da vinha da ilha de Santa Maria.<\/p>\n\n\n\n<p>&nbsp;Zeca Medeiros, que em 2002 adaptou para televis\u00e3o o romance \u201cGente Feliz Com L\u00e1grimas\u201d, retratando o drama de uma fam\u00edlia a\u00e7oriana marcada pela emigra\u00e7\u00e3o e pelas feridas do passado, e de Urbano Bettencourt, amigo de longa data de Jo\u00e3o de Melo, com uma apresenta\u00e7\u00e3o sobre os cinquenta anos de carreira liter\u00e1ria do escritor Jo\u00e3o de Melo, tamb\u00e9m marcaram presen\u00e7a.<\/p>\n\n\n\n<p>O evento cultural prosseguiu no s\u00e1bado, com a apresenta\u00e7\u00e3o do livro editado pela C\u00e2mara do Nordeste e da autoria de Mafalda Vicente, \u201cCronologias do Nordeste, Abordagem hist\u00f3rica e cronol\u00f3gica \u00e0 evolu\u00e7\u00e3o territorial do concelho\u201d.<\/p>\n\n\n\n<p>O vice-presidente da C\u00e2mara do Nordeste, Marco Mour\u00e3o, destacou o valor da obra de Mafalda Vicente para a bibliografia do concelho do Nordeste e salientou o empenho e o brio que a autora, arquiteta na autarquia h\u00e1 v\u00e1rios anos, depositou neste livro e no trabalho que executa no munic\u00edpio.<\/p>\n\n\n\n<p>O escritor Jo\u00e3o de Melo, autor do pref\u00e1cio, fez a apresenta\u00e7\u00e3o da obra, e v\u00e1rios outros convidados integraram um debate, nesta mesma sess\u00e3o, sobre \u201cPaisagem, territ\u00f3rio e identidade: obst\u00e1culos e desafios da hist\u00f3ria local\u201d. <\/p>\n\n\n\n<p>Fizeram parte do painel, Nuno Costa, presidente da sec\u00e7\u00e3o regional da Ordem dos Arquitetos, Jo\u00e3o Pedro Regalado, professor da Geografia na EBS do Nordeste, o escritor Jo\u00e3o de Melo, Mafalda Vicente, arquiteta na C\u00e2mara do Nordeste, B\u00e1rbara Mesquita, investigadora em Geografia Humana, e Rui monteiro, arquiteto paisagista.<\/p>","protected":false},"excerpt":{"rendered":"<p>Durante dois dias, o munic\u00edpio do Nordeste homenageou um filho da terra e incluiu a partilha de experi\u00eancia por parte de quem o acompanhou ao longo da vida<\/p>","protected":false},"author":2,"featured_media":160046,"comment_status":"open","ping_status":"open","sticky":false,"template":"","format":"standard","meta":[],"categories":[21],"tags":[87,291,732,754,2645,3381,3675,3676],"acf":[],"yoast_head":"<!-- This site is optimized with the Yoast SEO plugin v20.10 - https:\/\/yoast.com\/wordpress\/plugins\/seo\/ -->\n<title>Jo\u00e3o de Melo celebra cinquenta anos de carreira liter\u00e1ria no Nordeste - Di\u00e1rio da Lagoa<\/title>\n<meta name=\"description\" content=\"Durante dois dias, o munic\u00edpio do Nordeste homenageou um filho da terra e incluiu a partilha de experi\u00eancia por parte de quem o acompanhou ao longo da vida.\" \/>\n<meta name=\"robots\" content=\"index, follow, max-snippet:-1, max-image-preview:large, max-video-preview:-1\" \/>\n<link rel=\"canonical\" href=\"https:\/\/diariodalagoa.pt\/en\/joao-de-melo-celebra-cinquenta-anos-de-carreira-literaria-no-nordeste\/\" \/>\n<meta property=\"og:locale\" content=\"en_US\" \/>\n<meta property=\"og:type\" content=\"article\" \/>\n<meta property=\"og:title\" content=\"Jo\u00e3o de Melo celebra cinquenta anos de carreira liter\u00e1ria no Nordeste - Di\u00e1rio da Lagoa\" \/>\n<meta property=\"og:description\" content=\"Durante dois dias, o munic\u00edpio do Nordeste homenageou um filho da terra e incluiu a partilha de experi\u00eancia por parte de quem o acompanhou ao longo da vida.\" \/>\n<meta property=\"og:url\" content=\"https:\/\/diariodalagoa.pt\/en\/joao-de-melo-celebra-cinquenta-anos-de-carreira-literaria-no-nordeste\/\" \/>\n<meta property=\"og:site_name\" content=\"Di\u00e1rio da Lagoa\" \/>\n<meta property=\"article:published_time\" content=\"2025-11-25T08:59:24+00:00\" \/>\n<meta property=\"article:modified_time\" content=\"2025-11-26T15:07:44+00:00\" \/>\n<meta property=\"og:image\" content=\"https:\/\/diariodalagoa.pt\/wp-content\/uploads\/2025\/11\/joao-de-melo-1.jpg\" \/>\n\t<meta property=\"og:image:width\" content=\"960\" \/>\n\t<meta property=\"og:image:height\" content=\"640\" \/>\n\t<meta property=\"og:image:type\" content=\"image\/jpeg\" \/>\n<meta name=\"author\" content=\"Di\u00e1rio da Lagoa\" \/>\n<meta name=\"twitter:card\" content=\"summary_large_image\" \/>\n<meta name=\"twitter:label1\" content=\"Written by\" \/>\n\t<meta name=\"twitter:data1\" content=\"Di\u00e1rio da Lagoa\" \/>\n\t<meta name=\"twitter:label2\" content=\"Est. reading time\" \/>\n\t<meta name=\"twitter:data2\" content=\"3 minutes\" \/>\n<script type=\"application\/ld+json\" class=\"yoast-schema-graph\">{\"@context\":\"https:\/\/schema.org\",\"@graph\":[{\"@type\":\"WebPage\",\"@id\":\"https:\/\/diariodalagoa.pt\/joao-de-melo-celebra-cinquenta-anos-de-carreira-literaria-no-nordeste\/\",\"url\":\"https:\/\/diariodalagoa.pt\/joao-de-melo-celebra-cinquenta-anos-de-carreira-literaria-no-nordeste\/\",\"name\":\"Jo\u00e3o de Melo celebra cinquenta anos de carreira liter\u00e1ria no Nordeste - Di\u00e1rio da Lagoa\",\"isPartOf\":{\"@id\":\"https:\/\/diariodalagoa.pt\/#website\"},\"datePublished\":\"2025-11-25T08:59:24+00:00\",\"dateModified\":\"2025-11-26T15:07:44+00:00\",\"author\":{\"@id\":\"https:\/\/diariodalagoa.pt\/#\/schema\/person\/1615a002370e8857b6f972834bc43ece\"},\"description\":\"Durante dois dias, o munic\u00edpio do Nordeste homenageou um filho da terra e incluiu a partilha de experi\u00eancia por parte de quem o acompanhou ao longo da vida.\",\"breadcrumb\":{\"@id\":\"https:\/\/diariodalagoa.pt\/joao-de-melo-celebra-cinquenta-anos-de-carreira-literaria-no-nordeste\/#breadcrumb\"},\"inLanguage\":\"en-US\",\"potentialAction\":[{\"@type\":\"ReadAction\",\"target\":[\"https:\/\/diariodalagoa.pt\/joao-de-melo-celebra-cinquenta-anos-de-carreira-literaria-no-nordeste\/\"]}]},{\"@type\":\"BreadcrumbList\",\"@id\":\"https:\/\/diariodalagoa.pt\/joao-de-melo-celebra-cinquenta-anos-de-carreira-literaria-no-nordeste\/#breadcrumb\",\"itemListElement\":[{\"@type\":\"ListItem\",\"position\":1,\"name\":\"In\u00edcio\",\"item\":\"https:\/\/diariodalagoa.pt\/\"},{\"@type\":\"ListItem\",\"position\":2,\"name\":\"Jo\u00e3o de Melo celebra cinquenta anos de carreira liter\u00e1ria no Nordeste\"}]},{\"@type\":\"WebSite\",\"@id\":\"https:\/\/diariodalagoa.pt\/#website\",\"url\":\"https:\/\/diariodalagoa.pt\/\",\"name\":\"Di\u00e1rio da Lagoa\",\"description\":\"Di\u00e1rio da Lagoa. As not\u00edcias que contam. A partir da Lagoa, nos A\u00e7ores, para o mundo.\",\"potentialAction\":[{\"@type\":\"SearchAction\",\"target\":{\"@type\":\"EntryPoint\",\"urlTemplate\":\"https:\/\/diariodalagoa.pt\/?s={search_term_string}\"},\"query-input\":\"required name=search_term_string\"}],\"inLanguage\":\"en-US\"},{\"@type\":\"Person\",\"@id\":\"https:\/\/diariodalagoa.pt\/#\/schema\/person\/1615a002370e8857b6f972834bc43ece\",\"name\":\"Di\u00e1rio da Lagoa\",\"image\":{\"@type\":\"ImageObject\",\"inLanguage\":\"en-US\",\"@id\":\"https:\/\/diariodalagoa.pt\/#\/schema\/person\/image\/\",\"url\":\"https:\/\/secure.gravatar.com\/avatar\/2cb5cef90a26f8fbd4d9d930608102c5?s=96&d=mm&r=g\",\"contentUrl\":\"https:\/\/secure.gravatar.com\/avatar\/2cb5cef90a26f8fbd4d9d930608102c5?s=96&d=mm&r=g\",\"caption\":\"Di\u00e1rio da Lagoa\"},\"url\":\"https:\/\/diariodalagoa.pt\/en\/author\/diariodalagoa\/\"}]}<\/script>\n<!-- \/ Yoast SEO plugin. -->","yoast_head_json":{"title":"Jo\u00e3o de Melo celebra cinquenta anos de carreira liter\u00e1ria no Nordeste - Di\u00e1rio da Lagoa","description":"Durante dois dias, o munic\u00edpio do Nordeste homenageou um filho da terra e incluiu a partilha de experi\u00eancia por parte de quem o acompanhou ao longo da vida.","robots":{"index":"index","follow":"follow","max-snippet":"max-snippet:-1","max-image-preview":"max-image-preview:large","max-video-preview":"max-video-preview:-1"},"canonical":"https:\/\/diariodalagoa.pt\/en\/joao-de-melo-celebra-cinquenta-anos-de-carreira-literaria-no-nordeste\/","og_locale":"en_US","og_type":"article","og_title":"Jo\u00e3o de Melo celebra cinquenta anos de carreira liter\u00e1ria no Nordeste - Di\u00e1rio da Lagoa","og_description":"Durante dois dias, o munic\u00edpio do Nordeste homenageou um filho da terra e incluiu a partilha de experi\u00eancia por parte de quem o acompanhou ao longo da vida.","og_url":"https:\/\/diariodalagoa.pt\/en\/joao-de-melo-celebra-cinquenta-anos-de-carreira-literaria-no-nordeste\/","og_site_name":"Di\u00e1rio da Lagoa","article_published_time":"2025-11-25T08:59:24+00:00","article_modified_time":"2025-11-26T15:07:44+00:00","og_image":[{"width":960,"height":640,"url":"https:\/\/diariodalagoa.pt\/wp-content\/uploads\/2025\/11\/joao-de-melo-1.jpg","type":"image\/jpeg"}],"author":"Di\u00e1rio da Lagoa","twitter_card":"summary_large_image","twitter_misc":{"Written by":"Di\u00e1rio da Lagoa","Est. reading time":"3 minutes"},"schema":{"@context":"https:\/\/schema.org","@graph":[{"@type":"WebPage","@id":"https:\/\/diariodalagoa.pt\/joao-de-melo-celebra-cinquenta-anos-de-carreira-literaria-no-nordeste\/","url":"https:\/\/diariodalagoa.pt\/joao-de-melo-celebra-cinquenta-anos-de-carreira-literaria-no-nordeste\/","name":"Jo\u00e3o de Melo celebra cinquenta anos de carreira liter\u00e1ria no Nordeste - Di\u00e1rio da Lagoa","isPartOf":{"@id":"https:\/\/diariodalagoa.pt\/#website"},"datePublished":"2025-11-25T08:59:24+00:00","dateModified":"2025-11-26T15:07:44+00:00","author":{"@id":"https:\/\/diariodalagoa.pt\/#\/schema\/person\/1615a002370e8857b6f972834bc43ece"},"description":"Durante dois dias, o munic\u00edpio do Nordeste homenageou um filho da terra e incluiu a partilha de experi\u00eancia por parte de quem o acompanhou ao longo da vida.","breadcrumb":{"@id":"https:\/\/diariodalagoa.pt\/joao-de-melo-celebra-cinquenta-anos-de-carreira-literaria-no-nordeste\/#breadcrumb"},"inLanguage":"en-US","potentialAction":[{"@type":"ReadAction","target":["https:\/\/diariodalagoa.pt\/joao-de-melo-celebra-cinquenta-anos-de-carreira-literaria-no-nordeste\/"]}]},{"@type":"BreadcrumbList","@id":"https:\/\/diariodalagoa.pt\/joao-de-melo-celebra-cinquenta-anos-de-carreira-literaria-no-nordeste\/#breadcrumb","itemListElement":[{"@type":"ListItem","position":1,"name":"In\u00edcio","item":"https:\/\/diariodalagoa.pt\/"},{"@type":"ListItem","position":2,"name":"Jo\u00e3o de Melo celebra cinquenta anos de carreira liter\u00e1ria no Nordeste"}]},{"@type":"WebSite","@id":"https:\/\/diariodalagoa.pt\/#website","url":"https:\/\/diariodalagoa.pt\/","name":"Di\u00e1rio da Lagoa","description":"Di\u00e1rio da Lagoa. As not\u00edcias que contam. A partir da Lagoa, nos A\u00e7ores, para o mundo.","potentialAction":[{"@type":"SearchAction","target":{"@type":"EntryPoint","urlTemplate":"https:\/\/diariodalagoa.pt\/?s={search_term_string}"},"query-input":"required name=search_term_string"}],"inLanguage":"en-US"},{"@type":"Person","@id":"https:\/\/diariodalagoa.pt\/#\/schema\/person\/1615a002370e8857b6f972834bc43ece","name":"Di\u00e1rio da Lagoa","image":{"@type":"ImageObject","inLanguage":"en-US","@id":"https:\/\/diariodalagoa.pt\/#\/schema\/person\/image\/","url":"https:\/\/secure.gravatar.com\/avatar\/2cb5cef90a26f8fbd4d9d930608102c5?s=96&d=mm&r=g","contentUrl":"https:\/\/secure.gravatar.com\/avatar\/2cb5cef90a26f8fbd4d9d930608102c5?s=96&d=mm&r=g","caption":"Di\u00e1rio da Lagoa"},"url":"https:\/\/diariodalagoa.pt\/en\/author\/diariodalagoa\/"}]}},"_links":{"self":[{"href":"https:\/\/diariodalagoa.pt\/en\/wp-json\/wp\/v2\/posts\/160045"}],"collection":[{"href":"https:\/\/diariodalagoa.pt\/en\/wp-json\/wp\/v2\/posts"}],"about":[{"href":"https:\/\/diariodalagoa.pt\/en\/wp-json\/wp\/v2\/types\/post"}],"author":[{"embeddable":true,"href":"https:\/\/diariodalagoa.pt\/en\/wp-json\/wp\/v2\/users\/2"}],"replies":[{"embeddable":true,"href":"https:\/\/diariodalagoa.pt\/en\/wp-json\/wp\/v2\/comments?post=160045"}],"version-history":[{"count":2,"href":"https:\/\/diariodalagoa.pt\/en\/wp-json\/wp\/v2\/posts\/160045\/revisions"}],"predecessor-version":[{"id":160048,"href":"https:\/\/diariodalagoa.pt\/en\/wp-json\/wp\/v2\/posts\/160045\/revisions\/160048"}],"wp:featuredmedia":[{"embeddable":true,"href":"https:\/\/diariodalagoa.pt\/en\/wp-json\/wp\/v2\/media\/160046"}],"wp:attachment":[{"href":"https:\/\/diariodalagoa.pt\/en\/wp-json\/wp\/v2\/media?parent=160045"}],"wp:term":[{"taxonomy":"category","embeddable":true,"href":"https:\/\/diariodalagoa.pt\/en\/wp-json\/wp\/v2\/categories?post=160045"},{"taxonomy":"post_tag","embeddable":true,"href":"https:\/\/diariodalagoa.pt\/en\/wp-json\/wp\/v2\/tags?post=160045"}],"curies":[{"name":"wp","href":"https:\/\/api.w.org\/{rel}","templated":true}]}}