{"id":159678,"date":"2025-11-07T18:14:50","date_gmt":"2025-11-07T18:14:50","guid":{"rendered":"https:\/\/diariodalagoa.pt\/?p=159678"},"modified":"2025-11-07T18:20:10","modified_gmt":"2025-11-07T18:20:10","slug":"nuno-costa-santos-apresenta-amor-em-chavena-fria-historias-do-melancomico-em-ponta-delgada","status":"publish","type":"post","link":"https:\/\/diariodalagoa.pt\/en\/nuno-costa-santos-apresenta-amor-em-chavena-fria-historias-do-melancomico-em-ponta-delgada\/","title":{"rendered":"Nuno Costa Santos apresenta \u201cAmor em Ch\u00e1vena Fria \u2013 Hist\u00f3rias do Melanc\u00f3mico\u201d em Ponta Delgada"},"content":{"rendered":"<figure class=\"wp-block-image size-full\"><img decoding=\"async\" width=\"960\" height=\"639\" src=\"https:\/\/diariodalagoa.pt\/wp-content\/uploads\/2025\/11\/apresentacao-amor-em-chavena-fria-nuno-costa-santos.jpg\" alt=\"\" class=\"wp-image-159679\" srcset=\"https:\/\/diariodalagoa.pt\/wp-content\/uploads\/2025\/11\/apresentacao-amor-em-chavena-fria-nuno-costa-santos.jpg 960w, https:\/\/diariodalagoa.pt\/wp-content\/uploads\/2025\/11\/apresentacao-amor-em-chavena-fria-nuno-costa-santos-300x200.jpg 300w, https:\/\/diariodalagoa.pt\/wp-content\/uploads\/2025\/11\/apresentacao-amor-em-chavena-fria-nuno-costa-santos-768x511.jpg 768w, https:\/\/diariodalagoa.pt\/wp-content\/uploads\/2025\/11\/apresentacao-amor-em-chavena-fria-nuno-costa-santos-18x12.jpg 18w\" sizes=\"(max-width: 960px) 100vw, 960px\" \/><figcaption class=\"wp-element-caption\"><sup><mark style=\"background-color:rgba(0, 0, 0, 0)\" class=\"has-inline-color has-cyan-bluish-gray-color\">\u00a9 DIREITOS RESERVADOS<\/mark><\/sup><\/figcaption><\/figure>\n\n\n<p>O mais recente livro do escritor e argumentista Nuno Costa Santos, intitulado \u201cAmor em Ch\u00e1vena Fria \u2013 Hist\u00f3rias do Melanc\u00f3mico\u201d, ser\u00e1 apresentado no pr\u00f3ximo dia 12 de novembro, pelas 18h30, no bar Outro Lado, na Rua Hintze Ribeiro, 55, em Ponta Delgada.<\/p>\n<p>A sess\u00e3o contar\u00e1 com a apresenta\u00e7\u00e3o de Ant\u00f3nio Melo Sousa e incluir\u00e1 um momento de leitura-performance, acompanhado de ilustra\u00e7\u00f5es criadas pelo artista Uliarud Uliarud (pseud\u00f3nimo de Paulo Fernandes), inspiradas nas hist\u00f3rias do livro.<\/p>\n<p>Nesta nova obra, Nuno Costa Santos d\u00e1 continuidade \u00e0 personagem e ao tom do Melanc\u00f3mico, figura que cruza poesia, humor e observa\u00e7\u00e3o social. \u201cO Mundo \u00e9 o Bairro e o Bairro \u00e9 o Mundo\u201d, afirma o autor, propondo uma reflex\u00e3o sobre os espa\u00e7os \u2014 reais ou simb\u00f3licos \u2014 onde nos sentimos em casa. O livro re\u00fane textos que oscilam entre a s\u00e1tira e a elegia, entre o microconto e o poema em prosa, compondo um retrato impressionista da portugalidade contempor\u00e2nea.<\/p>\n<p>Com o seu tom \u00fanico, no qual se conseguem encontrar ecos de Alexandre O\u2019Neill e M\u00e1rio-Henrique Leiria, Nuno Costa Santos constr\u00f3i uma escrita marcada por um humor terno, atento e profundamente humano.<\/p>\n<p>Nuno Costa Santos, nascido em 1974, \u00e9 escritor, argumentista e autor de obras como \u201cComo um Marinheiro Eu Partirei \u2013 Uma Viagem com Jacques Brel\u201d, \u201cC\u00e9u Nublado com Boas Abertas\u201d, \u201cTrabalhos e Paix\u00f5es de Fernando Assis Pacheco\u201d, \u201cA Mais Absurda das Religi\u00f5es\u201d e \u201cMorrer \u00e9 N\u00e3o Ter Nada nas M\u00e3os\u201d. Tem tamb\u00e9m desenvolvido trabalho nas \u00e1reas do teatro, televis\u00e3o e document\u00e1rio, sendo co-autor de filmes sobre figuras como J. H. Santos Barros, \u00c1lamo Oliveira, Ruy Belo, Jos\u00e9-Augusto Fran\u00e7a, Cl\u00e1udio Torres e Rui Knopfli. \u00c9 fundador da produtora Alga Viva, dirigiu a revista liter\u00e1ria Grotta e coordena o projecto Arquip\u00e9lago de Escritores.<\/p>\n<p>\u201cAmor em Ch\u00e1vena Fria \u2013 Hist\u00f3rias do Melanc\u00f3mico\u201d est\u00e1 j\u00e1 traduzido na Col\u00f4mbia com o t\u00edtulo \u201cAmor en una Taza Fr\u00eda\u201d.<\/p>","protected":false},"excerpt":{"rendered":"<p>Sess\u00e3o contar\u00e1 com a apresenta\u00e7\u00e3o de Ant\u00f3nio Melo Sousa e incluir\u00e1 um momento de leitura-performance, acompanhado de ilustra\u00e7\u00f5es criadas pelo artista Uliarud Uliarud (pseud\u00f3nimo de Paulo Fernandes), inspiradas nas hist\u00f3rias do livro.<\/p>","protected":false},"author":2,"featured_media":159679,"comment_status":"open","ping_status":"closed","sticky":false,"template":"","format":"standard","meta":[],"categories":[21],"tags":[41,1037,3603],"acf":[],"yoast_head":"<!-- This site is optimized with the Yoast SEO plugin v20.10 - https:\/\/yoast.com\/wordpress\/plugins\/seo\/ -->\n<title>Nuno Costa Santos apresenta \u201cAmor em Ch\u00e1vena Fria \u2013 Hist\u00f3rias do Melanc\u00f3mico\u201d em Ponta Delgada - Di\u00e1rio da Lagoa<\/title>\n<meta name=\"description\" content=\"Sess\u00e3o contar\u00e1 com a apresenta\u00e7\u00e3o de Ant\u00f3nio Melo Sousa e incluir\u00e1 um momento de leitura-performance, acompanhado de ilustra\u00e7\u00f5es criadas pelo artista Uliarud Uliarud (pseud\u00f3nimo de Paulo Fernandes), inspiradas nas hist\u00f3rias do livro.\" \/>\n<meta name=\"robots\" content=\"index, follow, max-snippet:-1, max-image-preview:large, max-video-preview:-1\" \/>\n<link rel=\"canonical\" href=\"https:\/\/diariodalagoa.pt\/en\/nuno-costa-santos-apresenta-amor-em-chavena-fria-historias-do-melancomico-em-ponta-delgada\/\" \/>\n<meta property=\"og:locale\" content=\"en_US\" \/>\n<meta property=\"og:type\" content=\"article\" \/>\n<meta property=\"og:title\" content=\"Nuno Costa Santos apresenta \u201cAmor em Ch\u00e1vena Fria \u2013 Hist\u00f3rias do Melanc\u00f3mico\u201d em Ponta Delgada - Di\u00e1rio da Lagoa\" \/>\n<meta property=\"og:description\" content=\"Sess\u00e3o contar\u00e1 com a apresenta\u00e7\u00e3o de Ant\u00f3nio Melo Sousa e incluir\u00e1 um momento de leitura-performance, acompanhado de ilustra\u00e7\u00f5es criadas pelo artista Uliarud Uliarud (pseud\u00f3nimo de Paulo Fernandes), inspiradas nas hist\u00f3rias do livro.\" \/>\n<meta property=\"og:url\" content=\"https:\/\/diariodalagoa.pt\/en\/nuno-costa-santos-apresenta-amor-em-chavena-fria-historias-do-melancomico-em-ponta-delgada\/\" \/>\n<meta property=\"og:site_name\" content=\"Di\u00e1rio da Lagoa\" \/>\n<meta property=\"article:published_time\" content=\"2025-11-07T18:14:50+00:00\" \/>\n<meta property=\"article:modified_time\" content=\"2025-11-07T18:20:10+00:00\" \/>\n<meta property=\"og:image\" content=\"https:\/\/diariodalagoa.pt\/wp-content\/uploads\/2025\/11\/apresentacao-amor-em-chavena-fria-nuno-costa-santos.jpg\" \/>\n\t<meta property=\"og:image:width\" content=\"960\" \/>\n\t<meta property=\"og:image:height\" content=\"639\" \/>\n\t<meta property=\"og:image:type\" content=\"image\/jpeg\" \/>\n<meta name=\"author\" content=\"Di\u00e1rio da Lagoa\" \/>\n<meta name=\"twitter:card\" content=\"summary_large_image\" \/>\n<meta name=\"twitter:label1\" content=\"Written by\" \/>\n\t<meta name=\"twitter:data1\" content=\"Di\u00e1rio da Lagoa\" \/>\n\t<meta name=\"twitter:label2\" content=\"Est. reading time\" \/>\n\t<meta name=\"twitter:data2\" content=\"2 minutes\" \/>\n<script type=\"application\/ld+json\" class=\"yoast-schema-graph\">{\"@context\":\"https:\/\/schema.org\",\"@graph\":[{\"@type\":\"WebPage\",\"@id\":\"https:\/\/diariodalagoa.pt\/nuno-costa-santos-apresenta-amor-em-chavena-fria-historias-do-melancomico-em-ponta-delgada\/\",\"url\":\"https:\/\/diariodalagoa.pt\/nuno-costa-santos-apresenta-amor-em-chavena-fria-historias-do-melancomico-em-ponta-delgada\/\",\"name\":\"Nuno Costa Santos apresenta \u201cAmor em Ch\u00e1vena Fria \u2013 Hist\u00f3rias do Melanc\u00f3mico\u201d em Ponta Delgada - Di\u00e1rio da Lagoa\",\"isPartOf\":{\"@id\":\"https:\/\/diariodalagoa.pt\/#website\"},\"datePublished\":\"2025-11-07T18:14:50+00:00\",\"dateModified\":\"2025-11-07T18:20:10+00:00\",\"author\":{\"@id\":\"https:\/\/diariodalagoa.pt\/#\/schema\/person\/1615a002370e8857b6f972834bc43ece\"},\"description\":\"Sess\u00e3o contar\u00e1 com a apresenta\u00e7\u00e3o de Ant\u00f3nio Melo Sousa e incluir\u00e1 um momento de leitura-performance, acompanhado de ilustra\u00e7\u00f5es criadas pelo artista Uliarud Uliarud (pseud\u00f3nimo de Paulo Fernandes), inspiradas nas hist\u00f3rias do livro.\",\"breadcrumb\":{\"@id\":\"https:\/\/diariodalagoa.pt\/nuno-costa-santos-apresenta-amor-em-chavena-fria-historias-do-melancomico-em-ponta-delgada\/#breadcrumb\"},\"inLanguage\":\"en-US\",\"potentialAction\":[{\"@type\":\"ReadAction\",\"target\":[\"https:\/\/diariodalagoa.pt\/nuno-costa-santos-apresenta-amor-em-chavena-fria-historias-do-melancomico-em-ponta-delgada\/\"]}]},{\"@type\":\"BreadcrumbList\",\"@id\":\"https:\/\/diariodalagoa.pt\/nuno-costa-santos-apresenta-amor-em-chavena-fria-historias-do-melancomico-em-ponta-delgada\/#breadcrumb\",\"itemListElement\":[{\"@type\":\"ListItem\",\"position\":1,\"name\":\"In\u00edcio\",\"item\":\"https:\/\/diariodalagoa.pt\/\"},{\"@type\":\"ListItem\",\"position\":2,\"name\":\"Nuno Costa Santos apresenta \u201cAmor em Ch\u00e1vena Fria \u2013 Hist\u00f3rias do Melanc\u00f3mico\u201d em Ponta Delgada\"}]},{\"@type\":\"WebSite\",\"@id\":\"https:\/\/diariodalagoa.pt\/#website\",\"url\":\"https:\/\/diariodalagoa.pt\/\",\"name\":\"Di\u00e1rio da Lagoa\",\"description\":\"Di\u00e1rio da Lagoa. As not\u00edcias que contam. A partir da Lagoa, nos A\u00e7ores, para o mundo.\",\"potentialAction\":[{\"@type\":\"SearchAction\",\"target\":{\"@type\":\"EntryPoint\",\"urlTemplate\":\"https:\/\/diariodalagoa.pt\/?s={search_term_string}\"},\"query-input\":\"required name=search_term_string\"}],\"inLanguage\":\"en-US\"},{\"@type\":\"Person\",\"@id\":\"https:\/\/diariodalagoa.pt\/#\/schema\/person\/1615a002370e8857b6f972834bc43ece\",\"name\":\"Di\u00e1rio da Lagoa\",\"image\":{\"@type\":\"ImageObject\",\"inLanguage\":\"en-US\",\"@id\":\"https:\/\/diariodalagoa.pt\/#\/schema\/person\/image\/\",\"url\":\"https:\/\/secure.gravatar.com\/avatar\/2cb5cef90a26f8fbd4d9d930608102c5?s=96&d=mm&r=g\",\"contentUrl\":\"https:\/\/secure.gravatar.com\/avatar\/2cb5cef90a26f8fbd4d9d930608102c5?s=96&d=mm&r=g\",\"caption\":\"Di\u00e1rio da Lagoa\"},\"url\":\"https:\/\/diariodalagoa.pt\/en\/author\/diariodalagoa\/\"}]}<\/script>\n<!-- \/ Yoast SEO plugin. -->","yoast_head_json":{"title":"Nuno Costa Santos apresenta \u201cAmor em Ch\u00e1vena Fria \u2013 Hist\u00f3rias do Melanc\u00f3mico\u201d em Ponta Delgada - Di\u00e1rio da Lagoa","description":"Sess\u00e3o contar\u00e1 com a apresenta\u00e7\u00e3o de Ant\u00f3nio Melo Sousa e incluir\u00e1 um momento de leitura-performance, acompanhado de ilustra\u00e7\u00f5es criadas pelo artista Uliarud Uliarud (pseud\u00f3nimo de Paulo Fernandes), inspiradas nas hist\u00f3rias do livro.","robots":{"index":"index","follow":"follow","max-snippet":"max-snippet:-1","max-image-preview":"max-image-preview:large","max-video-preview":"max-video-preview:-1"},"canonical":"https:\/\/diariodalagoa.pt\/en\/nuno-costa-santos-apresenta-amor-em-chavena-fria-historias-do-melancomico-em-ponta-delgada\/","og_locale":"en_US","og_type":"article","og_title":"Nuno Costa Santos apresenta \u201cAmor em Ch\u00e1vena Fria \u2013 Hist\u00f3rias do Melanc\u00f3mico\u201d em Ponta Delgada - Di\u00e1rio da Lagoa","og_description":"Sess\u00e3o contar\u00e1 com a apresenta\u00e7\u00e3o de Ant\u00f3nio Melo Sousa e incluir\u00e1 um momento de leitura-performance, acompanhado de ilustra\u00e7\u00f5es criadas pelo artista Uliarud Uliarud (pseud\u00f3nimo de Paulo Fernandes), inspiradas nas hist\u00f3rias do livro.","og_url":"https:\/\/diariodalagoa.pt\/en\/nuno-costa-santos-apresenta-amor-em-chavena-fria-historias-do-melancomico-em-ponta-delgada\/","og_site_name":"Di\u00e1rio da Lagoa","article_published_time":"2025-11-07T18:14:50+00:00","article_modified_time":"2025-11-07T18:20:10+00:00","og_image":[{"width":960,"height":639,"url":"https:\/\/diariodalagoa.pt\/wp-content\/uploads\/2025\/11\/apresentacao-amor-em-chavena-fria-nuno-costa-santos.jpg","type":"image\/jpeg"}],"author":"Di\u00e1rio da Lagoa","twitter_card":"summary_large_image","twitter_misc":{"Written by":"Di\u00e1rio da Lagoa","Est. reading time":"2 minutes"},"schema":{"@context":"https:\/\/schema.org","@graph":[{"@type":"WebPage","@id":"https:\/\/diariodalagoa.pt\/nuno-costa-santos-apresenta-amor-em-chavena-fria-historias-do-melancomico-em-ponta-delgada\/","url":"https:\/\/diariodalagoa.pt\/nuno-costa-santos-apresenta-amor-em-chavena-fria-historias-do-melancomico-em-ponta-delgada\/","name":"Nuno Costa Santos apresenta \u201cAmor em Ch\u00e1vena Fria \u2013 Hist\u00f3rias do Melanc\u00f3mico\u201d em Ponta Delgada - Di\u00e1rio da Lagoa","isPartOf":{"@id":"https:\/\/diariodalagoa.pt\/#website"},"datePublished":"2025-11-07T18:14:50+00:00","dateModified":"2025-11-07T18:20:10+00:00","author":{"@id":"https:\/\/diariodalagoa.pt\/#\/schema\/person\/1615a002370e8857b6f972834bc43ece"},"description":"Sess\u00e3o contar\u00e1 com a apresenta\u00e7\u00e3o de Ant\u00f3nio Melo Sousa e incluir\u00e1 um momento de leitura-performance, acompanhado de ilustra\u00e7\u00f5es criadas pelo artista Uliarud Uliarud (pseud\u00f3nimo de Paulo Fernandes), inspiradas nas hist\u00f3rias do livro.","breadcrumb":{"@id":"https:\/\/diariodalagoa.pt\/nuno-costa-santos-apresenta-amor-em-chavena-fria-historias-do-melancomico-em-ponta-delgada\/#breadcrumb"},"inLanguage":"en-US","potentialAction":[{"@type":"ReadAction","target":["https:\/\/diariodalagoa.pt\/nuno-costa-santos-apresenta-amor-em-chavena-fria-historias-do-melancomico-em-ponta-delgada\/"]}]},{"@type":"BreadcrumbList","@id":"https:\/\/diariodalagoa.pt\/nuno-costa-santos-apresenta-amor-em-chavena-fria-historias-do-melancomico-em-ponta-delgada\/#breadcrumb","itemListElement":[{"@type":"ListItem","position":1,"name":"In\u00edcio","item":"https:\/\/diariodalagoa.pt\/"},{"@type":"ListItem","position":2,"name":"Nuno Costa Santos apresenta \u201cAmor em Ch\u00e1vena Fria \u2013 Hist\u00f3rias do Melanc\u00f3mico\u201d em Ponta Delgada"}]},{"@type":"WebSite","@id":"https:\/\/diariodalagoa.pt\/#website","url":"https:\/\/diariodalagoa.pt\/","name":"Di\u00e1rio da Lagoa","description":"Di\u00e1rio da Lagoa. As not\u00edcias que contam. A partir da Lagoa, nos A\u00e7ores, para o mundo.","potentialAction":[{"@type":"SearchAction","target":{"@type":"EntryPoint","urlTemplate":"https:\/\/diariodalagoa.pt\/?s={search_term_string}"},"query-input":"required name=search_term_string"}],"inLanguage":"en-US"},{"@type":"Person","@id":"https:\/\/diariodalagoa.pt\/#\/schema\/person\/1615a002370e8857b6f972834bc43ece","name":"Di\u00e1rio da Lagoa","image":{"@type":"ImageObject","inLanguage":"en-US","@id":"https:\/\/diariodalagoa.pt\/#\/schema\/person\/image\/","url":"https:\/\/secure.gravatar.com\/avatar\/2cb5cef90a26f8fbd4d9d930608102c5?s=96&d=mm&r=g","contentUrl":"https:\/\/secure.gravatar.com\/avatar\/2cb5cef90a26f8fbd4d9d930608102c5?s=96&d=mm&r=g","caption":"Di\u00e1rio da Lagoa"},"url":"https:\/\/diariodalagoa.pt\/en\/author\/diariodalagoa\/"}]}},"_links":{"self":[{"href":"https:\/\/diariodalagoa.pt\/en\/wp-json\/wp\/v2\/posts\/159678"}],"collection":[{"href":"https:\/\/diariodalagoa.pt\/en\/wp-json\/wp\/v2\/posts"}],"about":[{"href":"https:\/\/diariodalagoa.pt\/en\/wp-json\/wp\/v2\/types\/post"}],"author":[{"embeddable":true,"href":"https:\/\/diariodalagoa.pt\/en\/wp-json\/wp\/v2\/users\/2"}],"replies":[{"embeddable":true,"href":"https:\/\/diariodalagoa.pt\/en\/wp-json\/wp\/v2\/comments?post=159678"}],"version-history":[{"count":4,"href":"https:\/\/diariodalagoa.pt\/en\/wp-json\/wp\/v2\/posts\/159678\/revisions"}],"predecessor-version":[{"id":159691,"href":"https:\/\/diariodalagoa.pt\/en\/wp-json\/wp\/v2\/posts\/159678\/revisions\/159691"}],"wp:featuredmedia":[{"embeddable":true,"href":"https:\/\/diariodalagoa.pt\/en\/wp-json\/wp\/v2\/media\/159679"}],"wp:attachment":[{"href":"https:\/\/diariodalagoa.pt\/en\/wp-json\/wp\/v2\/media?parent=159678"}],"wp:term":[{"taxonomy":"category","embeddable":true,"href":"https:\/\/diariodalagoa.pt\/en\/wp-json\/wp\/v2\/categories?post=159678"},{"taxonomy":"post_tag","embeddable":true,"href":"https:\/\/diariodalagoa.pt\/en\/wp-json\/wp\/v2\/tags?post=159678"}],"curies":[{"name":"wp","href":"https:\/\/api.w.org\/{rel}","templated":true}]}}