{"id":159236,"date":"2025-10-14T15:29:10","date_gmt":"2025-10-14T15:29:10","guid":{"rendered":"https:\/\/diariodalagoa.pt\/?p=159236"},"modified":"2025-10-14T15:30:41","modified_gmt":"2025-10-14T15:30:41","slug":"detido-na-lagoa-fica-em-prisao-preventiva","status":"publish","type":"post","link":"https:\/\/diariodalagoa.pt\/en\/detido-na-lagoa-fica-em-prisao-preventiva\/","title":{"rendered":"Detido na Lagoa fica em pris\u00e3o preventiva"},"content":{"rendered":"<figure class=\"wp-block-image size-full\"><img decoding=\"async\" width=\"960\" height=\"523\" src=\"https:\/\/diariodalagoa.pt\/wp-content\/uploads\/2023\/08\/psp-lagoa-acores-set19-1.jpg\" alt=\"\" class=\"wp-image-126639\" srcset=\"https:\/\/diariodalagoa.pt\/wp-content\/uploads\/2023\/08\/psp-lagoa-acores-set19-1.jpg 960w, https:\/\/diariodalagoa.pt\/wp-content\/uploads\/2023\/08\/psp-lagoa-acores-set19-1-300x163.jpg 300w, https:\/\/diariodalagoa.pt\/wp-content\/uploads\/2023\/08\/psp-lagoa-acores-set19-1-768x418.jpg 768w, https:\/\/diariodalagoa.pt\/wp-content\/uploads\/2023\/08\/psp-lagoa-acores-set19-1-18x10.jpg 18w\" sizes=\"(max-width: 960px) 100vw, 960px\" \/><figcaption class=\"wp-element-caption\"><mark style=\"background-color:rgba(0, 0, 0, 0)\" class=\"has-inline-color has-cyan-bluish-gray-color\"><sup>\u00a9 DIREITOS RESERVADOS <\/sup><\/mark><\/figcaption><\/figure>\n\n\n<p>Os pol\u00edcias da Esquadra da Lagoa efetuaram a deten\u00e7\u00e3o, em flagrante delito, de um homem de 40 anos, no concelho da Lagoa, fortemente indiciado pela pr\u00e1tica do crime de tr\u00e1fico de estupefacientes.<\/p>\n<p>Com base nos elementos de prova recolhidos ao longo da investiga\u00e7\u00e3o, os investigadores Brigada de Investiga\u00e7\u00e3o Criminal da Lagoa indiciaram o suspeito de venda de produto estupefaciente a consumidores e do fornecimento de uma cadeia de outros traficantes, nos concelhos de Lagoa e de Ponta Delgada.<\/p>\n<p>Com recurso aos adequados meios de obten\u00e7\u00e3o da prova, foram apreendidas 35 doses de hero\u00edna, sete doses de uma droga sint\u00e9tica, v\u00e1rios artigos em ouro, dinheiro e outros objetos relacionados com o crime em investiga\u00e7\u00e3o.<\/p>\n<p>O arguido, com registo de v\u00e1rios antecedentes criminais, foi presente a primeiro interrogat\u00f3rio judicial, tendo sido sujeito \u00e0 medida de coa\u00e7\u00e3o mais gravosa, a de pris\u00e3o preventiva.<\/p>","protected":false},"excerpt":{"rendered":"<p>Suspeito est\u00e1 fortemente indiciado pela pr\u00e1tica do crime de tr\u00e1fico de estupefacientes. <\/p>","protected":false},"author":2,"featured_media":126639,"comment_status":"open","ping_status":"closed","sticky":false,"template":"","format":"standard","meta":[],"categories":[21],"tags":[34,109,143,174],"acf":[],"yoast_head":"<!-- This site is optimized with the Yoast SEO plugin v20.10 - https:\/\/yoast.com\/wordpress\/plugins\/seo\/ -->\n<title>Detido na Lagoa fica em pris\u00e3o preventiva - Di\u00e1rio da Lagoa<\/title>\n<meta name=\"description\" content=\"Suspeito est\u00e1 fortemente indiciado pela pr\u00e1tica do crime de tr\u00e1fico de estupefacientes.\" \/>\n<meta name=\"robots\" content=\"index, follow, max-snippet:-1, max-image-preview:large, max-video-preview:-1\" \/>\n<link rel=\"canonical\" href=\"https:\/\/diariodalagoa.pt\/en\/detido-na-lagoa-fica-em-prisao-preventiva\/\" \/>\n<meta property=\"og:locale\" content=\"en_US\" \/>\n<meta property=\"og:type\" content=\"article\" \/>\n<meta property=\"og:title\" content=\"Detido na Lagoa fica em pris\u00e3o preventiva - Di\u00e1rio da Lagoa\" \/>\n<meta property=\"og:description\" content=\"Suspeito est\u00e1 fortemente indiciado pela pr\u00e1tica do crime de tr\u00e1fico de estupefacientes.\" \/>\n<meta property=\"og:url\" content=\"https:\/\/diariodalagoa.pt\/en\/detido-na-lagoa-fica-em-prisao-preventiva\/\" \/>\n<meta property=\"og:site_name\" content=\"Di\u00e1rio da Lagoa\" \/>\n<meta property=\"article:published_time\" content=\"2025-10-14T15:29:10+00:00\" \/>\n<meta property=\"article:modified_time\" content=\"2025-10-14T15:30:41+00:00\" \/>\n<meta property=\"og:image\" content=\"https:\/\/diariodalagoa.pt\/wp-content\/uploads\/2023\/08\/psp-lagoa-acores-set19-1.jpg\" \/>\n\t<meta property=\"og:image:width\" content=\"960\" \/>\n\t<meta property=\"og:image:height\" content=\"523\" \/>\n\t<meta property=\"og:image:type\" content=\"image\/jpeg\" \/>\n<meta name=\"author\" content=\"Di\u00e1rio da Lagoa\" \/>\n<meta name=\"twitter:card\" content=\"summary_large_image\" \/>\n<meta name=\"twitter:label1\" content=\"Written by\" \/>\n\t<meta name=\"twitter:data1\" content=\"Di\u00e1rio da Lagoa\" \/>\n\t<meta name=\"twitter:label2\" content=\"Est. reading time\" \/>\n\t<meta name=\"twitter:data2\" content=\"1 minute\" \/>\n<script type=\"application\/ld+json\" class=\"yoast-schema-graph\">{\"@context\":\"https:\/\/schema.org\",\"@graph\":[{\"@type\":\"WebPage\",\"@id\":\"https:\/\/diariodalagoa.pt\/detido-na-lagoa-fica-em-prisao-preventiva\/\",\"url\":\"https:\/\/diariodalagoa.pt\/detido-na-lagoa-fica-em-prisao-preventiva\/\",\"name\":\"Detido na Lagoa fica em pris\u00e3o preventiva - Di\u00e1rio da Lagoa\",\"isPartOf\":{\"@id\":\"https:\/\/diariodalagoa.pt\/#website\"},\"datePublished\":\"2025-10-14T15:29:10+00:00\",\"dateModified\":\"2025-10-14T15:30:41+00:00\",\"author\":{\"@id\":\"https:\/\/diariodalagoa.pt\/#\/schema\/person\/1615a002370e8857b6f972834bc43ece\"},\"description\":\"Suspeito est\u00e1 fortemente indiciado pela pr\u00e1tica do crime de tr\u00e1fico de estupefacientes.\",\"breadcrumb\":{\"@id\":\"https:\/\/diariodalagoa.pt\/detido-na-lagoa-fica-em-prisao-preventiva\/#breadcrumb\"},\"inLanguage\":\"en-US\",\"potentialAction\":[{\"@type\":\"ReadAction\",\"target\":[\"https:\/\/diariodalagoa.pt\/detido-na-lagoa-fica-em-prisao-preventiva\/\"]}]},{\"@type\":\"BreadcrumbList\",\"@id\":\"https:\/\/diariodalagoa.pt\/detido-na-lagoa-fica-em-prisao-preventiva\/#breadcrumb\",\"itemListElement\":[{\"@type\":\"ListItem\",\"position\":1,\"name\":\"In\u00edcio\",\"item\":\"https:\/\/diariodalagoa.pt\/\"},{\"@type\":\"ListItem\",\"position\":2,\"name\":\"Detido na Lagoa fica em pris\u00e3o preventiva\"}]},{\"@type\":\"WebSite\",\"@id\":\"https:\/\/diariodalagoa.pt\/#website\",\"url\":\"https:\/\/diariodalagoa.pt\/\",\"name\":\"Di\u00e1rio da Lagoa\",\"description\":\"Di\u00e1rio da Lagoa. As not\u00edcias que contam. A partir da Lagoa, nos A\u00e7ores, para o mundo.\",\"potentialAction\":[{\"@type\":\"SearchAction\",\"target\":{\"@type\":\"EntryPoint\",\"urlTemplate\":\"https:\/\/diariodalagoa.pt\/?s={search_term_string}\"},\"query-input\":\"required name=search_term_string\"}],\"inLanguage\":\"en-US\"},{\"@type\":\"Person\",\"@id\":\"https:\/\/diariodalagoa.pt\/#\/schema\/person\/1615a002370e8857b6f972834bc43ece\",\"name\":\"Di\u00e1rio da Lagoa\",\"image\":{\"@type\":\"ImageObject\",\"inLanguage\":\"en-US\",\"@id\":\"https:\/\/diariodalagoa.pt\/#\/schema\/person\/image\/\",\"url\":\"https:\/\/secure.gravatar.com\/avatar\/2cb5cef90a26f8fbd4d9d930608102c5?s=96&d=mm&r=g\",\"contentUrl\":\"https:\/\/secure.gravatar.com\/avatar\/2cb5cef90a26f8fbd4d9d930608102c5?s=96&d=mm&r=g\",\"caption\":\"Di\u00e1rio da Lagoa\"},\"url\":\"https:\/\/diariodalagoa.pt\/en\/author\/diariodalagoa\/\"}]}<\/script>\n<!-- \/ Yoast SEO plugin. -->","yoast_head_json":{"title":"Detido na Lagoa fica em pris\u00e3o preventiva - Di\u00e1rio da Lagoa","description":"Suspeito est\u00e1 fortemente indiciado pela pr\u00e1tica do crime de tr\u00e1fico de estupefacientes.","robots":{"index":"index","follow":"follow","max-snippet":"max-snippet:-1","max-image-preview":"max-image-preview:large","max-video-preview":"max-video-preview:-1"},"canonical":"https:\/\/diariodalagoa.pt\/en\/detido-na-lagoa-fica-em-prisao-preventiva\/","og_locale":"en_US","og_type":"article","og_title":"Detido na Lagoa fica em pris\u00e3o preventiva - Di\u00e1rio da Lagoa","og_description":"Suspeito est\u00e1 fortemente indiciado pela pr\u00e1tica do crime de tr\u00e1fico de estupefacientes.","og_url":"https:\/\/diariodalagoa.pt\/en\/detido-na-lagoa-fica-em-prisao-preventiva\/","og_site_name":"Di\u00e1rio da Lagoa","article_published_time":"2025-10-14T15:29:10+00:00","article_modified_time":"2025-10-14T15:30:41+00:00","og_image":[{"width":960,"height":523,"url":"https:\/\/diariodalagoa.pt\/wp-content\/uploads\/2023\/08\/psp-lagoa-acores-set19-1.jpg","type":"image\/jpeg"}],"author":"Di\u00e1rio da Lagoa","twitter_card":"summary_large_image","twitter_misc":{"Written by":"Di\u00e1rio da Lagoa","Est. reading time":"1 minute"},"schema":{"@context":"https:\/\/schema.org","@graph":[{"@type":"WebPage","@id":"https:\/\/diariodalagoa.pt\/detido-na-lagoa-fica-em-prisao-preventiva\/","url":"https:\/\/diariodalagoa.pt\/detido-na-lagoa-fica-em-prisao-preventiva\/","name":"Detido na Lagoa fica em pris\u00e3o preventiva - Di\u00e1rio da Lagoa","isPartOf":{"@id":"https:\/\/diariodalagoa.pt\/#website"},"datePublished":"2025-10-14T15:29:10+00:00","dateModified":"2025-10-14T15:30:41+00:00","author":{"@id":"https:\/\/diariodalagoa.pt\/#\/schema\/person\/1615a002370e8857b6f972834bc43ece"},"description":"Suspeito est\u00e1 fortemente indiciado pela pr\u00e1tica do crime de tr\u00e1fico de estupefacientes.","breadcrumb":{"@id":"https:\/\/diariodalagoa.pt\/detido-na-lagoa-fica-em-prisao-preventiva\/#breadcrumb"},"inLanguage":"en-US","potentialAction":[{"@type":"ReadAction","target":["https:\/\/diariodalagoa.pt\/detido-na-lagoa-fica-em-prisao-preventiva\/"]}]},{"@type":"BreadcrumbList","@id":"https:\/\/diariodalagoa.pt\/detido-na-lagoa-fica-em-prisao-preventiva\/#breadcrumb","itemListElement":[{"@type":"ListItem","position":1,"name":"In\u00edcio","item":"https:\/\/diariodalagoa.pt\/"},{"@type":"ListItem","position":2,"name":"Detido na Lagoa fica em pris\u00e3o preventiva"}]},{"@type":"WebSite","@id":"https:\/\/diariodalagoa.pt\/#website","url":"https:\/\/diariodalagoa.pt\/","name":"Di\u00e1rio da Lagoa","description":"Di\u00e1rio da Lagoa. As not\u00edcias que contam. A partir da Lagoa, nos A\u00e7ores, para o mundo.","potentialAction":[{"@type":"SearchAction","target":{"@type":"EntryPoint","urlTemplate":"https:\/\/diariodalagoa.pt\/?s={search_term_string}"},"query-input":"required name=search_term_string"}],"inLanguage":"en-US"},{"@type":"Person","@id":"https:\/\/diariodalagoa.pt\/#\/schema\/person\/1615a002370e8857b6f972834bc43ece","name":"Di\u00e1rio da Lagoa","image":{"@type":"ImageObject","inLanguage":"en-US","@id":"https:\/\/diariodalagoa.pt\/#\/schema\/person\/image\/","url":"https:\/\/secure.gravatar.com\/avatar\/2cb5cef90a26f8fbd4d9d930608102c5?s=96&d=mm&r=g","contentUrl":"https:\/\/secure.gravatar.com\/avatar\/2cb5cef90a26f8fbd4d9d930608102c5?s=96&d=mm&r=g","caption":"Di\u00e1rio da Lagoa"},"url":"https:\/\/diariodalagoa.pt\/en\/author\/diariodalagoa\/"}]}},"_links":{"self":[{"href":"https:\/\/diariodalagoa.pt\/en\/wp-json\/wp\/v2\/posts\/159236"}],"collection":[{"href":"https:\/\/diariodalagoa.pt\/en\/wp-json\/wp\/v2\/posts"}],"about":[{"href":"https:\/\/diariodalagoa.pt\/en\/wp-json\/wp\/v2\/types\/post"}],"author":[{"embeddable":true,"href":"https:\/\/diariodalagoa.pt\/en\/wp-json\/wp\/v2\/users\/2"}],"replies":[{"embeddable":true,"href":"https:\/\/diariodalagoa.pt\/en\/wp-json\/wp\/v2\/comments?post=159236"}],"version-history":[{"count":4,"href":"https:\/\/diariodalagoa.pt\/en\/wp-json\/wp\/v2\/posts\/159236\/revisions"}],"predecessor-version":[{"id":159241,"href":"https:\/\/diariodalagoa.pt\/en\/wp-json\/wp\/v2\/posts\/159236\/revisions\/159241"}],"wp:featuredmedia":[{"embeddable":true,"href":"https:\/\/diariodalagoa.pt\/en\/wp-json\/wp\/v2\/media\/126639"}],"wp:attachment":[{"href":"https:\/\/diariodalagoa.pt\/en\/wp-json\/wp\/v2\/media?parent=159236"}],"wp:term":[{"taxonomy":"category","embeddable":true,"href":"https:\/\/diariodalagoa.pt\/en\/wp-json\/wp\/v2\/categories?post=159236"},{"taxonomy":"post_tag","embeddable":true,"href":"https:\/\/diariodalagoa.pt\/en\/wp-json\/wp\/v2\/tags?post=159236"}],"curies":[{"name":"wp","href":"https:\/\/api.w.org\/{rel}","templated":true}]}}