{"id":158886,"date":"2025-09-29T09:53:45","date_gmt":"2025-09-29T09:53:45","guid":{"rendered":"https:\/\/diariodalagoa.pt\/?p=158886"},"modified":"2025-10-01T20:14:22","modified_gmt":"2025-10-01T20:14:22","slug":"lagoa-promove-recolha-de-sangue-na-semana-do-coracao","status":"publish","type":"post","link":"https:\/\/diariodalagoa.pt\/en\/lagoa-promove-recolha-de-sangue-na-semana-do-coracao\/","title":{"rendered":"Lagoa promove recolha de sangue na Semana do Cora\u00e7\u00e3o"},"content":{"rendered":"<figure class=\"wp-block-image size-full\"><img decoding=\"async\" width=\"960\" height=\"638\" src=\"https:\/\/diariodalagoa.pt\/wp-content\/uploads\/2021\/02\/cineteatro-lagoense-cml-ago-2020.jpg\" alt=\"\" class=\"wp-image-122830\" srcset=\"https:\/\/diariodalagoa.pt\/wp-content\/uploads\/2021\/02\/cineteatro-lagoense-cml-ago-2020.jpg 960w, https:\/\/diariodalagoa.pt\/wp-content\/uploads\/2021\/02\/cineteatro-lagoense-cml-ago-2020-300x199.jpg 300w, https:\/\/diariodalagoa.pt\/wp-content\/uploads\/2021\/02\/cineteatro-lagoense-cml-ago-2020-768x510.jpg 768w, https:\/\/diariodalagoa.pt\/wp-content\/uploads\/2021\/02\/cineteatro-lagoense-cml-ago-2020-18x12.jpg 18w\" sizes=\"(max-width: 960px) 100vw, 960px\" \/><figcaption class=\"wp-element-caption\"><mark style=\"background-color:rgba(0, 0, 0, 0)\" class=\"has-inline-color has-cyan-bluish-gray-color\"><sup>\u00a9 CM LAGOA<\/sup><\/mark><\/figcaption><\/figure>\n\n\n<p>No \u00e2mbito da Semana do Cora\u00e7\u00e3o, o cineteatro lagoense Francisco d\u00b4 Amaral Almeida acolhe uma sess\u00e3o de colheita de sangue amanh\u00e3, 30 de setembro, entre as 9h00 e as 12h30. Trata-se de uma parceria entre o Servi\u00e7o de Hematologia do Hospital do Divino Esp\u00edrito Santo e a C\u00e2mara Municipal de Lagoa (CML).&nbsp;<\/p>\n<p>Em nota de imprensa, a CML escreve que &#8220;sangue \u00e9 um bem essencial, escasso e insubstitu\u00edvel, que em diversas situa\u00e7\u00f5es de urg\u00eancia pode significar a diferen\u00e7a entre a vida e a morte. Dar sangue \u00e9 um gesto simples, solid\u00e1rio e de enorme impacto, que a todos diz respeito, e s\u00f3 com a contribui\u00e7\u00e3o de cada um \u00e9 poss\u00edvel salvar vidas e garantir que muitas pessoas continuam a viver&#8221;.<\/p>\n<p>A CML apela, assim, \u00e0 participa\u00e7\u00e3o de toda a comunidade nesta iniciativa, sublinhando que cada d\u00e1diva \u00e9 uma oportunidade de salvar vidas e um contributo para uma sociedade mais solid\u00e1ria. Podem ser dadores todos aqueles que tenham entre 18 e 60 anos, que pesem mais de 50 quilos e que mantenham h\u00e1bitos de vida saud\u00e1veis. Os interessados podem realizar uma pr\u00e9-inscri\u00e7\u00e3o, atrav\u00e9s do link dispon\u00edvel nas redes sociais e portal da autarquia.<\/p>\n<p>A Semana do Cora\u00e7\u00e3o \u00e9 assinalada, anualmente, como um momento de sensibiliza\u00e7\u00e3o para a import\u00e2ncia da preven\u00e7\u00e3o das doen\u00e7as cardiovasculares, atrav\u00e9s da ado\u00e7\u00e3o de h\u00e1bitos de vida saud\u00e1veis, da pr\u00e1tica regular de exerc\u00edcio f\u00edsico, de uma alimenta\u00e7\u00e3o equilibrada e do acompanhamento m\u00e9dico adequado. Ao mesmo tempo, constitui uma oportunidade para promover iniciativas solid\u00e1rias, como a d\u00e1diva de sangue, que refor\u00e7am a import\u00e2ncia da sa\u00fade, da preven\u00e7\u00e3o e da entreajuda comunit\u00e1ria.<\/p>","protected":false},"excerpt":{"rendered":"<p>Podem ser dadores todos aqueles que tenham entre 18 e 60 anos, que pesem mais de 50 quilos e que mantenham h\u00e1bitos de vida saud\u00e1veis. <\/p>","protected":false},"author":2,"featured_media":122485,"comment_status":"open","ping_status":"closed","sticky":false,"template":"","format":"standard","meta":[],"categories":[21],"tags":[34,542,1984,3483],"acf":[],"yoast_head":"<!-- This site is optimized with the Yoast SEO plugin v20.10 - https:\/\/yoast.com\/wordpress\/plugins\/seo\/ -->\n<title>Lagoa promove recolha de sangue na Semana do Cora\u00e7\u00e3o - Di\u00e1rio da Lagoa<\/title>\n<meta name=\"description\" content=\"Podem ser dadores todos aqueles que tenham entre 18 e 60 anos, que pesem mais de 50 quilos e que mantenham h\u00e1bitos de vida saud\u00e1veis.\" \/>\n<meta name=\"robots\" content=\"index, follow, max-snippet:-1, max-image-preview:large, max-video-preview:-1\" \/>\n<link rel=\"canonical\" href=\"https:\/\/diariodalagoa.pt\/en\/lagoa-promove-recolha-de-sangue-na-semana-do-coracao\/\" \/>\n<meta property=\"og:locale\" content=\"en_US\" \/>\n<meta property=\"og:type\" content=\"article\" \/>\n<meta property=\"og:title\" content=\"Lagoa promove recolha de sangue na Semana do Cora\u00e7\u00e3o - Di\u00e1rio da Lagoa\" \/>\n<meta property=\"og:description\" content=\"Podem ser dadores todos aqueles que tenham entre 18 e 60 anos, que pesem mais de 50 quilos e que mantenham h\u00e1bitos de vida saud\u00e1veis.\" \/>\n<meta property=\"og:url\" content=\"https:\/\/diariodalagoa.pt\/en\/lagoa-promove-recolha-de-sangue-na-semana-do-coracao\/\" \/>\n<meta property=\"og:site_name\" content=\"Di\u00e1rio da Lagoa\" \/>\n<meta property=\"article:published_time\" content=\"2025-09-29T09:53:45+00:00\" \/>\n<meta property=\"article:modified_time\" content=\"2025-10-01T20:14:22+00:00\" \/>\n<meta property=\"og:image\" content=\"https:\/\/diariodalagoa.pt\/wp-content\/uploads\/2022\/06\/cineteatro-lagoense-cml-ago-2020.jpg\" \/>\n\t<meta property=\"og:image:width\" content=\"960\" \/>\n\t<meta property=\"og:image:height\" content=\"638\" \/>\n\t<meta property=\"og:image:type\" content=\"image\/jpeg\" \/>\n<meta name=\"author\" content=\"Di\u00e1rio da Lagoa\" \/>\n<meta name=\"twitter:card\" content=\"summary_large_image\" \/>\n<meta name=\"twitter:label1\" content=\"Written by\" \/>\n\t<meta name=\"twitter:data1\" content=\"Di\u00e1rio da Lagoa\" \/>\n\t<meta name=\"twitter:label2\" content=\"Est. reading time\" \/>\n\t<meta name=\"twitter:data2\" content=\"2 minutes\" \/>\n<script type=\"application\/ld+json\" class=\"yoast-schema-graph\">{\"@context\":\"https:\/\/schema.org\",\"@graph\":[{\"@type\":\"WebPage\",\"@id\":\"https:\/\/diariodalagoa.pt\/lagoa-promove-recolha-de-sangue-na-semana-do-coracao\/\",\"url\":\"https:\/\/diariodalagoa.pt\/lagoa-promove-recolha-de-sangue-na-semana-do-coracao\/\",\"name\":\"Lagoa promove recolha de sangue na Semana do Cora\u00e7\u00e3o - Di\u00e1rio da Lagoa\",\"isPartOf\":{\"@id\":\"https:\/\/diariodalagoa.pt\/#website\"},\"datePublished\":\"2025-09-29T09:53:45+00:00\",\"dateModified\":\"2025-10-01T20:14:22+00:00\",\"author\":{\"@id\":\"https:\/\/diariodalagoa.pt\/#\/schema\/person\/1615a002370e8857b6f972834bc43ece\"},\"description\":\"Podem ser dadores todos aqueles que tenham entre 18 e 60 anos, que pesem mais de 50 quilos e que mantenham h\u00e1bitos de vida saud\u00e1veis.\",\"breadcrumb\":{\"@id\":\"https:\/\/diariodalagoa.pt\/lagoa-promove-recolha-de-sangue-na-semana-do-coracao\/#breadcrumb\"},\"inLanguage\":\"en-US\",\"potentialAction\":[{\"@type\":\"ReadAction\",\"target\":[\"https:\/\/diariodalagoa.pt\/lagoa-promove-recolha-de-sangue-na-semana-do-coracao\/\"]}]},{\"@type\":\"BreadcrumbList\",\"@id\":\"https:\/\/diariodalagoa.pt\/lagoa-promove-recolha-de-sangue-na-semana-do-coracao\/#breadcrumb\",\"itemListElement\":[{\"@type\":\"ListItem\",\"position\":1,\"name\":\"In\u00edcio\",\"item\":\"https:\/\/diariodalagoa.pt\/\"},{\"@type\":\"ListItem\",\"position\":2,\"name\":\"Lagoa promove recolha de sangue na Semana do Cora\u00e7\u00e3o\"}]},{\"@type\":\"WebSite\",\"@id\":\"https:\/\/diariodalagoa.pt\/#website\",\"url\":\"https:\/\/diariodalagoa.pt\/\",\"name\":\"Di\u00e1rio da Lagoa\",\"description\":\"Di\u00e1rio da Lagoa. As not\u00edcias que contam. A partir da Lagoa, nos A\u00e7ores, para o mundo.\",\"potentialAction\":[{\"@type\":\"SearchAction\",\"target\":{\"@type\":\"EntryPoint\",\"urlTemplate\":\"https:\/\/diariodalagoa.pt\/?s={search_term_string}\"},\"query-input\":\"required name=search_term_string\"}],\"inLanguage\":\"en-US\"},{\"@type\":\"Person\",\"@id\":\"https:\/\/diariodalagoa.pt\/#\/schema\/person\/1615a002370e8857b6f972834bc43ece\",\"name\":\"Di\u00e1rio da Lagoa\",\"image\":{\"@type\":\"ImageObject\",\"inLanguage\":\"en-US\",\"@id\":\"https:\/\/diariodalagoa.pt\/#\/schema\/person\/image\/\",\"url\":\"https:\/\/secure.gravatar.com\/avatar\/2cb5cef90a26f8fbd4d9d930608102c5?s=96&d=mm&r=g\",\"contentUrl\":\"https:\/\/secure.gravatar.com\/avatar\/2cb5cef90a26f8fbd4d9d930608102c5?s=96&d=mm&r=g\",\"caption\":\"Di\u00e1rio da Lagoa\"},\"url\":\"https:\/\/diariodalagoa.pt\/en\/author\/diariodalagoa\/\"}]}<\/script>\n<!-- \/ Yoast SEO plugin. -->","yoast_head_json":{"title":"Lagoa promove recolha de sangue na Semana do Cora\u00e7\u00e3o - Di\u00e1rio da Lagoa","description":"Podem ser dadores todos aqueles que tenham entre 18 e 60 anos, que pesem mais de 50 quilos e que mantenham h\u00e1bitos de vida saud\u00e1veis.","robots":{"index":"index","follow":"follow","max-snippet":"max-snippet:-1","max-image-preview":"max-image-preview:large","max-video-preview":"max-video-preview:-1"},"canonical":"https:\/\/diariodalagoa.pt\/en\/lagoa-promove-recolha-de-sangue-na-semana-do-coracao\/","og_locale":"en_US","og_type":"article","og_title":"Lagoa promove recolha de sangue na Semana do Cora\u00e7\u00e3o - Di\u00e1rio da Lagoa","og_description":"Podem ser dadores todos aqueles que tenham entre 18 e 60 anos, que pesem mais de 50 quilos e que mantenham h\u00e1bitos de vida saud\u00e1veis.","og_url":"https:\/\/diariodalagoa.pt\/en\/lagoa-promove-recolha-de-sangue-na-semana-do-coracao\/","og_site_name":"Di\u00e1rio da Lagoa","article_published_time":"2025-09-29T09:53:45+00:00","article_modified_time":"2025-10-01T20:14:22+00:00","og_image":[{"width":960,"height":638,"url":"https:\/\/diariodalagoa.pt\/wp-content\/uploads\/2022\/06\/cineteatro-lagoense-cml-ago-2020.jpg","type":"image\/jpeg"}],"author":"Di\u00e1rio da Lagoa","twitter_card":"summary_large_image","twitter_misc":{"Written by":"Di\u00e1rio da Lagoa","Est. reading time":"2 minutes"},"schema":{"@context":"https:\/\/schema.org","@graph":[{"@type":"WebPage","@id":"https:\/\/diariodalagoa.pt\/lagoa-promove-recolha-de-sangue-na-semana-do-coracao\/","url":"https:\/\/diariodalagoa.pt\/lagoa-promove-recolha-de-sangue-na-semana-do-coracao\/","name":"Lagoa promove recolha de sangue na Semana do Cora\u00e7\u00e3o - Di\u00e1rio da Lagoa","isPartOf":{"@id":"https:\/\/diariodalagoa.pt\/#website"},"datePublished":"2025-09-29T09:53:45+00:00","dateModified":"2025-10-01T20:14:22+00:00","author":{"@id":"https:\/\/diariodalagoa.pt\/#\/schema\/person\/1615a002370e8857b6f972834bc43ece"},"description":"Podem ser dadores todos aqueles que tenham entre 18 e 60 anos, que pesem mais de 50 quilos e que mantenham h\u00e1bitos de vida saud\u00e1veis.","breadcrumb":{"@id":"https:\/\/diariodalagoa.pt\/lagoa-promove-recolha-de-sangue-na-semana-do-coracao\/#breadcrumb"},"inLanguage":"en-US","potentialAction":[{"@type":"ReadAction","target":["https:\/\/diariodalagoa.pt\/lagoa-promove-recolha-de-sangue-na-semana-do-coracao\/"]}]},{"@type":"BreadcrumbList","@id":"https:\/\/diariodalagoa.pt\/lagoa-promove-recolha-de-sangue-na-semana-do-coracao\/#breadcrumb","itemListElement":[{"@type":"ListItem","position":1,"name":"In\u00edcio","item":"https:\/\/diariodalagoa.pt\/"},{"@type":"ListItem","position":2,"name":"Lagoa promove recolha de sangue na Semana do Cora\u00e7\u00e3o"}]},{"@type":"WebSite","@id":"https:\/\/diariodalagoa.pt\/#website","url":"https:\/\/diariodalagoa.pt\/","name":"Di\u00e1rio da Lagoa","description":"Di\u00e1rio da Lagoa. As not\u00edcias que contam. A partir da Lagoa, nos A\u00e7ores, para o mundo.","potentialAction":[{"@type":"SearchAction","target":{"@type":"EntryPoint","urlTemplate":"https:\/\/diariodalagoa.pt\/?s={search_term_string}"},"query-input":"required name=search_term_string"}],"inLanguage":"en-US"},{"@type":"Person","@id":"https:\/\/diariodalagoa.pt\/#\/schema\/person\/1615a002370e8857b6f972834bc43ece","name":"Di\u00e1rio da Lagoa","image":{"@type":"ImageObject","inLanguage":"en-US","@id":"https:\/\/diariodalagoa.pt\/#\/schema\/person\/image\/","url":"https:\/\/secure.gravatar.com\/avatar\/2cb5cef90a26f8fbd4d9d930608102c5?s=96&d=mm&r=g","contentUrl":"https:\/\/secure.gravatar.com\/avatar\/2cb5cef90a26f8fbd4d9d930608102c5?s=96&d=mm&r=g","caption":"Di\u00e1rio da Lagoa"},"url":"https:\/\/diariodalagoa.pt\/en\/author\/diariodalagoa\/"}]}},"_links":{"self":[{"href":"https:\/\/diariodalagoa.pt\/en\/wp-json\/wp\/v2\/posts\/158886"}],"collection":[{"href":"https:\/\/diariodalagoa.pt\/en\/wp-json\/wp\/v2\/posts"}],"about":[{"href":"https:\/\/diariodalagoa.pt\/en\/wp-json\/wp\/v2\/types\/post"}],"author":[{"embeddable":true,"href":"https:\/\/diariodalagoa.pt\/en\/wp-json\/wp\/v2\/users\/2"}],"replies":[{"embeddable":true,"href":"https:\/\/diariodalagoa.pt\/en\/wp-json\/wp\/v2\/comments?post=158886"}],"version-history":[{"count":3,"href":"https:\/\/diariodalagoa.pt\/en\/wp-json\/wp\/v2\/posts\/158886\/revisions"}],"predecessor-version":[{"id":158935,"href":"https:\/\/diariodalagoa.pt\/en\/wp-json\/wp\/v2\/posts\/158886\/revisions\/158935"}],"wp:featuredmedia":[{"embeddable":true,"href":"https:\/\/diariodalagoa.pt\/en\/wp-json\/wp\/v2\/media\/122485"}],"wp:attachment":[{"href":"https:\/\/diariodalagoa.pt\/en\/wp-json\/wp\/v2\/media?parent=158886"}],"wp:term":[{"taxonomy":"category","embeddable":true,"href":"https:\/\/diariodalagoa.pt\/en\/wp-json\/wp\/v2\/categories?post=158886"},{"taxonomy":"post_tag","embeddable":true,"href":"https:\/\/diariodalagoa.pt\/en\/wp-json\/wp\/v2\/tags?post=158886"}],"curies":[{"name":"wp","href":"https:\/\/api.w.org\/{rel}","templated":true}]}}