{"id":158850,"date":"2025-09-24T16:08:08","date_gmt":"2025-09-24T16:08:08","guid":{"rendered":"https:\/\/diariodalagoa.pt\/?p=158850"},"modified":"2025-09-24T16:08:33","modified_gmt":"2025-09-24T16:08:33","slug":"autoridades-alertam-para-mau-tempo-nos-acores","status":"publish","type":"post","link":"https:\/\/diariodalagoa.pt\/en\/autoridades-alertam-para-mau-tempo-nos-acores\/","title":{"rendered":"Autoridades alertam para mau tempo nos A\u00e7ores"},"content":{"rendered":"<figure class=\"wp-block-image size-full\"><img decoding=\"async\" width=\"960\" height=\"641\" src=\"https:\/\/diariodalagoa.pt\/wp-content\/uploads\/2025\/01\/mau-tempo-nas-flores-sandrina-maltez-dl.jpg\" alt=\"\" class=\"wp-image-147972\" srcset=\"https:\/\/diariodalagoa.pt\/wp-content\/uploads\/2025\/01\/mau-tempo-nas-flores-sandrina-maltez-dl.jpg 960w, https:\/\/diariodalagoa.pt\/wp-content\/uploads\/2025\/01\/mau-tempo-nas-flores-sandrina-maltez-dl-300x200.jpg 300w, https:\/\/diariodalagoa.pt\/wp-content\/uploads\/2025\/01\/mau-tempo-nas-flores-sandrina-maltez-dl-768x513.jpg 768w, https:\/\/diariodalagoa.pt\/wp-content\/uploads\/2025\/01\/mau-tempo-nas-flores-sandrina-maltez-dl-18x12.jpg 18w\" sizes=\"(max-width: 960px) 100vw, 960px\" \/><figcaption class=\"wp-element-caption\"><sup><mark style=\"background-color:rgba(0, 0, 0, 0)\" class=\"has-inline-color has-cyan-bluish-gray-color\">\u00a9 SANDRINA MALTEZ\/DL<\/mark><\/sup><\/figcaption><\/figure>\n\n\n<p>A previs\u00e3o do estado do mar aponta para um agravamento das condi\u00e7\u00f5es meteorol\u00f3gicas e de agita\u00e7\u00e3o mar\u00edtima nos A\u00e7ores a partir da madrugada de sexta-feira, 26 de setembro, e o final da noite de s\u00e1bado, 27 de setembro, alertou a Marinha e Autoridade Mart\u00edtima Nacional (AMN).<\/p>\n<p>Devido \u00e0 aproxima\u00e7\u00e3o do ciclone Gabrielle, o Instituto Portugues do Mar e Atmosfera (IPMA) emitiu, tamb\u00e9m, um aviso vermelho para grupos Ocidental e Central do arquip\u00e9lago dos A\u00e7ores, a partir da noite de quinta-feira, 25 de setembro, devido a precipita\u00e7\u00e3o forte, agita\u00e7\u00e3o mar\u00edtima e vento.<\/p>\n<p>De acordo com comunicado enviado \u00e0s reda\u00e7\u00f5es pela Marinha e AMN, agita\u00e7\u00e3o mar\u00edtima &#8220;ser\u00e1 caraterizada por uma ondula\u00e7\u00e3o proveniente do quadrante sudoeste, com uma altura significativa que poder\u00e1 atingir os sete metros e uma altura m\u00e1xima de 12 metros&#8221;. O per\u00edodo m\u00e9dio poder\u00e1 variar entre os cinco e os 13 segundos.<\/p>\n<p>&#8220;S\u00e3o esperados ventos provenientes do quadrante sul-sudoeste, com uma intensidade m\u00e9dia de at\u00e9 93 km\/h e rajadas at\u00e9 168 km\/h, desenvolvendo para ma situa\u00e7\u00e3o cicl\u00f3nica&#8221;, informa o comunicado.<\/p>\n<p>As autoridades aconselham, ainda, toda a comunidade mar\u00edtima e a popula\u00e7\u00e3o em geral para os cuidados a ter, tanto na prepara\u00e7\u00e3o de uma ida para o mar, como quando est\u00e3o no mar ou em zonas costeiras, em especial junto \u00e0s fal\u00e9sias e zonas de arriba frequentemente atingidas pela rebenta\u00e7\u00e3o das ondas, tendo sempre presente que nestas condi\u00e7\u00f5es o mar pode facilmente alcan\u00e7ar zonas aparentemente seguras.<\/p>","protected":false},"excerpt":{"rendered":"<p>Devido \u00e0 aproxima\u00e7\u00e3o do ciclone Gabrielle, os grupos Ocidental e Central estar\u00e3o sob aviso vermelho a partir da noite de quinta-feira. A agita\u00e7\u00e3o mar\u00edtima tamb\u00e9m dever\u00e1 agravar-se a partir da madrugada de sexta-feira.<\/p>","protected":false},"author":2,"featured_media":147972,"comment_status":"open","ping_status":"closed","sticky":false,"template":"","format":"standard","meta":[],"categories":[21],"tags":[31,129,130,246],"acf":[],"yoast_head":"<!-- This site is optimized with the Yoast SEO plugin v20.10 - https:\/\/yoast.com\/wordpress\/plugins\/seo\/ -->\n<title>Autoridades alertam para mau tempo nos A\u00e7ores - Di\u00e1rio da Lagoa<\/title>\n<meta name=\"description\" content=\"Devido \u00e0 aproxima\u00e7\u00e3o do ciclone Gabrielle, os grupos Ocidental e Central estar\u00e3o sob aviso vermelho a partir da noite de quinta-feira. A agita\u00e7\u00e3o mar\u00edtima tamb\u00e9m dever\u00e1 agravar-se a partir da madrugada de sexta-feira.\" \/>\n<meta name=\"robots\" content=\"index, follow, max-snippet:-1, max-image-preview:large, max-video-preview:-1\" \/>\n<link rel=\"canonical\" href=\"https:\/\/diariodalagoa.pt\/en\/autoridades-alertam-para-mau-tempo-nos-acores\/\" \/>\n<meta property=\"og:locale\" content=\"en_US\" \/>\n<meta property=\"og:type\" content=\"article\" \/>\n<meta property=\"og:title\" content=\"Autoridades alertam para mau tempo nos A\u00e7ores - Di\u00e1rio da Lagoa\" \/>\n<meta property=\"og:description\" content=\"Devido \u00e0 aproxima\u00e7\u00e3o do ciclone Gabrielle, os grupos Ocidental e Central estar\u00e3o sob aviso vermelho a partir da noite de quinta-feira. A agita\u00e7\u00e3o mar\u00edtima tamb\u00e9m dever\u00e1 agravar-se a partir da madrugada de sexta-feira.\" \/>\n<meta property=\"og:url\" content=\"https:\/\/diariodalagoa.pt\/en\/autoridades-alertam-para-mau-tempo-nos-acores\/\" \/>\n<meta property=\"og:site_name\" content=\"Di\u00e1rio da Lagoa\" \/>\n<meta property=\"article:published_time\" content=\"2025-09-24T16:08:08+00:00\" \/>\n<meta property=\"article:modified_time\" content=\"2025-09-24T16:08:33+00:00\" \/>\n<meta property=\"og:image\" content=\"https:\/\/diariodalagoa.pt\/wp-content\/uploads\/2025\/01\/mau-tempo-nas-flores-sandrina-maltez-dl.jpg\" \/>\n\t<meta property=\"og:image:width\" content=\"960\" \/>\n\t<meta property=\"og:image:height\" content=\"641\" \/>\n\t<meta property=\"og:image:type\" content=\"image\/jpeg\" \/>\n<meta name=\"author\" content=\"Di\u00e1rio da Lagoa\" \/>\n<meta name=\"twitter:card\" content=\"summary_large_image\" \/>\n<meta name=\"twitter:label1\" content=\"Written by\" \/>\n\t<meta name=\"twitter:data1\" content=\"Di\u00e1rio da Lagoa\" \/>\n\t<meta name=\"twitter:label2\" content=\"Est. reading time\" \/>\n\t<meta name=\"twitter:data2\" content=\"2 minutes\" \/>\n<script type=\"application\/ld+json\" class=\"yoast-schema-graph\">{\"@context\":\"https:\/\/schema.org\",\"@graph\":[{\"@type\":\"WebPage\",\"@id\":\"https:\/\/diariodalagoa.pt\/autoridades-alertam-para-mau-tempo-nos-acores\/\",\"url\":\"https:\/\/diariodalagoa.pt\/autoridades-alertam-para-mau-tempo-nos-acores\/\",\"name\":\"Autoridades alertam para mau tempo nos A\u00e7ores - Di\u00e1rio da Lagoa\",\"isPartOf\":{\"@id\":\"https:\/\/diariodalagoa.pt\/#website\"},\"datePublished\":\"2025-09-24T16:08:08+00:00\",\"dateModified\":\"2025-09-24T16:08:33+00:00\",\"author\":{\"@id\":\"https:\/\/diariodalagoa.pt\/#\/schema\/person\/1615a002370e8857b6f972834bc43ece\"},\"description\":\"Devido \u00e0 aproxima\u00e7\u00e3o do ciclone Gabrielle, os grupos Ocidental e Central estar\u00e3o sob aviso vermelho a partir da noite de quinta-feira. A agita\u00e7\u00e3o mar\u00edtima tamb\u00e9m dever\u00e1 agravar-se a partir da madrugada de sexta-feira.\",\"breadcrumb\":{\"@id\":\"https:\/\/diariodalagoa.pt\/autoridades-alertam-para-mau-tempo-nos-acores\/#breadcrumb\"},\"inLanguage\":\"en-US\",\"potentialAction\":[{\"@type\":\"ReadAction\",\"target\":[\"https:\/\/diariodalagoa.pt\/autoridades-alertam-para-mau-tempo-nos-acores\/\"]}]},{\"@type\":\"BreadcrumbList\",\"@id\":\"https:\/\/diariodalagoa.pt\/autoridades-alertam-para-mau-tempo-nos-acores\/#breadcrumb\",\"itemListElement\":[{\"@type\":\"ListItem\",\"position\":1,\"name\":\"In\u00edcio\",\"item\":\"https:\/\/diariodalagoa.pt\/\"},{\"@type\":\"ListItem\",\"position\":2,\"name\":\"Autoridades alertam para mau tempo nos A\u00e7ores\"}]},{\"@type\":\"WebSite\",\"@id\":\"https:\/\/diariodalagoa.pt\/#website\",\"url\":\"https:\/\/diariodalagoa.pt\/\",\"name\":\"Di\u00e1rio da Lagoa\",\"description\":\"Di\u00e1rio da Lagoa. As not\u00edcias que contam. A partir da Lagoa, nos A\u00e7ores, para o mundo.\",\"potentialAction\":[{\"@type\":\"SearchAction\",\"target\":{\"@type\":\"EntryPoint\",\"urlTemplate\":\"https:\/\/diariodalagoa.pt\/?s={search_term_string}\"},\"query-input\":\"required name=search_term_string\"}],\"inLanguage\":\"en-US\"},{\"@type\":\"Person\",\"@id\":\"https:\/\/diariodalagoa.pt\/#\/schema\/person\/1615a002370e8857b6f972834bc43ece\",\"name\":\"Di\u00e1rio da Lagoa\",\"image\":{\"@type\":\"ImageObject\",\"inLanguage\":\"en-US\",\"@id\":\"https:\/\/diariodalagoa.pt\/#\/schema\/person\/image\/\",\"url\":\"https:\/\/secure.gravatar.com\/avatar\/2cb5cef90a26f8fbd4d9d930608102c5?s=96&d=mm&r=g\",\"contentUrl\":\"https:\/\/secure.gravatar.com\/avatar\/2cb5cef90a26f8fbd4d9d930608102c5?s=96&d=mm&r=g\",\"caption\":\"Di\u00e1rio da Lagoa\"},\"url\":\"https:\/\/diariodalagoa.pt\/en\/author\/diariodalagoa\/\"}]}<\/script>\n<!-- \/ Yoast SEO plugin. -->","yoast_head_json":{"title":"Autoridades alertam para mau tempo nos A\u00e7ores - Di\u00e1rio da Lagoa","description":"Devido \u00e0 aproxima\u00e7\u00e3o do ciclone Gabrielle, os grupos Ocidental e Central estar\u00e3o sob aviso vermelho a partir da noite de quinta-feira. A agita\u00e7\u00e3o mar\u00edtima tamb\u00e9m dever\u00e1 agravar-se a partir da madrugada de sexta-feira.","robots":{"index":"index","follow":"follow","max-snippet":"max-snippet:-1","max-image-preview":"max-image-preview:large","max-video-preview":"max-video-preview:-1"},"canonical":"https:\/\/diariodalagoa.pt\/en\/autoridades-alertam-para-mau-tempo-nos-acores\/","og_locale":"en_US","og_type":"article","og_title":"Autoridades alertam para mau tempo nos A\u00e7ores - Di\u00e1rio da Lagoa","og_description":"Devido \u00e0 aproxima\u00e7\u00e3o do ciclone Gabrielle, os grupos Ocidental e Central estar\u00e3o sob aviso vermelho a partir da noite de quinta-feira. A agita\u00e7\u00e3o mar\u00edtima tamb\u00e9m dever\u00e1 agravar-se a partir da madrugada de sexta-feira.","og_url":"https:\/\/diariodalagoa.pt\/en\/autoridades-alertam-para-mau-tempo-nos-acores\/","og_site_name":"Di\u00e1rio da Lagoa","article_published_time":"2025-09-24T16:08:08+00:00","article_modified_time":"2025-09-24T16:08:33+00:00","og_image":[{"width":960,"height":641,"url":"https:\/\/diariodalagoa.pt\/wp-content\/uploads\/2025\/01\/mau-tempo-nas-flores-sandrina-maltez-dl.jpg","type":"image\/jpeg"}],"author":"Di\u00e1rio da Lagoa","twitter_card":"summary_large_image","twitter_misc":{"Written by":"Di\u00e1rio da Lagoa","Est. reading time":"2 minutes"},"schema":{"@context":"https:\/\/schema.org","@graph":[{"@type":"WebPage","@id":"https:\/\/diariodalagoa.pt\/autoridades-alertam-para-mau-tempo-nos-acores\/","url":"https:\/\/diariodalagoa.pt\/autoridades-alertam-para-mau-tempo-nos-acores\/","name":"Autoridades alertam para mau tempo nos A\u00e7ores - Di\u00e1rio da Lagoa","isPartOf":{"@id":"https:\/\/diariodalagoa.pt\/#website"},"datePublished":"2025-09-24T16:08:08+00:00","dateModified":"2025-09-24T16:08:33+00:00","author":{"@id":"https:\/\/diariodalagoa.pt\/#\/schema\/person\/1615a002370e8857b6f972834bc43ece"},"description":"Devido \u00e0 aproxima\u00e7\u00e3o do ciclone Gabrielle, os grupos Ocidental e Central estar\u00e3o sob aviso vermelho a partir da noite de quinta-feira. A agita\u00e7\u00e3o mar\u00edtima tamb\u00e9m dever\u00e1 agravar-se a partir da madrugada de sexta-feira.","breadcrumb":{"@id":"https:\/\/diariodalagoa.pt\/autoridades-alertam-para-mau-tempo-nos-acores\/#breadcrumb"},"inLanguage":"en-US","potentialAction":[{"@type":"ReadAction","target":["https:\/\/diariodalagoa.pt\/autoridades-alertam-para-mau-tempo-nos-acores\/"]}]},{"@type":"BreadcrumbList","@id":"https:\/\/diariodalagoa.pt\/autoridades-alertam-para-mau-tempo-nos-acores\/#breadcrumb","itemListElement":[{"@type":"ListItem","position":1,"name":"In\u00edcio","item":"https:\/\/diariodalagoa.pt\/"},{"@type":"ListItem","position":2,"name":"Autoridades alertam para mau tempo nos A\u00e7ores"}]},{"@type":"WebSite","@id":"https:\/\/diariodalagoa.pt\/#website","url":"https:\/\/diariodalagoa.pt\/","name":"Di\u00e1rio da Lagoa","description":"Di\u00e1rio da Lagoa. As not\u00edcias que contam. A partir da Lagoa, nos A\u00e7ores, para o mundo.","potentialAction":[{"@type":"SearchAction","target":{"@type":"EntryPoint","urlTemplate":"https:\/\/diariodalagoa.pt\/?s={search_term_string}"},"query-input":"required name=search_term_string"}],"inLanguage":"en-US"},{"@type":"Person","@id":"https:\/\/diariodalagoa.pt\/#\/schema\/person\/1615a002370e8857b6f972834bc43ece","name":"Di\u00e1rio da Lagoa","image":{"@type":"ImageObject","inLanguage":"en-US","@id":"https:\/\/diariodalagoa.pt\/#\/schema\/person\/image\/","url":"https:\/\/secure.gravatar.com\/avatar\/2cb5cef90a26f8fbd4d9d930608102c5?s=96&d=mm&r=g","contentUrl":"https:\/\/secure.gravatar.com\/avatar\/2cb5cef90a26f8fbd4d9d930608102c5?s=96&d=mm&r=g","caption":"Di\u00e1rio da Lagoa"},"url":"https:\/\/diariodalagoa.pt\/en\/author\/diariodalagoa\/"}]}},"_links":{"self":[{"href":"https:\/\/diariodalagoa.pt\/en\/wp-json\/wp\/v2\/posts\/158850"}],"collection":[{"href":"https:\/\/diariodalagoa.pt\/en\/wp-json\/wp\/v2\/posts"}],"about":[{"href":"https:\/\/diariodalagoa.pt\/en\/wp-json\/wp\/v2\/types\/post"}],"author":[{"embeddable":true,"href":"https:\/\/diariodalagoa.pt\/en\/wp-json\/wp\/v2\/users\/2"}],"replies":[{"embeddable":true,"href":"https:\/\/diariodalagoa.pt\/en\/wp-json\/wp\/v2\/comments?post=158850"}],"version-history":[{"count":3,"href":"https:\/\/diariodalagoa.pt\/en\/wp-json\/wp\/v2\/posts\/158850\/revisions"}],"predecessor-version":[{"id":158853,"href":"https:\/\/diariodalagoa.pt\/en\/wp-json\/wp\/v2\/posts\/158850\/revisions\/158853"}],"wp:featuredmedia":[{"embeddable":true,"href":"https:\/\/diariodalagoa.pt\/en\/wp-json\/wp\/v2\/media\/147972"}],"wp:attachment":[{"href":"https:\/\/diariodalagoa.pt\/en\/wp-json\/wp\/v2\/media?parent=158850"}],"wp:term":[{"taxonomy":"category","embeddable":true,"href":"https:\/\/diariodalagoa.pt\/en\/wp-json\/wp\/v2\/categories?post=158850"},{"taxonomy":"post_tag","embeddable":true,"href":"https:\/\/diariodalagoa.pt\/en\/wp-json\/wp\/v2\/tags?post=158850"}],"curies":[{"name":"wp","href":"https:\/\/api.w.org\/{rel}","templated":true}]}}