{"id":158799,"date":"2025-09-22T12:06:30","date_gmt":"2025-09-22T12:06:30","guid":{"rendered":"https:\/\/diariodalagoa.pt\/?p=158799"},"modified":"2025-09-22T12:06:32","modified_gmt":"2025-09-22T12:06:32","slug":"lagoa-com-programa-de-incentivo-a-leitura-no-arranque-do-ano-letivo","status":"publish","type":"post","link":"https:\/\/diariodalagoa.pt\/en\/lagoa-com-programa-de-incentivo-a-leitura-no-arranque-do-ano-letivo\/","title":{"rendered":"Lagoa com programa de incentivo \u00e0 leitura no arranque do ano letivo"},"content":{"rendered":"<figure class=\"wp-block-image size-full\"><img decoding=\"async\" width=\"960\" height=\"640\" src=\"https:\/\/diariodalagoa.pt\/wp-content\/uploads\/2025\/09\/promocao-da-leitura-na-lagoa-2025-cml.jpg\" alt=\"\" class=\"wp-image-158800\" srcset=\"https:\/\/diariodalagoa.pt\/wp-content\/uploads\/2025\/09\/promocao-da-leitura-na-lagoa-2025-cml.jpg 960w, https:\/\/diariodalagoa.pt\/wp-content\/uploads\/2025\/09\/promocao-da-leitura-na-lagoa-2025-cml-300x200.jpg 300w, https:\/\/diariodalagoa.pt\/wp-content\/uploads\/2025\/09\/promocao-da-leitura-na-lagoa-2025-cml-768x512.jpg 768w, https:\/\/diariodalagoa.pt\/wp-content\/uploads\/2025\/09\/promocao-da-leitura-na-lagoa-2025-cml-18x12.jpg 18w\" sizes=\"(max-width: 960px) 100vw, 960px\" \/><figcaption class=\"wp-element-caption\"><sup><mark style=\"background-color:rgba(0, 0, 0, 0)\" class=\"has-inline-color has-cyan-bluish-gray-color\">\u00a9 CM LAGOA<\/mark><\/sup><\/figcaption><\/figure>\n\n\n<p>A Biblioteca Municipal Tomaz Borba Vieira, com a colabora\u00e7\u00e3o das escolas do concelho da Lagoa, encontra-se a dinamizar um conjunto de iniciativas, no \u00e2mbito do Programa de Promo\u00e7\u00e3o da Leitura, assinalando a abertura do ano letivo 2025\/2026, anunciou esta segunda-feira, 22 de setembro, a C\u00e2mara Municipal da Lagoa.<\/p>\n<p>De acordo com nota de imprensa enviada \u00e0s reda\u00e7\u00f5es pela autarquia lagoense, o programa arrancou com os alunos da Escola B\u00e1sica Integrada de \u00c1gua de Pau, com a presen\u00e7a da vereadora da \u00e1rea da educa\u00e7\u00e3o e cultura da C\u00e2mara Municipal, Albertina Oliveira, e decorreu no mesmo dia em que se assinalou o 13.\u00ba anivers\u00e1rio deste estabelecimento de ensino.<\/p>\n<p>Na sess\u00e3o de abertura, Albertina Oliveira, destacou \u201co simbolismo de iniciar este programa no dia do 13.\u00ba anivers\u00e1rio da Escola B\u00e1sica Integrada de \u00c1gua de Pau, uma institui\u00e7\u00e3o que acolheu com entusiasmo a proposta da autarquia e que tem sido um exemplo de proximidade e participa\u00e7\u00e3o educativa\u201d.<\/p>\n<p>Um dos momentos centrais do programa \u00e9 o projeto \u201cLer Ajuda a Crescer\u201d, atrav\u00e9s do qual a C\u00e2mara da Lagoa oferece um livro a cada aluno do primeiro ano. \u201cEste gesto, que pode parecer simples, traduz uma pol\u00edtica educativa com significado: garantir que cada crian\u00e7a inicia o seu percurso escolar com um livro nas m\u00e3os, com um universo de possibilidades \u00e0 sua frente e um est\u00edmulo concreto ao prazer de ler\u201d, sublinhou Albertina Oliveira.<\/p>\n<p>Deste programa, fazem ainda parte horas do conto, dinamizadas por Miguel Esteves, e a\u00e7\u00f5es intergeracionais, envolvendo alunos, fam\u00edlias e a comunidade.<\/p>\n<p>Outro ponto alto deste programa foi a reabertura do Polo de Leitura da Ribeira Ch\u00e3, uma extens\u00e3o da Biblioteca Municipal Tomaz Borba Vieira, e que contou com o apoio da Junta de Freguesia, na aquisi\u00e7\u00e3o de alguns livros infantojuvenis, sendo que este polo de leitura foi instalado, anteriormente, pela Associa\u00e7\u00e3o de Jovens da Ribeira Ch\u00e3.<\/p>\n<p>O espa\u00e7o conta com cerca de mil livros e uma sala com materiais l\u00fadicos e inform\u00e1ticos, \u201cprocurando aliar o educativo ao recreativo e criar um espa\u00e7o inclusivo e multifuncional aberto \u00e0 comunidade\u201d, acrescentou a vereadora.<\/p>\n<p>O programa prossegue, hoje e amanh\u00e3, com novas sess\u00f5es do projeto \u201cLer Ajuda a Crescer\u201d e atividades de promo\u00e7\u00e3o da leitura no CATL Borbas (Santa Cruz) e no Centro Social e Cultural do Cabouco.<\/p>\n<p>Para Albertina Oliveira, segundo o comunicado, este \u00e9 apenas o come\u00e7o: \u201cEsta n\u00e3o \u00e9 apenas uma cerim\u00f3nia de abertura. \u00c9 o in\u00edcio de um percurso que pretende valorizar a leitura, levando-a onde ela \u00e9 mais necess\u00e1ria e onde pode fazer a maior diferen\u00e7a\u201d.<\/p>\n<p>A autarquia conclui que o Programa de Promo\u00e7\u00e3o da Leitura &#8220;visa despertar o gosto pelos livros desde a inf\u00e2ncia e incentivar h\u00e1bitos de leitura junto de todas as gera\u00e7\u00f5es&#8221;.\u00a0<\/p>","protected":false},"excerpt":{"rendered":"<p>Programa arrancou com os alunos da EBI de \u00c1gua de Pau, no mesmo dia em que se assinalou o 13.\u00ba anivers\u00e1rio do estabelecimento de ensino.<\/p>","protected":false},"author":2,"featured_media":158800,"comment_status":"open","ping_status":"closed","sticky":false,"template":"","format":"standard","meta":[],"categories":[21],"tags":[51,53,1186,1533,3470],"acf":[],"yoast_head":"<!-- This site is optimized with the Yoast SEO plugin v20.10 - https:\/\/yoast.com\/wordpress\/plugins\/seo\/ -->\n<title>Lagoa com programa de incentivo \u00e0 leitura no arranque do ano letivo - Di\u00e1rio da Lagoa<\/title>\n<meta name=\"description\" content=\"Programa arrancou com os alunos da EBI de \u00c1gua de Pau, no mesmo dia em que se assinalou o 13.\u00ba anivers\u00e1rio do estabelecimento de ensino.\" \/>\n<meta name=\"robots\" content=\"index, follow, max-snippet:-1, max-image-preview:large, max-video-preview:-1\" \/>\n<link rel=\"canonical\" href=\"https:\/\/diariodalagoa.pt\/en\/lagoa-com-programa-de-incentivo-a-leitura-no-arranque-do-ano-letivo\/\" \/>\n<meta property=\"og:locale\" content=\"en_US\" \/>\n<meta property=\"og:type\" content=\"article\" \/>\n<meta property=\"og:title\" content=\"Lagoa com programa de incentivo \u00e0 leitura no arranque do ano letivo - Di\u00e1rio da Lagoa\" \/>\n<meta property=\"og:description\" content=\"Programa arrancou com os alunos da EBI de \u00c1gua de Pau, no mesmo dia em que se assinalou o 13.\u00ba anivers\u00e1rio do estabelecimento de ensino.\" \/>\n<meta property=\"og:url\" content=\"https:\/\/diariodalagoa.pt\/en\/lagoa-com-programa-de-incentivo-a-leitura-no-arranque-do-ano-letivo\/\" \/>\n<meta property=\"og:site_name\" content=\"Di\u00e1rio da Lagoa\" \/>\n<meta property=\"article:published_time\" content=\"2025-09-22T12:06:30+00:00\" \/>\n<meta property=\"article:modified_time\" content=\"2025-09-22T12:06:32+00:00\" \/>\n<meta property=\"og:image\" content=\"https:\/\/diariodalagoa.pt\/wp-content\/uploads\/2025\/09\/promocao-da-leitura-na-lagoa-2025-cml.jpg\" \/>\n\t<meta property=\"og:image:width\" content=\"960\" \/>\n\t<meta property=\"og:image:height\" content=\"640\" \/>\n\t<meta property=\"og:image:type\" content=\"image\/jpeg\" \/>\n<meta name=\"author\" content=\"Di\u00e1rio da Lagoa\" \/>\n<meta name=\"twitter:card\" content=\"summary_large_image\" \/>\n<meta name=\"twitter:label1\" content=\"Written by\" \/>\n\t<meta name=\"twitter:data1\" content=\"Di\u00e1rio da Lagoa\" \/>\n\t<meta name=\"twitter:label2\" content=\"Est. reading time\" \/>\n\t<meta name=\"twitter:data2\" content=\"3 minutes\" \/>\n<script type=\"application\/ld+json\" class=\"yoast-schema-graph\">{\"@context\":\"https:\/\/schema.org\",\"@graph\":[{\"@type\":\"WebPage\",\"@id\":\"https:\/\/diariodalagoa.pt\/lagoa-com-programa-de-incentivo-a-leitura-no-arranque-do-ano-letivo\/\",\"url\":\"https:\/\/diariodalagoa.pt\/lagoa-com-programa-de-incentivo-a-leitura-no-arranque-do-ano-letivo\/\",\"name\":\"Lagoa com programa de incentivo \u00e0 leitura no arranque do ano letivo - Di\u00e1rio da Lagoa\",\"isPartOf\":{\"@id\":\"https:\/\/diariodalagoa.pt\/#website\"},\"datePublished\":\"2025-09-22T12:06:30+00:00\",\"dateModified\":\"2025-09-22T12:06:32+00:00\",\"author\":{\"@id\":\"https:\/\/diariodalagoa.pt\/#\/schema\/person\/1615a002370e8857b6f972834bc43ece\"},\"description\":\"Programa arrancou com os alunos da EBI de \u00c1gua de Pau, no mesmo dia em que se assinalou o 13.\u00ba anivers\u00e1rio do estabelecimento de ensino.\",\"breadcrumb\":{\"@id\":\"https:\/\/diariodalagoa.pt\/lagoa-com-programa-de-incentivo-a-leitura-no-arranque-do-ano-letivo\/#breadcrumb\"},\"inLanguage\":\"en-US\",\"potentialAction\":[{\"@type\":\"ReadAction\",\"target\":[\"https:\/\/diariodalagoa.pt\/lagoa-com-programa-de-incentivo-a-leitura-no-arranque-do-ano-letivo\/\"]}]},{\"@type\":\"BreadcrumbList\",\"@id\":\"https:\/\/diariodalagoa.pt\/lagoa-com-programa-de-incentivo-a-leitura-no-arranque-do-ano-letivo\/#breadcrumb\",\"itemListElement\":[{\"@type\":\"ListItem\",\"position\":1,\"name\":\"In\u00edcio\",\"item\":\"https:\/\/diariodalagoa.pt\/\"},{\"@type\":\"ListItem\",\"position\":2,\"name\":\"Lagoa com programa de incentivo \u00e0 leitura no arranque do ano letivo\"}]},{\"@type\":\"WebSite\",\"@id\":\"https:\/\/diariodalagoa.pt\/#website\",\"url\":\"https:\/\/diariodalagoa.pt\/\",\"name\":\"Di\u00e1rio da Lagoa\",\"description\":\"Di\u00e1rio da Lagoa. As not\u00edcias que contam. A partir da Lagoa, nos A\u00e7ores, para o mundo.\",\"potentialAction\":[{\"@type\":\"SearchAction\",\"target\":{\"@type\":\"EntryPoint\",\"urlTemplate\":\"https:\/\/diariodalagoa.pt\/?s={search_term_string}\"},\"query-input\":\"required name=search_term_string\"}],\"inLanguage\":\"en-US\"},{\"@type\":\"Person\",\"@id\":\"https:\/\/diariodalagoa.pt\/#\/schema\/person\/1615a002370e8857b6f972834bc43ece\",\"name\":\"Di\u00e1rio da Lagoa\",\"image\":{\"@type\":\"ImageObject\",\"inLanguage\":\"en-US\",\"@id\":\"https:\/\/diariodalagoa.pt\/#\/schema\/person\/image\/\",\"url\":\"https:\/\/secure.gravatar.com\/avatar\/2cb5cef90a26f8fbd4d9d930608102c5?s=96&d=mm&r=g\",\"contentUrl\":\"https:\/\/secure.gravatar.com\/avatar\/2cb5cef90a26f8fbd4d9d930608102c5?s=96&d=mm&r=g\",\"caption\":\"Di\u00e1rio da Lagoa\"},\"url\":\"https:\/\/diariodalagoa.pt\/en\/author\/diariodalagoa\/\"}]}<\/script>\n<!-- \/ Yoast SEO plugin. -->","yoast_head_json":{"title":"Lagoa com programa de incentivo \u00e0 leitura no arranque do ano letivo - Di\u00e1rio da Lagoa","description":"Programa arrancou com os alunos da EBI de \u00c1gua de Pau, no mesmo dia em que se assinalou o 13.\u00ba anivers\u00e1rio do estabelecimento de ensino.","robots":{"index":"index","follow":"follow","max-snippet":"max-snippet:-1","max-image-preview":"max-image-preview:large","max-video-preview":"max-video-preview:-1"},"canonical":"https:\/\/diariodalagoa.pt\/en\/lagoa-com-programa-de-incentivo-a-leitura-no-arranque-do-ano-letivo\/","og_locale":"en_US","og_type":"article","og_title":"Lagoa com programa de incentivo \u00e0 leitura no arranque do ano letivo - Di\u00e1rio da Lagoa","og_description":"Programa arrancou com os alunos da EBI de \u00c1gua de Pau, no mesmo dia em que se assinalou o 13.\u00ba anivers\u00e1rio do estabelecimento de ensino.","og_url":"https:\/\/diariodalagoa.pt\/en\/lagoa-com-programa-de-incentivo-a-leitura-no-arranque-do-ano-letivo\/","og_site_name":"Di\u00e1rio da Lagoa","article_published_time":"2025-09-22T12:06:30+00:00","article_modified_time":"2025-09-22T12:06:32+00:00","og_image":[{"width":960,"height":640,"url":"https:\/\/diariodalagoa.pt\/wp-content\/uploads\/2025\/09\/promocao-da-leitura-na-lagoa-2025-cml.jpg","type":"image\/jpeg"}],"author":"Di\u00e1rio da Lagoa","twitter_card":"summary_large_image","twitter_misc":{"Written by":"Di\u00e1rio da Lagoa","Est. reading time":"3 minutes"},"schema":{"@context":"https:\/\/schema.org","@graph":[{"@type":"WebPage","@id":"https:\/\/diariodalagoa.pt\/lagoa-com-programa-de-incentivo-a-leitura-no-arranque-do-ano-letivo\/","url":"https:\/\/diariodalagoa.pt\/lagoa-com-programa-de-incentivo-a-leitura-no-arranque-do-ano-letivo\/","name":"Lagoa com programa de incentivo \u00e0 leitura no arranque do ano letivo - Di\u00e1rio da Lagoa","isPartOf":{"@id":"https:\/\/diariodalagoa.pt\/#website"},"datePublished":"2025-09-22T12:06:30+00:00","dateModified":"2025-09-22T12:06:32+00:00","author":{"@id":"https:\/\/diariodalagoa.pt\/#\/schema\/person\/1615a002370e8857b6f972834bc43ece"},"description":"Programa arrancou com os alunos da EBI de \u00c1gua de Pau, no mesmo dia em que se assinalou o 13.\u00ba anivers\u00e1rio do estabelecimento de ensino.","breadcrumb":{"@id":"https:\/\/diariodalagoa.pt\/lagoa-com-programa-de-incentivo-a-leitura-no-arranque-do-ano-letivo\/#breadcrumb"},"inLanguage":"en-US","potentialAction":[{"@type":"ReadAction","target":["https:\/\/diariodalagoa.pt\/lagoa-com-programa-de-incentivo-a-leitura-no-arranque-do-ano-letivo\/"]}]},{"@type":"BreadcrumbList","@id":"https:\/\/diariodalagoa.pt\/lagoa-com-programa-de-incentivo-a-leitura-no-arranque-do-ano-letivo\/#breadcrumb","itemListElement":[{"@type":"ListItem","position":1,"name":"In\u00edcio","item":"https:\/\/diariodalagoa.pt\/"},{"@type":"ListItem","position":2,"name":"Lagoa com programa de incentivo \u00e0 leitura no arranque do ano letivo"}]},{"@type":"WebSite","@id":"https:\/\/diariodalagoa.pt\/#website","url":"https:\/\/diariodalagoa.pt\/","name":"Di\u00e1rio da Lagoa","description":"Di\u00e1rio da Lagoa. As not\u00edcias que contam. A partir da Lagoa, nos A\u00e7ores, para o mundo.","potentialAction":[{"@type":"SearchAction","target":{"@type":"EntryPoint","urlTemplate":"https:\/\/diariodalagoa.pt\/?s={search_term_string}"},"query-input":"required name=search_term_string"}],"inLanguage":"en-US"},{"@type":"Person","@id":"https:\/\/diariodalagoa.pt\/#\/schema\/person\/1615a002370e8857b6f972834bc43ece","name":"Di\u00e1rio da Lagoa","image":{"@type":"ImageObject","inLanguage":"en-US","@id":"https:\/\/diariodalagoa.pt\/#\/schema\/person\/image\/","url":"https:\/\/secure.gravatar.com\/avatar\/2cb5cef90a26f8fbd4d9d930608102c5?s=96&d=mm&r=g","contentUrl":"https:\/\/secure.gravatar.com\/avatar\/2cb5cef90a26f8fbd4d9d930608102c5?s=96&d=mm&r=g","caption":"Di\u00e1rio da Lagoa"},"url":"https:\/\/diariodalagoa.pt\/en\/author\/diariodalagoa\/"}]}},"_links":{"self":[{"href":"https:\/\/diariodalagoa.pt\/en\/wp-json\/wp\/v2\/posts\/158799"}],"collection":[{"href":"https:\/\/diariodalagoa.pt\/en\/wp-json\/wp\/v2\/posts"}],"about":[{"href":"https:\/\/diariodalagoa.pt\/en\/wp-json\/wp\/v2\/types\/post"}],"author":[{"embeddable":true,"href":"https:\/\/diariodalagoa.pt\/en\/wp-json\/wp\/v2\/users\/2"}],"replies":[{"embeddable":true,"href":"https:\/\/diariodalagoa.pt\/en\/wp-json\/wp\/v2\/comments?post=158799"}],"version-history":[{"count":2,"href":"https:\/\/diariodalagoa.pt\/en\/wp-json\/wp\/v2\/posts\/158799\/revisions"}],"predecessor-version":[{"id":158802,"href":"https:\/\/diariodalagoa.pt\/en\/wp-json\/wp\/v2\/posts\/158799\/revisions\/158802"}],"wp:featuredmedia":[{"embeddable":true,"href":"https:\/\/diariodalagoa.pt\/en\/wp-json\/wp\/v2\/media\/158800"}],"wp:attachment":[{"href":"https:\/\/diariodalagoa.pt\/en\/wp-json\/wp\/v2\/media?parent=158799"}],"wp:term":[{"taxonomy":"category","embeddable":true,"href":"https:\/\/diariodalagoa.pt\/en\/wp-json\/wp\/v2\/categories?post=158799"},{"taxonomy":"post_tag","embeddable":true,"href":"https:\/\/diariodalagoa.pt\/en\/wp-json\/wp\/v2\/tags?post=158799"}],"curies":[{"name":"wp","href":"https:\/\/api.w.org\/{rel}","templated":true}]}}