{"id":158451,"date":"2025-09-02T11:26:56","date_gmt":"2025-09-02T11:26:56","guid":{"rendered":"https:\/\/diariodalagoa.pt\/?p=158451"},"modified":"2025-09-02T11:26:57","modified_gmt":"2025-09-02T11:26:57","slug":"acores-registam-desemprego-mais-baixo-dos-ultimos-17-anos","status":"publish","type":"post","link":"https:\/\/diariodalagoa.pt\/en\/acores-registam-desemprego-mais-baixo-dos-ultimos-17-anos\/","title":{"rendered":"A\u00e7ores registam desemprego mais baixo dos \u00faltimos 17 anos"},"content":{"rendered":"<figure class=\"wp-block-image size-full\"><img decoding=\"async\" width=\"960\" height=\"720\" src=\"https:\/\/diariodalagoa.pt\/wp-content\/uploads\/2022\/01\/ponta-delgada-rotunda-hotel-vip-dl.jpeg\" alt=\"\" class=\"wp-image-114249\" srcset=\"https:\/\/diariodalagoa.pt\/wp-content\/uploads\/2022\/01\/ponta-delgada-rotunda-hotel-vip-dl.jpeg 960w, https:\/\/diariodalagoa.pt\/wp-content\/uploads\/2022\/01\/ponta-delgada-rotunda-hotel-vip-dl-300x225.jpeg 300w, https:\/\/diariodalagoa.pt\/wp-content\/uploads\/2022\/01\/ponta-delgada-rotunda-hotel-vip-dl-768x576.jpeg 768w, https:\/\/diariodalagoa.pt\/wp-content\/uploads\/2022\/01\/ponta-delgada-rotunda-hotel-vip-dl-16x12.jpeg 16w\" sizes=\"(max-width: 960px) 100vw, 960px\" \/><figcaption class=\"wp-element-caption\"><mark style=\"background-color:rgba(0, 0, 0, 0)\" class=\"has-inline-color has-cyan-bluish-gray-color\"><sup>\u00a9 DL <\/sup><\/mark><\/figcaption><\/figure>\n\n\n<p>No final do m\u00eas de julho estavam registados no Centro de Qualifica\u00e7\u00e3o e Emprego dos A\u00e7ores 3.968 desempregados, o que reflete uma redu\u00e7\u00e3o de 3,9% em rela\u00e7\u00e3o ao m\u00eas anterior (junho) e de 9,1% em rela\u00e7\u00e3o ao m\u00eas hom\u00f3logo (julho de 2025), revela o Instituto do Emprego e Forma\u00e7\u00e3o Profissional (IEFP). Trata-se do valor mais baixo dos \u00faltimos 17 anos garante o Governo regional dos A\u00e7ores.\u00a0<\/p>\n<p>A descida do desemprego nos A\u00e7ores foi mais acentuada do que no conjunto das regi\u00f5es do Pa\u00eds, isto \u00e9, no todo nacional, que n\u00e3o foi al\u00e9m dos 0,2% em rela\u00e7\u00e3o ao m\u00eas anterior e dos 4% em rela\u00e7\u00e3o ao m\u00eas hom\u00f3logo, ainda de acordo com a informa\u00e7\u00e3o mensal do IEFP sobre o &#8220;Mercado de Emprego&#8221;.<\/p>\n<p>Em julho \u00faltimo, os A\u00e7ores registaram a segunda maior redu\u00e7\u00e3o do desemprego em rela\u00e7\u00e3o ao m\u00eas anterior, atr\u00e1s do Algarve, onde a redu\u00e7\u00e3o foi de 5,8%, e ao m\u00eas hom\u00f3logo, atr\u00e1s da Madeira, com uma redu\u00e7\u00e3o de 19,4%, mas com 5.419 desempregados inscritos no servi\u00e7o p\u00fablico de emprego daquela Regi\u00e3o Aut\u00f3noma.<\/p>\n<p>Neste mesmo m\u00eas estavam integrados em programas de inser\u00e7\u00e3o socioprofissional 1.570 desempregados.<\/p>\n<p>Desde novembro de 2008 (3.863 desempregados) que n\u00e3o se registavam n\u00fameros t\u00e3o baixos no desemprego registado nos A\u00e7ores, o que confirma a consolida\u00e7\u00e3o de uma tend\u00eancia de redu\u00e7\u00e3o do desemprego na regi\u00e3o.<\/p>\n<p>Em janeiro de 2021 permaneciam inscritos no servi\u00e7o p\u00fablico de qualifica\u00e7\u00e3o e emprego da Regi\u00e3o Aut\u00f3noma dos A\u00e7ores 7.032 trabalhadores \u00e0 procura de primeiro e novo emprego e 3.811 desempregados integrados em programas de inser\u00e7\u00e3o socioprofissional (programas ocupacionais).<\/p>\n<p>Em termos de ofertas de emprego, no m\u00eas de julho do corrente ano foram registadas 149 ofertas envolvendo 183 postos de trabalho, tendo sido satisfeitas 111 ofertas, esfor\u00e7o que se refletiu na coloca\u00e7\u00e3o de 130 desempregados inscritos no Centro de Qualifica\u00e7\u00e3o e Emprego.<\/p>","protected":false},"excerpt":{"rendered":"<p>A descida do desemprego nos A\u00e7ores foi mais acentuada do que no conjunto das regi\u00f5es do Pa\u00eds, isto \u00e9, no todo nacional.<\/p>","protected":false},"author":2,"featured_media":114249,"comment_status":"open","ping_status":"closed","sticky":false,"template":"","format":"standard","meta":[],"categories":[21],"tags":[31,228,3376],"acf":[],"yoast_head":"<!-- This site is optimized with the Yoast SEO plugin v20.10 - https:\/\/yoast.com\/wordpress\/plugins\/seo\/ -->\n<title>A\u00e7ores registam desemprego mais baixo dos \u00faltimos 17 anos - Di\u00e1rio da Lagoa<\/title>\n<meta name=\"description\" content=\"A descida do desemprego nos A\u00e7ores foi mais acentuada do que no conjunto das regi\u00f5es do Pa\u00eds, isto \u00e9, no todo nacional.\" \/>\n<meta name=\"robots\" content=\"index, follow, max-snippet:-1, max-image-preview:large, max-video-preview:-1\" \/>\n<link rel=\"canonical\" href=\"https:\/\/diariodalagoa.pt\/en\/acores-registam-desemprego-mais-baixo-dos-ultimos-17-anos\/\" \/>\n<meta property=\"og:locale\" content=\"en_US\" \/>\n<meta property=\"og:type\" content=\"article\" \/>\n<meta property=\"og:title\" content=\"A\u00e7ores registam desemprego mais baixo dos \u00faltimos 17 anos - Di\u00e1rio da Lagoa\" \/>\n<meta property=\"og:description\" content=\"A descida do desemprego nos A\u00e7ores foi mais acentuada do que no conjunto das regi\u00f5es do Pa\u00eds, isto \u00e9, no todo nacional.\" \/>\n<meta property=\"og:url\" content=\"https:\/\/diariodalagoa.pt\/en\/acores-registam-desemprego-mais-baixo-dos-ultimos-17-anos\/\" \/>\n<meta property=\"og:site_name\" content=\"Di\u00e1rio da Lagoa\" \/>\n<meta property=\"article:published_time\" content=\"2025-09-02T11:26:56+00:00\" \/>\n<meta property=\"article:modified_time\" content=\"2025-09-02T11:26:57+00:00\" \/>\n<meta property=\"og:image\" content=\"https:\/\/diariodalagoa.pt\/wp-content\/uploads\/2022\/01\/ponta-delgada-rotunda-hotel-vip-dl.jpeg\" \/>\n\t<meta property=\"og:image:width\" content=\"960\" \/>\n\t<meta property=\"og:image:height\" content=\"720\" \/>\n\t<meta property=\"og:image:type\" content=\"image\/jpeg\" \/>\n<meta name=\"author\" content=\"Di\u00e1rio da Lagoa\" \/>\n<meta name=\"twitter:card\" content=\"summary_large_image\" \/>\n<meta name=\"twitter:label1\" content=\"Written by\" \/>\n\t<meta name=\"twitter:data1\" content=\"Di\u00e1rio da Lagoa\" \/>\n\t<meta name=\"twitter:label2\" content=\"Est. reading time\" \/>\n\t<meta name=\"twitter:data2\" content=\"2 minutes\" \/>\n<script type=\"application\/ld+json\" class=\"yoast-schema-graph\">{\"@context\":\"https:\/\/schema.org\",\"@graph\":[{\"@type\":\"WebPage\",\"@id\":\"https:\/\/diariodalagoa.pt\/acores-registam-desemprego-mais-baixo-dos-ultimos-17-anos\/\",\"url\":\"https:\/\/diariodalagoa.pt\/acores-registam-desemprego-mais-baixo-dos-ultimos-17-anos\/\",\"name\":\"A\u00e7ores registam desemprego mais baixo dos \u00faltimos 17 anos - Di\u00e1rio da Lagoa\",\"isPartOf\":{\"@id\":\"https:\/\/diariodalagoa.pt\/#website\"},\"datePublished\":\"2025-09-02T11:26:56+00:00\",\"dateModified\":\"2025-09-02T11:26:57+00:00\",\"author\":{\"@id\":\"https:\/\/diariodalagoa.pt\/#\/schema\/person\/1615a002370e8857b6f972834bc43ece\"},\"description\":\"A descida do desemprego nos A\u00e7ores foi mais acentuada do que no conjunto das regi\u00f5es do Pa\u00eds, isto \u00e9, no todo nacional.\",\"breadcrumb\":{\"@id\":\"https:\/\/diariodalagoa.pt\/acores-registam-desemprego-mais-baixo-dos-ultimos-17-anos\/#breadcrumb\"},\"inLanguage\":\"en-US\",\"potentialAction\":[{\"@type\":\"ReadAction\",\"target\":[\"https:\/\/diariodalagoa.pt\/acores-registam-desemprego-mais-baixo-dos-ultimos-17-anos\/\"]}]},{\"@type\":\"BreadcrumbList\",\"@id\":\"https:\/\/diariodalagoa.pt\/acores-registam-desemprego-mais-baixo-dos-ultimos-17-anos\/#breadcrumb\",\"itemListElement\":[{\"@type\":\"ListItem\",\"position\":1,\"name\":\"In\u00edcio\",\"item\":\"https:\/\/diariodalagoa.pt\/\"},{\"@type\":\"ListItem\",\"position\":2,\"name\":\"A\u00e7ores registam desemprego mais baixo dos \u00faltimos 17 anos\"}]},{\"@type\":\"WebSite\",\"@id\":\"https:\/\/diariodalagoa.pt\/#website\",\"url\":\"https:\/\/diariodalagoa.pt\/\",\"name\":\"Di\u00e1rio da Lagoa\",\"description\":\"Di\u00e1rio da Lagoa. As not\u00edcias que contam. A partir da Lagoa, nos A\u00e7ores, para o mundo.\",\"potentialAction\":[{\"@type\":\"SearchAction\",\"target\":{\"@type\":\"EntryPoint\",\"urlTemplate\":\"https:\/\/diariodalagoa.pt\/?s={search_term_string}\"},\"query-input\":\"required name=search_term_string\"}],\"inLanguage\":\"en-US\"},{\"@type\":\"Person\",\"@id\":\"https:\/\/diariodalagoa.pt\/#\/schema\/person\/1615a002370e8857b6f972834bc43ece\",\"name\":\"Di\u00e1rio da Lagoa\",\"image\":{\"@type\":\"ImageObject\",\"inLanguage\":\"en-US\",\"@id\":\"https:\/\/diariodalagoa.pt\/#\/schema\/person\/image\/\",\"url\":\"https:\/\/secure.gravatar.com\/avatar\/2cb5cef90a26f8fbd4d9d930608102c5?s=96&d=mm&r=g\",\"contentUrl\":\"https:\/\/secure.gravatar.com\/avatar\/2cb5cef90a26f8fbd4d9d930608102c5?s=96&d=mm&r=g\",\"caption\":\"Di\u00e1rio da Lagoa\"},\"url\":\"https:\/\/diariodalagoa.pt\/en\/author\/diariodalagoa\/\"}]}<\/script>\n<!-- \/ Yoast SEO plugin. -->","yoast_head_json":{"title":"A\u00e7ores registam desemprego mais baixo dos \u00faltimos 17 anos - Di\u00e1rio da Lagoa","description":"A descida do desemprego nos A\u00e7ores foi mais acentuada do que no conjunto das regi\u00f5es do Pa\u00eds, isto \u00e9, no todo nacional.","robots":{"index":"index","follow":"follow","max-snippet":"max-snippet:-1","max-image-preview":"max-image-preview:large","max-video-preview":"max-video-preview:-1"},"canonical":"https:\/\/diariodalagoa.pt\/en\/acores-registam-desemprego-mais-baixo-dos-ultimos-17-anos\/","og_locale":"en_US","og_type":"article","og_title":"A\u00e7ores registam desemprego mais baixo dos \u00faltimos 17 anos - Di\u00e1rio da Lagoa","og_description":"A descida do desemprego nos A\u00e7ores foi mais acentuada do que no conjunto das regi\u00f5es do Pa\u00eds, isto \u00e9, no todo nacional.","og_url":"https:\/\/diariodalagoa.pt\/en\/acores-registam-desemprego-mais-baixo-dos-ultimos-17-anos\/","og_site_name":"Di\u00e1rio da Lagoa","article_published_time":"2025-09-02T11:26:56+00:00","article_modified_time":"2025-09-02T11:26:57+00:00","og_image":[{"width":960,"height":720,"url":"https:\/\/diariodalagoa.pt\/wp-content\/uploads\/2022\/01\/ponta-delgada-rotunda-hotel-vip-dl.jpeg","type":"image\/jpeg"}],"author":"Di\u00e1rio da Lagoa","twitter_card":"summary_large_image","twitter_misc":{"Written by":"Di\u00e1rio da Lagoa","Est. reading time":"2 minutes"},"schema":{"@context":"https:\/\/schema.org","@graph":[{"@type":"WebPage","@id":"https:\/\/diariodalagoa.pt\/acores-registam-desemprego-mais-baixo-dos-ultimos-17-anos\/","url":"https:\/\/diariodalagoa.pt\/acores-registam-desemprego-mais-baixo-dos-ultimos-17-anos\/","name":"A\u00e7ores registam desemprego mais baixo dos \u00faltimos 17 anos - Di\u00e1rio da Lagoa","isPartOf":{"@id":"https:\/\/diariodalagoa.pt\/#website"},"datePublished":"2025-09-02T11:26:56+00:00","dateModified":"2025-09-02T11:26:57+00:00","author":{"@id":"https:\/\/diariodalagoa.pt\/#\/schema\/person\/1615a002370e8857b6f972834bc43ece"},"description":"A descida do desemprego nos A\u00e7ores foi mais acentuada do que no conjunto das regi\u00f5es do Pa\u00eds, isto \u00e9, no todo nacional.","breadcrumb":{"@id":"https:\/\/diariodalagoa.pt\/acores-registam-desemprego-mais-baixo-dos-ultimos-17-anos\/#breadcrumb"},"inLanguage":"en-US","potentialAction":[{"@type":"ReadAction","target":["https:\/\/diariodalagoa.pt\/acores-registam-desemprego-mais-baixo-dos-ultimos-17-anos\/"]}]},{"@type":"BreadcrumbList","@id":"https:\/\/diariodalagoa.pt\/acores-registam-desemprego-mais-baixo-dos-ultimos-17-anos\/#breadcrumb","itemListElement":[{"@type":"ListItem","position":1,"name":"In\u00edcio","item":"https:\/\/diariodalagoa.pt\/"},{"@type":"ListItem","position":2,"name":"A\u00e7ores registam desemprego mais baixo dos \u00faltimos 17 anos"}]},{"@type":"WebSite","@id":"https:\/\/diariodalagoa.pt\/#website","url":"https:\/\/diariodalagoa.pt\/","name":"Di\u00e1rio da Lagoa","description":"Di\u00e1rio da Lagoa. As not\u00edcias que contam. A partir da Lagoa, nos A\u00e7ores, para o mundo.","potentialAction":[{"@type":"SearchAction","target":{"@type":"EntryPoint","urlTemplate":"https:\/\/diariodalagoa.pt\/?s={search_term_string}"},"query-input":"required name=search_term_string"}],"inLanguage":"en-US"},{"@type":"Person","@id":"https:\/\/diariodalagoa.pt\/#\/schema\/person\/1615a002370e8857b6f972834bc43ece","name":"Di\u00e1rio da Lagoa","image":{"@type":"ImageObject","inLanguage":"en-US","@id":"https:\/\/diariodalagoa.pt\/#\/schema\/person\/image\/","url":"https:\/\/secure.gravatar.com\/avatar\/2cb5cef90a26f8fbd4d9d930608102c5?s=96&d=mm&r=g","contentUrl":"https:\/\/secure.gravatar.com\/avatar\/2cb5cef90a26f8fbd4d9d930608102c5?s=96&d=mm&r=g","caption":"Di\u00e1rio da Lagoa"},"url":"https:\/\/diariodalagoa.pt\/en\/author\/diariodalagoa\/"}]}},"_links":{"self":[{"href":"https:\/\/diariodalagoa.pt\/en\/wp-json\/wp\/v2\/posts\/158451"}],"collection":[{"href":"https:\/\/diariodalagoa.pt\/en\/wp-json\/wp\/v2\/posts"}],"about":[{"href":"https:\/\/diariodalagoa.pt\/en\/wp-json\/wp\/v2\/types\/post"}],"author":[{"embeddable":true,"href":"https:\/\/diariodalagoa.pt\/en\/wp-json\/wp\/v2\/users\/2"}],"replies":[{"embeddable":true,"href":"https:\/\/diariodalagoa.pt\/en\/wp-json\/wp\/v2\/comments?post=158451"}],"version-history":[{"count":4,"href":"https:\/\/diariodalagoa.pt\/en\/wp-json\/wp\/v2\/posts\/158451\/revisions"}],"predecessor-version":[{"id":158455,"href":"https:\/\/diariodalagoa.pt\/en\/wp-json\/wp\/v2\/posts\/158451\/revisions\/158455"}],"wp:featuredmedia":[{"embeddable":true,"href":"https:\/\/diariodalagoa.pt\/en\/wp-json\/wp\/v2\/media\/114249"}],"wp:attachment":[{"href":"https:\/\/diariodalagoa.pt\/en\/wp-json\/wp\/v2\/media?parent=158451"}],"wp:term":[{"taxonomy":"category","embeddable":true,"href":"https:\/\/diariodalagoa.pt\/en\/wp-json\/wp\/v2\/categories?post=158451"},{"taxonomy":"post_tag","embeddable":true,"href":"https:\/\/diariodalagoa.pt\/en\/wp-json\/wp\/v2\/tags?post=158451"}],"curies":[{"name":"wp","href":"https:\/\/api.w.org\/{rel}","templated":true}]}}