{"id":158113,"date":"2025-08-05T11:20:46","date_gmt":"2025-08-05T11:20:46","guid":{"rendered":"https:\/\/diariodalagoa.pt\/?p=158113"},"modified":"2025-08-05T11:23:05","modified_gmt":"2025-08-05T11:23:05","slug":"adro-da-igreja-de-sao-nicolau-acolhe-lancamento-do-livro-as-novas-lendas-das-sete-cidades","status":"publish","type":"post","link":"https:\/\/diariodalagoa.pt\/en\/adro-da-igreja-de-sao-nicolau-acolhe-lancamento-do-livro-as-novas-lendas-das-sete-cidades\/","title":{"rendered":"Adro da Igreja de S\u00e3o Nicolau acolhe lan\u00e7amento do livro &#8220;As Novas Lendas das Sete Cidades&#8221;"},"content":{"rendered":"<figure class=\"wp-block-image size-full\"><img decoding=\"async\" width=\"960\" height=\"640\" src=\"https:\/\/diariodalagoa.pt\/wp-content\/uploads\/2024\/08\/sete-cidades.jpg\" alt=\"\" class=\"wp-image-140139\" srcset=\"https:\/\/diariodalagoa.pt\/wp-content\/uploads\/2024\/08\/sete-cidades.jpg 960w, https:\/\/diariodalagoa.pt\/wp-content\/uploads\/2024\/08\/sete-cidades-300x200.jpg 300w, https:\/\/diariodalagoa.pt\/wp-content\/uploads\/2024\/08\/sete-cidades-768x512.jpg 768w, https:\/\/diariodalagoa.pt\/wp-content\/uploads\/2024\/08\/sete-cidades-18x12.jpg 18w\" sizes=\"(max-width: 960px) 100vw, 960px\" \/><figcaption class=\"wp-element-caption\"><sup><mark style=\"background-color:rgba(0, 0, 0, 0)\" class=\"has-inline-color has-cyan-bluish-gray-color\">\u00a9 AC\u00c1CIO MATEUS<\/mark><\/sup><\/figcaption><\/figure>\n\n\n<p style=\"text-align: left;\" align=\"JUSTIFY\">A freguesia das Sete Cidades, no concelho de Ponta Delgada, vai receber o lan\u00e7amento do livro \u00abAs Novas Lendas das Sete Cidades\u00bb no pr\u00f3ximo dia 8 de agosto, a partir das 19h30. A apresenta\u00e7\u00e3o da obra ocorrer\u00e1 no adro da Igreja Paroquial de S\u00e3o Nicolau.<\/p>\n<p style=\"text-align: left;\" align=\"JUSTIFY\">O evento conduzido pelos pr\u00f3prios autores, Ana Isabel D&#8217;Arruda, Carolina Cordeiro, Diana Zimbron e pelo mentor do projeto, Pedro Paulo C\u00e2mara, bem como pelo ilustrador Rui Paiva.<\/p>\n<p style=\"text-align: left;\" align=\"JUSTIFY\">De acordo com nota de imprensa enviada ao nosso jornal pelo mentor do projeto, o artista Rui Paiva, ao ilustrar o livro, confere assim \u201cainda mais dinamismo ao texto liter\u00e1rio\u201d.<\/p>\n<p style=\"text-align: left;\" align=\"JUSTIFY\">Esta trata-se de \u201cuma produ\u00e7\u00e3o liter\u00e1ria aguardada que promete encantar leitores de todas as idades com novas hist\u00f3rias inspiradas na m\u00edtica freguesia a\u00e7oriana\u201d.<\/p>\n<p style=\"text-align: left;\" align=\"JUSTIFY\">Editado pela Junta de Freguesia de Sete Cidades, esta nova obra celebra a tradi\u00e7\u00e3o oral, a imagina\u00e7\u00e3o e os valores da comunidade local, oferecendo uma releitura contempor\u00e2nea das hist\u00f3rias e mist\u00e9rios do lugar que faz parte do imagin\u00e1rio a\u00e7oriano.<\/p>\n<p style=\"text-align: left;\" align=\"JUSTIFY\">\u201cFaz-se um convite especial a toda a comunidade e amantes da cultura a\u00e7oriana para participarem neste momento de celebra\u00e7\u00e3o, partilha e encanto\u201d, pode ler-se por fim na nota.<\/p>","protected":false},"excerpt":{"rendered":"<p>Produ\u00e7\u00e3o liter\u00e1ria promete &#8220;encantar leitores de todas as idades&#8221; com novas hist\u00f3rias inspiradas na m\u00edtica freguesia a\u00e7oriana.<\/p>","protected":false},"author":2,"featured_media":140139,"comment_status":"open","ping_status":"closed","sticky":false,"template":"","format":"standard","meta":[],"categories":[21],"tags":[41,162,382,521,1560,3295,3296],"acf":[],"yoast_head":"<!-- This site is optimized with the Yoast SEO plugin v20.10 - https:\/\/yoast.com\/wordpress\/plugins\/seo\/ -->\n<title>Adro da Igreja de S\u00e3o Nicolau acolhe lan\u00e7amento do livro &quot;As Novas Lendas das Sete Cidades&quot; - Di\u00e1rio da Lagoa<\/title>\n<meta name=\"description\" content=\"Produ\u00e7\u00e3o liter\u00e1ria promete &quot;encantar leitores de todas as idades&quot; com novas hist\u00f3rias inspiradas na m\u00edtica freguesia a\u00e7oriana.\" \/>\n<meta name=\"robots\" content=\"index, follow, max-snippet:-1, max-image-preview:large, max-video-preview:-1\" \/>\n<link rel=\"canonical\" href=\"https:\/\/diariodalagoa.pt\/en\/adro-da-igreja-de-sao-nicolau-acolhe-lancamento-do-livro-as-novas-lendas-das-sete-cidades\/\" \/>\n<meta property=\"og:locale\" content=\"en_US\" \/>\n<meta property=\"og:type\" content=\"article\" \/>\n<meta property=\"og:title\" content=\"Adro da Igreja de S\u00e3o Nicolau acolhe lan\u00e7amento do livro &quot;As Novas Lendas das Sete Cidades&quot; - Di\u00e1rio da Lagoa\" \/>\n<meta property=\"og:description\" content=\"Produ\u00e7\u00e3o liter\u00e1ria promete &quot;encantar leitores de todas as idades&quot; com novas hist\u00f3rias inspiradas na m\u00edtica freguesia a\u00e7oriana.\" \/>\n<meta property=\"og:url\" content=\"https:\/\/diariodalagoa.pt\/en\/adro-da-igreja-de-sao-nicolau-acolhe-lancamento-do-livro-as-novas-lendas-das-sete-cidades\/\" \/>\n<meta property=\"og:site_name\" content=\"Di\u00e1rio da Lagoa\" \/>\n<meta property=\"article:published_time\" content=\"2025-08-05T11:20:46+00:00\" \/>\n<meta property=\"article:modified_time\" content=\"2025-08-05T11:23:05+00:00\" \/>\n<meta property=\"og:image\" content=\"https:\/\/diariodalagoa.pt\/wp-content\/uploads\/2024\/08\/sete-cidades.jpg\" \/>\n\t<meta property=\"og:image:width\" content=\"960\" \/>\n\t<meta property=\"og:image:height\" content=\"640\" \/>\n\t<meta property=\"og:image:type\" content=\"image\/jpeg\" \/>\n<meta name=\"author\" content=\"Di\u00e1rio da Lagoa\" \/>\n<meta name=\"twitter:card\" content=\"summary_large_image\" \/>\n<meta name=\"twitter:label1\" content=\"Written by\" \/>\n\t<meta name=\"twitter:data1\" content=\"Di\u00e1rio da Lagoa\" \/>\n\t<meta name=\"twitter:label2\" content=\"Est. reading time\" \/>\n\t<meta name=\"twitter:data2\" content=\"2 minutes\" \/>\n<script type=\"application\/ld+json\" class=\"yoast-schema-graph\">{\"@context\":\"https:\/\/schema.org\",\"@graph\":[{\"@type\":\"WebPage\",\"@id\":\"https:\/\/diariodalagoa.pt\/adro-da-igreja-de-sao-nicolau-acolhe-lancamento-do-livro-as-novas-lendas-das-sete-cidades\/\",\"url\":\"https:\/\/diariodalagoa.pt\/adro-da-igreja-de-sao-nicolau-acolhe-lancamento-do-livro-as-novas-lendas-das-sete-cidades\/\",\"name\":\"Adro da Igreja de S\u00e3o Nicolau acolhe lan\u00e7amento do livro \\\"As Novas Lendas das Sete Cidades\\\" - Di\u00e1rio da Lagoa\",\"isPartOf\":{\"@id\":\"https:\/\/diariodalagoa.pt\/#website\"},\"datePublished\":\"2025-08-05T11:20:46+00:00\",\"dateModified\":\"2025-08-05T11:23:05+00:00\",\"author\":{\"@id\":\"https:\/\/diariodalagoa.pt\/#\/schema\/person\/1615a002370e8857b6f972834bc43ece\"},\"description\":\"Produ\u00e7\u00e3o liter\u00e1ria promete \\\"encantar leitores de todas as idades\\\" com novas hist\u00f3rias inspiradas na m\u00edtica freguesia a\u00e7oriana.\",\"breadcrumb\":{\"@id\":\"https:\/\/diariodalagoa.pt\/adro-da-igreja-de-sao-nicolau-acolhe-lancamento-do-livro-as-novas-lendas-das-sete-cidades\/#breadcrumb\"},\"inLanguage\":\"en-US\",\"potentialAction\":[{\"@type\":\"ReadAction\",\"target\":[\"https:\/\/diariodalagoa.pt\/adro-da-igreja-de-sao-nicolau-acolhe-lancamento-do-livro-as-novas-lendas-das-sete-cidades\/\"]}]},{\"@type\":\"BreadcrumbList\",\"@id\":\"https:\/\/diariodalagoa.pt\/adro-da-igreja-de-sao-nicolau-acolhe-lancamento-do-livro-as-novas-lendas-das-sete-cidades\/#breadcrumb\",\"itemListElement\":[{\"@type\":\"ListItem\",\"position\":1,\"name\":\"In\u00edcio\",\"item\":\"https:\/\/diariodalagoa.pt\/\"},{\"@type\":\"ListItem\",\"position\":2,\"name\":\"Adro da Igreja de S\u00e3o Nicolau acolhe lan\u00e7amento do livro &#8220;As Novas Lendas das Sete Cidades&#8221;\"}]},{\"@type\":\"WebSite\",\"@id\":\"https:\/\/diariodalagoa.pt\/#website\",\"url\":\"https:\/\/diariodalagoa.pt\/\",\"name\":\"Di\u00e1rio da Lagoa\",\"description\":\"Di\u00e1rio da Lagoa. As not\u00edcias que contam. A partir da Lagoa, nos A\u00e7ores, para o mundo.\",\"potentialAction\":[{\"@type\":\"SearchAction\",\"target\":{\"@type\":\"EntryPoint\",\"urlTemplate\":\"https:\/\/diariodalagoa.pt\/?s={search_term_string}\"},\"query-input\":\"required name=search_term_string\"}],\"inLanguage\":\"en-US\"},{\"@type\":\"Person\",\"@id\":\"https:\/\/diariodalagoa.pt\/#\/schema\/person\/1615a002370e8857b6f972834bc43ece\",\"name\":\"Di\u00e1rio da Lagoa\",\"image\":{\"@type\":\"ImageObject\",\"inLanguage\":\"en-US\",\"@id\":\"https:\/\/diariodalagoa.pt\/#\/schema\/person\/image\/\",\"url\":\"https:\/\/secure.gravatar.com\/avatar\/2cb5cef90a26f8fbd4d9d930608102c5?s=96&d=mm&r=g\",\"contentUrl\":\"https:\/\/secure.gravatar.com\/avatar\/2cb5cef90a26f8fbd4d9d930608102c5?s=96&d=mm&r=g\",\"caption\":\"Di\u00e1rio da Lagoa\"},\"url\":\"https:\/\/diariodalagoa.pt\/en\/author\/diariodalagoa\/\"}]}<\/script>\n<!-- \/ Yoast SEO plugin. -->","yoast_head_json":{"title":"Adro da Igreja de S\u00e3o Nicolau acolhe lan\u00e7amento do livro \"As Novas Lendas das Sete Cidades\" - Di\u00e1rio da Lagoa","description":"Produ\u00e7\u00e3o liter\u00e1ria promete \"encantar leitores de todas as idades\" com novas hist\u00f3rias inspiradas na m\u00edtica freguesia a\u00e7oriana.","robots":{"index":"index","follow":"follow","max-snippet":"max-snippet:-1","max-image-preview":"max-image-preview:large","max-video-preview":"max-video-preview:-1"},"canonical":"https:\/\/diariodalagoa.pt\/en\/adro-da-igreja-de-sao-nicolau-acolhe-lancamento-do-livro-as-novas-lendas-das-sete-cidades\/","og_locale":"en_US","og_type":"article","og_title":"Adro da Igreja de S\u00e3o Nicolau acolhe lan\u00e7amento do livro \"As Novas Lendas das Sete Cidades\" - Di\u00e1rio da Lagoa","og_description":"Produ\u00e7\u00e3o liter\u00e1ria promete \"encantar leitores de todas as idades\" com novas hist\u00f3rias inspiradas na m\u00edtica freguesia a\u00e7oriana.","og_url":"https:\/\/diariodalagoa.pt\/en\/adro-da-igreja-de-sao-nicolau-acolhe-lancamento-do-livro-as-novas-lendas-das-sete-cidades\/","og_site_name":"Di\u00e1rio da Lagoa","article_published_time":"2025-08-05T11:20:46+00:00","article_modified_time":"2025-08-05T11:23:05+00:00","og_image":[{"width":960,"height":640,"url":"https:\/\/diariodalagoa.pt\/wp-content\/uploads\/2024\/08\/sete-cidades.jpg","type":"image\/jpeg"}],"author":"Di\u00e1rio da Lagoa","twitter_card":"summary_large_image","twitter_misc":{"Written by":"Di\u00e1rio da Lagoa","Est. reading time":"2 minutes"},"schema":{"@context":"https:\/\/schema.org","@graph":[{"@type":"WebPage","@id":"https:\/\/diariodalagoa.pt\/adro-da-igreja-de-sao-nicolau-acolhe-lancamento-do-livro-as-novas-lendas-das-sete-cidades\/","url":"https:\/\/diariodalagoa.pt\/adro-da-igreja-de-sao-nicolau-acolhe-lancamento-do-livro-as-novas-lendas-das-sete-cidades\/","name":"Adro da Igreja de S\u00e3o Nicolau acolhe lan\u00e7amento do livro \"As Novas Lendas das Sete Cidades\" - Di\u00e1rio da Lagoa","isPartOf":{"@id":"https:\/\/diariodalagoa.pt\/#website"},"datePublished":"2025-08-05T11:20:46+00:00","dateModified":"2025-08-05T11:23:05+00:00","author":{"@id":"https:\/\/diariodalagoa.pt\/#\/schema\/person\/1615a002370e8857b6f972834bc43ece"},"description":"Produ\u00e7\u00e3o liter\u00e1ria promete \"encantar leitores de todas as idades\" com novas hist\u00f3rias inspiradas na m\u00edtica freguesia a\u00e7oriana.","breadcrumb":{"@id":"https:\/\/diariodalagoa.pt\/adro-da-igreja-de-sao-nicolau-acolhe-lancamento-do-livro-as-novas-lendas-das-sete-cidades\/#breadcrumb"},"inLanguage":"en-US","potentialAction":[{"@type":"ReadAction","target":["https:\/\/diariodalagoa.pt\/adro-da-igreja-de-sao-nicolau-acolhe-lancamento-do-livro-as-novas-lendas-das-sete-cidades\/"]}]},{"@type":"BreadcrumbList","@id":"https:\/\/diariodalagoa.pt\/adro-da-igreja-de-sao-nicolau-acolhe-lancamento-do-livro-as-novas-lendas-das-sete-cidades\/#breadcrumb","itemListElement":[{"@type":"ListItem","position":1,"name":"In\u00edcio","item":"https:\/\/diariodalagoa.pt\/"},{"@type":"ListItem","position":2,"name":"Adro da Igreja de S\u00e3o Nicolau acolhe lan\u00e7amento do livro &#8220;As Novas Lendas das Sete Cidades&#8221;"}]},{"@type":"WebSite","@id":"https:\/\/diariodalagoa.pt\/#website","url":"https:\/\/diariodalagoa.pt\/","name":"Di\u00e1rio da Lagoa","description":"Di\u00e1rio da Lagoa. As not\u00edcias que contam. A partir da Lagoa, nos A\u00e7ores, para o mundo.","potentialAction":[{"@type":"SearchAction","target":{"@type":"EntryPoint","urlTemplate":"https:\/\/diariodalagoa.pt\/?s={search_term_string}"},"query-input":"required name=search_term_string"}],"inLanguage":"en-US"},{"@type":"Person","@id":"https:\/\/diariodalagoa.pt\/#\/schema\/person\/1615a002370e8857b6f972834bc43ece","name":"Di\u00e1rio da Lagoa","image":{"@type":"ImageObject","inLanguage":"en-US","@id":"https:\/\/diariodalagoa.pt\/#\/schema\/person\/image\/","url":"https:\/\/secure.gravatar.com\/avatar\/2cb5cef90a26f8fbd4d9d930608102c5?s=96&d=mm&r=g","contentUrl":"https:\/\/secure.gravatar.com\/avatar\/2cb5cef90a26f8fbd4d9d930608102c5?s=96&d=mm&r=g","caption":"Di\u00e1rio da Lagoa"},"url":"https:\/\/diariodalagoa.pt\/en\/author\/diariodalagoa\/"}]}},"_links":{"self":[{"href":"https:\/\/diariodalagoa.pt\/en\/wp-json\/wp\/v2\/posts\/158113"}],"collection":[{"href":"https:\/\/diariodalagoa.pt\/en\/wp-json\/wp\/v2\/posts"}],"about":[{"href":"https:\/\/diariodalagoa.pt\/en\/wp-json\/wp\/v2\/types\/post"}],"author":[{"embeddable":true,"href":"https:\/\/diariodalagoa.pt\/en\/wp-json\/wp\/v2\/users\/2"}],"replies":[{"embeddable":true,"href":"https:\/\/diariodalagoa.pt\/en\/wp-json\/wp\/v2\/comments?post=158113"}],"version-history":[{"count":3,"href":"https:\/\/diariodalagoa.pt\/en\/wp-json\/wp\/v2\/posts\/158113\/revisions"}],"predecessor-version":[{"id":158116,"href":"https:\/\/diariodalagoa.pt\/en\/wp-json\/wp\/v2\/posts\/158113\/revisions\/158116"}],"wp:featuredmedia":[{"embeddable":true,"href":"https:\/\/diariodalagoa.pt\/en\/wp-json\/wp\/v2\/media\/140139"}],"wp:attachment":[{"href":"https:\/\/diariodalagoa.pt\/en\/wp-json\/wp\/v2\/media?parent=158113"}],"wp:term":[{"taxonomy":"category","embeddable":true,"href":"https:\/\/diariodalagoa.pt\/en\/wp-json\/wp\/v2\/categories?post=158113"},{"taxonomy":"post_tag","embeddable":true,"href":"https:\/\/diariodalagoa.pt\/en\/wp-json\/wp\/v2\/tags?post=158113"}],"curies":[{"name":"wp","href":"https:\/\/api.w.org\/{rel}","templated":true}]}}