{"id":158027,"date":"2025-07-29T12:10:12","date_gmt":"2025-07-29T12:10:12","guid":{"rendered":"https:\/\/diariodalagoa.pt\/?p=158027"},"modified":"2025-09-27T21:49:51","modified_gmt":"2025-09-27T21:49:51","slug":"havento","status":"publish","type":"post","link":"https:\/\/diariodalagoa.pt\/en\/havento\/","title":{"rendered":"(H\u00e1)Vento"},"content":{"rendered":"<div class=\"wp-block-image is-style-rounded\">\n<figure class=\"aligncenter size-full is-resized\"><img decoding=\"async\" src=\"https:\/\/diariodalagoa.pt\/wp-content\/uploads\/2024\/11\/beatriz-moreira-silva-1.jpg\" alt=\"\" class=\"wp-image-157657\" width=\"382\" height=\"382\" srcset=\"https:\/\/diariodalagoa.pt\/wp-content\/uploads\/2024\/11\/beatriz-moreira-silva-1.jpg 960w, https:\/\/diariodalagoa.pt\/wp-content\/uploads\/2024\/11\/beatriz-moreira-silva-1-300x300.jpg 300w, https:\/\/diariodalagoa.pt\/wp-content\/uploads\/2024\/11\/beatriz-moreira-silva-1-150x150.jpg 150w, https:\/\/diariodalagoa.pt\/wp-content\/uploads\/2024\/11\/beatriz-moreira-silva-1-768x768.jpg 768w, https:\/\/diariodalagoa.pt\/wp-content\/uploads\/2024\/11\/beatriz-moreira-silva-1-12x12.jpg 12w\" sizes=\"(max-width: 382px) 100vw, 382px\" \/><\/figure><\/div>\n\n\n<div style=\"height:25px\" aria-hidden=\"true\" class=\"wp-block-spacer\"><\/div>\n\n\n<p style=\"text-align: center;\"><strong>Beatriz Moreira da Silva<\/strong><\/p>\n\n\n<div style=\"height:25px\" aria-hidden=\"true\" class=\"wp-block-spacer\"><\/div>\n\n\n<p style=\"text-align: center;\">Quando vem o vento,<br \/>colmatados na luta da mais valia de quem derruba primeiro;<br \/>Se medir for\u00e7as com o vento \u00e9 ofegante como gente,<br \/>padecer de opini\u00e3o alheia \u00e9 esganar um ego.<\/p>\n<p style=\"text-align: center;\">Outrora falando com o vento,<br \/>na leveza de se saber ser sem parecer,<br \/>\u00e1gil na subtileza do qu\u00e3o gratificante \u00e9 se conhecer;<br \/>Saber se abra\u00e7ar e se sentir,<br \/>na for\u00e7a interna que nenhum vento embala mas acalma.<\/p>\n<p style=\"text-align: center;\">Ser na singularidade das coisas banais,<br \/>que o vento sustenta, acalenta e aumenta;<br \/>Como se a culpa do vento se tratasse,<br \/>ao inv\u00e9s d&#8217;firmeza d&#8217;que se \u00e9 por mais tornados que se entoasse.<\/p>\n<p style=\"text-align: center;\">O vento nunca vai a julgamento, quando se dan\u00e7a a mesma valsa que em n\u00f3s j\u00e1 \u00e9 samba.<\/p>","protected":false},"excerpt":{"rendered":"<p>Beatriz Moreira da Silva escreve esta ter\u00e7a-feira na linguagem com que se identifica, sobre a &#8220;leveza de se saber ser sem parecer&#8221;.<\/p>","protected":false},"author":2,"featured_media":157661,"comment_status":"open","ping_status":"closed","sticky":false,"template":"","format":"standard","meta":[],"categories":[11],"tags":[131,756,2435],"acf":[],"yoast_head":"<!-- This site is optimized with the Yoast SEO plugin v20.10 - https:\/\/yoast.com\/wordpress\/plugins\/seo\/ -->\n<title>(H\u00e1)Vento - Di\u00e1rio da Lagoa<\/title>\n<meta name=\"description\" content=\"Beatriz Moreira da Silva escreve esta ter\u00e7a-feira na linguagem com que se identifica, sobre a &quot;leveza de se saber ser sem parecer&quot;.\" \/>\n<meta name=\"robots\" content=\"index, follow, max-snippet:-1, max-image-preview:large, max-video-preview:-1\" \/>\n<link rel=\"canonical\" href=\"https:\/\/diariodalagoa.pt\/en\/havento\/\" \/>\n<meta property=\"og:locale\" content=\"en_US\" \/>\n<meta property=\"og:type\" content=\"article\" \/>\n<meta property=\"og:title\" content=\"(H\u00e1)Vento - Di\u00e1rio da Lagoa\" \/>\n<meta property=\"og:description\" content=\"Beatriz Moreira da Silva escreve esta ter\u00e7a-feira na linguagem com que se identifica, sobre a &quot;leveza de se saber ser sem parecer&quot;.\" \/>\n<meta property=\"og:url\" content=\"https:\/\/diariodalagoa.pt\/en\/havento\/\" \/>\n<meta property=\"og:site_name\" content=\"Di\u00e1rio da Lagoa\" \/>\n<meta property=\"article:published_time\" content=\"2025-07-29T12:10:12+00:00\" \/>\n<meta property=\"article:modified_time\" content=\"2025-09-27T21:49:51+00:00\" \/>\n<meta property=\"og:image\" content=\"https:\/\/diariodalagoa.pt\/wp-content\/uploads\/2025\/05\/beatriz-moreira-da-silva-2.jpg\" \/>\n\t<meta property=\"og:image:width\" content=\"960\" \/>\n\t<meta property=\"og:image:height\" content=\"640\" \/>\n\t<meta property=\"og:image:type\" content=\"image\/jpeg\" \/>\n<meta name=\"author\" content=\"Di\u00e1rio da Lagoa\" \/>\n<meta name=\"twitter:card\" content=\"summary_large_image\" \/>\n<meta name=\"twitter:label1\" content=\"Written by\" \/>\n\t<meta name=\"twitter:data1\" content=\"Di\u00e1rio da Lagoa\" \/>\n\t<meta name=\"twitter:label2\" content=\"Est. reading time\" \/>\n\t<meta name=\"twitter:data2\" content=\"1 minute\" \/>\n<script type=\"application\/ld+json\" class=\"yoast-schema-graph\">{\"@context\":\"https:\/\/schema.org\",\"@graph\":[{\"@type\":\"WebPage\",\"@id\":\"https:\/\/diariodalagoa.pt\/havento\/\",\"url\":\"https:\/\/diariodalagoa.pt\/havento\/\",\"name\":\"(H\u00e1)Vento - Di\u00e1rio da Lagoa\",\"isPartOf\":{\"@id\":\"https:\/\/diariodalagoa.pt\/#website\"},\"datePublished\":\"2025-07-29T12:10:12+00:00\",\"dateModified\":\"2025-09-27T21:49:51+00:00\",\"author\":{\"@id\":\"https:\/\/diariodalagoa.pt\/#\/schema\/person\/1615a002370e8857b6f972834bc43ece\"},\"description\":\"Beatriz Moreira da Silva escreve esta ter\u00e7a-feira na linguagem com que se identifica, sobre a \\\"leveza de se saber ser sem parecer\\\".\",\"breadcrumb\":{\"@id\":\"https:\/\/diariodalagoa.pt\/havento\/#breadcrumb\"},\"inLanguage\":\"en-US\",\"potentialAction\":[{\"@type\":\"ReadAction\",\"target\":[\"https:\/\/diariodalagoa.pt\/havento\/\"]}]},{\"@type\":\"BreadcrumbList\",\"@id\":\"https:\/\/diariodalagoa.pt\/havento\/#breadcrumb\",\"itemListElement\":[{\"@type\":\"ListItem\",\"position\":1,\"name\":\"In\u00edcio\",\"item\":\"https:\/\/diariodalagoa.pt\/\"},{\"@type\":\"ListItem\",\"position\":2,\"name\":\"(H\u00e1)Vento\"}]},{\"@type\":\"WebSite\",\"@id\":\"https:\/\/diariodalagoa.pt\/#website\",\"url\":\"https:\/\/diariodalagoa.pt\/\",\"name\":\"Di\u00e1rio da Lagoa\",\"description\":\"Di\u00e1rio da Lagoa. As not\u00edcias que contam. A partir da Lagoa, nos A\u00e7ores, para o mundo.\",\"potentialAction\":[{\"@type\":\"SearchAction\",\"target\":{\"@type\":\"EntryPoint\",\"urlTemplate\":\"https:\/\/diariodalagoa.pt\/?s={search_term_string}\"},\"query-input\":\"required name=search_term_string\"}],\"inLanguage\":\"en-US\"},{\"@type\":\"Person\",\"@id\":\"https:\/\/diariodalagoa.pt\/#\/schema\/person\/1615a002370e8857b6f972834bc43ece\",\"name\":\"Di\u00e1rio da Lagoa\",\"image\":{\"@type\":\"ImageObject\",\"inLanguage\":\"en-US\",\"@id\":\"https:\/\/diariodalagoa.pt\/#\/schema\/person\/image\/\",\"url\":\"https:\/\/secure.gravatar.com\/avatar\/2cb5cef90a26f8fbd4d9d930608102c5?s=96&d=mm&r=g\",\"contentUrl\":\"https:\/\/secure.gravatar.com\/avatar\/2cb5cef90a26f8fbd4d9d930608102c5?s=96&d=mm&r=g\",\"caption\":\"Di\u00e1rio da Lagoa\"},\"url\":\"https:\/\/diariodalagoa.pt\/en\/author\/diariodalagoa\/\"}]}<\/script>\n<!-- \/ Yoast SEO plugin. -->","yoast_head_json":{"title":"(H\u00e1)Vento - Di\u00e1rio da Lagoa","description":"Beatriz Moreira da Silva escreve esta ter\u00e7a-feira na linguagem com que se identifica, sobre a \"leveza de se saber ser sem parecer\".","robots":{"index":"index","follow":"follow","max-snippet":"max-snippet:-1","max-image-preview":"max-image-preview:large","max-video-preview":"max-video-preview:-1"},"canonical":"https:\/\/diariodalagoa.pt\/en\/havento\/","og_locale":"en_US","og_type":"article","og_title":"(H\u00e1)Vento - Di\u00e1rio da Lagoa","og_description":"Beatriz Moreira da Silva escreve esta ter\u00e7a-feira na linguagem com que se identifica, sobre a \"leveza de se saber ser sem parecer\".","og_url":"https:\/\/diariodalagoa.pt\/en\/havento\/","og_site_name":"Di\u00e1rio da Lagoa","article_published_time":"2025-07-29T12:10:12+00:00","article_modified_time":"2025-09-27T21:49:51+00:00","og_image":[{"width":960,"height":640,"url":"https:\/\/diariodalagoa.pt\/wp-content\/uploads\/2025\/05\/beatriz-moreira-da-silva-2.jpg","type":"image\/jpeg"}],"author":"Di\u00e1rio da Lagoa","twitter_card":"summary_large_image","twitter_misc":{"Written by":"Di\u00e1rio da Lagoa","Est. reading time":"1 minute"},"schema":{"@context":"https:\/\/schema.org","@graph":[{"@type":"WebPage","@id":"https:\/\/diariodalagoa.pt\/havento\/","url":"https:\/\/diariodalagoa.pt\/havento\/","name":"(H\u00e1)Vento - Di\u00e1rio da Lagoa","isPartOf":{"@id":"https:\/\/diariodalagoa.pt\/#website"},"datePublished":"2025-07-29T12:10:12+00:00","dateModified":"2025-09-27T21:49:51+00:00","author":{"@id":"https:\/\/diariodalagoa.pt\/#\/schema\/person\/1615a002370e8857b6f972834bc43ece"},"description":"Beatriz Moreira da Silva escreve esta ter\u00e7a-feira na linguagem com que se identifica, sobre a \"leveza de se saber ser sem parecer\".","breadcrumb":{"@id":"https:\/\/diariodalagoa.pt\/havento\/#breadcrumb"},"inLanguage":"en-US","potentialAction":[{"@type":"ReadAction","target":["https:\/\/diariodalagoa.pt\/havento\/"]}]},{"@type":"BreadcrumbList","@id":"https:\/\/diariodalagoa.pt\/havento\/#breadcrumb","itemListElement":[{"@type":"ListItem","position":1,"name":"In\u00edcio","item":"https:\/\/diariodalagoa.pt\/"},{"@type":"ListItem","position":2,"name":"(H\u00e1)Vento"}]},{"@type":"WebSite","@id":"https:\/\/diariodalagoa.pt\/#website","url":"https:\/\/diariodalagoa.pt\/","name":"Di\u00e1rio da Lagoa","description":"Di\u00e1rio da Lagoa. As not\u00edcias que contam. A partir da Lagoa, nos A\u00e7ores, para o mundo.","potentialAction":[{"@type":"SearchAction","target":{"@type":"EntryPoint","urlTemplate":"https:\/\/diariodalagoa.pt\/?s={search_term_string}"},"query-input":"required name=search_term_string"}],"inLanguage":"en-US"},{"@type":"Person","@id":"https:\/\/diariodalagoa.pt\/#\/schema\/person\/1615a002370e8857b6f972834bc43ece","name":"Di\u00e1rio da Lagoa","image":{"@type":"ImageObject","inLanguage":"en-US","@id":"https:\/\/diariodalagoa.pt\/#\/schema\/person\/image\/","url":"https:\/\/secure.gravatar.com\/avatar\/2cb5cef90a26f8fbd4d9d930608102c5?s=96&d=mm&r=g","contentUrl":"https:\/\/secure.gravatar.com\/avatar\/2cb5cef90a26f8fbd4d9d930608102c5?s=96&d=mm&r=g","caption":"Di\u00e1rio da Lagoa"},"url":"https:\/\/diariodalagoa.pt\/en\/author\/diariodalagoa\/"}]}},"_links":{"self":[{"href":"https:\/\/diariodalagoa.pt\/en\/wp-json\/wp\/v2\/posts\/158027"}],"collection":[{"href":"https:\/\/diariodalagoa.pt\/en\/wp-json\/wp\/v2\/posts"}],"about":[{"href":"https:\/\/diariodalagoa.pt\/en\/wp-json\/wp\/v2\/types\/post"}],"author":[{"embeddable":true,"href":"https:\/\/diariodalagoa.pt\/en\/wp-json\/wp\/v2\/users\/2"}],"replies":[{"embeddable":true,"href":"https:\/\/diariodalagoa.pt\/en\/wp-json\/wp\/v2\/comments?post=158027"}],"version-history":[{"count":4,"href":"https:\/\/diariodalagoa.pt\/en\/wp-json\/wp\/v2\/posts\/158027\/revisions"}],"predecessor-version":[{"id":158038,"href":"https:\/\/diariodalagoa.pt\/en\/wp-json\/wp\/v2\/posts\/158027\/revisions\/158038"}],"wp:featuredmedia":[{"embeddable":true,"href":"https:\/\/diariodalagoa.pt\/en\/wp-json\/wp\/v2\/media\/157661"}],"wp:attachment":[{"href":"https:\/\/diariodalagoa.pt\/en\/wp-json\/wp\/v2\/media?parent=158027"}],"wp:term":[{"taxonomy":"category","embeddable":true,"href":"https:\/\/diariodalagoa.pt\/en\/wp-json\/wp\/v2\/categories?post=158027"},{"taxonomy":"post_tag","embeddable":true,"href":"https:\/\/diariodalagoa.pt\/en\/wp-json\/wp\/v2\/tags?post=158027"}],"curies":[{"name":"wp","href":"https:\/\/api.w.org\/{rel}","templated":true}]}}