{"id":157888,"date":"2025-07-21T12:09:09","date_gmt":"2025-07-21T12:09:09","guid":{"rendered":"https:\/\/diariodalagoa.pt\/?p=157888"},"modified":"2025-07-21T12:09:11","modified_gmt":"2025-07-21T12:09:11","slug":"habituem-se","status":"publish","type":"post","link":"https:\/\/diariodalagoa.pt\/en\/habituem-se\/","title":{"rendered":"Habituem-se"},"content":{"rendered":"<div class=\"wp-block-image is-style-rounded\">\n<figure class=\"aligncenter size-full is-resized\"><img decoding=\"async\" src=\"https:\/\/diariodalagoa.pt\/wp-content\/uploads\/2024\/10\/alexandra-manes-2-2024.png\" alt=\"\" class=\"wp-image-142374\" width=\"442\" height=\"439\" srcset=\"https:\/\/diariodalagoa.pt\/wp-content\/uploads\/2024\/10\/alexandra-manes-2-2024.png 474w, https:\/\/diariodalagoa.pt\/wp-content\/uploads\/2024\/10\/alexandra-manes-2-2024-300x298.png 300w, https:\/\/diariodalagoa.pt\/wp-content\/uploads\/2024\/10\/alexandra-manes-2-2024-150x150.png 150w, https:\/\/diariodalagoa.pt\/wp-content\/uploads\/2024\/10\/alexandra-manes-2-2024-12x12.png 12w\" sizes=\"(max-width: 442px) 100vw, 442px\" \/><\/figure><\/div>\n\n\n<div style=\"height:25px\" aria-hidden=\"true\" class=\"wp-block-spacer\"><\/div>\n\n\n<p style=\"text-align: center;\"><strong>Alexandra Manes<\/strong><\/p>\n\n\n<div style=\"height:25px\" aria-hidden=\"true\" class=\"wp-block-spacer\"><\/div>\n\n\n<p style=\"text-align: left;\" align=\"JUSTIFY\"><span lang=\"en-GB\">Na altura, em dois mil e vinte e troca o passo, a Vis\u00e3o fez uma capa com Ant\u00f3nio Costa, citando uma suposta resposta do ent\u00e3o primeiro-ministro, numa entrevista sobre a continuidade do seu governo de maioria absoluta. Se eu n\u00e3o tivesse passado l\u00e1 j\u00e1 depois disso, acreditaria que tinha ca\u00eddo o Carmo e a Trindade, pela intensidade da resposta da oposi\u00e7\u00e3o da \u00e9poca. Ainda hoje, uma pesquisa r\u00e1pida no Google revela-nos a posi\u00e7\u00e3o espumada do CDS-PP e do PSD, cujos l\u00edderes n\u00e3o mudaram. Escusado ser\u00e1 dizer qual a postura irracional dos populistas liberais ou dos salazaristas. A indigna\u00e7\u00e3o foi abomin\u00e1vel. Pelo pa\u00eds fora correram rios de tinta em jornais. Os gritos de acusa\u00e7\u00e3o de estrangulamento por parte da ditadura socialista ecoaram nas esquinas e avenidas do nosso calhau plantado junto ao Atl\u00e2ntico. E Portugal tremeu.<\/span><\/p>\n<p style=\"text-align: left;\" align=\"JUSTIFY\"><span lang=\"en-GB\">Ant\u00f3nio Costa foi derrubado antes do final do seu mandato. Os motivos, verdadeiros ou falsos, que levaram a esse acontecimento s\u00e3o bem conhecidos. N\u00e3o vou perder tempo a discutir a validade da investiga\u00e7\u00e3o. Ningu\u00e9m quer saber disso, hoje em dia. Verdade seja dita, o resultado foi bastante positivo para o antigo primeiro-ministro, a n\u00edvel pessoal, e para a oposi\u00e7\u00e3o de direita extremada e de extrema direita, a n\u00edvel pol\u00edtico. O resto, j\u00e1 n\u00e3o parece interessar. <\/span><\/p>\n<p style=\"text-align: left;\" align=\"JUSTIFY\"><span lang=\"en-GB\">Entretanto, Montenegro foi eleito, sem maioria, por duas vezes, espelhando um pa\u00eds que n\u00e3o sabe o que quer, e refor\u00e7ando o peso dos mal informados e da absten\u00e7\u00e3o. Os principais atores pol\u00edticos daquela bancada direita s\u00e3o os mesmos, se descontarmos os que saltaram do PPM, do PSD e principalmente do CDS para as bancadas dos salazarentos. Quem se sentava indignado contra Costa, em 2022, era Nuno Melo e Hugo Soares. Os mesmos que, h\u00e1 uns dias atr\u00e1s, assinaram acordos de fraqu\u00edssima veleidade constitucional para destruir toda a base de legisla\u00e7\u00e3o portuguesa referente \u00e0 boa integra\u00e7\u00e3o dos povos que nos visitam. Assinaram com os supostos advers\u00e1rios, claro est\u00e1. <\/span><\/p>\n<p style=\"text-align: left;\" align=\"JUSTIFY\"><span lang=\"en-GB\">Foi num acordo de pessoas que precisam de conferir no dicion\u00e1rio o que \u00e9 um cavalheiro, que se instalou a nova legisla\u00e7\u00e3o sobre imigra\u00e7\u00e3o e nacionalidade. A cria\u00e7\u00e3o de uma esp\u00e9cie de ICE \u00e0 portuguesa, pol\u00edcia pol\u00edtica que vai servir para acolher no seu seio os elementos extremados dos movimentos neonazis, \u00e9 apenas o come\u00e7o da trumpiza\u00e7\u00e3o nacional. Montenegro sorriu. Nuno Melo inchou. Hugo Soares virou-se para a bancada do PS e ter\u00e1 gritado: \u201chabituem-se\u201d. Soa familiar, n\u00e3o \u00e9?<\/span><\/p>\n<p style=\"text-align: left;\" align=\"JUSTIFY\"><span lang=\"en-GB\">S\u00f3 que desta vez n\u00e3o h\u00e1 indigna\u00e7\u00e3o. Poucas s\u00e3o as vozes, a n\u00e3o ser as ditas elites pensantes, que vieram para a rua fazer tremer Portugal. A comunica\u00e7\u00e3o social apagou o caso, remetendo-o para uma par\u00f3dia referente a Ant\u00f3nio Vitorino, com mais de vinte anos, quanto toda a gente sabe que era sobre Costa que eles falavam. Agora n\u00e3o interessa pegar na impunidade da classe governante nem na soberba da maioria instalada. Agora, conta mais fazer de conta que o problema principal do pa\u00eds \u00e9 o imigrante e os pap\u00e9is que ele precisa de assinar para ser legal. Nunca \u00e9 de mais refor\u00e7ar a import\u00e2ncia que a nossa classe de jornalistas est\u00e1 a ter na ascens\u00e3o do novo fascismo. <\/span><\/p>\n<p style=\"text-align: left;\" align=\"JUSTIFY\"><span lang=\"en-GB\">Confesso-vos que esperei alguma indigna\u00e7\u00e3o. Talvez at\u00e9 um movimento de raiz a come\u00e7ar nas pr\u00f3prias bases sociais-democratas, contra tamanha arrog\u00e2ncia de Soares e Montenegro, que depois de anos a venderem o \u201cn\u00e3o\u201d para manter preso o voto moderado, foram direitinhos ao \u201csim\u201d, assim que se viram no conforto do poleiro. Esperei ainda por uma enchente da esquerda, manifestando-se rua abaixo e rua acima, contra este verdadeiro atentado aos direitos dos portugueses e \u00e0 nossa tradi\u00e7\u00e3o de saber integrar e valorizar quem se junta \u00e0 nossa portugalidade. <\/span><\/p>\n<p style=\"text-align: left;\" align=\"JUSTIFY\"><span lang=\"en-GB\">Nada. O pa\u00eds est\u00e1 adormecido. Tem medo. Toda a gente tem um vizinho que \u00e9 do tal partido. E se falar muito alto, ainda corre o risco de ir para a lista. Os partidos da oposi\u00e7\u00e3o est\u00e3o atolados. Mo\u00e7\u00f5es de confian\u00e7a interna sem sentido. Viragens ao centro, sem trav\u00e3o de m\u00e3o, que s\u00f3 acabar\u00e1 na direita. Crescimentos t\u00e9nues que correm o risco de desmoronar por falta de coes\u00e3o. E um pilar antigo, esvaziado, que permanece imut\u00e1vel, mesmo quando o mundo segue em frente. N\u00e3o h\u00e1 maneira de combater isto? Estaremos destinados a cair ainda mais fundo?<\/span><\/p>\n<p style=\"text-align: left;\" align=\"JUSTIFY\"><span lang=\"en-GB\">No fim de semana de 12 e 13 de julho, entrou em cena um grupo de neonazis, devidamente armado, para instaurar o caos em Espanha. Nas ruas de Torre Pacheco, zona de M\u00farcia, os meliantes perseguiram sistematicamente uma comunidade inteira de pessoas que falavam uma l\u00edngua diferente, alegando defender a soberania do seu Estado. Para al\u00e9m do rid\u00edculo de se ser nacionalista num pa\u00eds t\u00e3o partido aos bocados como \u00e9 o caso de Espanha, a situa\u00e7\u00e3o ganha particular gravidade quando se passa de um exemplo para todos. Alegadamente, falou-se em viol\u00eancia de um grupo de imigrantes contra um cidad\u00e3o espanhol que j\u00e1 veio a p\u00fablico lamentar o aproveitamento, por parte da extrema-direita, a solu\u00e7\u00e3o tem que passar pelas autoridades locais e pela aplica\u00e7\u00e3o da lei por igual. N\u00e3o por um grupo de racistas de cara tapada. Mas agora vale tudo, n\u00e3o \u00e9?<\/span><\/p>\n<p style=\"text-align: left;\" align=\"JUSTIFY\"><span lang=\"en-GB\">Essa gente n\u00e3o se recordar\u00e1 da hist\u00f3ria que nunca leu. Ditadores do s\u00e9culo passado contaram com grupos deste g\u00e9nero para espalhar a disc\u00f3rdia, dividindo para reinar. Depois, tornam-se inc\u00f3modos. Porque s\u00e3o, na sua maioria, profundamente limitados a n\u00edvel emp\u00e1tico e intelectual. Por isso, acabam saneados, com facas longas espetadas nas suas brancas barrigas inchadas pela su\u00e1stica. Um dia, os que correram em Espanha, nos Estados Unidos e em muitos outros lugares do mundo, v\u00e3o acabar assim. Na valeta, esquecidos por quem quiseram idolatrar. <\/span><\/p>\n<p style=\"text-align: left;\" align=\"JUSTIFY\"><span lang=\"en-GB\">E n\u00f3s, que agora demos mais um passo na dire\u00e7\u00e3o de Trump, ser\u00e1 que vamos ser mais salazaristas que Salazar? A coliga\u00e7\u00e3o de Melo e Montenegro assumiu-se, finalmente, sem pudor. Foi um grande linguado no cora\u00e7\u00e3o da assembleia e da democracia, com todo o afeto que se esperava entre bancadas irm\u00e3s. Passamos a ser vergonha internacional, ao n\u00edvel da nacionalidade e do acolhimento. Enterraram os brandos costumes. Agora, que Portugal j\u00e1 n\u00e3o tem tempo para ser meigo, o que \u00e9 que acontece? Vamos para a rua, ou v\u00e3o tatuar a xenofobia da coliga\u00e7\u00e3o na pele? Agora n\u00e3o d\u00e1 para se ser neutro, caras e caros leitores. Ou voc\u00eas s\u00e3o, ou n\u00e3o s\u00e3o. Habituem-se.<\/span><\/p>","protected":false},"excerpt":{"rendered":"<p>\u00abO pa\u00eds est\u00e1 adormecido. Tem medo. Toda a gente tem um vizinho que \u00e9 do tal partido. E se falar muito alto, ainda corre o risco de ir para a lista.\u00bb<\/p>","protected":false},"author":2,"featured_media":142369,"comment_status":"open","ping_status":"closed","sticky":false,"template":"","format":"standard","meta":[],"categories":[11],"tags":[113,115,331,2531,2532,2819,3234,3235,3236,3237,3238],"acf":[],"yoast_head":"<!-- This site is optimized with the Yoast SEO plugin v20.10 - https:\/\/yoast.com\/wordpress\/plugins\/seo\/ -->\n<title>Habituem-se - Di\u00e1rio da Lagoa<\/title>\n<meta name=\"description\" content=\"\u00abO pa\u00eds est\u00e1 adormecido. Tem medo. Toda a gente tem um vizinho que \u00e9 do tal partido. E se falar muito alto, ainda corre o risco de ir para a lista.\u00bb\" \/>\n<meta name=\"robots\" content=\"index, follow, max-snippet:-1, max-image-preview:large, max-video-preview:-1\" \/>\n<link rel=\"canonical\" href=\"https:\/\/diariodalagoa.pt\/en\/habituem-se\/\" \/>\n<meta property=\"og:locale\" content=\"en_US\" \/>\n<meta property=\"og:type\" content=\"article\" \/>\n<meta property=\"og:title\" content=\"Habituem-se - Di\u00e1rio da Lagoa\" \/>\n<meta property=\"og:description\" content=\"\u00abO pa\u00eds est\u00e1 adormecido. Tem medo. Toda a gente tem um vizinho que \u00e9 do tal partido. E se falar muito alto, ainda corre o risco de ir para a lista.\u00bb\" \/>\n<meta property=\"og:url\" content=\"https:\/\/diariodalagoa.pt\/en\/habituem-se\/\" \/>\n<meta property=\"og:site_name\" content=\"Di\u00e1rio da Lagoa\" \/>\n<meta property=\"article:published_time\" content=\"2025-07-21T12:09:09+00:00\" \/>\n<meta property=\"article:modified_time\" content=\"2025-07-21T12:09:11+00:00\" \/>\n<meta property=\"og:image\" content=\"https:\/\/diariodalagoa.pt\/wp-content\/uploads\/2024\/10\/alexandra-manes-2024.jpg\" \/>\n\t<meta property=\"og:image:width\" content=\"960\" \/>\n\t<meta property=\"og:image:height\" content=\"722\" \/>\n\t<meta property=\"og:image:type\" content=\"image\/jpeg\" \/>\n<meta name=\"author\" content=\"Di\u00e1rio da Lagoa\" \/>\n<meta name=\"twitter:card\" content=\"summary_large_image\" \/>\n<meta name=\"twitter:label1\" content=\"Written by\" \/>\n\t<meta name=\"twitter:data1\" content=\"Di\u00e1rio da Lagoa\" \/>\n\t<meta name=\"twitter:label2\" content=\"Est. reading time\" \/>\n\t<meta name=\"twitter:data2\" content=\"6 minutes\" \/>\n<script type=\"application\/ld+json\" class=\"yoast-schema-graph\">{\"@context\":\"https:\/\/schema.org\",\"@graph\":[{\"@type\":\"WebPage\",\"@id\":\"https:\/\/diariodalagoa.pt\/habituem-se\/\",\"url\":\"https:\/\/diariodalagoa.pt\/habituem-se\/\",\"name\":\"Habituem-se - Di\u00e1rio da Lagoa\",\"isPartOf\":{\"@id\":\"https:\/\/diariodalagoa.pt\/#website\"},\"datePublished\":\"2025-07-21T12:09:09+00:00\",\"dateModified\":\"2025-07-21T12:09:11+00:00\",\"author\":{\"@id\":\"https:\/\/diariodalagoa.pt\/#\/schema\/person\/1615a002370e8857b6f972834bc43ece\"},\"description\":\"\u00abO pa\u00eds est\u00e1 adormecido. Tem medo. Toda a gente tem um vizinho que \u00e9 do tal partido. E se falar muito alto, ainda corre o risco de ir para a lista.\u00bb\",\"breadcrumb\":{\"@id\":\"https:\/\/diariodalagoa.pt\/habituem-se\/#breadcrumb\"},\"inLanguage\":\"en-US\",\"potentialAction\":[{\"@type\":\"ReadAction\",\"target\":[\"https:\/\/diariodalagoa.pt\/habituem-se\/\"]}]},{\"@type\":\"BreadcrumbList\",\"@id\":\"https:\/\/diariodalagoa.pt\/habituem-se\/#breadcrumb\",\"itemListElement\":[{\"@type\":\"ListItem\",\"position\":1,\"name\":\"In\u00edcio\",\"item\":\"https:\/\/diariodalagoa.pt\/\"},{\"@type\":\"ListItem\",\"position\":2,\"name\":\"Habituem-se\"}]},{\"@type\":\"WebSite\",\"@id\":\"https:\/\/diariodalagoa.pt\/#website\",\"url\":\"https:\/\/diariodalagoa.pt\/\",\"name\":\"Di\u00e1rio da Lagoa\",\"description\":\"Di\u00e1rio da Lagoa. As not\u00edcias que contam. A partir da Lagoa, nos A\u00e7ores, para o mundo.\",\"potentialAction\":[{\"@type\":\"SearchAction\",\"target\":{\"@type\":\"EntryPoint\",\"urlTemplate\":\"https:\/\/diariodalagoa.pt\/?s={search_term_string}\"},\"query-input\":\"required name=search_term_string\"}],\"inLanguage\":\"en-US\"},{\"@type\":\"Person\",\"@id\":\"https:\/\/diariodalagoa.pt\/#\/schema\/person\/1615a002370e8857b6f972834bc43ece\",\"name\":\"Di\u00e1rio da Lagoa\",\"image\":{\"@type\":\"ImageObject\",\"inLanguage\":\"en-US\",\"@id\":\"https:\/\/diariodalagoa.pt\/#\/schema\/person\/image\/\",\"url\":\"https:\/\/secure.gravatar.com\/avatar\/2cb5cef90a26f8fbd4d9d930608102c5?s=96&d=mm&r=g\",\"contentUrl\":\"https:\/\/secure.gravatar.com\/avatar\/2cb5cef90a26f8fbd4d9d930608102c5?s=96&d=mm&r=g\",\"caption\":\"Di\u00e1rio da Lagoa\"},\"url\":\"https:\/\/diariodalagoa.pt\/en\/author\/diariodalagoa\/\"}]}<\/script>\n<!-- \/ Yoast SEO plugin. -->","yoast_head_json":{"title":"Habituem-se - Di\u00e1rio da Lagoa","description":"\u00abO pa\u00eds est\u00e1 adormecido. Tem medo. Toda a gente tem um vizinho que \u00e9 do tal partido. E se falar muito alto, ainda corre o risco de ir para a lista.\u00bb","robots":{"index":"index","follow":"follow","max-snippet":"max-snippet:-1","max-image-preview":"max-image-preview:large","max-video-preview":"max-video-preview:-1"},"canonical":"https:\/\/diariodalagoa.pt\/en\/habituem-se\/","og_locale":"en_US","og_type":"article","og_title":"Habituem-se - Di\u00e1rio da Lagoa","og_description":"\u00abO pa\u00eds est\u00e1 adormecido. Tem medo. Toda a gente tem um vizinho que \u00e9 do tal partido. E se falar muito alto, ainda corre o risco de ir para a lista.\u00bb","og_url":"https:\/\/diariodalagoa.pt\/en\/habituem-se\/","og_site_name":"Di\u00e1rio da Lagoa","article_published_time":"2025-07-21T12:09:09+00:00","article_modified_time":"2025-07-21T12:09:11+00:00","og_image":[{"width":960,"height":722,"url":"https:\/\/diariodalagoa.pt\/wp-content\/uploads\/2024\/10\/alexandra-manes-2024.jpg","type":"image\/jpeg"}],"author":"Di\u00e1rio da Lagoa","twitter_card":"summary_large_image","twitter_misc":{"Written by":"Di\u00e1rio da Lagoa","Est. reading time":"6 minutes"},"schema":{"@context":"https:\/\/schema.org","@graph":[{"@type":"WebPage","@id":"https:\/\/diariodalagoa.pt\/habituem-se\/","url":"https:\/\/diariodalagoa.pt\/habituem-se\/","name":"Habituem-se - Di\u00e1rio da Lagoa","isPartOf":{"@id":"https:\/\/diariodalagoa.pt\/#website"},"datePublished":"2025-07-21T12:09:09+00:00","dateModified":"2025-07-21T12:09:11+00:00","author":{"@id":"https:\/\/diariodalagoa.pt\/#\/schema\/person\/1615a002370e8857b6f972834bc43ece"},"description":"\u00abO pa\u00eds est\u00e1 adormecido. Tem medo. Toda a gente tem um vizinho que \u00e9 do tal partido. E se falar muito alto, ainda corre o risco de ir para a lista.\u00bb","breadcrumb":{"@id":"https:\/\/diariodalagoa.pt\/habituem-se\/#breadcrumb"},"inLanguage":"en-US","potentialAction":[{"@type":"ReadAction","target":["https:\/\/diariodalagoa.pt\/habituem-se\/"]}]},{"@type":"BreadcrumbList","@id":"https:\/\/diariodalagoa.pt\/habituem-se\/#breadcrumb","itemListElement":[{"@type":"ListItem","position":1,"name":"In\u00edcio","item":"https:\/\/diariodalagoa.pt\/"},{"@type":"ListItem","position":2,"name":"Habituem-se"}]},{"@type":"WebSite","@id":"https:\/\/diariodalagoa.pt\/#website","url":"https:\/\/diariodalagoa.pt\/","name":"Di\u00e1rio da Lagoa","description":"Di\u00e1rio da Lagoa. As not\u00edcias que contam. A partir da Lagoa, nos A\u00e7ores, para o mundo.","potentialAction":[{"@type":"SearchAction","target":{"@type":"EntryPoint","urlTemplate":"https:\/\/diariodalagoa.pt\/?s={search_term_string}"},"query-input":"required name=search_term_string"}],"inLanguage":"en-US"},{"@type":"Person","@id":"https:\/\/diariodalagoa.pt\/#\/schema\/person\/1615a002370e8857b6f972834bc43ece","name":"Di\u00e1rio da Lagoa","image":{"@type":"ImageObject","inLanguage":"en-US","@id":"https:\/\/diariodalagoa.pt\/#\/schema\/person\/image\/","url":"https:\/\/secure.gravatar.com\/avatar\/2cb5cef90a26f8fbd4d9d930608102c5?s=96&d=mm&r=g","contentUrl":"https:\/\/secure.gravatar.com\/avatar\/2cb5cef90a26f8fbd4d9d930608102c5?s=96&d=mm&r=g","caption":"Di\u00e1rio da Lagoa"},"url":"https:\/\/diariodalagoa.pt\/en\/author\/diariodalagoa\/"}]}},"_links":{"self":[{"href":"https:\/\/diariodalagoa.pt\/en\/wp-json\/wp\/v2\/posts\/157888"}],"collection":[{"href":"https:\/\/diariodalagoa.pt\/en\/wp-json\/wp\/v2\/posts"}],"about":[{"href":"https:\/\/diariodalagoa.pt\/en\/wp-json\/wp\/v2\/types\/post"}],"author":[{"embeddable":true,"href":"https:\/\/diariodalagoa.pt\/en\/wp-json\/wp\/v2\/users\/2"}],"replies":[{"embeddable":true,"href":"https:\/\/diariodalagoa.pt\/en\/wp-json\/wp\/v2\/comments?post=157888"}],"version-history":[{"count":2,"href":"https:\/\/diariodalagoa.pt\/en\/wp-json\/wp\/v2\/posts\/157888\/revisions"}],"predecessor-version":[{"id":157890,"href":"https:\/\/diariodalagoa.pt\/en\/wp-json\/wp\/v2\/posts\/157888\/revisions\/157890"}],"wp:featuredmedia":[{"embeddable":true,"href":"https:\/\/diariodalagoa.pt\/en\/wp-json\/wp\/v2\/media\/142369"}],"wp:attachment":[{"href":"https:\/\/diariodalagoa.pt\/en\/wp-json\/wp\/v2\/media?parent=157888"}],"wp:term":[{"taxonomy":"category","embeddable":true,"href":"https:\/\/diariodalagoa.pt\/en\/wp-json\/wp\/v2\/categories?post=157888"},{"taxonomy":"post_tag","embeddable":true,"href":"https:\/\/diariodalagoa.pt\/en\/wp-json\/wp\/v2\/tags?post=157888"}],"curies":[{"name":"wp","href":"https:\/\/api.w.org\/{rel}","templated":true}]}}