{"id":157817,"date":"2025-07-18T13:41:22","date_gmt":"2025-07-18T13:41:22","guid":{"rendered":"https:\/\/diariodalagoa.pt\/?p=157817"},"modified":"2025-07-18T13:48:19","modified_gmt":"2025-07-18T13:48:19","slug":"o-milagre-argentino-da-motosserra-ungida","status":"publish","type":"post","link":"https:\/\/diariodalagoa.pt\/en\/o-milagre-argentino-da-motosserra-ungida\/","title":{"rendered":"O milagre argentino da motosserra ungida"},"content":{"rendered":"<div class=\"wp-block-image is-style-rounded\">\n<figure class=\"aligncenter size-large is-resized\"><img decoding=\"async\" src=\"https:\/\/diariodalagoa.pt\/wp-content\/uploads\/2024\/08\/carlos-caetano-martins-1024x961.jpg\" alt=\"\" class=\"wp-image-140073\" width=\"380\" height=\"356\" srcset=\"https:\/\/diariodalagoa.pt\/wp-content\/uploads\/2024\/08\/carlos-caetano-martins-1024x961.jpg 1024w, https:\/\/diariodalagoa.pt\/wp-content\/uploads\/2024\/08\/carlos-caetano-martins-300x282.jpg 300w, https:\/\/diariodalagoa.pt\/wp-content\/uploads\/2024\/08\/carlos-caetano-martins-768x721.jpg 768w, https:\/\/diariodalagoa.pt\/wp-content\/uploads\/2024\/08\/carlos-caetano-martins-1536x1442.jpg 1536w, https:\/\/diariodalagoa.pt\/wp-content\/uploads\/2024\/08\/carlos-caetano-martins-2048x1922.jpg 2048w, https:\/\/diariodalagoa.pt\/wp-content\/uploads\/2024\/08\/carlos-caetano-martins-13x12.jpg 13w\" sizes=\"(max-width: 380px) 100vw, 380px\" \/><\/figure><\/div>\n\n\n<div style=\"height:25px\" aria-hidden=\"true\" class=\"wp-block-spacer\"><\/div>\n\n\n<p style=\"text-align: center;\"><strong>Carlos Caetano Martins<\/strong><br \/>Dirigente Iniciativa Liberal \u2013 A\u00e7ores<\/p>\n\n\n<div style=\"height:25px\" aria-hidden=\"true\" class=\"wp-block-spacer\"><\/div>\n\n\n<p style=\"text-align: left;\" align=\"JUSTIFY\">A Argentina, essa mistura improv\u00e1vel de tango, carne suculenta e infla\u00e7\u00e3o galopante, passou os \u00faltimos 15 anos a assistir a uma queda na sua religiosidade tradicional. Em 2008, mais de 75% da popula\u00e7\u00e3o dizia-se cat\u00f3lica; hoje, esse n\u00famero ronda os 50%. Um decl\u00ednio vis\u00edvel, mesmo ap\u00f3s a elei\u00e7\u00e3o de um Papa argentino \u2014 Francisco \u2014 que levou a identidade vibrante do seu povo e uma vis\u00e3o social latino-americana para o Vaticano.<\/p>\n<p style=\"text-align: left;\" align=\"JUSTIFY\">Mas a verdade \u00e9 que nem a presen\u00e7a de um pont\u00edfice local bastou para reacender a esperan\u00e7a numa terra onde a f\u00e9, muitas vezes, tem de dividir espa\u00e7o com o desespero econ\u00f3mico. Entre a infla\u00e7\u00e3o de tr\u00eas d\u00edgitos, a moeda que se derretia mais r\u00e1pido que um gelado ao sol, e governos que prometiam tudo menos estabilidade, muitos argentinos olharam para o c\u00e9u\u2026 e depois para o tal\u00e3o de compras. A f\u00e9 n\u00e3o desapareceu, mas foi, talvez, deslocada para outras esferas. Mais terrenas. Mais urgentes.<\/p>\n<p style=\"text-align: left;\" align=\"JUSTIFY\">Foi nesse cen\u00e1rio que apareceu <b>Javier Milei<\/b>, um economista exc\u00eantrico, libert\u00e1rio convicto e personagem que parece ter sa\u00eddo diretamente de um romance pol\u00edtico escrito num ataque de nervos. Com a sua famosa motosserra (\u00e0s vezes literal, outras vezes metaf\u00f3rica), prometeu o impens\u00e1vel: cortar o Estado, domar a infla\u00e7\u00e3o e tirar o pa\u00eds do buraco sem anestesia. E por mais que a proposta parecesse uma batalha de alto risco, os n\u00fameros mais recentes mostram que&#8230; est\u00e1 a resultar.<\/p>\n<p style=\"text-align: left;\" align=\"JUSTIFY\">Em junho de 2025, a infla\u00e7\u00e3o mensal ficou nos <b>1,6%<\/b>, bem abaixo dos 25,5% registados em dezembro de 2023, antes da posse de Milei. No acumulado de 12 meses, o \u00edndice caiu para <b>39,4% <\/b>\u2014 o que, no contexto argentino, soa quase a estabilidade n\u00f3rdica, principalmente quando eram superiores a 210% em 2023. O <b>sal\u00e1rio m\u00e9dio duplicou<\/b> <b>desde a sua entrada<\/b> e a percentagem de pessoas abaixo do limiar de <b>pobreza recuou para 31,6%<\/b>, o valor mais baixo desde 2018.<\/p>\n<p style=\"text-align: left;\" align=\"JUSTIFY\">O Estado, esse eterno glut\u00e3o or\u00e7amental, come\u00e7a a dar sinais de conten\u00e7\u00e3o. Com esta retoma financeira, os investidores reapareceram e, curiosamente, at\u00e9 os argentinos mais c\u00e9ticos come\u00e7aram a falar num \u201cmilagre econ\u00f3mico\u201d. N\u00e3o o milagre das apari\u00e7\u00f5es ou das \u00e1guas que curam, mas o das folhas de c\u00e1lculo que finalmente fecham com saldo positivo.<\/p>\n<p style=\"text-align: left;\" align=\"JUSTIFY\">E se antes muitos se perguntavam por que raz\u00e3o, com um Papa argentino, o pa\u00eds n\u00e3o via milagres\u2026 agora come\u00e7am a brincar que talvez o verdadeiro milagreiro fosse afinal o homem de fato amarrotado e cabelo desalinhado.<\/p>\n<p style=\"text-align: left;\" align=\"JUSTIFY\">Na terra que nos deu alguns dos maiores astros de futebol, a f\u00e9 religiosa continua viva \u2014 como sempre esteve \u2014 mas, no presente, partilha espa\u00e7o com uma outra esperan\u00e7a: a de que um pa\u00eds inteiro consiga, finalmente, sair do labirinto econ\u00f3mico sem precisar de velas, promessas ou mais empr\u00e9stimos ao FMI.<\/p>\n<p style=\"text-align: left;\" align=\"JUSTIFY\">No ritmo atual, n\u00e3o ser\u00e1 surpresa se surgir um novo padroeiro \u2014 <b>S\u00e3o Javier Milei da Motosserra<\/b>, guardi\u00e3o do superavit, defensor da economia e intercessor das reformas imposs\u00edveis. Porque sim, Deus pode continuar no comando\u2026 mas, neste momento, quem segura o volante da na\u00e7\u00e3o albiceleste \u00e9 Milei.<\/p>\n\n\n<figure class=\"wp-block-image size-full\"><img decoding=\"async\" width=\"840\" height=\"394\" src=\"https:\/\/diariodalagoa.pt\/wp-content\/uploads\/2025\/07\/grafico.jpg\" alt=\"\" class=\"wp-image-157818\" srcset=\"https:\/\/diariodalagoa.pt\/wp-content\/uploads\/2025\/07\/grafico.jpg 840w, https:\/\/diariodalagoa.pt\/wp-content\/uploads\/2025\/07\/grafico-300x141.jpg 300w, https:\/\/diariodalagoa.pt\/wp-content\/uploads\/2025\/07\/grafico-768x360.jpg 768w, https:\/\/diariodalagoa.pt\/wp-content\/uploads\/2025\/07\/grafico-18x8.jpg 18w\" sizes=\"(max-width: 840px) 100vw, 840px\" \/><figcaption class=\"wp-element-caption\"><sup>Evolu\u00e7\u00e3o da infla\u00e7\u00e3o anual argentina<\/sup><\/figcaption><\/figure>","protected":false},"excerpt":{"rendered":"<p>\u00abNa terra que nos deu alguns dos maiores astros de futebol, a f\u00e9 religiosa continua viva (&#8230;) no presente, partilha espa\u00e7o com uma outra esperan\u00e7a: a de que um pa\u00eds inteiro consiga, finalmente, sair do labirinto econ\u00f3mico\u00bb<\/p>","protected":false},"author":2,"featured_media":140073,"comment_status":"open","ping_status":"closed","sticky":false,"template":"","format":"standard","meta":[],"categories":[11],"tags":[114,115,1422,2207,3218,3219,3220],"acf":[],"yoast_head":"<!-- This site is optimized with the Yoast SEO plugin v20.10 - https:\/\/yoast.com\/wordpress\/plugins\/seo\/ -->\n<title>O milagre argentino da motosserra ungida - Di\u00e1rio da Lagoa<\/title>\n<meta name=\"description\" content=\"\u00abNa terra que nos deu alguns dos maiores astros de futebol, a f\u00e9 religiosa continua viva (...) no presente, partilha espa\u00e7o com uma outra esperan\u00e7a: a de que um pa\u00eds inteiro consiga, finalmente, sair do labirinto econ\u00f3mico\u00bb\" \/>\n<meta name=\"robots\" content=\"index, follow, max-snippet:-1, max-image-preview:large, max-video-preview:-1\" \/>\n<link rel=\"canonical\" href=\"https:\/\/diariodalagoa.pt\/en\/o-milagre-argentino-da-motosserra-ungida\/\" \/>\n<meta property=\"og:locale\" content=\"en_US\" \/>\n<meta property=\"og:type\" content=\"article\" \/>\n<meta property=\"og:title\" content=\"O milagre argentino da motosserra ungida - Di\u00e1rio da Lagoa\" \/>\n<meta property=\"og:description\" content=\"\u00abNa terra que nos deu alguns dos maiores astros de futebol, a f\u00e9 religiosa continua viva (...) no presente, partilha espa\u00e7o com uma outra esperan\u00e7a: a de que um pa\u00eds inteiro consiga, finalmente, sair do labirinto econ\u00f3mico\u00bb\" \/>\n<meta property=\"og:url\" content=\"https:\/\/diariodalagoa.pt\/en\/o-milagre-argentino-da-motosserra-ungida\/\" \/>\n<meta property=\"og:site_name\" content=\"Di\u00e1rio da Lagoa\" \/>\n<meta property=\"article:published_time\" content=\"2025-07-18T13:41:22+00:00\" \/>\n<meta property=\"article:modified_time\" content=\"2025-07-18T13:48:19+00:00\" \/>\n<meta property=\"og:image\" content=\"https:\/\/diariodalagoa.pt\/wp-content\/uploads\/2024\/08\/carlos-caetano-martins-scaled.jpg\" \/>\n\t<meta property=\"og:image:width\" content=\"2560\" \/>\n\t<meta property=\"og:image:height\" content=\"2403\" \/>\n\t<meta property=\"og:image:type\" content=\"image\/jpeg\" \/>\n<meta name=\"author\" content=\"Di\u00e1rio da Lagoa\" \/>\n<meta name=\"twitter:card\" content=\"summary_large_image\" \/>\n<meta name=\"twitter:label1\" content=\"Written by\" \/>\n\t<meta name=\"twitter:data1\" content=\"Di\u00e1rio da Lagoa\" \/>\n\t<meta name=\"twitter:label2\" content=\"Est. reading time\" \/>\n\t<meta name=\"twitter:data2\" content=\"4 minutes\" \/>\n<script type=\"application\/ld+json\" class=\"yoast-schema-graph\">{\"@context\":\"https:\/\/schema.org\",\"@graph\":[{\"@type\":\"WebPage\",\"@id\":\"https:\/\/diariodalagoa.pt\/o-milagre-argentino-da-motosserra-ungida\/\",\"url\":\"https:\/\/diariodalagoa.pt\/o-milagre-argentino-da-motosserra-ungida\/\",\"name\":\"O milagre argentino da motosserra ungida - Di\u00e1rio da Lagoa\",\"isPartOf\":{\"@id\":\"https:\/\/diariodalagoa.pt\/#website\"},\"datePublished\":\"2025-07-18T13:41:22+00:00\",\"dateModified\":\"2025-07-18T13:48:19+00:00\",\"author\":{\"@id\":\"https:\/\/diariodalagoa.pt\/#\/schema\/person\/1615a002370e8857b6f972834bc43ece\"},\"description\":\"\u00abNa terra que nos deu alguns dos maiores astros de futebol, a f\u00e9 religiosa continua viva (...) no presente, partilha espa\u00e7o com uma outra esperan\u00e7a: a de que um pa\u00eds inteiro consiga, finalmente, sair do labirinto econ\u00f3mico\u00bb\",\"breadcrumb\":{\"@id\":\"https:\/\/diariodalagoa.pt\/o-milagre-argentino-da-motosserra-ungida\/#breadcrumb\"},\"inLanguage\":\"en-US\",\"potentialAction\":[{\"@type\":\"ReadAction\",\"target\":[\"https:\/\/diariodalagoa.pt\/o-milagre-argentino-da-motosserra-ungida\/\"]}]},{\"@type\":\"BreadcrumbList\",\"@id\":\"https:\/\/diariodalagoa.pt\/o-milagre-argentino-da-motosserra-ungida\/#breadcrumb\",\"itemListElement\":[{\"@type\":\"ListItem\",\"position\":1,\"name\":\"In\u00edcio\",\"item\":\"https:\/\/diariodalagoa.pt\/\"},{\"@type\":\"ListItem\",\"position\":2,\"name\":\"O milagre argentino da motosserra ungida\"}]},{\"@type\":\"WebSite\",\"@id\":\"https:\/\/diariodalagoa.pt\/#website\",\"url\":\"https:\/\/diariodalagoa.pt\/\",\"name\":\"Di\u00e1rio da Lagoa\",\"description\":\"Di\u00e1rio da Lagoa. As not\u00edcias que contam. A partir da Lagoa, nos A\u00e7ores, para o mundo.\",\"potentialAction\":[{\"@type\":\"SearchAction\",\"target\":{\"@type\":\"EntryPoint\",\"urlTemplate\":\"https:\/\/diariodalagoa.pt\/?s={search_term_string}\"},\"query-input\":\"required name=search_term_string\"}],\"inLanguage\":\"en-US\"},{\"@type\":\"Person\",\"@id\":\"https:\/\/diariodalagoa.pt\/#\/schema\/person\/1615a002370e8857b6f972834bc43ece\",\"name\":\"Di\u00e1rio da Lagoa\",\"image\":{\"@type\":\"ImageObject\",\"inLanguage\":\"en-US\",\"@id\":\"https:\/\/diariodalagoa.pt\/#\/schema\/person\/image\/\",\"url\":\"https:\/\/secure.gravatar.com\/avatar\/2cb5cef90a26f8fbd4d9d930608102c5?s=96&d=mm&r=g\",\"contentUrl\":\"https:\/\/secure.gravatar.com\/avatar\/2cb5cef90a26f8fbd4d9d930608102c5?s=96&d=mm&r=g\",\"caption\":\"Di\u00e1rio da Lagoa\"},\"url\":\"https:\/\/diariodalagoa.pt\/en\/author\/diariodalagoa\/\"}]}<\/script>\n<!-- \/ Yoast SEO plugin. -->","yoast_head_json":{"title":"O milagre argentino da motosserra ungida - Di\u00e1rio da Lagoa","description":"\u00abNa terra que nos deu alguns dos maiores astros de futebol, a f\u00e9 religiosa continua viva (...) no presente, partilha espa\u00e7o com uma outra esperan\u00e7a: a de que um pa\u00eds inteiro consiga, finalmente, sair do labirinto econ\u00f3mico\u00bb","robots":{"index":"index","follow":"follow","max-snippet":"max-snippet:-1","max-image-preview":"max-image-preview:large","max-video-preview":"max-video-preview:-1"},"canonical":"https:\/\/diariodalagoa.pt\/en\/o-milagre-argentino-da-motosserra-ungida\/","og_locale":"en_US","og_type":"article","og_title":"O milagre argentino da motosserra ungida - Di\u00e1rio da Lagoa","og_description":"\u00abNa terra que nos deu alguns dos maiores astros de futebol, a f\u00e9 religiosa continua viva (...) no presente, partilha espa\u00e7o com uma outra esperan\u00e7a: a de que um pa\u00eds inteiro consiga, finalmente, sair do labirinto econ\u00f3mico\u00bb","og_url":"https:\/\/diariodalagoa.pt\/en\/o-milagre-argentino-da-motosserra-ungida\/","og_site_name":"Di\u00e1rio da Lagoa","article_published_time":"2025-07-18T13:41:22+00:00","article_modified_time":"2025-07-18T13:48:19+00:00","og_image":[{"width":2560,"height":2403,"url":"https:\/\/diariodalagoa.pt\/wp-content\/uploads\/2024\/08\/carlos-caetano-martins-scaled.jpg","type":"image\/jpeg"}],"author":"Di\u00e1rio da Lagoa","twitter_card":"summary_large_image","twitter_misc":{"Written by":"Di\u00e1rio da Lagoa","Est. reading time":"4 minutes"},"schema":{"@context":"https:\/\/schema.org","@graph":[{"@type":"WebPage","@id":"https:\/\/diariodalagoa.pt\/o-milagre-argentino-da-motosserra-ungida\/","url":"https:\/\/diariodalagoa.pt\/o-milagre-argentino-da-motosserra-ungida\/","name":"O milagre argentino da motosserra ungida - Di\u00e1rio da Lagoa","isPartOf":{"@id":"https:\/\/diariodalagoa.pt\/#website"},"datePublished":"2025-07-18T13:41:22+00:00","dateModified":"2025-07-18T13:48:19+00:00","author":{"@id":"https:\/\/diariodalagoa.pt\/#\/schema\/person\/1615a002370e8857b6f972834bc43ece"},"description":"\u00abNa terra que nos deu alguns dos maiores astros de futebol, a f\u00e9 religiosa continua viva (...) no presente, partilha espa\u00e7o com uma outra esperan\u00e7a: a de que um pa\u00eds inteiro consiga, finalmente, sair do labirinto econ\u00f3mico\u00bb","breadcrumb":{"@id":"https:\/\/diariodalagoa.pt\/o-milagre-argentino-da-motosserra-ungida\/#breadcrumb"},"inLanguage":"en-US","potentialAction":[{"@type":"ReadAction","target":["https:\/\/diariodalagoa.pt\/o-milagre-argentino-da-motosserra-ungida\/"]}]},{"@type":"BreadcrumbList","@id":"https:\/\/diariodalagoa.pt\/o-milagre-argentino-da-motosserra-ungida\/#breadcrumb","itemListElement":[{"@type":"ListItem","position":1,"name":"In\u00edcio","item":"https:\/\/diariodalagoa.pt\/"},{"@type":"ListItem","position":2,"name":"O milagre argentino da motosserra ungida"}]},{"@type":"WebSite","@id":"https:\/\/diariodalagoa.pt\/#website","url":"https:\/\/diariodalagoa.pt\/","name":"Di\u00e1rio da Lagoa","description":"Di\u00e1rio da Lagoa. As not\u00edcias que contam. A partir da Lagoa, nos A\u00e7ores, para o mundo.","potentialAction":[{"@type":"SearchAction","target":{"@type":"EntryPoint","urlTemplate":"https:\/\/diariodalagoa.pt\/?s={search_term_string}"},"query-input":"required name=search_term_string"}],"inLanguage":"en-US"},{"@type":"Person","@id":"https:\/\/diariodalagoa.pt\/#\/schema\/person\/1615a002370e8857b6f972834bc43ece","name":"Di\u00e1rio da Lagoa","image":{"@type":"ImageObject","inLanguage":"en-US","@id":"https:\/\/diariodalagoa.pt\/#\/schema\/person\/image\/","url":"https:\/\/secure.gravatar.com\/avatar\/2cb5cef90a26f8fbd4d9d930608102c5?s=96&d=mm&r=g","contentUrl":"https:\/\/secure.gravatar.com\/avatar\/2cb5cef90a26f8fbd4d9d930608102c5?s=96&d=mm&r=g","caption":"Di\u00e1rio da Lagoa"},"url":"https:\/\/diariodalagoa.pt\/en\/author\/diariodalagoa\/"}]}},"_links":{"self":[{"href":"https:\/\/diariodalagoa.pt\/en\/wp-json\/wp\/v2\/posts\/157817"}],"collection":[{"href":"https:\/\/diariodalagoa.pt\/en\/wp-json\/wp\/v2\/posts"}],"about":[{"href":"https:\/\/diariodalagoa.pt\/en\/wp-json\/wp\/v2\/types\/post"}],"author":[{"embeddable":true,"href":"https:\/\/diariodalagoa.pt\/en\/wp-json\/wp\/v2\/users\/2"}],"replies":[{"embeddable":true,"href":"https:\/\/diariodalagoa.pt\/en\/wp-json\/wp\/v2\/comments?post=157817"}],"version-history":[{"count":5,"href":"https:\/\/diariodalagoa.pt\/en\/wp-json\/wp\/v2\/posts\/157817\/revisions"}],"predecessor-version":[{"id":157823,"href":"https:\/\/diariodalagoa.pt\/en\/wp-json\/wp\/v2\/posts\/157817\/revisions\/157823"}],"wp:featuredmedia":[{"embeddable":true,"href":"https:\/\/diariodalagoa.pt\/en\/wp-json\/wp\/v2\/media\/140073"}],"wp:attachment":[{"href":"https:\/\/diariodalagoa.pt\/en\/wp-json\/wp\/v2\/media?parent=157817"}],"wp:term":[{"taxonomy":"category","embeddable":true,"href":"https:\/\/diariodalagoa.pt\/en\/wp-json\/wp\/v2\/categories?post=157817"},{"taxonomy":"post_tag","embeddable":true,"href":"https:\/\/diariodalagoa.pt\/en\/wp-json\/wp\/v2\/tags?post=157817"}],"curies":[{"name":"wp","href":"https:\/\/api.w.org\/{rel}","templated":true}]}}