{"id":157709,"date":"2025-07-14T13:35:12","date_gmt":"2025-07-14T13:35:12","guid":{"rendered":"https:\/\/diariodalagoa.pt\/?p=157709"},"modified":"2025-07-14T19:14:15","modified_gmt":"2025-07-14T19:14:15","slug":"complemento-acoriano-ao-abono-de-familia-comeca-a-ser-pago","status":"publish","type":"post","link":"https:\/\/diariodalagoa.pt\/en\/complemento-acoriano-ao-abono-de-familia-comeca-a-ser-pago\/","title":{"rendered":"Complemento A\u00e7oriano ao Abono de Fam\u00edlia come\u00e7a a ser pago"},"content":{"rendered":"<figure class=\"wp-block-image size-full\"><img decoding=\"async\" width=\"960\" height=\"640\" src=\"https:\/\/diariodalagoa.pt\/wp-content\/uploads\/2025\/07\/monica-seidi-dr.jpg\" alt=\"\" class=\"wp-image-157712\" srcset=\"https:\/\/diariodalagoa.pt\/wp-content\/uploads\/2025\/07\/monica-seidi-dr.jpg 960w, https:\/\/diariodalagoa.pt\/wp-content\/uploads\/2025\/07\/monica-seidi-dr-300x200.jpg 300w, https:\/\/diariodalagoa.pt\/wp-content\/uploads\/2025\/07\/monica-seidi-dr-768x512.jpg 768w, https:\/\/diariodalagoa.pt\/wp-content\/uploads\/2025\/07\/monica-seidi-dr-18x12.jpg 18w\" sizes=\"(max-width: 960px) 100vw, 960px\" \/><figcaption class=\"wp-element-caption\"><mark style=\"background-color:rgba(0, 0, 0, 0)\" class=\"has-inline-color has-cyan-bluish-gray-color\"><sup>\u00a9 DIREITOS RESERVADOS <\/sup><\/mark><\/figcaption><\/figure>\n\n\n<p>A Secretaria Regional da Sa\u00fade e Seguran\u00e7a Social informa que o pagamento do Complemento A\u00e7oriano ao Abono de Fam\u00edlia para crian\u00e7as e jovens (CAAF) come\u00e7a a ser realizado a partir de hoje, 14 de julho, via transfer\u00eancia banc\u00e1ria, e at\u00e9 ao final da semana no que refere aos CTT.<\/p>\n<p>Para o presente ano, o executivo a\u00e7oriano volta a majorar este apoio social em 5% na compara\u00e7\u00e3o com o valor do ano anterior, para todos os escal\u00f5es dos benefici\u00e1rios do CAAF.<\/p>\n<p>V\u00e3o ser abrangidos por esta medida 19.070 benefici\u00e1rios, o que corresponde a um valor global de 1,5 milh\u00f5es de euros de investimento no primeiro semestre de 2025.<\/p>\n<p>O CAAF \u00e9 um acr\u00e9scimo pecuni\u00e1rio atribu\u00eddo aos titulares do Abono de Fam\u00edlia residentes nos A\u00e7ores com o intuito de assegurar a compensa\u00e7\u00e3o dos encargos familiares respeitantes \u00e0s despesas com o sustento e educa\u00e7\u00e3o das crian\u00e7as e jovens.<\/p>\n<p>Embora os titulares do CAAF sejam as crian\u00e7as ou jovens, os recebedores do mesmo podem ser pais, tutores ou institui\u00e7\u00f5es.<\/p>\n<p>O pagamento deste complemento \u00e9 efetuado com uma periodicidade semestral, sendo processado duas vezes por ano.<\/p>","protected":false},"excerpt":{"rendered":"<p>S\u00e3o abrangidos pela medida mais de 19 mil benefici\u00e1rios  o que corresponde a mais de 1,5 milh\u00f5es de euros de investimento no primeiro semestre do ano. <\/p>","protected":false},"author":2,"featured_media":157712,"comment_status":"open","ping_status":"closed","sticky":false,"template":"","format":"standard","meta":[],"categories":[21],"tags":[31,1287,3197,3198],"acf":[],"yoast_head":"<!-- This site is optimized with the Yoast SEO plugin v20.10 - https:\/\/yoast.com\/wordpress\/plugins\/seo\/ -->\n<title>Complemento A\u00e7oriano ao Abono de Fam\u00edlia come\u00e7a a ser pago - Di\u00e1rio da Lagoa<\/title>\n<meta name=\"description\" content=\"S\u00e3o abrangidos pela medida mais de 19 mil benefici\u00e1rios o que corresponde a mais de 1,5 milh\u00f5es de euros de investimento no primeiro semestre do ano.\" \/>\n<meta name=\"robots\" content=\"index, follow, max-snippet:-1, max-image-preview:large, max-video-preview:-1\" \/>\n<link rel=\"canonical\" href=\"https:\/\/diariodalagoa.pt\/en\/complemento-acoriano-ao-abono-de-familia-comeca-a-ser-pago\/\" \/>\n<meta property=\"og:locale\" content=\"en_US\" \/>\n<meta property=\"og:type\" content=\"article\" \/>\n<meta property=\"og:title\" content=\"Complemento A\u00e7oriano ao Abono de Fam\u00edlia come\u00e7a a ser pago - Di\u00e1rio da Lagoa\" \/>\n<meta property=\"og:description\" content=\"S\u00e3o abrangidos pela medida mais de 19 mil benefici\u00e1rios o que corresponde a mais de 1,5 milh\u00f5es de euros de investimento no primeiro semestre do ano.\" \/>\n<meta property=\"og:url\" content=\"https:\/\/diariodalagoa.pt\/en\/complemento-acoriano-ao-abono-de-familia-comeca-a-ser-pago\/\" \/>\n<meta property=\"og:site_name\" content=\"Di\u00e1rio da Lagoa\" \/>\n<meta property=\"article:published_time\" content=\"2025-07-14T13:35:12+00:00\" \/>\n<meta property=\"article:modified_time\" content=\"2025-07-14T19:14:15+00:00\" \/>\n<meta property=\"og:image\" content=\"https:\/\/diariodalagoa.pt\/wp-content\/uploads\/2025\/07\/monica-seidi-dr.jpg\" \/>\n\t<meta property=\"og:image:width\" content=\"960\" \/>\n\t<meta property=\"og:image:height\" content=\"640\" \/>\n\t<meta property=\"og:image:type\" content=\"image\/jpeg\" \/>\n<meta name=\"author\" content=\"Di\u00e1rio da Lagoa\" \/>\n<meta name=\"twitter:card\" content=\"summary_large_image\" \/>\n<meta name=\"twitter:label1\" content=\"Written by\" \/>\n\t<meta name=\"twitter:data1\" content=\"Di\u00e1rio da Lagoa\" \/>\n\t<meta name=\"twitter:label2\" content=\"Est. reading time\" \/>\n\t<meta name=\"twitter:data2\" content=\"2 minutes\" \/>\n<script type=\"application\/ld+json\" class=\"yoast-schema-graph\">{\"@context\":\"https:\/\/schema.org\",\"@graph\":[{\"@type\":\"WebPage\",\"@id\":\"https:\/\/diariodalagoa.pt\/complemento-acoriano-ao-abono-de-familia-comeca-a-ser-pago\/\",\"url\":\"https:\/\/diariodalagoa.pt\/complemento-acoriano-ao-abono-de-familia-comeca-a-ser-pago\/\",\"name\":\"Complemento A\u00e7oriano ao Abono de Fam\u00edlia come\u00e7a a ser pago - Di\u00e1rio da Lagoa\",\"isPartOf\":{\"@id\":\"https:\/\/diariodalagoa.pt\/#website\"},\"datePublished\":\"2025-07-14T13:35:12+00:00\",\"dateModified\":\"2025-07-14T19:14:15+00:00\",\"author\":{\"@id\":\"https:\/\/diariodalagoa.pt\/#\/schema\/person\/1615a002370e8857b6f972834bc43ece\"},\"description\":\"S\u00e3o abrangidos pela medida mais de 19 mil benefici\u00e1rios o que corresponde a mais de 1,5 milh\u00f5es de euros de investimento no primeiro semestre do ano.\",\"breadcrumb\":{\"@id\":\"https:\/\/diariodalagoa.pt\/complemento-acoriano-ao-abono-de-familia-comeca-a-ser-pago\/#breadcrumb\"},\"inLanguage\":\"en-US\",\"potentialAction\":[{\"@type\":\"ReadAction\",\"target\":[\"https:\/\/diariodalagoa.pt\/complemento-acoriano-ao-abono-de-familia-comeca-a-ser-pago\/\"]}]},{\"@type\":\"BreadcrumbList\",\"@id\":\"https:\/\/diariodalagoa.pt\/complemento-acoriano-ao-abono-de-familia-comeca-a-ser-pago\/#breadcrumb\",\"itemListElement\":[{\"@type\":\"ListItem\",\"position\":1,\"name\":\"In\u00edcio\",\"item\":\"https:\/\/diariodalagoa.pt\/\"},{\"@type\":\"ListItem\",\"position\":2,\"name\":\"Complemento A\u00e7oriano ao Abono de Fam\u00edlia come\u00e7a a ser pago\"}]},{\"@type\":\"WebSite\",\"@id\":\"https:\/\/diariodalagoa.pt\/#website\",\"url\":\"https:\/\/diariodalagoa.pt\/\",\"name\":\"Di\u00e1rio da Lagoa\",\"description\":\"Di\u00e1rio da Lagoa. As not\u00edcias que contam. A partir da Lagoa, nos A\u00e7ores, para o mundo.\",\"potentialAction\":[{\"@type\":\"SearchAction\",\"target\":{\"@type\":\"EntryPoint\",\"urlTemplate\":\"https:\/\/diariodalagoa.pt\/?s={search_term_string}\"},\"query-input\":\"required name=search_term_string\"}],\"inLanguage\":\"en-US\"},{\"@type\":\"Person\",\"@id\":\"https:\/\/diariodalagoa.pt\/#\/schema\/person\/1615a002370e8857b6f972834bc43ece\",\"name\":\"Di\u00e1rio da Lagoa\",\"image\":{\"@type\":\"ImageObject\",\"inLanguage\":\"en-US\",\"@id\":\"https:\/\/diariodalagoa.pt\/#\/schema\/person\/image\/\",\"url\":\"https:\/\/secure.gravatar.com\/avatar\/2cb5cef90a26f8fbd4d9d930608102c5?s=96&d=mm&r=g\",\"contentUrl\":\"https:\/\/secure.gravatar.com\/avatar\/2cb5cef90a26f8fbd4d9d930608102c5?s=96&d=mm&r=g\",\"caption\":\"Di\u00e1rio da Lagoa\"},\"url\":\"https:\/\/diariodalagoa.pt\/en\/author\/diariodalagoa\/\"}]}<\/script>\n<!-- \/ Yoast SEO plugin. -->","yoast_head_json":{"title":"Complemento A\u00e7oriano ao Abono de Fam\u00edlia come\u00e7a a ser pago - Di\u00e1rio da Lagoa","description":"S\u00e3o abrangidos pela medida mais de 19 mil benefici\u00e1rios o que corresponde a mais de 1,5 milh\u00f5es de euros de investimento no primeiro semestre do ano.","robots":{"index":"index","follow":"follow","max-snippet":"max-snippet:-1","max-image-preview":"max-image-preview:large","max-video-preview":"max-video-preview:-1"},"canonical":"https:\/\/diariodalagoa.pt\/en\/complemento-acoriano-ao-abono-de-familia-comeca-a-ser-pago\/","og_locale":"en_US","og_type":"article","og_title":"Complemento A\u00e7oriano ao Abono de Fam\u00edlia come\u00e7a a ser pago - Di\u00e1rio da Lagoa","og_description":"S\u00e3o abrangidos pela medida mais de 19 mil benefici\u00e1rios o que corresponde a mais de 1,5 milh\u00f5es de euros de investimento no primeiro semestre do ano.","og_url":"https:\/\/diariodalagoa.pt\/en\/complemento-acoriano-ao-abono-de-familia-comeca-a-ser-pago\/","og_site_name":"Di\u00e1rio da Lagoa","article_published_time":"2025-07-14T13:35:12+00:00","article_modified_time":"2025-07-14T19:14:15+00:00","og_image":[{"width":960,"height":640,"url":"https:\/\/diariodalagoa.pt\/wp-content\/uploads\/2025\/07\/monica-seidi-dr.jpg","type":"image\/jpeg"}],"author":"Di\u00e1rio da Lagoa","twitter_card":"summary_large_image","twitter_misc":{"Written by":"Di\u00e1rio da Lagoa","Est. reading time":"2 minutes"},"schema":{"@context":"https:\/\/schema.org","@graph":[{"@type":"WebPage","@id":"https:\/\/diariodalagoa.pt\/complemento-acoriano-ao-abono-de-familia-comeca-a-ser-pago\/","url":"https:\/\/diariodalagoa.pt\/complemento-acoriano-ao-abono-de-familia-comeca-a-ser-pago\/","name":"Complemento A\u00e7oriano ao Abono de Fam\u00edlia come\u00e7a a ser pago - Di\u00e1rio da Lagoa","isPartOf":{"@id":"https:\/\/diariodalagoa.pt\/#website"},"datePublished":"2025-07-14T13:35:12+00:00","dateModified":"2025-07-14T19:14:15+00:00","author":{"@id":"https:\/\/diariodalagoa.pt\/#\/schema\/person\/1615a002370e8857b6f972834bc43ece"},"description":"S\u00e3o abrangidos pela medida mais de 19 mil benefici\u00e1rios o que corresponde a mais de 1,5 milh\u00f5es de euros de investimento no primeiro semestre do ano.","breadcrumb":{"@id":"https:\/\/diariodalagoa.pt\/complemento-acoriano-ao-abono-de-familia-comeca-a-ser-pago\/#breadcrumb"},"inLanguage":"en-US","potentialAction":[{"@type":"ReadAction","target":["https:\/\/diariodalagoa.pt\/complemento-acoriano-ao-abono-de-familia-comeca-a-ser-pago\/"]}]},{"@type":"BreadcrumbList","@id":"https:\/\/diariodalagoa.pt\/complemento-acoriano-ao-abono-de-familia-comeca-a-ser-pago\/#breadcrumb","itemListElement":[{"@type":"ListItem","position":1,"name":"In\u00edcio","item":"https:\/\/diariodalagoa.pt\/"},{"@type":"ListItem","position":2,"name":"Complemento A\u00e7oriano ao Abono de Fam\u00edlia come\u00e7a a ser pago"}]},{"@type":"WebSite","@id":"https:\/\/diariodalagoa.pt\/#website","url":"https:\/\/diariodalagoa.pt\/","name":"Di\u00e1rio da Lagoa","description":"Di\u00e1rio da Lagoa. As not\u00edcias que contam. A partir da Lagoa, nos A\u00e7ores, para o mundo.","potentialAction":[{"@type":"SearchAction","target":{"@type":"EntryPoint","urlTemplate":"https:\/\/diariodalagoa.pt\/?s={search_term_string}"},"query-input":"required name=search_term_string"}],"inLanguage":"en-US"},{"@type":"Person","@id":"https:\/\/diariodalagoa.pt\/#\/schema\/person\/1615a002370e8857b6f972834bc43ece","name":"Di\u00e1rio da Lagoa","image":{"@type":"ImageObject","inLanguage":"en-US","@id":"https:\/\/diariodalagoa.pt\/#\/schema\/person\/image\/","url":"https:\/\/secure.gravatar.com\/avatar\/2cb5cef90a26f8fbd4d9d930608102c5?s=96&d=mm&r=g","contentUrl":"https:\/\/secure.gravatar.com\/avatar\/2cb5cef90a26f8fbd4d9d930608102c5?s=96&d=mm&r=g","caption":"Di\u00e1rio da Lagoa"},"url":"https:\/\/diariodalagoa.pt\/en\/author\/diariodalagoa\/"}]}},"_links":{"self":[{"href":"https:\/\/diariodalagoa.pt\/en\/wp-json\/wp\/v2\/posts\/157709"}],"collection":[{"href":"https:\/\/diariodalagoa.pt\/en\/wp-json\/wp\/v2\/posts"}],"about":[{"href":"https:\/\/diariodalagoa.pt\/en\/wp-json\/wp\/v2\/types\/post"}],"author":[{"embeddable":true,"href":"https:\/\/diariodalagoa.pt\/en\/wp-json\/wp\/v2\/users\/2"}],"replies":[{"embeddable":true,"href":"https:\/\/diariodalagoa.pt\/en\/wp-json\/wp\/v2\/comments?post=157709"}],"version-history":[{"count":6,"href":"https:\/\/diariodalagoa.pt\/en\/wp-json\/wp\/v2\/posts\/157709\/revisions"}],"predecessor-version":[{"id":157722,"href":"https:\/\/diariodalagoa.pt\/en\/wp-json\/wp\/v2\/posts\/157709\/revisions\/157722"}],"wp:featuredmedia":[{"embeddable":true,"href":"https:\/\/diariodalagoa.pt\/en\/wp-json\/wp\/v2\/media\/157712"}],"wp:attachment":[{"href":"https:\/\/diariodalagoa.pt\/en\/wp-json\/wp\/v2\/media?parent=157709"}],"wp:term":[{"taxonomy":"category","embeddable":true,"href":"https:\/\/diariodalagoa.pt\/en\/wp-json\/wp\/v2\/categories?post=157709"},{"taxonomy":"post_tag","embeddable":true,"href":"https:\/\/diariodalagoa.pt\/en\/wp-json\/wp\/v2\/tags?post=157709"}],"curies":[{"name":"wp","href":"https:\/\/api.w.org\/{rel}","templated":true}]}}