{"id":157680,"date":"2025-07-13T11:45:29","date_gmt":"2025-07-13T11:45:29","guid":{"rendered":"https:\/\/diariodalagoa.pt\/?p=157680"},"modified":"2025-07-13T19:53:30","modified_gmt":"2025-07-13T19:53:30","slug":"natacha-cande-ela-e-neste-momento-a-melhor-do-pais-no-seu-escalao","status":"publish","type":"post","link":"https:\/\/diariodalagoa.pt\/en\/natacha-cande-ela-e-neste-momento-a-melhor-do-pais-no-seu-escalao\/","title":{"rendered":"Natacha Cand\u00e9: \u201cela \u00e9, neste momento, a melhor do pa\u00eds no seu escal\u00e3o\u201d"},"content":{"rendered":"<h3 class=\"wp-block-heading\">Atleta lagoense j\u00e1 ganhou 263 medalhas em sete anos de atletismo. O Di\u00e1rio da Lagoa foi acompanhar dois treinos enquanto conversou com Natacha Cand\u00e9 e com o treinador Jos\u00e9 Neves<\/h3>\n\n\n\n<figure class=\"wp-block-image size-full\"><img decoding=\"async\" width=\"960\" height=\"640\" src=\"https:\/\/diariodalagoa.pt\/wp-content\/uploads\/2025\/07\/natacha-cande-a-treinar-2-c-acacio-mateus.jpg\" alt=\"\" class=\"wp-image-157682\" srcset=\"https:\/\/diariodalagoa.pt\/wp-content\/uploads\/2025\/07\/natacha-cande-a-treinar-2-c-acacio-mateus.jpg 960w, https:\/\/diariodalagoa.pt\/wp-content\/uploads\/2025\/07\/natacha-cande-a-treinar-2-c-acacio-mateus-300x200.jpg 300w, https:\/\/diariodalagoa.pt\/wp-content\/uploads\/2025\/07\/natacha-cande-a-treinar-2-c-acacio-mateus-768x512.jpg 768w, https:\/\/diariodalagoa.pt\/wp-content\/uploads\/2025\/07\/natacha-cande-a-treinar-2-c-acacio-mateus-18x12.jpg 18w\" sizes=\"(max-width: 960px) 100vw, 960px\" \/><figcaption class=\"wp-element-caption\"><sup>Atleta tem 18 anos e n\u00e3o tem d\u00favidas que o n\u00famero de medalhas conquistadas vai subir  <mark style=\"background-color:rgba(0, 0, 0, 0)\" class=\"has-inline-color has-cyan-bluish-gray-color\">\u00a9 AC\u00c1CIO MATEUS<\/mark><\/sup><\/figcaption><\/figure>\n\n\n<p>J\u00e1 perdeu a conta \u00e0s medalhas que ganhou e que guarda em casa. S\u00f3 mais tarde, \u00e9 que nos soube dar um n\u00famero. Natacha Cand\u00e9, 18 anos, ganhou 263 medalhas em sete anos de atletismo. \u00c9 isso mesmo, conquistou mais de duas centenas de medalhas em menos de uma d\u00e9cada e o n\u00famero vai subir, n\u00e3o tem d\u00favidas.&nbsp;<\/p>\n<p>A conversa com o Di\u00e1rio da Lagoa (DL) acontece antes do seu treino di\u00e1rio, no Complexo Desportivo das Laranjeiras, em Ponta Delgada, ilha de S\u00e3o Miguel.&nbsp;<\/p>\n<p>Ao DL conta como tudo come\u00e7ou. \u201cEu fazia desporto escolar e um professor de Educa\u00e7\u00e3o F\u00edsica viu que eu era muito boa a fazer desporto, ent\u00e3o contactei o Clube Juventude Ilha Verde. Fiz os meus primeiros treinos e confesso que no in\u00edcio n\u00e3o estava a ser grande coisa mas depois havia os saltos, as barreiras e gostei mais, ent\u00e3o decidi ficar porque \u00e9 um desporto diferente\u201d.&nbsp;<\/p>\n<p>Barreiras \u00e9 aquilo que Natacha mais gosta dentro do leque de modalidades que existem no atletismo. E gosta sobretudo de provas combinadas que incluem, por exemplo, saltos, lan\u00e7amentos, velocidade e resist\u00eancia.<\/p>\n<p>O curr\u00edculo de Natacha Cand\u00e9 \u00e9 longo e soma muitos primeiros lugares. S\u00f3 este ano j\u00e1 conquistou quatro medalhas de ouro e uma de prata em provas nacionais de heptatlo, salto em altura e pentatlo, esta \u00faltima num torneio ib\u00e9rico de provas combinadas.&nbsp;<\/p>\n<p>No ano passado, a atleta natural da Lagoa, conquistou seis medalhas de ouro e em 2023, conseguiu tamb\u00e9m conquistar outras seis medalhas, todas de ouro.&nbsp;&nbsp;<\/p>\n\n\n<h3 class=\"wp-block-heading\"><strong>Treina seis dias por semana<\/strong><\/h3>\n\n\n\n<figure class=\"wp-block-image size-full\"><img decoding=\"async\" width=\"960\" height=\"640\" src=\"https:\/\/diariodalagoa.pt\/wp-content\/uploads\/2025\/07\/natacha-cande-a-treinar-3-c-acacio-mateus.jpg\" alt=\"\" class=\"wp-image-157683\" srcset=\"https:\/\/diariodalagoa.pt\/wp-content\/uploads\/2025\/07\/natacha-cande-a-treinar-3-c-acacio-mateus.jpg 960w, https:\/\/diariodalagoa.pt\/wp-content\/uploads\/2025\/07\/natacha-cande-a-treinar-3-c-acacio-mateus-300x200.jpg 300w, https:\/\/diariodalagoa.pt\/wp-content\/uploads\/2025\/07\/natacha-cande-a-treinar-3-c-acacio-mateus-768x512.jpg 768w, https:\/\/diariodalagoa.pt\/wp-content\/uploads\/2025\/07\/natacha-cande-a-treinar-3-c-acacio-mateus-18x12.jpg 18w\" sizes=\"(max-width: 960px) 100vw, 960px\" \/><figcaption class=\"wp-element-caption\"><sup>Natacha diz que o seu sucesso se deve \u00e0 persist\u00eancia e ao facto de &#8220;treinar bastante&#8221; <mark style=\"background-color:rgba(0, 0, 0, 0)\" class=\"has-inline-color has-cyan-bluish-gray-color\">\u00a9 AC\u00c1CIO MATEUS<\/mark><\/sup><\/figcaption><\/figure>\n\n\n<p>A lagoense revela o segredo do seu sucesso: \u201cmuita persist\u00eancia e treinar bastante\u201d. Ela treina todos os dias duas horas, seis dias por semana. E h\u00e1 meses, antes das provas, em que os treinos s\u00e3o bi-di\u00e1rios, ou seja, acontecem duas vezes por dia. Natacha Cand\u00e9 diz mesmo que o mais dif\u00edcil \u00e9 \u201cconciliar os estudos com os treinos\u201d.&nbsp;<\/p>\n<p>O seu maior sonho \u00e9 \u201cir aos ol\u00edmpicos em 2028\u201d. \u201cEstou a trabalhar para isso\u201d, assegura. Mas antes disso, tem os europeus de atletismo, este ver\u00e3o, estando j\u00e1 qualificada para a competi\u00e7\u00e3o.<\/p>\n<p>Para Jos\u00e9 Neves, o treinador, Natacha \u201c\u00e9 uma atleta muito empenhada e devido ao seu empenho tem os resultados que tem, que s\u00e3o extraordin\u00e1rios\u201d. O t\u00e9cnico diz que \u00e9 f\u00e1cil trabalhar com Natacha porque \u201cela sabe gerir bem os treinos\u201d. Destaca um defeito, que tamb\u00e9m pode ser uma qualidade: \u201c\u00e9 muito teimosa\u201d. Jos\u00e9 Neves n\u00e3o tem d\u00favidas: \u201cna modalidade, ela \u00e9, neste momento, a melhor do pa\u00eds no seu escal\u00e3o\u201d. E para Natacha, \u201cter aquela adrenalina dos saltos, da competi\u00e7\u00e3o\u201d \u00e9 o que mais a fascina.&nbsp;<\/p>\n\n\n<figure class=\"wp-block-image size-full\"><img decoding=\"async\" width=\"960\" height=\"639\" src=\"https:\/\/diariodalagoa.pt\/wp-content\/uploads\/2025\/07\/treinador-jose-neves-e-natacha-cande-c-sara-sousa-oliveira.jpg\" alt=\"\" class=\"wp-image-157687\" srcset=\"https:\/\/diariodalagoa.pt\/wp-content\/uploads\/2025\/07\/treinador-jose-neves-e-natacha-cande-c-sara-sousa-oliveira.jpg 960w, https:\/\/diariodalagoa.pt\/wp-content\/uploads\/2025\/07\/treinador-jose-neves-e-natacha-cande-c-sara-sousa-oliveira-300x200.jpg 300w, https:\/\/diariodalagoa.pt\/wp-content\/uploads\/2025\/07\/treinador-jose-neves-e-natacha-cande-c-sara-sousa-oliveira-768x511.jpg 768w, https:\/\/diariodalagoa.pt\/wp-content\/uploads\/2025\/07\/treinador-jose-neves-e-natacha-cande-c-sara-sousa-oliveira-18x12.jpg 18w\" sizes=\"(max-width: 960px) 100vw, 960px\" \/><figcaption class=\"wp-element-caption\"><sup>Treinador Jos\u00e9 Neves na companhia de Natacha Cand\u00e9<mark style=\"background-color:rgba(0, 0, 0, 0)\" class=\"has-inline-color has-cyan-bluish-gray-color\"> \u00a9 SARA SOUSA OLIVEIRA<\/mark><\/sup><\/figcaption><\/figure>\n\n\n<p>Mas a atleta lamenta que n\u00e3o haja uma pista coberta em S\u00e3o Miguel onde os desportistas possam treinar durante o inverno e sobretudo nos dias em que chove \u2014 e nos A\u00e7ores s\u00e3o muitos. D\u00e1 o exemplo do treino a que assistimos: \u201choje, por exemplo, n\u00e3o vou fazer altura, vou fazer barreiras por causa do vento\u201d. Para a lagoense, a inexist\u00eancia de uma pista coberta\u201d limita muito a evolu\u00e7\u00e3o dos atletas que podiam ir ainda mais longe\u201d.<\/p>\n<p>O treinador, Jos\u00e9 Neves, corrobora as palavras da sua atleta e alerta: \u201cse chove, o gin\u00e1sio fica cheio e n\u00e3o se consegue treinar em condi\u00e7\u00f5es. Para quem est\u00e1 no alto rendimento \u00e9 prejudicial porque fica com o treino condicionado\u201d.<\/p>\n\n<div class=\"wp-block-image\">\n<figure class=\"aligncenter size-full\"><img decoding=\"async\" width=\"640\" height=\"960\" src=\"https:\/\/diariodalagoa.pt\/wp-content\/uploads\/2025\/07\/natacha-cande-a-treinar-1-c-acacio-mateus.jpg\" alt=\"\" class=\"wp-image-157684\" srcset=\"https:\/\/diariodalagoa.pt\/wp-content\/uploads\/2025\/07\/natacha-cande-a-treinar-1-c-acacio-mateus.jpg 640w, https:\/\/diariodalagoa.pt\/wp-content\/uploads\/2025\/07\/natacha-cande-a-treinar-1-c-acacio-mateus-200x300.jpg 200w, https:\/\/diariodalagoa.pt\/wp-content\/uploads\/2025\/07\/natacha-cande-a-treinar-1-c-acacio-mateus-8x12.jpg 8w\" sizes=\"(max-width: 640px) 100vw, 640px\" \/><figcaption class=\"wp-element-caption\"><sup>Atleta lamenta n\u00e3o haja uma pista coberta em S\u00e3o Miguel <mark style=\"background-color:rgba(0, 0, 0, 0)\" class=\"has-inline-color has-cyan-bluish-gray-color\">\u00a9 AC\u00c1CIO MATEUS<\/mark><\/sup><\/figcaption><\/figure><\/div>\n\n<p>Para al\u00e9m disso, o t\u00e9cnico tamb\u00e9m explica que nas Laranjeiras \u201cquando h\u00e1 futebol, durante a \u00e9poca, n\u00e3o se pode lan\u00e7ar martelo e disco. Temos atletas no top cinco que se treinassem o ano inteiro podiam estar no top tr\u00eas, mas infelizmente n\u00e3o\u201d.\u00a0<\/p>\n<p>Pergunt\u00e1mos a Natacha o que mais gosta de fazer nos tempos livres. A atleta respondeu que n\u00e3o lhe sobra muito tempo livre, para al\u00e9m dos treinos e dos estudos. Mas n\u00e3o tem d\u00favidas de que quer continuar a perseguir o sonho de seguir o atletismo no futuro de forma exclusiva. E n\u00e3o restam muitas d\u00favidas de que \u00e9 um sonho que facilmente se tornar\u00e1 realidade.<\/p>","protected":false},"excerpt":{"rendered":"<p>Atleta lagoense j\u00e1 ganhou 263 medalhas em sete anos de atletismo. O Di\u00e1rio da Lagoa foi acompanhar dois treinos enquanto conversou com Natacha Cand\u00e9 e com o treinador Jos\u00e9 Neves.<\/p>","protected":false},"author":2,"featured_media":157682,"comment_status":"open","ping_status":"closed","sticky":false,"template":"","format":"standard","meta":[],"categories":[7],"tags":[3192,3193,66,321,342,3191],"acf":[],"yoast_head":"<!-- This site is optimized with the Yoast SEO plugin v20.10 - https:\/\/yoast.com\/wordpress\/plugins\/seo\/ -->\n<title>Natacha Cand\u00e9: \u201cela \u00e9, neste momento, a melhor do pa\u00eds no seu escal\u00e3o\u201d - Di\u00e1rio da Lagoa<\/title>\n<meta name=\"robots\" content=\"index, follow, max-snippet:-1, max-image-preview:large, max-video-preview:-1\" \/>\n<link rel=\"canonical\" href=\"https:\/\/diariodalagoa.pt\/en\/natacha-cande-ela-e-neste-momento-a-melhor-do-pais-no-seu-escalao\/\" \/>\n<meta property=\"og:locale\" content=\"en_US\" \/>\n<meta property=\"og:type\" content=\"article\" \/>\n<meta property=\"og:title\" content=\"Natacha Cand\u00e9: \u201cela \u00e9, neste momento, a melhor do pa\u00eds no seu escal\u00e3o\u201d - Di\u00e1rio da Lagoa\" \/>\n<meta property=\"og:description\" content=\"Atleta lagoense j\u00e1 ganhou 263 medalhas em sete anos de atletismo. O Di\u00e1rio da Lagoa foi acompanhar dois treinos enquanto conversou com Natacha Cand\u00e9 e com o treinador Jos\u00e9 Neves.\" \/>\n<meta property=\"og:url\" content=\"https:\/\/diariodalagoa.pt\/en\/natacha-cande-ela-e-neste-momento-a-melhor-do-pais-no-seu-escalao\/\" \/>\n<meta property=\"og:site_name\" content=\"Di\u00e1rio da Lagoa\" \/>\n<meta property=\"article:published_time\" content=\"2025-07-13T11:45:29+00:00\" \/>\n<meta property=\"article:modified_time\" content=\"2025-07-13T19:53:30+00:00\" \/>\n<meta property=\"og:image\" content=\"https:\/\/diariodalagoa.pt\/wp-content\/uploads\/2025\/07\/natacha-cande-a-treinar-2-c-acacio-mateus.jpg\" \/>\n\t<meta property=\"og:image:width\" content=\"960\" \/>\n\t<meta property=\"og:image:height\" content=\"640\" \/>\n\t<meta property=\"og:image:type\" content=\"image\/jpeg\" \/>\n<meta name=\"author\" content=\"Di\u00e1rio da Lagoa\" \/>\n<meta name=\"twitter:card\" content=\"summary_large_image\" \/>\n<meta name=\"twitter:label1\" content=\"Written by\" \/>\n\t<meta name=\"twitter:data1\" content=\"Di\u00e1rio da Lagoa\" \/>\n\t<meta name=\"twitter:label2\" content=\"Est. reading time\" \/>\n\t<meta name=\"twitter:data2\" content=\"5 minutes\" \/>\n<script type=\"application\/ld+json\" class=\"yoast-schema-graph\">{\"@context\":\"https:\/\/schema.org\",\"@graph\":[{\"@type\":\"WebPage\",\"@id\":\"https:\/\/diariodalagoa.pt\/natacha-cande-ela-e-neste-momento-a-melhor-do-pais-no-seu-escalao\/\",\"url\":\"https:\/\/diariodalagoa.pt\/natacha-cande-ela-e-neste-momento-a-melhor-do-pais-no-seu-escalao\/\",\"name\":\"Natacha Cand\u00e9: \u201cela \u00e9, neste momento, a melhor do pa\u00eds no seu escal\u00e3o\u201d - Di\u00e1rio da Lagoa\",\"isPartOf\":{\"@id\":\"https:\/\/diariodalagoa.pt\/#website\"},\"datePublished\":\"2025-07-13T11:45:29+00:00\",\"dateModified\":\"2025-07-13T19:53:30+00:00\",\"author\":{\"@id\":\"https:\/\/diariodalagoa.pt\/#\/schema\/person\/1615a002370e8857b6f972834bc43ece\"},\"breadcrumb\":{\"@id\":\"https:\/\/diariodalagoa.pt\/natacha-cande-ela-e-neste-momento-a-melhor-do-pais-no-seu-escalao\/#breadcrumb\"},\"inLanguage\":\"en-US\",\"potentialAction\":[{\"@type\":\"ReadAction\",\"target\":[\"https:\/\/diariodalagoa.pt\/natacha-cande-ela-e-neste-momento-a-melhor-do-pais-no-seu-escalao\/\"]}]},{\"@type\":\"BreadcrumbList\",\"@id\":\"https:\/\/diariodalagoa.pt\/natacha-cande-ela-e-neste-momento-a-melhor-do-pais-no-seu-escalao\/#breadcrumb\",\"itemListElement\":[{\"@type\":\"ListItem\",\"position\":1,\"name\":\"In\u00edcio\",\"item\":\"https:\/\/diariodalagoa.pt\/\"},{\"@type\":\"ListItem\",\"position\":2,\"name\":\"Natacha Cand\u00e9: \u201cela \u00e9, neste momento, a melhor do pa\u00eds no seu escal\u00e3o\u201d\"}]},{\"@type\":\"WebSite\",\"@id\":\"https:\/\/diariodalagoa.pt\/#website\",\"url\":\"https:\/\/diariodalagoa.pt\/\",\"name\":\"Di\u00e1rio da Lagoa\",\"description\":\"Di\u00e1rio da Lagoa. As not\u00edcias que contam. A partir da Lagoa, nos A\u00e7ores, para o mundo.\",\"potentialAction\":[{\"@type\":\"SearchAction\",\"target\":{\"@type\":\"EntryPoint\",\"urlTemplate\":\"https:\/\/diariodalagoa.pt\/?s={search_term_string}\"},\"query-input\":\"required name=search_term_string\"}],\"inLanguage\":\"en-US\"},{\"@type\":\"Person\",\"@id\":\"https:\/\/diariodalagoa.pt\/#\/schema\/person\/1615a002370e8857b6f972834bc43ece\",\"name\":\"Di\u00e1rio da Lagoa\",\"image\":{\"@type\":\"ImageObject\",\"inLanguage\":\"en-US\",\"@id\":\"https:\/\/diariodalagoa.pt\/#\/schema\/person\/image\/\",\"url\":\"https:\/\/secure.gravatar.com\/avatar\/2cb5cef90a26f8fbd4d9d930608102c5?s=96&d=mm&r=g\",\"contentUrl\":\"https:\/\/secure.gravatar.com\/avatar\/2cb5cef90a26f8fbd4d9d930608102c5?s=96&d=mm&r=g\",\"caption\":\"Di\u00e1rio da Lagoa\"},\"url\":\"https:\/\/diariodalagoa.pt\/en\/author\/diariodalagoa\/\"}]}<\/script>\n<!-- \/ Yoast SEO plugin. -->","yoast_head_json":{"title":"Natacha Cand\u00e9: \u201cela \u00e9, neste momento, a melhor do pa\u00eds no seu escal\u00e3o\u201d - Di\u00e1rio da Lagoa","robots":{"index":"index","follow":"follow","max-snippet":"max-snippet:-1","max-image-preview":"max-image-preview:large","max-video-preview":"max-video-preview:-1"},"canonical":"https:\/\/diariodalagoa.pt\/en\/natacha-cande-ela-e-neste-momento-a-melhor-do-pais-no-seu-escalao\/","og_locale":"en_US","og_type":"article","og_title":"Natacha Cand\u00e9: \u201cela \u00e9, neste momento, a melhor do pa\u00eds no seu escal\u00e3o\u201d - Di\u00e1rio da Lagoa","og_description":"Atleta lagoense j\u00e1 ganhou 263 medalhas em sete anos de atletismo. O Di\u00e1rio da Lagoa foi acompanhar dois treinos enquanto conversou com Natacha Cand\u00e9 e com o treinador Jos\u00e9 Neves.","og_url":"https:\/\/diariodalagoa.pt\/en\/natacha-cande-ela-e-neste-momento-a-melhor-do-pais-no-seu-escalao\/","og_site_name":"Di\u00e1rio da Lagoa","article_published_time":"2025-07-13T11:45:29+00:00","article_modified_time":"2025-07-13T19:53:30+00:00","og_image":[{"width":960,"height":640,"url":"https:\/\/diariodalagoa.pt\/wp-content\/uploads\/2025\/07\/natacha-cande-a-treinar-2-c-acacio-mateus.jpg","type":"image\/jpeg"}],"author":"Di\u00e1rio da Lagoa","twitter_card":"summary_large_image","twitter_misc":{"Written by":"Di\u00e1rio da Lagoa","Est. reading time":"5 minutes"},"schema":{"@context":"https:\/\/schema.org","@graph":[{"@type":"WebPage","@id":"https:\/\/diariodalagoa.pt\/natacha-cande-ela-e-neste-momento-a-melhor-do-pais-no-seu-escalao\/","url":"https:\/\/diariodalagoa.pt\/natacha-cande-ela-e-neste-momento-a-melhor-do-pais-no-seu-escalao\/","name":"Natacha Cand\u00e9: \u201cela \u00e9, neste momento, a melhor do pa\u00eds no seu escal\u00e3o\u201d - Di\u00e1rio da Lagoa","isPartOf":{"@id":"https:\/\/diariodalagoa.pt\/#website"},"datePublished":"2025-07-13T11:45:29+00:00","dateModified":"2025-07-13T19:53:30+00:00","author":{"@id":"https:\/\/diariodalagoa.pt\/#\/schema\/person\/1615a002370e8857b6f972834bc43ece"},"breadcrumb":{"@id":"https:\/\/diariodalagoa.pt\/natacha-cande-ela-e-neste-momento-a-melhor-do-pais-no-seu-escalao\/#breadcrumb"},"inLanguage":"en-US","potentialAction":[{"@type":"ReadAction","target":["https:\/\/diariodalagoa.pt\/natacha-cande-ela-e-neste-momento-a-melhor-do-pais-no-seu-escalao\/"]}]},{"@type":"BreadcrumbList","@id":"https:\/\/diariodalagoa.pt\/natacha-cande-ela-e-neste-momento-a-melhor-do-pais-no-seu-escalao\/#breadcrumb","itemListElement":[{"@type":"ListItem","position":1,"name":"In\u00edcio","item":"https:\/\/diariodalagoa.pt\/"},{"@type":"ListItem","position":2,"name":"Natacha Cand\u00e9: \u201cela \u00e9, neste momento, a melhor do pa\u00eds no seu escal\u00e3o\u201d"}]},{"@type":"WebSite","@id":"https:\/\/diariodalagoa.pt\/#website","url":"https:\/\/diariodalagoa.pt\/","name":"Di\u00e1rio da Lagoa","description":"Di\u00e1rio da Lagoa. As not\u00edcias que contam. A partir da Lagoa, nos A\u00e7ores, para o mundo.","potentialAction":[{"@type":"SearchAction","target":{"@type":"EntryPoint","urlTemplate":"https:\/\/diariodalagoa.pt\/?s={search_term_string}"},"query-input":"required name=search_term_string"}],"inLanguage":"en-US"},{"@type":"Person","@id":"https:\/\/diariodalagoa.pt\/#\/schema\/person\/1615a002370e8857b6f972834bc43ece","name":"Di\u00e1rio da Lagoa","image":{"@type":"ImageObject","inLanguage":"en-US","@id":"https:\/\/diariodalagoa.pt\/#\/schema\/person\/image\/","url":"https:\/\/secure.gravatar.com\/avatar\/2cb5cef90a26f8fbd4d9d930608102c5?s=96&d=mm&r=g","contentUrl":"https:\/\/secure.gravatar.com\/avatar\/2cb5cef90a26f8fbd4d9d930608102c5?s=96&d=mm&r=g","caption":"Di\u00e1rio da Lagoa"},"url":"https:\/\/diariodalagoa.pt\/en\/author\/diariodalagoa\/"}]}},"_links":{"self":[{"href":"https:\/\/diariodalagoa.pt\/en\/wp-json\/wp\/v2\/posts\/157680"}],"collection":[{"href":"https:\/\/diariodalagoa.pt\/en\/wp-json\/wp\/v2\/posts"}],"about":[{"href":"https:\/\/diariodalagoa.pt\/en\/wp-json\/wp\/v2\/types\/post"}],"author":[{"embeddable":true,"href":"https:\/\/diariodalagoa.pt\/en\/wp-json\/wp\/v2\/users\/2"}],"replies":[{"embeddable":true,"href":"https:\/\/diariodalagoa.pt\/en\/wp-json\/wp\/v2\/comments?post=157680"}],"version-history":[{"count":5,"href":"https:\/\/diariodalagoa.pt\/en\/wp-json\/wp\/v2\/posts\/157680\/revisions"}],"predecessor-version":[{"id":157690,"href":"https:\/\/diariodalagoa.pt\/en\/wp-json\/wp\/v2\/posts\/157680\/revisions\/157690"}],"wp:featuredmedia":[{"embeddable":true,"href":"https:\/\/diariodalagoa.pt\/en\/wp-json\/wp\/v2\/media\/157682"}],"wp:attachment":[{"href":"https:\/\/diariodalagoa.pt\/en\/wp-json\/wp\/v2\/media?parent=157680"}],"wp:term":[{"taxonomy":"category","embeddable":true,"href":"https:\/\/diariodalagoa.pt\/en\/wp-json\/wp\/v2\/categories?post=157680"},{"taxonomy":"post_tag","embeddable":true,"href":"https:\/\/diariodalagoa.pt\/en\/wp-json\/wp\/v2\/tags?post=157680"}],"curies":[{"name":"wp","href":"https:\/\/api.w.org\/{rel}","templated":true}]}}