{"id":157589,"date":"2025-07-11T10:27:09","date_gmt":"2025-07-11T10:27:09","guid":{"rendered":"https:\/\/diariodalagoa.pt\/?p=157589"},"modified":"2025-07-11T10:30:27","modified_gmt":"2025-07-11T10:30:27","slug":"zonas-balneares-da-povoacao-com-reforco-de-equipamentos-de-radio","status":"publish","type":"post","link":"https:\/\/diariodalagoa.pt\/en\/zonas-balneares-da-povoacao-com-reforco-de-equipamentos-de-radio\/","title":{"rendered":"Zonas balneares da Povoa\u00e7\u00e3o com refor\u00e7o de equipamentos de r\u00e1dio"},"content":{"rendered":"<figure class=\"wp-block-image size-full\"><img decoding=\"async\" width=\"960\" height=\"640\" src=\"https:\/\/diariodalagoa.pt\/wp-content\/uploads\/2025\/07\/associacao-de-nadadores-da-costa-norte-2025-cm-povoacao.jpg\" alt=\"\" class=\"wp-image-157592\" srcset=\"https:\/\/diariodalagoa.pt\/wp-content\/uploads\/2025\/07\/associacao-de-nadadores-da-costa-norte-2025-cm-povoacao.jpg 960w, https:\/\/diariodalagoa.pt\/wp-content\/uploads\/2025\/07\/associacao-de-nadadores-da-costa-norte-2025-cm-povoacao-300x200.jpg 300w, https:\/\/diariodalagoa.pt\/wp-content\/uploads\/2025\/07\/associacao-de-nadadores-da-costa-norte-2025-cm-povoacao-768x512.jpg 768w, https:\/\/diariodalagoa.pt\/wp-content\/uploads\/2025\/07\/associacao-de-nadadores-da-costa-norte-2025-cm-povoacao-18x12.jpg 18w\" sizes=\"(max-width: 960px) 100vw, 960px\" \/><figcaption class=\"wp-element-caption\"><sup><mark style=\"background-color:rgba(0, 0, 0, 0)\" class=\"has-inline-color has-cyan-bluish-gray-color\">\u00a9 CM POVOA\u00c7\u00c3O<\/mark><\/sup><\/figcaption><\/figure>\n\n\n<p style=\"text-align: left;\" align=\"JUSTIFY\">O Clube Naval da Povoa\u00e7\u00e3o, em parceria com o Munic\u00edpio da Povoa\u00e7\u00e3o, cedeu tr\u00eas equipamentos de r\u00e1dio \u00e0 Associa\u00e7\u00e3o de Nadadores da Costa Norte.<\/p>\n<p style=\"text-align: left;\" align=\"JUSTIFY\">Segundo nota de imprensa enviada pela autarquia povoacense \u00e0s reda\u00e7\u00f5es, esta iniciativa tem como principal objetivo refor\u00e7ar a seguran\u00e7a nas zonas balneares do concelho da Povoa\u00e7\u00e3o e melhorar a comunica\u00e7\u00e3o em situa\u00e7\u00f5es de emerg\u00eancia ou necessidade de socorro.<\/p>\n<p style=\"text-align: left;\" align=\"JUSTIFY\">&#8220;A entrega destes meios de comunica\u00e7\u00e3o representa um contributo significativo para a efic\u00e1cia da vigil\u00e2ncia e resposta r\u00e1pida em contextos cr\u00edticos, promovendo um ambiente mais seguro para todos os que frequentam as zonas balneares do concelho&#8221;, justifica a autarquia.<\/p>\n<p align=\"JUSTIFY\">O Munic\u00edpio da Povoa\u00e7\u00e3o e o Clube Naval da Povoa\u00e7\u00e3o reiteram ainda o seu compromisso com &#8220;a seguran\u00e7a e bem-estar da comunidade, reconhecendo o trabalho essencial desenvolvido pelos nadadores-salvadores&#8221;.<\/p>","protected":false},"excerpt":{"rendered":"<p>Foram cedidos tr\u00eas equipamentos de r\u00e1dio \u00e0 Associa\u00e7\u00e3o de Nadadores para melhorar a comunica\u00e7\u00e3o em situa\u00e7\u00f5es de emerg\u00eancia ou de socorro.<\/p>","protected":false},"author":2,"featured_media":157592,"comment_status":"open","ping_status":"closed","sticky":false,"template":"","format":"standard","meta":[],"categories":[21],"tags":[254,3175,3176],"acf":[],"yoast_head":"<!-- This site is optimized with the Yoast SEO plugin v20.10 - https:\/\/yoast.com\/wordpress\/plugins\/seo\/ -->\n<title>Zonas balneares da Povoa\u00e7\u00e3o com refor\u00e7o de equipamentos de r\u00e1dio - Di\u00e1rio da Lagoa<\/title>\n<meta name=\"description\" content=\"Foram cedidos tr\u00eas equipamentos de r\u00e1dio \u00e0 Associa\u00e7\u00e3o de Nadadores para melhorar a comunica\u00e7\u00e3o em situa\u00e7\u00f5es de emerg\u00eancia ou de socorro.\" \/>\n<meta name=\"robots\" content=\"index, follow, max-snippet:-1, max-image-preview:large, max-video-preview:-1\" \/>\n<link rel=\"canonical\" href=\"https:\/\/diariodalagoa.pt\/en\/zonas-balneares-da-povoacao-com-reforco-de-equipamentos-de-radio\/\" \/>\n<meta property=\"og:locale\" content=\"en_US\" \/>\n<meta property=\"og:type\" content=\"article\" \/>\n<meta property=\"og:title\" content=\"Zonas balneares da Povoa\u00e7\u00e3o com refor\u00e7o de equipamentos de r\u00e1dio - Di\u00e1rio da Lagoa\" \/>\n<meta property=\"og:description\" content=\"Foram cedidos tr\u00eas equipamentos de r\u00e1dio \u00e0 Associa\u00e7\u00e3o de Nadadores para melhorar a comunica\u00e7\u00e3o em situa\u00e7\u00f5es de emerg\u00eancia ou de socorro.\" \/>\n<meta property=\"og:url\" content=\"https:\/\/diariodalagoa.pt\/en\/zonas-balneares-da-povoacao-com-reforco-de-equipamentos-de-radio\/\" \/>\n<meta property=\"og:site_name\" content=\"Di\u00e1rio da Lagoa\" \/>\n<meta property=\"article:published_time\" content=\"2025-07-11T10:27:09+00:00\" \/>\n<meta property=\"article:modified_time\" content=\"2025-07-11T10:30:27+00:00\" \/>\n<meta property=\"og:image\" content=\"https:\/\/diariodalagoa.pt\/wp-content\/uploads\/2025\/07\/associacao-de-nadadores-da-costa-norte-2025-cm-povoacao.jpg\" \/>\n\t<meta property=\"og:image:width\" content=\"960\" \/>\n\t<meta property=\"og:image:height\" content=\"640\" \/>\n\t<meta property=\"og:image:type\" content=\"image\/jpeg\" \/>\n<meta name=\"author\" content=\"Di\u00e1rio da Lagoa\" \/>\n<meta name=\"twitter:card\" content=\"summary_large_image\" \/>\n<meta name=\"twitter:label1\" content=\"Written by\" \/>\n\t<meta name=\"twitter:data1\" content=\"Di\u00e1rio da Lagoa\" \/>\n\t<meta name=\"twitter:label2\" content=\"Est. reading time\" \/>\n\t<meta name=\"twitter:data2\" content=\"1 minute\" \/>\n<script type=\"application\/ld+json\" class=\"yoast-schema-graph\">{\"@context\":\"https:\/\/schema.org\",\"@graph\":[{\"@type\":\"WebPage\",\"@id\":\"https:\/\/diariodalagoa.pt\/zonas-balneares-da-povoacao-com-reforco-de-equipamentos-de-radio\/\",\"url\":\"https:\/\/diariodalagoa.pt\/zonas-balneares-da-povoacao-com-reforco-de-equipamentos-de-radio\/\",\"name\":\"Zonas balneares da Povoa\u00e7\u00e3o com refor\u00e7o de equipamentos de r\u00e1dio - Di\u00e1rio da Lagoa\",\"isPartOf\":{\"@id\":\"https:\/\/diariodalagoa.pt\/#website\"},\"datePublished\":\"2025-07-11T10:27:09+00:00\",\"dateModified\":\"2025-07-11T10:30:27+00:00\",\"author\":{\"@id\":\"https:\/\/diariodalagoa.pt\/#\/schema\/person\/1615a002370e8857b6f972834bc43ece\"},\"description\":\"Foram cedidos tr\u00eas equipamentos de r\u00e1dio \u00e0 Associa\u00e7\u00e3o de Nadadores para melhorar a comunica\u00e7\u00e3o em situa\u00e7\u00f5es de emerg\u00eancia ou de socorro.\",\"breadcrumb\":{\"@id\":\"https:\/\/diariodalagoa.pt\/zonas-balneares-da-povoacao-com-reforco-de-equipamentos-de-radio\/#breadcrumb\"},\"inLanguage\":\"en-US\",\"potentialAction\":[{\"@type\":\"ReadAction\",\"target\":[\"https:\/\/diariodalagoa.pt\/zonas-balneares-da-povoacao-com-reforco-de-equipamentos-de-radio\/\"]}]},{\"@type\":\"BreadcrumbList\",\"@id\":\"https:\/\/diariodalagoa.pt\/zonas-balneares-da-povoacao-com-reforco-de-equipamentos-de-radio\/#breadcrumb\",\"itemListElement\":[{\"@type\":\"ListItem\",\"position\":1,\"name\":\"In\u00edcio\",\"item\":\"https:\/\/diariodalagoa.pt\/\"},{\"@type\":\"ListItem\",\"position\":2,\"name\":\"Zonas balneares da Povoa\u00e7\u00e3o com refor\u00e7o de equipamentos de r\u00e1dio\"}]},{\"@type\":\"WebSite\",\"@id\":\"https:\/\/diariodalagoa.pt\/#website\",\"url\":\"https:\/\/diariodalagoa.pt\/\",\"name\":\"Di\u00e1rio da Lagoa\",\"description\":\"Di\u00e1rio da Lagoa. As not\u00edcias que contam. A partir da Lagoa, nos A\u00e7ores, para o mundo.\",\"potentialAction\":[{\"@type\":\"SearchAction\",\"target\":{\"@type\":\"EntryPoint\",\"urlTemplate\":\"https:\/\/diariodalagoa.pt\/?s={search_term_string}\"},\"query-input\":\"required name=search_term_string\"}],\"inLanguage\":\"en-US\"},{\"@type\":\"Person\",\"@id\":\"https:\/\/diariodalagoa.pt\/#\/schema\/person\/1615a002370e8857b6f972834bc43ece\",\"name\":\"Di\u00e1rio da Lagoa\",\"image\":{\"@type\":\"ImageObject\",\"inLanguage\":\"en-US\",\"@id\":\"https:\/\/diariodalagoa.pt\/#\/schema\/person\/image\/\",\"url\":\"https:\/\/secure.gravatar.com\/avatar\/2cb5cef90a26f8fbd4d9d930608102c5?s=96&d=mm&r=g\",\"contentUrl\":\"https:\/\/secure.gravatar.com\/avatar\/2cb5cef90a26f8fbd4d9d930608102c5?s=96&d=mm&r=g\",\"caption\":\"Di\u00e1rio da Lagoa\"},\"url\":\"https:\/\/diariodalagoa.pt\/en\/author\/diariodalagoa\/\"}]}<\/script>\n<!-- \/ Yoast SEO plugin. -->","yoast_head_json":{"title":"Zonas balneares da Povoa\u00e7\u00e3o com refor\u00e7o de equipamentos de r\u00e1dio - Di\u00e1rio da Lagoa","description":"Foram cedidos tr\u00eas equipamentos de r\u00e1dio \u00e0 Associa\u00e7\u00e3o de Nadadores para melhorar a comunica\u00e7\u00e3o em situa\u00e7\u00f5es de emerg\u00eancia ou de socorro.","robots":{"index":"index","follow":"follow","max-snippet":"max-snippet:-1","max-image-preview":"max-image-preview:large","max-video-preview":"max-video-preview:-1"},"canonical":"https:\/\/diariodalagoa.pt\/en\/zonas-balneares-da-povoacao-com-reforco-de-equipamentos-de-radio\/","og_locale":"en_US","og_type":"article","og_title":"Zonas balneares da Povoa\u00e7\u00e3o com refor\u00e7o de equipamentos de r\u00e1dio - Di\u00e1rio da Lagoa","og_description":"Foram cedidos tr\u00eas equipamentos de r\u00e1dio \u00e0 Associa\u00e7\u00e3o de Nadadores para melhorar a comunica\u00e7\u00e3o em situa\u00e7\u00f5es de emerg\u00eancia ou de socorro.","og_url":"https:\/\/diariodalagoa.pt\/en\/zonas-balneares-da-povoacao-com-reforco-de-equipamentos-de-radio\/","og_site_name":"Di\u00e1rio da Lagoa","article_published_time":"2025-07-11T10:27:09+00:00","article_modified_time":"2025-07-11T10:30:27+00:00","og_image":[{"width":960,"height":640,"url":"https:\/\/diariodalagoa.pt\/wp-content\/uploads\/2025\/07\/associacao-de-nadadores-da-costa-norte-2025-cm-povoacao.jpg","type":"image\/jpeg"}],"author":"Di\u00e1rio da Lagoa","twitter_card":"summary_large_image","twitter_misc":{"Written by":"Di\u00e1rio da Lagoa","Est. reading time":"1 minute"},"schema":{"@context":"https:\/\/schema.org","@graph":[{"@type":"WebPage","@id":"https:\/\/diariodalagoa.pt\/zonas-balneares-da-povoacao-com-reforco-de-equipamentos-de-radio\/","url":"https:\/\/diariodalagoa.pt\/zonas-balneares-da-povoacao-com-reforco-de-equipamentos-de-radio\/","name":"Zonas balneares da Povoa\u00e7\u00e3o com refor\u00e7o de equipamentos de r\u00e1dio - Di\u00e1rio da Lagoa","isPartOf":{"@id":"https:\/\/diariodalagoa.pt\/#website"},"datePublished":"2025-07-11T10:27:09+00:00","dateModified":"2025-07-11T10:30:27+00:00","author":{"@id":"https:\/\/diariodalagoa.pt\/#\/schema\/person\/1615a002370e8857b6f972834bc43ece"},"description":"Foram cedidos tr\u00eas equipamentos de r\u00e1dio \u00e0 Associa\u00e7\u00e3o de Nadadores para melhorar a comunica\u00e7\u00e3o em situa\u00e7\u00f5es de emerg\u00eancia ou de socorro.","breadcrumb":{"@id":"https:\/\/diariodalagoa.pt\/zonas-balneares-da-povoacao-com-reforco-de-equipamentos-de-radio\/#breadcrumb"},"inLanguage":"en-US","potentialAction":[{"@type":"ReadAction","target":["https:\/\/diariodalagoa.pt\/zonas-balneares-da-povoacao-com-reforco-de-equipamentos-de-radio\/"]}]},{"@type":"BreadcrumbList","@id":"https:\/\/diariodalagoa.pt\/zonas-balneares-da-povoacao-com-reforco-de-equipamentos-de-radio\/#breadcrumb","itemListElement":[{"@type":"ListItem","position":1,"name":"In\u00edcio","item":"https:\/\/diariodalagoa.pt\/"},{"@type":"ListItem","position":2,"name":"Zonas balneares da Povoa\u00e7\u00e3o com refor\u00e7o de equipamentos de r\u00e1dio"}]},{"@type":"WebSite","@id":"https:\/\/diariodalagoa.pt\/#website","url":"https:\/\/diariodalagoa.pt\/","name":"Di\u00e1rio da Lagoa","description":"Di\u00e1rio da Lagoa. As not\u00edcias que contam. A partir da Lagoa, nos A\u00e7ores, para o mundo.","potentialAction":[{"@type":"SearchAction","target":{"@type":"EntryPoint","urlTemplate":"https:\/\/diariodalagoa.pt\/?s={search_term_string}"},"query-input":"required name=search_term_string"}],"inLanguage":"en-US"},{"@type":"Person","@id":"https:\/\/diariodalagoa.pt\/#\/schema\/person\/1615a002370e8857b6f972834bc43ece","name":"Di\u00e1rio da Lagoa","image":{"@type":"ImageObject","inLanguage":"en-US","@id":"https:\/\/diariodalagoa.pt\/#\/schema\/person\/image\/","url":"https:\/\/secure.gravatar.com\/avatar\/2cb5cef90a26f8fbd4d9d930608102c5?s=96&d=mm&r=g","contentUrl":"https:\/\/secure.gravatar.com\/avatar\/2cb5cef90a26f8fbd4d9d930608102c5?s=96&d=mm&r=g","caption":"Di\u00e1rio da Lagoa"},"url":"https:\/\/diariodalagoa.pt\/en\/author\/diariodalagoa\/"}]}},"_links":{"self":[{"href":"https:\/\/diariodalagoa.pt\/en\/wp-json\/wp\/v2\/posts\/157589"}],"collection":[{"href":"https:\/\/diariodalagoa.pt\/en\/wp-json\/wp\/v2\/posts"}],"about":[{"href":"https:\/\/diariodalagoa.pt\/en\/wp-json\/wp\/v2\/types\/post"}],"author":[{"embeddable":true,"href":"https:\/\/diariodalagoa.pt\/en\/wp-json\/wp\/v2\/users\/2"}],"replies":[{"embeddable":true,"href":"https:\/\/diariodalagoa.pt\/en\/wp-json\/wp\/v2\/comments?post=157589"}],"version-history":[{"count":3,"href":"https:\/\/diariodalagoa.pt\/en\/wp-json\/wp\/v2\/posts\/157589\/revisions"}],"predecessor-version":[{"id":157598,"href":"https:\/\/diariodalagoa.pt\/en\/wp-json\/wp\/v2\/posts\/157589\/revisions\/157598"}],"wp:featuredmedia":[{"embeddable":true,"href":"https:\/\/diariodalagoa.pt\/en\/wp-json\/wp\/v2\/media\/157592"}],"wp:attachment":[{"href":"https:\/\/diariodalagoa.pt\/en\/wp-json\/wp\/v2\/media?parent=157589"}],"wp:term":[{"taxonomy":"category","embeddable":true,"href":"https:\/\/diariodalagoa.pt\/en\/wp-json\/wp\/v2\/categories?post=157589"},{"taxonomy":"post_tag","embeddable":true,"href":"https:\/\/diariodalagoa.pt\/en\/wp-json\/wp\/v2\/tags?post=157589"}],"curies":[{"name":"wp","href":"https:\/\/api.w.org\/{rel}","templated":true}]}}