{"id":157555,"date":"2025-07-10T08:51:08","date_gmt":"2025-07-10T08:51:08","guid":{"rendered":"https:\/\/diariodalagoa.pt\/?p=157555"},"modified":"2025-07-10T08:51:30","modified_gmt":"2025-07-10T08:51:30","slug":"as-pessoas-tristes","status":"publish","type":"post","link":"https:\/\/diariodalagoa.pt\/en\/as-pessoas-tristes\/","title":{"rendered":"As pessoas tristes"},"content":{"rendered":"<div class=\"wp-block-image is-style-rounded\">\n<figure class=\"aligncenter size-full is-resized\"><img decoding=\"async\" src=\"https:\/\/diariodalagoa.pt\/wp-content\/uploads\/2025\/06\/julio-tavares-oliveira-retrato.jpg\" alt=\"\" class=\"wp-image-152512\" width=\"383\" height=\"383\" srcset=\"https:\/\/diariodalagoa.pt\/wp-content\/uploads\/2025\/06\/julio-tavares-oliveira-retrato.jpg 620w, https:\/\/diariodalagoa.pt\/wp-content\/uploads\/2025\/06\/julio-tavares-oliveira-retrato-300x300.jpg 300w, https:\/\/diariodalagoa.pt\/wp-content\/uploads\/2025\/06\/julio-tavares-oliveira-retrato-150x150.jpg 150w, https:\/\/diariodalagoa.pt\/wp-content\/uploads\/2025\/06\/julio-tavares-oliveira-retrato-12x12.jpg 12w\" sizes=\"(max-width: 383px) 100vw, 383px\" \/><\/figure><\/div>\n\n\n<div style=\"height:25px\" aria-hidden=\"true\" class=\"wp-block-spacer\"><\/div>\n\n\n<p style=\"text-align: center;\"><strong>J\u00falio Tavares Oliveira<\/strong><br \/>Professor de PLNM<br \/>Licenciado em Estudos Portugueses e Ingleses<br \/>P\u00f3s-Graduado em Portugu\u00eas L\u00edngua N\u00e3o Materna<\/p>\n\n\n<div style=\"height:25px\" aria-hidden=\"true\" class=\"wp-block-spacer\"><\/div>\n\n\n<p style=\"text-align: left;\" align=\"JUSTIFY\">As pessoas tristes ouvem m\u00fasicas tristes. As pessoas tristes falam, para si, melodias tristes; s\u00e3o pessoas que entoam ritmos, maneiras de se expressar, de sentir o mundo, com os outros, \u00e0 sua volta bastante novas e surpreendentes.<\/p>\n<p style=\"text-align: left;\" align=\"JUSTIFY\">As pessoas tristes normalmente n\u00e3o fazem de conta que est\u00e3o tristes. Ou est\u00e3o, na maioria das vezes, virtualmente felizes; ou est\u00e3o, \u00e0 socapa das vezes, aparentemente, felizes; ou est\u00e3o, nas suas pequeninas miudezas, no s\u00f3t\u00e3o do seu pequeno apartamento, escondidas do mundo exterior, tristes e sozinhas.<\/p>\n<p style=\"text-align: left;\" align=\"JUSTIFY\">Mas as pessoas tristes n\u00e3o s\u00e3o m\u00fasicas tristes. Muito pelo contr\u00e1rio! Isto, apesar de ouvirem m\u00fasicas lentas, ecoando melodias tristes; s\u00e3o pessoas que passaram por situa\u00e7\u00f5es muito dif\u00edceis, muito complicadas; pessoas cujas hist\u00f3rias, e est\u00f3rias, s\u00e3o t\u00e3o dif\u00edceis de compreender que, uma vez compreendidas, ter\u00edamos de voltar a perceber como funcionam, do in\u00edcio, para entendermos a maneira como as pessoas tristes s\u00e3o, aparentemente, t\u00e3o felizes.<\/p>\n<p style=\"text-align: left;\" align=\"JUSTIFY\">As pessoas tristes t\u00eam sempre um sorriso no rosto. Sim, elas carregam, sempre, consigo, um sorriso no rosto. Para os outros, principalmente; porque sabem bem o que custa a tristeza dos outros.<\/p>\n<p style=\"text-align: left;\" align=\"JUSTIFY\">S\u00e3o assim as pessoas tristes: altru\u00edstas na tristeza; simples e capazes de meter um sorriso em andamento, num compasso bem seguro; num altru\u00edsmo que tem tanto de dar ao outro, como de tirar de si mesmo, da sua pr\u00f3pria e negra tristeza, para dar imensa felicidade ao outro, \u00e0 tristeza do outro.<\/p>\n<p style=\"text-align: left;\" align=\"JUSTIFY\">Porque, e para bom entendedor, todos n\u00f3s somos pessoas verdadeiramente tristes. Todos n\u00f3s alavancamos uma tristeza, carregamos, dentro de n\u00f3s, intimamente, uma tristeza bem funda dentro de n\u00f3s.<\/p>\n<p style=\"text-align: left;\" align=\"JUSTIFY\">O papel das pessoas tristes \u00e9 esse: arranjar uma forma de, com a sua fundeada e cr\u00f3nica tristeza, sublim\u00e1-la, recicl\u00e1-la, e dar um nome novo a essa forma de melancolia carregada na forma da felicidade nova dos outros, de mais algu\u00e9m, mesmo que seja de um mero desconhecido na rua.<\/p>","protected":false},"excerpt":{"rendered":"<p>\u00ab&#8230;  s\u00e3o t\u00e3o dif\u00edceis de compreender que, uma vez compreendidas, ter\u00edamos de voltar a perceber como funcionam, do in\u00edcio, para entendermos a maneira como as pessoas tristes s\u00e3o, aparentemente, t\u00e3o felizes.\u00bb<\/p>","protected":false},"author":2,"featured_media":152513,"comment_status":"open","ping_status":"closed","sticky":false,"template":"","format":"standard","meta":[],"categories":[11],"tags":[1748,2819,3161,3162],"acf":[],"yoast_head":"<!-- This site is optimized with the Yoast SEO plugin v20.10 - https:\/\/yoast.com\/wordpress\/plugins\/seo\/ -->\n<title>As pessoas tristes - Di\u00e1rio da Lagoa<\/title>\n<meta name=\"description\" content=\"\u00ab... s\u00e3o t\u00e3o dif\u00edceis de compreender que, uma vez compreendidas, ter\u00edamos de voltar a perceber como funcionam, do in\u00edcio, para entendermos a maneira como as pessoas tristes s\u00e3o, aparentemente, t\u00e3o felizes.\u00bb\" \/>\n<meta name=\"robots\" content=\"index, follow, max-snippet:-1, max-image-preview:large, max-video-preview:-1\" \/>\n<link rel=\"canonical\" href=\"https:\/\/diariodalagoa.pt\/en\/as-pessoas-tristes\/\" \/>\n<meta property=\"og:locale\" content=\"en_US\" \/>\n<meta property=\"og:type\" content=\"article\" \/>\n<meta property=\"og:title\" content=\"As pessoas tristes - Di\u00e1rio da Lagoa\" \/>\n<meta property=\"og:description\" content=\"\u00ab... s\u00e3o t\u00e3o dif\u00edceis de compreender que, uma vez compreendidas, ter\u00edamos de voltar a perceber como funcionam, do in\u00edcio, para entendermos a maneira como as pessoas tristes s\u00e3o, aparentemente, t\u00e3o felizes.\u00bb\" \/>\n<meta property=\"og:url\" content=\"https:\/\/diariodalagoa.pt\/en\/as-pessoas-tristes\/\" \/>\n<meta property=\"og:site_name\" content=\"Di\u00e1rio da Lagoa\" \/>\n<meta property=\"article:published_time\" content=\"2025-07-10T08:51:08+00:00\" \/>\n<meta property=\"article:modified_time\" content=\"2025-07-10T08:51:30+00:00\" \/>\n<meta property=\"og:image\" content=\"https:\/\/diariodalagoa.pt\/wp-content\/uploads\/2025\/06\/julio-tavares-oliveira-slide.jpg\" \/>\n\t<meta property=\"og:image:width\" content=\"960\" \/>\n\t<meta property=\"og:image:height\" content=\"750\" \/>\n\t<meta property=\"og:image:type\" content=\"image\/jpeg\" \/>\n<meta name=\"author\" content=\"Di\u00e1rio da Lagoa\" \/>\n<meta name=\"twitter:card\" content=\"summary_large_image\" \/>\n<meta name=\"twitter:label1\" content=\"Written by\" \/>\n\t<meta name=\"twitter:data1\" content=\"Di\u00e1rio da Lagoa\" \/>\n\t<meta name=\"twitter:label2\" content=\"Est. reading time\" \/>\n\t<meta name=\"twitter:data2\" content=\"3 minutes\" \/>\n<script type=\"application\/ld+json\" class=\"yoast-schema-graph\">{\"@context\":\"https:\/\/schema.org\",\"@graph\":[{\"@type\":\"WebPage\",\"@id\":\"https:\/\/diariodalagoa.pt\/as-pessoas-tristes\/\",\"url\":\"https:\/\/diariodalagoa.pt\/as-pessoas-tristes\/\",\"name\":\"As pessoas tristes - Di\u00e1rio da Lagoa\",\"isPartOf\":{\"@id\":\"https:\/\/diariodalagoa.pt\/#website\"},\"datePublished\":\"2025-07-10T08:51:08+00:00\",\"dateModified\":\"2025-07-10T08:51:30+00:00\",\"author\":{\"@id\":\"https:\/\/diariodalagoa.pt\/#\/schema\/person\/1615a002370e8857b6f972834bc43ece\"},\"description\":\"\u00ab... s\u00e3o t\u00e3o dif\u00edceis de compreender que, uma vez compreendidas, ter\u00edamos de voltar a perceber como funcionam, do in\u00edcio, para entendermos a maneira como as pessoas tristes s\u00e3o, aparentemente, t\u00e3o felizes.\u00bb\",\"breadcrumb\":{\"@id\":\"https:\/\/diariodalagoa.pt\/as-pessoas-tristes\/#breadcrumb\"},\"inLanguage\":\"en-US\",\"potentialAction\":[{\"@type\":\"ReadAction\",\"target\":[\"https:\/\/diariodalagoa.pt\/as-pessoas-tristes\/\"]}]},{\"@type\":\"BreadcrumbList\",\"@id\":\"https:\/\/diariodalagoa.pt\/as-pessoas-tristes\/#breadcrumb\",\"itemListElement\":[{\"@type\":\"ListItem\",\"position\":1,\"name\":\"In\u00edcio\",\"item\":\"https:\/\/diariodalagoa.pt\/\"},{\"@type\":\"ListItem\",\"position\":2,\"name\":\"As pessoas tristes\"}]},{\"@type\":\"WebSite\",\"@id\":\"https:\/\/diariodalagoa.pt\/#website\",\"url\":\"https:\/\/diariodalagoa.pt\/\",\"name\":\"Di\u00e1rio da Lagoa\",\"description\":\"Di\u00e1rio da Lagoa. As not\u00edcias que contam. A partir da Lagoa, nos A\u00e7ores, para o mundo.\",\"potentialAction\":[{\"@type\":\"SearchAction\",\"target\":{\"@type\":\"EntryPoint\",\"urlTemplate\":\"https:\/\/diariodalagoa.pt\/?s={search_term_string}\"},\"query-input\":\"required name=search_term_string\"}],\"inLanguage\":\"en-US\"},{\"@type\":\"Person\",\"@id\":\"https:\/\/diariodalagoa.pt\/#\/schema\/person\/1615a002370e8857b6f972834bc43ece\",\"name\":\"Di\u00e1rio da Lagoa\",\"image\":{\"@type\":\"ImageObject\",\"inLanguage\":\"en-US\",\"@id\":\"https:\/\/diariodalagoa.pt\/#\/schema\/person\/image\/\",\"url\":\"https:\/\/secure.gravatar.com\/avatar\/2cb5cef90a26f8fbd4d9d930608102c5?s=96&d=mm&r=g\",\"contentUrl\":\"https:\/\/secure.gravatar.com\/avatar\/2cb5cef90a26f8fbd4d9d930608102c5?s=96&d=mm&r=g\",\"caption\":\"Di\u00e1rio da Lagoa\"},\"url\":\"https:\/\/diariodalagoa.pt\/en\/author\/diariodalagoa\/\"}]}<\/script>\n<!-- \/ Yoast SEO plugin. -->","yoast_head_json":{"title":"As pessoas tristes - Di\u00e1rio da Lagoa","description":"\u00ab... s\u00e3o t\u00e3o dif\u00edceis de compreender que, uma vez compreendidas, ter\u00edamos de voltar a perceber como funcionam, do in\u00edcio, para entendermos a maneira como as pessoas tristes s\u00e3o, aparentemente, t\u00e3o felizes.\u00bb","robots":{"index":"index","follow":"follow","max-snippet":"max-snippet:-1","max-image-preview":"max-image-preview:large","max-video-preview":"max-video-preview:-1"},"canonical":"https:\/\/diariodalagoa.pt\/en\/as-pessoas-tristes\/","og_locale":"en_US","og_type":"article","og_title":"As pessoas tristes - Di\u00e1rio da Lagoa","og_description":"\u00ab... s\u00e3o t\u00e3o dif\u00edceis de compreender que, uma vez compreendidas, ter\u00edamos de voltar a perceber como funcionam, do in\u00edcio, para entendermos a maneira como as pessoas tristes s\u00e3o, aparentemente, t\u00e3o felizes.\u00bb","og_url":"https:\/\/diariodalagoa.pt\/en\/as-pessoas-tristes\/","og_site_name":"Di\u00e1rio da Lagoa","article_published_time":"2025-07-10T08:51:08+00:00","article_modified_time":"2025-07-10T08:51:30+00:00","og_image":[{"width":960,"height":750,"url":"https:\/\/diariodalagoa.pt\/wp-content\/uploads\/2025\/06\/julio-tavares-oliveira-slide.jpg","type":"image\/jpeg"}],"author":"Di\u00e1rio da Lagoa","twitter_card":"summary_large_image","twitter_misc":{"Written by":"Di\u00e1rio da Lagoa","Est. reading time":"3 minutes"},"schema":{"@context":"https:\/\/schema.org","@graph":[{"@type":"WebPage","@id":"https:\/\/diariodalagoa.pt\/as-pessoas-tristes\/","url":"https:\/\/diariodalagoa.pt\/as-pessoas-tristes\/","name":"As pessoas tristes - Di\u00e1rio da Lagoa","isPartOf":{"@id":"https:\/\/diariodalagoa.pt\/#website"},"datePublished":"2025-07-10T08:51:08+00:00","dateModified":"2025-07-10T08:51:30+00:00","author":{"@id":"https:\/\/diariodalagoa.pt\/#\/schema\/person\/1615a002370e8857b6f972834bc43ece"},"description":"\u00ab... s\u00e3o t\u00e3o dif\u00edceis de compreender que, uma vez compreendidas, ter\u00edamos de voltar a perceber como funcionam, do in\u00edcio, para entendermos a maneira como as pessoas tristes s\u00e3o, aparentemente, t\u00e3o felizes.\u00bb","breadcrumb":{"@id":"https:\/\/diariodalagoa.pt\/as-pessoas-tristes\/#breadcrumb"},"inLanguage":"en-US","potentialAction":[{"@type":"ReadAction","target":["https:\/\/diariodalagoa.pt\/as-pessoas-tristes\/"]}]},{"@type":"BreadcrumbList","@id":"https:\/\/diariodalagoa.pt\/as-pessoas-tristes\/#breadcrumb","itemListElement":[{"@type":"ListItem","position":1,"name":"In\u00edcio","item":"https:\/\/diariodalagoa.pt\/"},{"@type":"ListItem","position":2,"name":"As pessoas tristes"}]},{"@type":"WebSite","@id":"https:\/\/diariodalagoa.pt\/#website","url":"https:\/\/diariodalagoa.pt\/","name":"Di\u00e1rio da Lagoa","description":"Di\u00e1rio da Lagoa. As not\u00edcias que contam. A partir da Lagoa, nos A\u00e7ores, para o mundo.","potentialAction":[{"@type":"SearchAction","target":{"@type":"EntryPoint","urlTemplate":"https:\/\/diariodalagoa.pt\/?s={search_term_string}"},"query-input":"required name=search_term_string"}],"inLanguage":"en-US"},{"@type":"Person","@id":"https:\/\/diariodalagoa.pt\/#\/schema\/person\/1615a002370e8857b6f972834bc43ece","name":"Di\u00e1rio da Lagoa","image":{"@type":"ImageObject","inLanguage":"en-US","@id":"https:\/\/diariodalagoa.pt\/#\/schema\/person\/image\/","url":"https:\/\/secure.gravatar.com\/avatar\/2cb5cef90a26f8fbd4d9d930608102c5?s=96&d=mm&r=g","contentUrl":"https:\/\/secure.gravatar.com\/avatar\/2cb5cef90a26f8fbd4d9d930608102c5?s=96&d=mm&r=g","caption":"Di\u00e1rio da Lagoa"},"url":"https:\/\/diariodalagoa.pt\/en\/author\/diariodalagoa\/"}]}},"_links":{"self":[{"href":"https:\/\/diariodalagoa.pt\/en\/wp-json\/wp\/v2\/posts\/157555"}],"collection":[{"href":"https:\/\/diariodalagoa.pt\/en\/wp-json\/wp\/v2\/posts"}],"about":[{"href":"https:\/\/diariodalagoa.pt\/en\/wp-json\/wp\/v2\/types\/post"}],"author":[{"embeddable":true,"href":"https:\/\/diariodalagoa.pt\/en\/wp-json\/wp\/v2\/users\/2"}],"replies":[{"embeddable":true,"href":"https:\/\/diariodalagoa.pt\/en\/wp-json\/wp\/v2\/comments?post=157555"}],"version-history":[{"count":4,"href":"https:\/\/diariodalagoa.pt\/en\/wp-json\/wp\/v2\/posts\/157555\/revisions"}],"predecessor-version":[{"id":157559,"href":"https:\/\/diariodalagoa.pt\/en\/wp-json\/wp\/v2\/posts\/157555\/revisions\/157559"}],"wp:featuredmedia":[{"embeddable":true,"href":"https:\/\/diariodalagoa.pt\/en\/wp-json\/wp\/v2\/media\/152513"}],"wp:attachment":[{"href":"https:\/\/diariodalagoa.pt\/en\/wp-json\/wp\/v2\/media?parent=157555"}],"wp:term":[{"taxonomy":"category","embeddable":true,"href":"https:\/\/diariodalagoa.pt\/en\/wp-json\/wp\/v2\/categories?post=157555"},{"taxonomy":"post_tag","embeddable":true,"href":"https:\/\/diariodalagoa.pt\/en\/wp-json\/wp\/v2\/tags?post=157555"}],"curies":[{"name":"wp","href":"https:\/\/api.w.org\/{rel}","templated":true}]}}