{"id":157479,"date":"2025-07-05T11:32:24","date_gmt":"2025-07-05T11:32:24","guid":{"rendered":"https:\/\/diariodalagoa.pt\/?p=157479"},"modified":"2025-07-05T11:33:58","modified_gmt":"2025-07-05T11:33:58","slug":"festas-em-honra-de-santo-antonio-foram-um-sucesso-em-santa-cruz","status":"publish","type":"post","link":"https:\/\/diariodalagoa.pt\/en\/festas-em-honra-de-santo-antonio-foram-um-sucesso-em-santa-cruz\/","title":{"rendered":"Festas em honra de Santo Ant\u00f3nio foram um sucesso em Santa Cruz"},"content":{"rendered":"<figure class=\"wp-block-image size-full\"><img decoding=\"async\" width=\"960\" height=\"639\" src=\"https:\/\/diariodalagoa.pt\/wp-content\/uploads\/2025\/07\/santo-antonio-santa-cruz-dl.jpg\" alt=\"\" class=\"wp-image-157480\" srcset=\"https:\/\/diariodalagoa.pt\/wp-content\/uploads\/2025\/07\/santo-antonio-santa-cruz-dl.jpg 960w, https:\/\/diariodalagoa.pt\/wp-content\/uploads\/2025\/07\/santo-antonio-santa-cruz-dl-300x200.jpg 300w, https:\/\/diariodalagoa.pt\/wp-content\/uploads\/2025\/07\/santo-antonio-santa-cruz-dl-768x511.jpg 768w, https:\/\/diariodalagoa.pt\/wp-content\/uploads\/2025\/07\/santo-antonio-santa-cruz-dl-18x12.jpg 18w\" sizes=\"(max-width: 960px) 100vw, 960px\" \/><figcaption class=\"wp-element-caption\"><sup><mark style=\"background-color:rgba(0, 0, 0, 0)\" class=\"has-inline-color has-cyan-bluish-gray-color\">\u00a9 DL<\/mark><\/sup><\/figcaption><\/figure>\n\n\n<p>As festas em honra de Santo Ant\u00f3nio voltaram a abrilhantar o concelho da Lagoa, ao trazer muita alegria, brilho e centenas de pessoas \u00e0 freguesia de Santa Cruz.\u00a0<\/p>\n<p>A Junta de Freguesia de Santa Cruz em parceria com a C\u00e2mara Municipal de Lagoa, prepararam um programa festivo diversificado, com o intuito de continuar a enaltecer esta festa e divulgar o que de melhor se faz na freguesia.\u00a0<\/p>\n<p>O cartaz das festas contou com v\u00e1rias atua\u00e7\u00f5es de artistas\/grupos locais e ainda, artistas nacionais, nomeadamente, os &#8220;Sons do Minho&#8221; e o Tony Carreira.<\/p>\n<p>Considera-se os pontos altos destas festividades, os Casamentos de Santo Ant\u00f3nio e o tradicional, Desfile de Marchas Populares, que levam centenas de marchantes \u00e0 rua, a entoar c\u00e2nticos ao Santinho Popular.\u00a0<\/p>\n<p>Este ano, a Feira de Artesanato realizou-se no interior do Jardim dos Frades, o que possibilitou a divulga\u00e7\u00e3o dos trabalhos de alguns artes\u00e3os locais e dos arredores, que contribu\u00edram para de alguma forma, enriquecer o recinto da festa, com a diversidade de trabalhos expostos.\u00a0<\/p>\n<p>A Junta de Freguesia voltou a desafiar a popula\u00e7\u00e3o de Santa Cruz, a decorar as suas varandas, atrav\u00e9s da iniciativa &#8220;Varandas Populares&#8221;, foi not\u00f3rio o empenho e dedica\u00e7\u00e3o da comunidade, houve uma maior ades\u00e3o a este projeto, que muito nos orgulha, por envolver as pessoas na decora\u00e7\u00e3o e embelezamento da freguesia para os dias de festa.<\/p>","protected":false},"excerpt":{"rendered":"<p>Junta de Freguesia de Santa Cruz diz que as festas mostraram &#8220;o que de melhor se faz na freguesia&#8221;.\u00a0<\/p>","protected":false},"author":2,"featured_media":157480,"comment_status":"open","ping_status":"closed","sticky":false,"template":"","format":"standard","meta":[],"categories":[21],"tags":[86,458,2987,2995,3004],"acf":[],"yoast_head":"<!-- This site is optimized with the Yoast SEO plugin v20.10 - https:\/\/yoast.com\/wordpress\/plugins\/seo\/ -->\n<title>Festas em honra de Santo Ant\u00f3nio foram um sucesso em Santa Cruz - Di\u00e1rio da Lagoa<\/title>\n<meta name=\"description\" content=\"Junta de Freguesia de Santa Cruz diz que as festas mostraram &quot;o que de melhor se faz na freguesia&quot;.\u00a0\" \/>\n<meta name=\"robots\" content=\"index, follow, max-snippet:-1, max-image-preview:large, max-video-preview:-1\" \/>\n<link rel=\"canonical\" href=\"https:\/\/diariodalagoa.pt\/en\/festas-em-honra-de-santo-antonio-foram-um-sucesso-em-santa-cruz\/\" \/>\n<meta property=\"og:locale\" content=\"en_US\" \/>\n<meta property=\"og:type\" content=\"article\" \/>\n<meta property=\"og:title\" content=\"Festas em honra de Santo Ant\u00f3nio foram um sucesso em Santa Cruz - Di\u00e1rio da Lagoa\" \/>\n<meta property=\"og:description\" content=\"Junta de Freguesia de Santa Cruz diz que as festas mostraram &quot;o que de melhor se faz na freguesia&quot;.\u00a0\" \/>\n<meta property=\"og:url\" content=\"https:\/\/diariodalagoa.pt\/en\/festas-em-honra-de-santo-antonio-foram-um-sucesso-em-santa-cruz\/\" \/>\n<meta property=\"og:site_name\" content=\"Di\u00e1rio da Lagoa\" \/>\n<meta property=\"article:published_time\" content=\"2025-07-05T11:32:24+00:00\" \/>\n<meta property=\"article:modified_time\" content=\"2025-07-05T11:33:58+00:00\" \/>\n<meta property=\"og:image\" content=\"https:\/\/diariodalagoa.pt\/wp-content\/uploads\/2025\/07\/santo-antonio-santa-cruz-dl.jpg\" \/>\n\t<meta property=\"og:image:width\" content=\"960\" \/>\n\t<meta property=\"og:image:height\" content=\"639\" \/>\n\t<meta property=\"og:image:type\" content=\"image\/jpeg\" \/>\n<meta name=\"author\" content=\"Di\u00e1rio da Lagoa\" \/>\n<meta name=\"twitter:card\" content=\"summary_large_image\" \/>\n<meta name=\"twitter:label1\" content=\"Written by\" \/>\n\t<meta name=\"twitter:data1\" content=\"Di\u00e1rio da Lagoa\" \/>\n\t<meta name=\"twitter:label2\" content=\"Est. reading time\" \/>\n\t<meta name=\"twitter:data2\" content=\"2 minutes\" \/>\n<script type=\"application\/ld+json\" class=\"yoast-schema-graph\">{\"@context\":\"https:\/\/schema.org\",\"@graph\":[{\"@type\":\"WebPage\",\"@id\":\"https:\/\/diariodalagoa.pt\/festas-em-honra-de-santo-antonio-foram-um-sucesso-em-santa-cruz\/\",\"url\":\"https:\/\/diariodalagoa.pt\/festas-em-honra-de-santo-antonio-foram-um-sucesso-em-santa-cruz\/\",\"name\":\"Festas em honra de Santo Ant\u00f3nio foram um sucesso em Santa Cruz - Di\u00e1rio da Lagoa\",\"isPartOf\":{\"@id\":\"https:\/\/diariodalagoa.pt\/#website\"},\"datePublished\":\"2025-07-05T11:32:24+00:00\",\"dateModified\":\"2025-07-05T11:33:58+00:00\",\"author\":{\"@id\":\"https:\/\/diariodalagoa.pt\/#\/schema\/person\/1615a002370e8857b6f972834bc43ece\"},\"description\":\"Junta de Freguesia de Santa Cruz diz que as festas mostraram \\\"o que de melhor se faz na freguesia\\\".\u00a0\",\"breadcrumb\":{\"@id\":\"https:\/\/diariodalagoa.pt\/festas-em-honra-de-santo-antonio-foram-um-sucesso-em-santa-cruz\/#breadcrumb\"},\"inLanguage\":\"en-US\",\"potentialAction\":[{\"@type\":\"ReadAction\",\"target\":[\"https:\/\/diariodalagoa.pt\/festas-em-honra-de-santo-antonio-foram-um-sucesso-em-santa-cruz\/\"]}]},{\"@type\":\"BreadcrumbList\",\"@id\":\"https:\/\/diariodalagoa.pt\/festas-em-honra-de-santo-antonio-foram-um-sucesso-em-santa-cruz\/#breadcrumb\",\"itemListElement\":[{\"@type\":\"ListItem\",\"position\":1,\"name\":\"In\u00edcio\",\"item\":\"https:\/\/diariodalagoa.pt\/\"},{\"@type\":\"ListItem\",\"position\":2,\"name\":\"Festas em honra de Santo Ant\u00f3nio foram um sucesso em Santa Cruz\"}]},{\"@type\":\"WebSite\",\"@id\":\"https:\/\/diariodalagoa.pt\/#website\",\"url\":\"https:\/\/diariodalagoa.pt\/\",\"name\":\"Di\u00e1rio da Lagoa\",\"description\":\"Di\u00e1rio da Lagoa. As not\u00edcias que contam. A partir da Lagoa, nos A\u00e7ores, para o mundo.\",\"potentialAction\":[{\"@type\":\"SearchAction\",\"target\":{\"@type\":\"EntryPoint\",\"urlTemplate\":\"https:\/\/diariodalagoa.pt\/?s={search_term_string}\"},\"query-input\":\"required name=search_term_string\"}],\"inLanguage\":\"en-US\"},{\"@type\":\"Person\",\"@id\":\"https:\/\/diariodalagoa.pt\/#\/schema\/person\/1615a002370e8857b6f972834bc43ece\",\"name\":\"Di\u00e1rio da Lagoa\",\"image\":{\"@type\":\"ImageObject\",\"inLanguage\":\"en-US\",\"@id\":\"https:\/\/diariodalagoa.pt\/#\/schema\/person\/image\/\",\"url\":\"https:\/\/secure.gravatar.com\/avatar\/2cb5cef90a26f8fbd4d9d930608102c5?s=96&d=mm&r=g\",\"contentUrl\":\"https:\/\/secure.gravatar.com\/avatar\/2cb5cef90a26f8fbd4d9d930608102c5?s=96&d=mm&r=g\",\"caption\":\"Di\u00e1rio da Lagoa\"},\"url\":\"https:\/\/diariodalagoa.pt\/en\/author\/diariodalagoa\/\"}]}<\/script>\n<!-- \/ Yoast SEO plugin. -->","yoast_head_json":{"title":"Festas em honra de Santo Ant\u00f3nio foram um sucesso em Santa Cruz - Di\u00e1rio da Lagoa","description":"Junta de Freguesia de Santa Cruz diz que as festas mostraram \"o que de melhor se faz na freguesia\".\u00a0","robots":{"index":"index","follow":"follow","max-snippet":"max-snippet:-1","max-image-preview":"max-image-preview:large","max-video-preview":"max-video-preview:-1"},"canonical":"https:\/\/diariodalagoa.pt\/en\/festas-em-honra-de-santo-antonio-foram-um-sucesso-em-santa-cruz\/","og_locale":"en_US","og_type":"article","og_title":"Festas em honra de Santo Ant\u00f3nio foram um sucesso em Santa Cruz - Di\u00e1rio da Lagoa","og_description":"Junta de Freguesia de Santa Cruz diz que as festas mostraram \"o que de melhor se faz na freguesia\".\u00a0","og_url":"https:\/\/diariodalagoa.pt\/en\/festas-em-honra-de-santo-antonio-foram-um-sucesso-em-santa-cruz\/","og_site_name":"Di\u00e1rio da Lagoa","article_published_time":"2025-07-05T11:32:24+00:00","article_modified_time":"2025-07-05T11:33:58+00:00","og_image":[{"width":960,"height":639,"url":"https:\/\/diariodalagoa.pt\/wp-content\/uploads\/2025\/07\/santo-antonio-santa-cruz-dl.jpg","type":"image\/jpeg"}],"author":"Di\u00e1rio da Lagoa","twitter_card":"summary_large_image","twitter_misc":{"Written by":"Di\u00e1rio da Lagoa","Est. reading time":"2 minutes"},"schema":{"@context":"https:\/\/schema.org","@graph":[{"@type":"WebPage","@id":"https:\/\/diariodalagoa.pt\/festas-em-honra-de-santo-antonio-foram-um-sucesso-em-santa-cruz\/","url":"https:\/\/diariodalagoa.pt\/festas-em-honra-de-santo-antonio-foram-um-sucesso-em-santa-cruz\/","name":"Festas em honra de Santo Ant\u00f3nio foram um sucesso em Santa Cruz - Di\u00e1rio da Lagoa","isPartOf":{"@id":"https:\/\/diariodalagoa.pt\/#website"},"datePublished":"2025-07-05T11:32:24+00:00","dateModified":"2025-07-05T11:33:58+00:00","author":{"@id":"https:\/\/diariodalagoa.pt\/#\/schema\/person\/1615a002370e8857b6f972834bc43ece"},"description":"Junta de Freguesia de Santa Cruz diz que as festas mostraram \"o que de melhor se faz na freguesia\".\u00a0","breadcrumb":{"@id":"https:\/\/diariodalagoa.pt\/festas-em-honra-de-santo-antonio-foram-um-sucesso-em-santa-cruz\/#breadcrumb"},"inLanguage":"en-US","potentialAction":[{"@type":"ReadAction","target":["https:\/\/diariodalagoa.pt\/festas-em-honra-de-santo-antonio-foram-um-sucesso-em-santa-cruz\/"]}]},{"@type":"BreadcrumbList","@id":"https:\/\/diariodalagoa.pt\/festas-em-honra-de-santo-antonio-foram-um-sucesso-em-santa-cruz\/#breadcrumb","itemListElement":[{"@type":"ListItem","position":1,"name":"In\u00edcio","item":"https:\/\/diariodalagoa.pt\/"},{"@type":"ListItem","position":2,"name":"Festas em honra de Santo Ant\u00f3nio foram um sucesso em Santa Cruz"}]},{"@type":"WebSite","@id":"https:\/\/diariodalagoa.pt\/#website","url":"https:\/\/diariodalagoa.pt\/","name":"Di\u00e1rio da Lagoa","description":"Di\u00e1rio da Lagoa. As not\u00edcias que contam. A partir da Lagoa, nos A\u00e7ores, para o mundo.","potentialAction":[{"@type":"SearchAction","target":{"@type":"EntryPoint","urlTemplate":"https:\/\/diariodalagoa.pt\/?s={search_term_string}"},"query-input":"required name=search_term_string"}],"inLanguage":"en-US"},{"@type":"Person","@id":"https:\/\/diariodalagoa.pt\/#\/schema\/person\/1615a002370e8857b6f972834bc43ece","name":"Di\u00e1rio da Lagoa","image":{"@type":"ImageObject","inLanguage":"en-US","@id":"https:\/\/diariodalagoa.pt\/#\/schema\/person\/image\/","url":"https:\/\/secure.gravatar.com\/avatar\/2cb5cef90a26f8fbd4d9d930608102c5?s=96&d=mm&r=g","contentUrl":"https:\/\/secure.gravatar.com\/avatar\/2cb5cef90a26f8fbd4d9d930608102c5?s=96&d=mm&r=g","caption":"Di\u00e1rio da Lagoa"},"url":"https:\/\/diariodalagoa.pt\/en\/author\/diariodalagoa\/"}]}},"_links":{"self":[{"href":"https:\/\/diariodalagoa.pt\/en\/wp-json\/wp\/v2\/posts\/157479"}],"collection":[{"href":"https:\/\/diariodalagoa.pt\/en\/wp-json\/wp\/v2\/posts"}],"about":[{"href":"https:\/\/diariodalagoa.pt\/en\/wp-json\/wp\/v2\/types\/post"}],"author":[{"embeddable":true,"href":"https:\/\/diariodalagoa.pt\/en\/wp-json\/wp\/v2\/users\/2"}],"replies":[{"embeddable":true,"href":"https:\/\/diariodalagoa.pt\/en\/wp-json\/wp\/v2\/comments?post=157479"}],"version-history":[{"count":3,"href":"https:\/\/diariodalagoa.pt\/en\/wp-json\/wp\/v2\/posts\/157479\/revisions"}],"predecessor-version":[{"id":157483,"href":"https:\/\/diariodalagoa.pt\/en\/wp-json\/wp\/v2\/posts\/157479\/revisions\/157483"}],"wp:featuredmedia":[{"embeddable":true,"href":"https:\/\/diariodalagoa.pt\/en\/wp-json\/wp\/v2\/media\/157480"}],"wp:attachment":[{"href":"https:\/\/diariodalagoa.pt\/en\/wp-json\/wp\/v2\/media?parent=157479"}],"wp:term":[{"taxonomy":"category","embeddable":true,"href":"https:\/\/diariodalagoa.pt\/en\/wp-json\/wp\/v2\/categories?post=157479"},{"taxonomy":"post_tag","embeddable":true,"href":"https:\/\/diariodalagoa.pt\/en\/wp-json\/wp\/v2\/tags?post=157479"}],"curies":[{"name":"wp","href":"https:\/\/api.w.org\/{rel}","templated":true}]}}