{"id":153236,"date":"2025-06-11T10:44:01","date_gmt":"2025-06-11T10:44:01","guid":{"rendered":"https:\/\/diariodalagoa.pt\/?p=153236"},"modified":"2025-06-11T10:44:03","modified_gmt":"2025-06-11T10:44:03","slug":"a-democracia-um-equilibrio-delicado-entre-igualdade-e-liberdade","status":"publish","type":"post","link":"https:\/\/diariodalagoa.pt\/en\/a-democracia-um-equilibrio-delicado-entre-igualdade-e-liberdade\/","title":{"rendered":"A Democracia: Um Equil\u00edbrio Delicado entre Igualdade e Liberdade"},"content":{"rendered":"<div class=\"wp-block-image is-style-rounded\">\n<figure class=\"aligncenter size-full is-resized\"><img decoding=\"async\" src=\"https:\/\/diariodalagoa.pt\/wp-content\/uploads\/2025\/04\/ricardo-pinto-de-castro-e-cesar-1.jpg\" alt=\"\" class=\"wp-image-151366\" width=\"442\" height=\"442\" srcset=\"https:\/\/diariodalagoa.pt\/wp-content\/uploads\/2025\/04\/ricardo-pinto-de-castro-e-cesar-1.jpg 960w, https:\/\/diariodalagoa.pt\/wp-content\/uploads\/2025\/04\/ricardo-pinto-de-castro-e-cesar-1-300x300.jpg 300w, https:\/\/diariodalagoa.pt\/wp-content\/uploads\/2025\/04\/ricardo-pinto-de-castro-e-cesar-1-150x150.jpg 150w, https:\/\/diariodalagoa.pt\/wp-content\/uploads\/2025\/04\/ricardo-pinto-de-castro-e-cesar-1-768x768.jpg 768w, https:\/\/diariodalagoa.pt\/wp-content\/uploads\/2025\/04\/ricardo-pinto-de-castro-e-cesar-1-12x12.jpg 12w\" sizes=\"(max-width: 442px) 100vw, 442px\" \/><\/figure><\/div>\n\n\n<div style=\"height:25px\" aria-hidden=\"true\" class=\"wp-block-spacer\"><\/div>\n\n\n<p style=\"text-align: center;\"><b>Ricardo Pinto de Castro e C\u00e9sar<br \/><\/b>Soci\u00f3logo \u2013 ISCTE-IUL<\/p>\n\n\n<div style=\"height:25px\" aria-hidden=\"true\" class=\"wp-block-spacer\"><\/div>\n\n\n<p>A democracia, enquanto sistema de governa\u00e7\u00e3o, \u00e9 muitas vezes vista como a express\u00e3o m\u00e1xima da liberdade e da participa\u00e7\u00e3o cidad\u00e3. No entanto, por detr\u00e1s desta ideia ideal, existe uma din\u00e2mica complexa que sustenta a sua exist\u00eancia: uma tens\u00e3o constante e delicada entre dois valores fundamentais, a igualdade e a liberdade. Este equil\u00edbrio, longe de ser uma conquista definitiva, \u00e9 uma constru\u00e7\u00e3o cont\u00ednua, que depende das condi\u00e7\u00f5es espec\u00edficas de cada pa\u00eds e da forma como estas s\u00e3o geridas ao longo do tempo.<\/p>\n<p>N\u00e3o h\u00e1 duas democracias iguais. Cada uma delas reflete as particularidades culturais, econ\u00f3micas e hist\u00f3ricas do seu povo. Algumas priorizam a redu\u00e7\u00e3o das desigualdades sociais e econ\u00f3micas, procurando criar uma sociedade mais justa e equitativa. Outras, por sua vez, colocam maior \u00eanfase na liberdade individual, na autonomia de cada cidad\u00e3o para tomar as suas pr\u00f3prias decis\u00f5es. Esta diversidade \u00e9 natural e saud\u00e1vel, mas tamb\u00e9m revela que a democracia \u00e9 um sistema que pode assumir diferentes formas, dependendo do contexto em que se insere. Por outro lado, a for\u00e7a ou fragilidade de uma democracia n\u00e3o depende apenas do seu modelo, mas tamb\u00e9m das institui\u00e7\u00f5es que a sustentam. Existem democracias fr\u00e1geis, vulner\u00e1veis a crises pol\u00edticas ou econ\u00f3micas, que podem ser facilmente desestabilizadas por fatores internos ou externos. Por outro lado, existem sistemas mais consolidados, com institui\u00e7\u00f5es s\u00f3lidas, que conseguem resistir \u00e0s tempestades e manter a sua estabilidade ao longo do tempo. Nada nesta equa\u00e7\u00e3o est\u00e1 garantido. Manter o equil\u00edbrio entre igualdade e liberdade \u00e9, sem d\u00favida, um dos maiores desafios da democracia moderna.<\/p>\n<p>\u00c9 preciso que as regras sejam claras, que as institui\u00e7\u00f5es sejam fortes e que haja uma cultura de respeito m\u00fatuo e de compromisso com os valores democr\u00e1ticos. As democracias mais duradouras s\u00e3o aquelas que, al\u00e9m de terem uma constitui\u00e7\u00e3o bem delineada, deixam espa\u00e7o para evoluir, adaptando-se \u00e0s mudan\u00e7as sociais, econ\u00f3micas e pol\u00edticas sem perderem a sua ess\u00eancia. Assim, a democracia n\u00e3o \u00e9 um estado fixo, mas um processo em constante evolu\u00e7\u00e3o. E \u00e9 precisamente nesta capacidade de adapta\u00e7\u00e3o que reside a sua for\u00e7a, permitindo que continue a ser uma forma de governa\u00e7\u00e3o que valoriza a participa\u00e7\u00e3o, a liberdade e a justi\u00e7a, mesmo diante dos desafios do s\u00e9culo XXI.<\/p>","protected":false},"excerpt":{"rendered":"<p>\u00abAssim, a democracia n\u00e3o \u00e9 um estado fixo, mas um processo em constante evolu\u00e7\u00e3o. E \u00e9 precisamente nesta capacidade de adapta\u00e7\u00e3o que reside a sua for\u00e7a (&#8230;)\u00bb<\/p>","protected":false},"author":2,"featured_media":151365,"comment_status":"open","ping_status":"closed","sticky":false,"template":"","format":"standard","meta":[],"categories":[11],"tags":[133,363,2700,2936],"acf":[],"yoast_head":"<!-- This site is optimized with the Yoast SEO plugin v20.10 - https:\/\/yoast.com\/wordpress\/plugins\/seo\/ -->\n<title>A Democracia: Um Equil\u00edbrio Delicado entre Igualdade e Liberdade - Di\u00e1rio da Lagoa<\/title>\n<meta name=\"description\" content=\"\u00abAssim, a democracia n\u00e3o \u00e9 um estado fixo, mas um processo em constante evolu\u00e7\u00e3o. E \u00e9 precisamente nesta capacidade de adapta\u00e7\u00e3o que reside a sua for\u00e7a (...)\u00bb\" \/>\n<meta name=\"robots\" content=\"index, follow, max-snippet:-1, max-image-preview:large, max-video-preview:-1\" \/>\n<link rel=\"canonical\" href=\"https:\/\/diariodalagoa.pt\/en\/a-democracia-um-equilibrio-delicado-entre-igualdade-e-liberdade\/\" \/>\n<meta property=\"og:locale\" content=\"en_US\" \/>\n<meta property=\"og:type\" content=\"article\" \/>\n<meta property=\"og:title\" content=\"A Democracia: Um Equil\u00edbrio Delicado entre Igualdade e Liberdade - Di\u00e1rio da Lagoa\" \/>\n<meta property=\"og:description\" content=\"\u00abAssim, a democracia n\u00e3o \u00e9 um estado fixo, mas um processo em constante evolu\u00e7\u00e3o. E \u00e9 precisamente nesta capacidade de adapta\u00e7\u00e3o que reside a sua for\u00e7a (...)\u00bb\" \/>\n<meta property=\"og:url\" content=\"https:\/\/diariodalagoa.pt\/en\/a-democracia-um-equilibrio-delicado-entre-igualdade-e-liberdade\/\" \/>\n<meta property=\"og:site_name\" content=\"Di\u00e1rio da Lagoa\" \/>\n<meta property=\"article:published_time\" content=\"2025-06-11T10:44:01+00:00\" \/>\n<meta property=\"article:modified_time\" content=\"2025-06-11T10:44:03+00:00\" \/>\n<meta property=\"og:image\" content=\"https:\/\/diariodalagoa.pt\/wp-content\/uploads\/2025\/04\/ricardo-pinto-de-castro-e-cesar-2.jpg\" \/>\n\t<meta property=\"og:image:width\" content=\"960\" \/>\n\t<meta property=\"og:image:height\" content=\"640\" \/>\n\t<meta property=\"og:image:type\" content=\"image\/jpeg\" \/>\n<meta name=\"author\" content=\"Di\u00e1rio da Lagoa\" \/>\n<meta name=\"twitter:card\" content=\"summary_large_image\" \/>\n<meta name=\"twitter:label1\" content=\"Written by\" \/>\n\t<meta name=\"twitter:data1\" content=\"Di\u00e1rio da Lagoa\" \/>\n\t<meta name=\"twitter:label2\" content=\"Est. reading time\" \/>\n\t<meta name=\"twitter:data2\" content=\"3 minutes\" \/>\n<script type=\"application\/ld+json\" class=\"yoast-schema-graph\">{\"@context\":\"https:\/\/schema.org\",\"@graph\":[{\"@type\":\"WebPage\",\"@id\":\"https:\/\/diariodalagoa.pt\/a-democracia-um-equilibrio-delicado-entre-igualdade-e-liberdade\/\",\"url\":\"https:\/\/diariodalagoa.pt\/a-democracia-um-equilibrio-delicado-entre-igualdade-e-liberdade\/\",\"name\":\"A Democracia: Um Equil\u00edbrio Delicado entre Igualdade e Liberdade - Di\u00e1rio da Lagoa\",\"isPartOf\":{\"@id\":\"https:\/\/diariodalagoa.pt\/#website\"},\"datePublished\":\"2025-06-11T10:44:01+00:00\",\"dateModified\":\"2025-06-11T10:44:03+00:00\",\"author\":{\"@id\":\"https:\/\/diariodalagoa.pt\/#\/schema\/person\/1615a002370e8857b6f972834bc43ece\"},\"description\":\"\u00abAssim, a democracia n\u00e3o \u00e9 um estado fixo, mas um processo em constante evolu\u00e7\u00e3o. E \u00e9 precisamente nesta capacidade de adapta\u00e7\u00e3o que reside a sua for\u00e7a (...)\u00bb\",\"breadcrumb\":{\"@id\":\"https:\/\/diariodalagoa.pt\/a-democracia-um-equilibrio-delicado-entre-igualdade-e-liberdade\/#breadcrumb\"},\"inLanguage\":\"en-US\",\"potentialAction\":[{\"@type\":\"ReadAction\",\"target\":[\"https:\/\/diariodalagoa.pt\/a-democracia-um-equilibrio-delicado-entre-igualdade-e-liberdade\/\"]}]},{\"@type\":\"BreadcrumbList\",\"@id\":\"https:\/\/diariodalagoa.pt\/a-democracia-um-equilibrio-delicado-entre-igualdade-e-liberdade\/#breadcrumb\",\"itemListElement\":[{\"@type\":\"ListItem\",\"position\":1,\"name\":\"In\u00edcio\",\"item\":\"https:\/\/diariodalagoa.pt\/\"},{\"@type\":\"ListItem\",\"position\":2,\"name\":\"A Democracia: Um Equil\u00edbrio Delicado entre Igualdade e Liberdade\"}]},{\"@type\":\"WebSite\",\"@id\":\"https:\/\/diariodalagoa.pt\/#website\",\"url\":\"https:\/\/diariodalagoa.pt\/\",\"name\":\"Di\u00e1rio da Lagoa\",\"description\":\"Di\u00e1rio da Lagoa. As not\u00edcias que contam. A partir da Lagoa, nos A\u00e7ores, para o mundo.\",\"potentialAction\":[{\"@type\":\"SearchAction\",\"target\":{\"@type\":\"EntryPoint\",\"urlTemplate\":\"https:\/\/diariodalagoa.pt\/?s={search_term_string}\"},\"query-input\":\"required name=search_term_string\"}],\"inLanguage\":\"en-US\"},{\"@type\":\"Person\",\"@id\":\"https:\/\/diariodalagoa.pt\/#\/schema\/person\/1615a002370e8857b6f972834bc43ece\",\"name\":\"Di\u00e1rio da Lagoa\",\"image\":{\"@type\":\"ImageObject\",\"inLanguage\":\"en-US\",\"@id\":\"https:\/\/diariodalagoa.pt\/#\/schema\/person\/image\/\",\"url\":\"https:\/\/secure.gravatar.com\/avatar\/2cb5cef90a26f8fbd4d9d930608102c5?s=96&d=mm&r=g\",\"contentUrl\":\"https:\/\/secure.gravatar.com\/avatar\/2cb5cef90a26f8fbd4d9d930608102c5?s=96&d=mm&r=g\",\"caption\":\"Di\u00e1rio da Lagoa\"},\"url\":\"https:\/\/diariodalagoa.pt\/en\/author\/diariodalagoa\/\"}]}<\/script>\n<!-- \/ Yoast SEO plugin. -->","yoast_head_json":{"title":"A Democracia: Um Equil\u00edbrio Delicado entre Igualdade e Liberdade - Di\u00e1rio da Lagoa","description":"\u00abAssim, a democracia n\u00e3o \u00e9 um estado fixo, mas um processo em constante evolu\u00e7\u00e3o. E \u00e9 precisamente nesta capacidade de adapta\u00e7\u00e3o que reside a sua for\u00e7a (...)\u00bb","robots":{"index":"index","follow":"follow","max-snippet":"max-snippet:-1","max-image-preview":"max-image-preview:large","max-video-preview":"max-video-preview:-1"},"canonical":"https:\/\/diariodalagoa.pt\/en\/a-democracia-um-equilibrio-delicado-entre-igualdade-e-liberdade\/","og_locale":"en_US","og_type":"article","og_title":"A Democracia: Um Equil\u00edbrio Delicado entre Igualdade e Liberdade - Di\u00e1rio da Lagoa","og_description":"\u00abAssim, a democracia n\u00e3o \u00e9 um estado fixo, mas um processo em constante evolu\u00e7\u00e3o. E \u00e9 precisamente nesta capacidade de adapta\u00e7\u00e3o que reside a sua for\u00e7a (...)\u00bb","og_url":"https:\/\/diariodalagoa.pt\/en\/a-democracia-um-equilibrio-delicado-entre-igualdade-e-liberdade\/","og_site_name":"Di\u00e1rio da Lagoa","article_published_time":"2025-06-11T10:44:01+00:00","article_modified_time":"2025-06-11T10:44:03+00:00","og_image":[{"width":960,"height":640,"url":"https:\/\/diariodalagoa.pt\/wp-content\/uploads\/2025\/04\/ricardo-pinto-de-castro-e-cesar-2.jpg","type":"image\/jpeg"}],"author":"Di\u00e1rio da Lagoa","twitter_card":"summary_large_image","twitter_misc":{"Written by":"Di\u00e1rio da Lagoa","Est. reading time":"3 minutes"},"schema":{"@context":"https:\/\/schema.org","@graph":[{"@type":"WebPage","@id":"https:\/\/diariodalagoa.pt\/a-democracia-um-equilibrio-delicado-entre-igualdade-e-liberdade\/","url":"https:\/\/diariodalagoa.pt\/a-democracia-um-equilibrio-delicado-entre-igualdade-e-liberdade\/","name":"A Democracia: Um Equil\u00edbrio Delicado entre Igualdade e Liberdade - Di\u00e1rio da Lagoa","isPartOf":{"@id":"https:\/\/diariodalagoa.pt\/#website"},"datePublished":"2025-06-11T10:44:01+00:00","dateModified":"2025-06-11T10:44:03+00:00","author":{"@id":"https:\/\/diariodalagoa.pt\/#\/schema\/person\/1615a002370e8857b6f972834bc43ece"},"description":"\u00abAssim, a democracia n\u00e3o \u00e9 um estado fixo, mas um processo em constante evolu\u00e7\u00e3o. E \u00e9 precisamente nesta capacidade de adapta\u00e7\u00e3o que reside a sua for\u00e7a (...)\u00bb","breadcrumb":{"@id":"https:\/\/diariodalagoa.pt\/a-democracia-um-equilibrio-delicado-entre-igualdade-e-liberdade\/#breadcrumb"},"inLanguage":"en-US","potentialAction":[{"@type":"ReadAction","target":["https:\/\/diariodalagoa.pt\/a-democracia-um-equilibrio-delicado-entre-igualdade-e-liberdade\/"]}]},{"@type":"BreadcrumbList","@id":"https:\/\/diariodalagoa.pt\/a-democracia-um-equilibrio-delicado-entre-igualdade-e-liberdade\/#breadcrumb","itemListElement":[{"@type":"ListItem","position":1,"name":"In\u00edcio","item":"https:\/\/diariodalagoa.pt\/"},{"@type":"ListItem","position":2,"name":"A Democracia: Um Equil\u00edbrio Delicado entre Igualdade e Liberdade"}]},{"@type":"WebSite","@id":"https:\/\/diariodalagoa.pt\/#website","url":"https:\/\/diariodalagoa.pt\/","name":"Di\u00e1rio da Lagoa","description":"Di\u00e1rio da Lagoa. As not\u00edcias que contam. A partir da Lagoa, nos A\u00e7ores, para o mundo.","potentialAction":[{"@type":"SearchAction","target":{"@type":"EntryPoint","urlTemplate":"https:\/\/diariodalagoa.pt\/?s={search_term_string}"},"query-input":"required name=search_term_string"}],"inLanguage":"en-US"},{"@type":"Person","@id":"https:\/\/diariodalagoa.pt\/#\/schema\/person\/1615a002370e8857b6f972834bc43ece","name":"Di\u00e1rio da Lagoa","image":{"@type":"ImageObject","inLanguage":"en-US","@id":"https:\/\/diariodalagoa.pt\/#\/schema\/person\/image\/","url":"https:\/\/secure.gravatar.com\/avatar\/2cb5cef90a26f8fbd4d9d930608102c5?s=96&d=mm&r=g","contentUrl":"https:\/\/secure.gravatar.com\/avatar\/2cb5cef90a26f8fbd4d9d930608102c5?s=96&d=mm&r=g","caption":"Di\u00e1rio da Lagoa"},"url":"https:\/\/diariodalagoa.pt\/en\/author\/diariodalagoa\/"}]}},"_links":{"self":[{"href":"https:\/\/diariodalagoa.pt\/en\/wp-json\/wp\/v2\/posts\/153236"}],"collection":[{"href":"https:\/\/diariodalagoa.pt\/en\/wp-json\/wp\/v2\/posts"}],"about":[{"href":"https:\/\/diariodalagoa.pt\/en\/wp-json\/wp\/v2\/types\/post"}],"author":[{"embeddable":true,"href":"https:\/\/diariodalagoa.pt\/en\/wp-json\/wp\/v2\/users\/2"}],"replies":[{"embeddable":true,"href":"https:\/\/diariodalagoa.pt\/en\/wp-json\/wp\/v2\/comments?post=153236"}],"version-history":[{"count":2,"href":"https:\/\/diariodalagoa.pt\/en\/wp-json\/wp\/v2\/posts\/153236\/revisions"}],"predecessor-version":[{"id":153238,"href":"https:\/\/diariodalagoa.pt\/en\/wp-json\/wp\/v2\/posts\/153236\/revisions\/153238"}],"wp:featuredmedia":[{"embeddable":true,"href":"https:\/\/diariodalagoa.pt\/en\/wp-json\/wp\/v2\/media\/151365"}],"wp:attachment":[{"href":"https:\/\/diariodalagoa.pt\/en\/wp-json\/wp\/v2\/media?parent=153236"}],"wp:term":[{"taxonomy":"category","embeddable":true,"href":"https:\/\/diariodalagoa.pt\/en\/wp-json\/wp\/v2\/categories?post=153236"},{"taxonomy":"post_tag","embeddable":true,"href":"https:\/\/diariodalagoa.pt\/en\/wp-json\/wp\/v2\/tags?post=153236"}],"curies":[{"name":"wp","href":"https:\/\/api.w.org\/{rel}","templated":true}]}}