{"id":145822,"date":"2024-11-30T00:05:47","date_gmt":"2024-11-30T00:05:47","guid":{"rendered":"https:\/\/diariodalagoa.pt\/?p=145822"},"modified":"2025-09-27T21:55:32","modified_gmt":"2025-09-27T21:55:32","slug":"vitoria","status":"publish","type":"post","link":"https:\/\/diariodalagoa.pt\/en\/vitoria\/","title":{"rendered":"Vit\u00f3ria"},"content":{"rendered":"<div class=\"wp-block-image is-style-rounded\">\n<figure class=\"aligncenter size-full is-resized\"><img decoding=\"async\" src=\"https:\/\/diariodalagoa.pt\/wp-content\/uploads\/2024\/11\/beatriz-moreira-silva-1.jpg\" alt=\"\" class=\"wp-image-157657\" width=\"444\" height=\"444\" srcset=\"https:\/\/diariodalagoa.pt\/wp-content\/uploads\/2024\/11\/beatriz-moreira-silva-1.jpg 960w, https:\/\/diariodalagoa.pt\/wp-content\/uploads\/2024\/11\/beatriz-moreira-silva-1-300x300.jpg 300w, https:\/\/diariodalagoa.pt\/wp-content\/uploads\/2024\/11\/beatriz-moreira-silva-1-150x150.jpg 150w, https:\/\/diariodalagoa.pt\/wp-content\/uploads\/2024\/11\/beatriz-moreira-silva-1-768x768.jpg 768w, https:\/\/diariodalagoa.pt\/wp-content\/uploads\/2024\/11\/beatriz-moreira-silva-1-12x12.jpg 12w\" sizes=\"(max-width: 444px) 100vw, 444px\" \/><\/figure><\/div>\n\n\n<div style=\"height:25px\" aria-hidden=\"true\" class=\"wp-block-spacer\"><\/div>\n\n\n<p style=\"text-align: center;\"><strong>Beatriz Moreira da Silva<\/strong><\/p>\n\n\n<div style=\"height:25px\" aria-hidden=\"true\" class=\"wp-block-spacer\"><\/div>\n\n\n<p style=\"text-align: center;\">Um dia destes vou contar-te uma hist\u00f3ria,<br>d&#8217;onde era f\u00e1cil encenar a sorrir;<br>Esbo\u00e7o d&#8217;uma fase repulsa de mem\u00f3ria,<br>q&#8217;n\u00e3o devia ter durado nem perto de meia hora.<\/p>\n<p style=\"text-align: center;\">Batucos soar\u00e3o que n\u00e3o estava sozinha,<br>chorando gritos sem escr\u00fapulos mascarados de marfim;<br>Calmaria n\u00e3o confronta, n\u00e3o embala nem demonstra,<br>sobrep\u00f4s-se devaneios por pensar em mim.<\/p>\n<p style=\"text-align: center;\">Aterramento d&#8217;falhar naquela porta,<br>d&#8217;onde ojeriza tudo o que nunca nos fez deixar por um fim;<br>N\u00e3o valeu o esfor\u00e7o mascarado de remorsos,<br>d&#8217;que j\u00e1 n\u00e3o importa nem retorno por um triz.<\/p>\n<p style=\"text-align: center;\">So\u00e7obrar lentamente num vazio,<br>q&#8217;de copo cheio mereceu partir;<br>D&#8217;bocados putrefatos n\u00e3o se mendigam caminhos,<br>f\u00e9tidos intoxicam o advir.<\/p>\n<p style=\"text-align: center;\">Nas cicatrizes diagrama de vit\u00f3ria:<br>E agora? Onde come\u00e7a a hist\u00f3ria?<\/p>\n<p style=\"text-align: center;\">J\u00e1 n\u00e3o importa!<\/p>","protected":false},"excerpt":{"rendered":"<p>Beatriz Moreira da Silva partilha hoje com os leitores mais um momento de escrita que nos conta o que lhe vai na alma.<\/p>","protected":false},"author":2,"featured_media":157661,"comment_status":"open","ping_status":"closed","sticky":false,"template":"","format":"standard","meta":[],"categories":[11],"tags":[756,1908,2051],"acf":[],"yoast_head":"<!-- This site is optimized with the Yoast SEO plugin v20.10 - https:\/\/yoast.com\/wordpress\/plugins\/seo\/ -->\n<title>Vit\u00f3ria - Di\u00e1rio da Lagoa<\/title>\n<meta name=\"description\" content=\"Beatriz Moreira da Silva partilha hoje com os leitores mais um momento de escrita que nos conta o que lhe vai na alma.\" \/>\n<meta name=\"robots\" content=\"index, follow, max-snippet:-1, max-image-preview:large, max-video-preview:-1\" \/>\n<link rel=\"canonical\" href=\"https:\/\/diariodalagoa.pt\/en\/vitoria\/\" \/>\n<meta property=\"og:locale\" content=\"en_US\" \/>\n<meta property=\"og:type\" content=\"article\" \/>\n<meta property=\"og:title\" content=\"Vit\u00f3ria - Di\u00e1rio da Lagoa\" \/>\n<meta property=\"og:description\" content=\"Beatriz Moreira da Silva partilha hoje com os leitores mais um momento de escrita que nos conta o que lhe vai na alma.\" \/>\n<meta property=\"og:url\" content=\"https:\/\/diariodalagoa.pt\/en\/vitoria\/\" \/>\n<meta property=\"og:site_name\" content=\"Di\u00e1rio da Lagoa\" \/>\n<meta property=\"article:published_time\" content=\"2024-11-30T00:05:47+00:00\" \/>\n<meta property=\"article:modified_time\" content=\"2025-09-27T21:55:32+00:00\" \/>\n<meta property=\"og:image\" content=\"https:\/\/diariodalagoa.pt\/wp-content\/uploads\/2025\/05\/beatriz-moreira-da-silva-2.jpg\" \/>\n\t<meta property=\"og:image:width\" content=\"960\" \/>\n\t<meta property=\"og:image:height\" content=\"640\" \/>\n\t<meta property=\"og:image:type\" content=\"image\/jpeg\" \/>\n<meta name=\"author\" content=\"Di\u00e1rio da Lagoa\" \/>\n<meta name=\"twitter:card\" content=\"summary_large_image\" \/>\n<meta name=\"twitter:label1\" content=\"Written by\" \/>\n\t<meta name=\"twitter:data1\" content=\"Di\u00e1rio da Lagoa\" \/>\n\t<meta name=\"twitter:label2\" content=\"Est. reading time\" \/>\n\t<meta name=\"twitter:data2\" content=\"1 minute\" \/>\n<script type=\"application\/ld+json\" class=\"yoast-schema-graph\">{\"@context\":\"https:\/\/schema.org\",\"@graph\":[{\"@type\":\"WebPage\",\"@id\":\"https:\/\/diariodalagoa.pt\/vitoria\/\",\"url\":\"https:\/\/diariodalagoa.pt\/vitoria\/\",\"name\":\"Vit\u00f3ria - Di\u00e1rio da Lagoa\",\"isPartOf\":{\"@id\":\"https:\/\/diariodalagoa.pt\/#website\"},\"datePublished\":\"2024-11-30T00:05:47+00:00\",\"dateModified\":\"2025-09-27T21:55:32+00:00\",\"author\":{\"@id\":\"https:\/\/diariodalagoa.pt\/#\/schema\/person\/1615a002370e8857b6f972834bc43ece\"},\"description\":\"Beatriz Moreira da Silva partilha hoje com os leitores mais um momento de escrita que nos conta o que lhe vai na alma.\",\"breadcrumb\":{\"@id\":\"https:\/\/diariodalagoa.pt\/vitoria\/#breadcrumb\"},\"inLanguage\":\"en-US\",\"potentialAction\":[{\"@type\":\"ReadAction\",\"target\":[\"https:\/\/diariodalagoa.pt\/vitoria\/\"]}]},{\"@type\":\"BreadcrumbList\",\"@id\":\"https:\/\/diariodalagoa.pt\/vitoria\/#breadcrumb\",\"itemListElement\":[{\"@type\":\"ListItem\",\"position\":1,\"name\":\"In\u00edcio\",\"item\":\"https:\/\/diariodalagoa.pt\/\"},{\"@type\":\"ListItem\",\"position\":2,\"name\":\"Vit\u00f3ria\"}]},{\"@type\":\"WebSite\",\"@id\":\"https:\/\/diariodalagoa.pt\/#website\",\"url\":\"https:\/\/diariodalagoa.pt\/\",\"name\":\"Di\u00e1rio da Lagoa\",\"description\":\"Di\u00e1rio da Lagoa. As not\u00edcias que contam. A partir da Lagoa, nos A\u00e7ores, para o mundo.\",\"potentialAction\":[{\"@type\":\"SearchAction\",\"target\":{\"@type\":\"EntryPoint\",\"urlTemplate\":\"https:\/\/diariodalagoa.pt\/?s={search_term_string}\"},\"query-input\":\"required name=search_term_string\"}],\"inLanguage\":\"en-US\"},{\"@type\":\"Person\",\"@id\":\"https:\/\/diariodalagoa.pt\/#\/schema\/person\/1615a002370e8857b6f972834bc43ece\",\"name\":\"Di\u00e1rio da Lagoa\",\"image\":{\"@type\":\"ImageObject\",\"inLanguage\":\"en-US\",\"@id\":\"https:\/\/diariodalagoa.pt\/#\/schema\/person\/image\/\",\"url\":\"https:\/\/secure.gravatar.com\/avatar\/2cb5cef90a26f8fbd4d9d930608102c5?s=96&d=mm&r=g\",\"contentUrl\":\"https:\/\/secure.gravatar.com\/avatar\/2cb5cef90a26f8fbd4d9d930608102c5?s=96&d=mm&r=g\",\"caption\":\"Di\u00e1rio da Lagoa\"},\"url\":\"https:\/\/diariodalagoa.pt\/en\/author\/diariodalagoa\/\"}]}<\/script>\n<!-- \/ Yoast SEO plugin. -->","yoast_head_json":{"title":"Vit\u00f3ria - Di\u00e1rio da Lagoa","description":"Beatriz Moreira da Silva partilha hoje com os leitores mais um momento de escrita que nos conta o que lhe vai na alma.","robots":{"index":"index","follow":"follow","max-snippet":"max-snippet:-1","max-image-preview":"max-image-preview:large","max-video-preview":"max-video-preview:-1"},"canonical":"https:\/\/diariodalagoa.pt\/en\/vitoria\/","og_locale":"en_US","og_type":"article","og_title":"Vit\u00f3ria - Di\u00e1rio da Lagoa","og_description":"Beatriz Moreira da Silva partilha hoje com os leitores mais um momento de escrita que nos conta o que lhe vai na alma.","og_url":"https:\/\/diariodalagoa.pt\/en\/vitoria\/","og_site_name":"Di\u00e1rio da Lagoa","article_published_time":"2024-11-30T00:05:47+00:00","article_modified_time":"2025-09-27T21:55:32+00:00","og_image":[{"width":960,"height":640,"url":"https:\/\/diariodalagoa.pt\/wp-content\/uploads\/2025\/05\/beatriz-moreira-da-silva-2.jpg","type":"image\/jpeg"}],"author":"Di\u00e1rio da Lagoa","twitter_card":"summary_large_image","twitter_misc":{"Written by":"Di\u00e1rio da Lagoa","Est. reading time":"1 minute"},"schema":{"@context":"https:\/\/schema.org","@graph":[{"@type":"WebPage","@id":"https:\/\/diariodalagoa.pt\/vitoria\/","url":"https:\/\/diariodalagoa.pt\/vitoria\/","name":"Vit\u00f3ria - Di\u00e1rio da Lagoa","isPartOf":{"@id":"https:\/\/diariodalagoa.pt\/#website"},"datePublished":"2024-11-30T00:05:47+00:00","dateModified":"2025-09-27T21:55:32+00:00","author":{"@id":"https:\/\/diariodalagoa.pt\/#\/schema\/person\/1615a002370e8857b6f972834bc43ece"},"description":"Beatriz Moreira da Silva partilha hoje com os leitores mais um momento de escrita que nos conta o que lhe vai na alma.","breadcrumb":{"@id":"https:\/\/diariodalagoa.pt\/vitoria\/#breadcrumb"},"inLanguage":"en-US","potentialAction":[{"@type":"ReadAction","target":["https:\/\/diariodalagoa.pt\/vitoria\/"]}]},{"@type":"BreadcrumbList","@id":"https:\/\/diariodalagoa.pt\/vitoria\/#breadcrumb","itemListElement":[{"@type":"ListItem","position":1,"name":"In\u00edcio","item":"https:\/\/diariodalagoa.pt\/"},{"@type":"ListItem","position":2,"name":"Vit\u00f3ria"}]},{"@type":"WebSite","@id":"https:\/\/diariodalagoa.pt\/#website","url":"https:\/\/diariodalagoa.pt\/","name":"Di\u00e1rio da Lagoa","description":"Di\u00e1rio da Lagoa. As not\u00edcias que contam. A partir da Lagoa, nos A\u00e7ores, para o mundo.","potentialAction":[{"@type":"SearchAction","target":{"@type":"EntryPoint","urlTemplate":"https:\/\/diariodalagoa.pt\/?s={search_term_string}"},"query-input":"required name=search_term_string"}],"inLanguage":"en-US"},{"@type":"Person","@id":"https:\/\/diariodalagoa.pt\/#\/schema\/person\/1615a002370e8857b6f972834bc43ece","name":"Di\u00e1rio da Lagoa","image":{"@type":"ImageObject","inLanguage":"en-US","@id":"https:\/\/diariodalagoa.pt\/#\/schema\/person\/image\/","url":"https:\/\/secure.gravatar.com\/avatar\/2cb5cef90a26f8fbd4d9d930608102c5?s=96&d=mm&r=g","contentUrl":"https:\/\/secure.gravatar.com\/avatar\/2cb5cef90a26f8fbd4d9d930608102c5?s=96&d=mm&r=g","caption":"Di\u00e1rio da Lagoa"},"url":"https:\/\/diariodalagoa.pt\/en\/author\/diariodalagoa\/"}]}},"_links":{"self":[{"href":"https:\/\/diariodalagoa.pt\/en\/wp-json\/wp\/v2\/posts\/145822"}],"collection":[{"href":"https:\/\/diariodalagoa.pt\/en\/wp-json\/wp\/v2\/posts"}],"about":[{"href":"https:\/\/diariodalagoa.pt\/en\/wp-json\/wp\/v2\/types\/post"}],"author":[{"embeddable":true,"href":"https:\/\/diariodalagoa.pt\/en\/wp-json\/wp\/v2\/users\/2"}],"replies":[{"embeddable":true,"href":"https:\/\/diariodalagoa.pt\/en\/wp-json\/wp\/v2\/comments?post=145822"}],"version-history":[{"count":9,"href":"https:\/\/diariodalagoa.pt\/en\/wp-json\/wp\/v2\/posts\/145822\/revisions"}],"predecessor-version":[{"id":158345,"href":"https:\/\/diariodalagoa.pt\/en\/wp-json\/wp\/v2\/posts\/145822\/revisions\/158345"}],"wp:featuredmedia":[{"embeddable":true,"href":"https:\/\/diariodalagoa.pt\/en\/wp-json\/wp\/v2\/media\/157661"}],"wp:attachment":[{"href":"https:\/\/diariodalagoa.pt\/en\/wp-json\/wp\/v2\/media?parent=145822"}],"wp:term":[{"taxonomy":"category","embeddable":true,"href":"https:\/\/diariodalagoa.pt\/en\/wp-json\/wp\/v2\/categories?post=145822"},{"taxonomy":"post_tag","embeddable":true,"href":"https:\/\/diariodalagoa.pt\/en\/wp-json\/wp\/v2\/tags?post=145822"}],"curies":[{"name":"wp","href":"https:\/\/api.w.org\/{rel}","templated":true}]}}