{"id":139868,"date":"2024-09-01T21:30:00","date_gmt":"2024-09-01T21:30:00","guid":{"rendered":"https:\/\/diariodalagoa.pt\/?p=139868"},"modified":"2025-06-21T14:26:08","modified_gmt":"2025-06-21T14:26:08","slug":"festas-de-nossa-senhora-dos-anjos-atrai-milhares-de-fieis-a-agua-de-pau","status":"publish","type":"post","link":"https:\/\/diariodalagoa.pt\/en\/festas-de-nossa-senhora-dos-anjos-atrai-milhares-de-fieis-a-agua-de-pau\/","title":{"rendered":"Festas de Nossa Senhora dos Anjos atrai milhares de fi\u00e9is a \u00c1gua de Pau"},"content":{"rendered":"<h3 class=\"wp-block-heading\">No passado dia 15 de agosto decorreu a missa solene, presidida pelo c\u00f3nego Manuel Carlos Alves, seguindo-se a prociss\u00e3o em honra de Nossa Senhora dos Anjos<\/h3>\n\n\n\n<figure class=\"wp-block-image size-full\"><img decoding=\"async\" width=\"960\" height=\"639\" src=\"https:\/\/diariodalagoa.pt\/wp-content\/uploads\/2024\/09\/nossa-senhora-dos-anjos-2024-cml.jpg\" alt=\"\" class=\"wp-image-140304\" srcset=\"https:\/\/diariodalagoa.pt\/wp-content\/uploads\/2024\/09\/nossa-senhora-dos-anjos-2024-cml.jpg 960w, https:\/\/diariodalagoa.pt\/wp-content\/uploads\/2024\/09\/nossa-senhora-dos-anjos-2024-cml-300x200.jpg 300w, https:\/\/diariodalagoa.pt\/wp-content\/uploads\/2024\/09\/nossa-senhora-dos-anjos-2024-cml-768x511.jpg 768w, https:\/\/diariodalagoa.pt\/wp-content\/uploads\/2024\/09\/nossa-senhora-dos-anjos-2024-cml-18x12.jpg 18w\" sizes=\"(max-width: 960px) 100vw, 960px\" \/><figcaption class=\"wp-element-caption\"><mark style=\"background-color:rgba(0, 0, 0, 0)\" class=\"has-inline-color has-cyan-bluish-gray-color\"><sup>\u00a9 CM LAGOA<\/sup><\/mark><\/figcaption><\/figure>\n\n\n<p>As Festas em honra de Nossa Senhora dos Anjos, na vila de \u00c1gua de Pau, decorreram de 4 a 17 de agosto. As festividades, organizadas pela Comiss\u00e3o de Festas de Nossa Senhora dos Anjos, juntaram milhares de pessoas na vila do concelho da Lagoa, na ilha de S\u00e3o Miguel.<br \/><br \/>No dia 4, foi celebrada a eucaristia com a Profiss\u00e3o de F\u00e9 e Comunh\u00e3o Solene. A ilumina\u00e7\u00e3o foi inaugurada a 9 de agosto, ap\u00f3s atua\u00e7\u00e3o da Filarm\u00f3nica Fraternidade Rural pelas ruas da vila. O ser\u00e3o prolongou-se com as atua\u00e7\u00f5es musicais do artista Leandro e do Dj Kevin Piques.<br \/><br \/>A 10 de agosto, a tarde foi vocacionada para os mais jovens, com diversas atividades. No in\u00edcio da noite, deu-se a arremata\u00e7\u00e3o de gado, seguindo-se a missa vespertina. A noite foi animada pela artista Cl\u00e1udia Caramelo e pelo DJ Kevin Piques.<br \/><br \/>No dia 11, o destaque foi para o cortejo etnogr\u00e1fico &#8220;Recordar \u00e9 Viver&#8221;, que animou as ruas de \u00c1gua de Pau, no final da tarde. No ser\u00e3o, tocou o grupo Brumas da Terra.<br \/><br \/>A 13 de agosto, foi inaugurada a exposi\u00e7\u00e3o &#8220;Foi aqui!&#8230; As mais belas profiss\u00f5es de todos os tempos&#8221;, no audit\u00f3rio Ferreira da Silva, tendo estado patente at\u00e9 dia 17. A seguir, atuou a marcha da Casa do Povo de \u00c1gua de Pau. A noite de festa acabou com a atua\u00e7\u00e3o de Os Tun\u00eddeos. A 14, o concerto da Fraternidade Rural e fogo de artif\u00edcio alegraram o ser\u00e3o.<br \/><br \/>No dia 15, decorreu a missa solene, presidida pelo c\u00f3nego Manuel Carlos Alves, seguindo-se a prociss\u00e3o em honra de Nossa Senhora dos Anjos, pelas 17h30, com a participa\u00e7\u00e3o de 10 bandas. A noite foi animada por concerto da filarm\u00f3nica Estrela D&#8217;Alva, de Santa Cruz.<br \/><br \/>No \u00e2mbito das festas, a autarquia da Lagoa, atrav\u00e9s do Museu de Lagoa, desafiou a comunidade a colaborar na elabora\u00e7\u00e3o do tradicional tapete de flores do N\u00facleo Museol\u00f3gico da Mercearia Central \u2013 Casa Tradicional. Foram igualmente decoradas tr\u00eas janelas do referido n\u00facleo, situado na Pra\u00e7a da Rep\u00fablica.<br \/><br \/>No dia 16 de agosto, celebraram-se as eucaristias, tendo o ser\u00e3o contado com o concerto da Banda Funda\u00e7\u00e3o Brasileira dos Mosteiros. Perto da meia noite, deu-se a tradicional Roda de Fogo.<br \/>Para finalizar as festas, a 17 de agosto, a noite foi animada por Dion\u00edsio Garcia &amp; The Blues Rockers, dos Estados Unidos da Am\u00e9rica. Depois, deu-se o encerramento das festas, com adeus \u00e0 imagem de Nossa Senhora dos Anjos, com participa\u00e7\u00e3o da filarm\u00f3nica de \u00c1gua de Pau.<br \/><br \/>Este ano, por motivos de for\u00e7a maior, a equipa do Di\u00e1rio da Lagoa viu-se impossibilitada de fazer a cobertura da prociss\u00e3o. Sendo que a edi\u00e7\u00e3o em papel \u00e9 mensal, contactado pelo nosso jornal, o p\u00e1roco de \u00c1gua de Pau recusou fazer um balan\u00e7o das festividades.<\/p>","protected":false},"excerpt":{"rendered":"<p>No passado dia 15 de agosto decorreu a missa solene, presidida pelo c\u00f3nego Manuel Carlos Alves, seguindo-se a prociss\u00e3o em honra de Nossa Senhora dos Anjos.<\/p>","protected":false},"author":2,"featured_media":140304,"comment_status":"open","ping_status":"closed","sticky":false,"template":"","format":"standard","meta":[],"categories":[21],"tags":[31,34,272,1377,1378],"acf":[],"yoast_head":"<!-- This site is optimized with the Yoast SEO plugin v20.10 - https:\/\/yoast.com\/wordpress\/plugins\/seo\/ -->\n<title>Festas de Nossa Senhora dos Anjos atrai milhares de fi\u00e9is a \u00c1gua de Pau - Di\u00e1rio da Lagoa<\/title>\n<meta name=\"description\" content=\"No passado dia 15 de agosto decorreu a missa solene, presidida pelo c\u00f3nego Manuel Carlos Alves, seguindo-se a prociss\u00e3o em honra de Nossa Senhora dos Anjos.\" \/>\n<meta name=\"robots\" content=\"index, follow, max-snippet:-1, max-image-preview:large, max-video-preview:-1\" \/>\n<link rel=\"canonical\" href=\"https:\/\/diariodalagoa.pt\/en\/festas-de-nossa-senhora-dos-anjos-atrai-milhares-de-fieis-a-agua-de-pau\/\" \/>\n<meta property=\"og:locale\" content=\"en_US\" \/>\n<meta property=\"og:type\" content=\"article\" \/>\n<meta property=\"og:title\" content=\"Festas de Nossa Senhora dos Anjos atrai milhares de fi\u00e9is a \u00c1gua de Pau - Di\u00e1rio da Lagoa\" \/>\n<meta property=\"og:description\" content=\"No passado dia 15 de agosto decorreu a missa solene, presidida pelo c\u00f3nego Manuel Carlos Alves, seguindo-se a prociss\u00e3o em honra de Nossa Senhora dos Anjos.\" \/>\n<meta property=\"og:url\" content=\"https:\/\/diariodalagoa.pt\/en\/festas-de-nossa-senhora-dos-anjos-atrai-milhares-de-fieis-a-agua-de-pau\/\" \/>\n<meta property=\"og:site_name\" content=\"Di\u00e1rio da Lagoa\" \/>\n<meta property=\"article:published_time\" content=\"2024-09-01T21:30:00+00:00\" \/>\n<meta property=\"article:modified_time\" content=\"2025-06-21T14:26:08+00:00\" \/>\n<meta property=\"og:image\" content=\"https:\/\/diariodalagoa.pt\/wp-content\/uploads\/2024\/09\/nossa-senhora-dos-anjos-2024-cml.jpg\" \/>\n\t<meta property=\"og:image:width\" content=\"960\" \/>\n\t<meta property=\"og:image:height\" content=\"639\" \/>\n\t<meta property=\"og:image:type\" content=\"image\/jpeg\" \/>\n<meta name=\"author\" content=\"Di\u00e1rio da Lagoa\" \/>\n<meta name=\"twitter:card\" content=\"summary_large_image\" \/>\n<meta name=\"twitter:label1\" content=\"Written by\" \/>\n\t<meta name=\"twitter:data1\" content=\"Di\u00e1rio da Lagoa\" \/>\n\t<meta name=\"twitter:label2\" content=\"Est. reading time\" \/>\n\t<meta name=\"twitter:data2\" content=\"3 minutes\" \/>\n<script type=\"application\/ld+json\" class=\"yoast-schema-graph\">{\"@context\":\"https:\/\/schema.org\",\"@graph\":[{\"@type\":\"WebPage\",\"@id\":\"https:\/\/diariodalagoa.pt\/festas-de-nossa-senhora-dos-anjos-atrai-milhares-de-fieis-a-agua-de-pau\/\",\"url\":\"https:\/\/diariodalagoa.pt\/festas-de-nossa-senhora-dos-anjos-atrai-milhares-de-fieis-a-agua-de-pau\/\",\"name\":\"Festas de Nossa Senhora dos Anjos atrai milhares de fi\u00e9is a \u00c1gua de Pau - Di\u00e1rio da Lagoa\",\"isPartOf\":{\"@id\":\"https:\/\/diariodalagoa.pt\/#website\"},\"datePublished\":\"2024-09-01T21:30:00+00:00\",\"dateModified\":\"2025-06-21T14:26:08+00:00\",\"author\":{\"@id\":\"https:\/\/diariodalagoa.pt\/#\/schema\/person\/1615a002370e8857b6f972834bc43ece\"},\"description\":\"No passado dia 15 de agosto decorreu a missa solene, presidida pelo c\u00f3nego Manuel Carlos Alves, seguindo-se a prociss\u00e3o em honra de Nossa Senhora dos Anjos.\",\"breadcrumb\":{\"@id\":\"https:\/\/diariodalagoa.pt\/festas-de-nossa-senhora-dos-anjos-atrai-milhares-de-fieis-a-agua-de-pau\/#breadcrumb\"},\"inLanguage\":\"en-US\",\"potentialAction\":[{\"@type\":\"ReadAction\",\"target\":[\"https:\/\/diariodalagoa.pt\/festas-de-nossa-senhora-dos-anjos-atrai-milhares-de-fieis-a-agua-de-pau\/\"]}]},{\"@type\":\"BreadcrumbList\",\"@id\":\"https:\/\/diariodalagoa.pt\/festas-de-nossa-senhora-dos-anjos-atrai-milhares-de-fieis-a-agua-de-pau\/#breadcrumb\",\"itemListElement\":[{\"@type\":\"ListItem\",\"position\":1,\"name\":\"In\u00edcio\",\"item\":\"https:\/\/diariodalagoa.pt\/\"},{\"@type\":\"ListItem\",\"position\":2,\"name\":\"Festas de Nossa Senhora dos Anjos atrai milhares de fi\u00e9is a \u00c1gua de Pau\"}]},{\"@type\":\"WebSite\",\"@id\":\"https:\/\/diariodalagoa.pt\/#website\",\"url\":\"https:\/\/diariodalagoa.pt\/\",\"name\":\"Di\u00e1rio da Lagoa\",\"description\":\"Di\u00e1rio da Lagoa. As not\u00edcias que contam. A partir da Lagoa, nos A\u00e7ores, para o mundo.\",\"potentialAction\":[{\"@type\":\"SearchAction\",\"target\":{\"@type\":\"EntryPoint\",\"urlTemplate\":\"https:\/\/diariodalagoa.pt\/?s={search_term_string}\"},\"query-input\":\"required name=search_term_string\"}],\"inLanguage\":\"en-US\"},{\"@type\":\"Person\",\"@id\":\"https:\/\/diariodalagoa.pt\/#\/schema\/person\/1615a002370e8857b6f972834bc43ece\",\"name\":\"Di\u00e1rio da Lagoa\",\"image\":{\"@type\":\"ImageObject\",\"inLanguage\":\"en-US\",\"@id\":\"https:\/\/diariodalagoa.pt\/#\/schema\/person\/image\/\",\"url\":\"https:\/\/secure.gravatar.com\/avatar\/2cb5cef90a26f8fbd4d9d930608102c5?s=96&d=mm&r=g\",\"contentUrl\":\"https:\/\/secure.gravatar.com\/avatar\/2cb5cef90a26f8fbd4d9d930608102c5?s=96&d=mm&r=g\",\"caption\":\"Di\u00e1rio da Lagoa\"},\"url\":\"https:\/\/diariodalagoa.pt\/en\/author\/diariodalagoa\/\"}]}<\/script>\n<!-- \/ Yoast SEO plugin. -->","yoast_head_json":{"title":"Festas de Nossa Senhora dos Anjos atrai milhares de fi\u00e9is a \u00c1gua de Pau - Di\u00e1rio da Lagoa","description":"No passado dia 15 de agosto decorreu a missa solene, presidida pelo c\u00f3nego Manuel Carlos Alves, seguindo-se a prociss\u00e3o em honra de Nossa Senhora dos Anjos.","robots":{"index":"index","follow":"follow","max-snippet":"max-snippet:-1","max-image-preview":"max-image-preview:large","max-video-preview":"max-video-preview:-1"},"canonical":"https:\/\/diariodalagoa.pt\/en\/festas-de-nossa-senhora-dos-anjos-atrai-milhares-de-fieis-a-agua-de-pau\/","og_locale":"en_US","og_type":"article","og_title":"Festas de Nossa Senhora dos Anjos atrai milhares de fi\u00e9is a \u00c1gua de Pau - Di\u00e1rio da Lagoa","og_description":"No passado dia 15 de agosto decorreu a missa solene, presidida pelo c\u00f3nego Manuel Carlos Alves, seguindo-se a prociss\u00e3o em honra de Nossa Senhora dos Anjos.","og_url":"https:\/\/diariodalagoa.pt\/en\/festas-de-nossa-senhora-dos-anjos-atrai-milhares-de-fieis-a-agua-de-pau\/","og_site_name":"Di\u00e1rio da Lagoa","article_published_time":"2024-09-01T21:30:00+00:00","article_modified_time":"2025-06-21T14:26:08+00:00","og_image":[{"width":960,"height":639,"url":"https:\/\/diariodalagoa.pt\/wp-content\/uploads\/2024\/09\/nossa-senhora-dos-anjos-2024-cml.jpg","type":"image\/jpeg"}],"author":"Di\u00e1rio da Lagoa","twitter_card":"summary_large_image","twitter_misc":{"Written by":"Di\u00e1rio da Lagoa","Est. reading time":"3 minutes"},"schema":{"@context":"https:\/\/schema.org","@graph":[{"@type":"WebPage","@id":"https:\/\/diariodalagoa.pt\/festas-de-nossa-senhora-dos-anjos-atrai-milhares-de-fieis-a-agua-de-pau\/","url":"https:\/\/diariodalagoa.pt\/festas-de-nossa-senhora-dos-anjos-atrai-milhares-de-fieis-a-agua-de-pau\/","name":"Festas de Nossa Senhora dos Anjos atrai milhares de fi\u00e9is a \u00c1gua de Pau - Di\u00e1rio da Lagoa","isPartOf":{"@id":"https:\/\/diariodalagoa.pt\/#website"},"datePublished":"2024-09-01T21:30:00+00:00","dateModified":"2025-06-21T14:26:08+00:00","author":{"@id":"https:\/\/diariodalagoa.pt\/#\/schema\/person\/1615a002370e8857b6f972834bc43ece"},"description":"No passado dia 15 de agosto decorreu a missa solene, presidida pelo c\u00f3nego Manuel Carlos Alves, seguindo-se a prociss\u00e3o em honra de Nossa Senhora dos Anjos.","breadcrumb":{"@id":"https:\/\/diariodalagoa.pt\/festas-de-nossa-senhora-dos-anjos-atrai-milhares-de-fieis-a-agua-de-pau\/#breadcrumb"},"inLanguage":"en-US","potentialAction":[{"@type":"ReadAction","target":["https:\/\/diariodalagoa.pt\/festas-de-nossa-senhora-dos-anjos-atrai-milhares-de-fieis-a-agua-de-pau\/"]}]},{"@type":"BreadcrumbList","@id":"https:\/\/diariodalagoa.pt\/festas-de-nossa-senhora-dos-anjos-atrai-milhares-de-fieis-a-agua-de-pau\/#breadcrumb","itemListElement":[{"@type":"ListItem","position":1,"name":"In\u00edcio","item":"https:\/\/diariodalagoa.pt\/"},{"@type":"ListItem","position":2,"name":"Festas de Nossa Senhora dos Anjos atrai milhares de fi\u00e9is a \u00c1gua de Pau"}]},{"@type":"WebSite","@id":"https:\/\/diariodalagoa.pt\/#website","url":"https:\/\/diariodalagoa.pt\/","name":"Di\u00e1rio da Lagoa","description":"Di\u00e1rio da Lagoa. As not\u00edcias que contam. A partir da Lagoa, nos A\u00e7ores, para o mundo.","potentialAction":[{"@type":"SearchAction","target":{"@type":"EntryPoint","urlTemplate":"https:\/\/diariodalagoa.pt\/?s={search_term_string}"},"query-input":"required name=search_term_string"}],"inLanguage":"en-US"},{"@type":"Person","@id":"https:\/\/diariodalagoa.pt\/#\/schema\/person\/1615a002370e8857b6f972834bc43ece","name":"Di\u00e1rio da Lagoa","image":{"@type":"ImageObject","inLanguage":"en-US","@id":"https:\/\/diariodalagoa.pt\/#\/schema\/person\/image\/","url":"https:\/\/secure.gravatar.com\/avatar\/2cb5cef90a26f8fbd4d9d930608102c5?s=96&d=mm&r=g","contentUrl":"https:\/\/secure.gravatar.com\/avatar\/2cb5cef90a26f8fbd4d9d930608102c5?s=96&d=mm&r=g","caption":"Di\u00e1rio da Lagoa"},"url":"https:\/\/diariodalagoa.pt\/en\/author\/diariodalagoa\/"}]}},"_links":{"self":[{"href":"https:\/\/diariodalagoa.pt\/en\/wp-json\/wp\/v2\/posts\/139868"}],"collection":[{"href":"https:\/\/diariodalagoa.pt\/en\/wp-json\/wp\/v2\/posts"}],"about":[{"href":"https:\/\/diariodalagoa.pt\/en\/wp-json\/wp\/v2\/types\/post"}],"author":[{"embeddable":true,"href":"https:\/\/diariodalagoa.pt\/en\/wp-json\/wp\/v2\/users\/2"}],"replies":[{"embeddable":true,"href":"https:\/\/diariodalagoa.pt\/en\/wp-json\/wp\/v2\/comments?post=139868"}],"version-history":[{"count":9,"href":"https:\/\/diariodalagoa.pt\/en\/wp-json\/wp\/v2\/posts\/139868\/revisions"}],"predecessor-version":[{"id":140306,"href":"https:\/\/diariodalagoa.pt\/en\/wp-json\/wp\/v2\/posts\/139868\/revisions\/140306"}],"wp:featuredmedia":[{"embeddable":true,"href":"https:\/\/diariodalagoa.pt\/en\/wp-json\/wp\/v2\/media\/140304"}],"wp:attachment":[{"href":"https:\/\/diariodalagoa.pt\/en\/wp-json\/wp\/v2\/media?parent=139868"}],"wp:term":[{"taxonomy":"category","embeddable":true,"href":"https:\/\/diariodalagoa.pt\/en\/wp-json\/wp\/v2\/categories?post=139868"},{"taxonomy":"post_tag","embeddable":true,"href":"https:\/\/diariodalagoa.pt\/en\/wp-json\/wp\/v2\/tags?post=139868"}],"curies":[{"name":"wp","href":"https:\/\/api.w.org\/{rel}","templated":true}]}}