{"id":134070,"date":"2024-05-23T09:30:00","date_gmt":"2024-05-23T09:30:00","guid":{"rendered":"https:\/\/diariodalagoa.pt\/?p=134070"},"modified":"2024-05-23T10:05:07","modified_gmt":"2024-05-23T10:05:07","slug":"banco-alimentar-promove-recolha-de-alimentos-de-24-a-26-de-maio","status":"publish","type":"post","link":"https:\/\/diariodalagoa.pt\/en\/banco-alimentar-promove-recolha-de-alimentos-de-24-a-26-de-maio\/","title":{"rendered":"Banco Alimentar promove recolha de alimentos de 24 a 26 de maio"},"content":{"rendered":"<figure class=\"wp-block-image size-full\"><img decoding=\"async\" width=\"957\" height=\"638\" src=\"https:\/\/diariodalagoa.pt\/wp-content\/uploads\/2022\/11\/banco-alimentar-sao-miguel.jpeg\" alt=\"\" class=\"wp-image-113895\" srcset=\"https:\/\/diariodalagoa.pt\/wp-content\/uploads\/2022\/11\/banco-alimentar-sao-miguel.jpeg 957w, https:\/\/diariodalagoa.pt\/wp-content\/uploads\/2022\/11\/banco-alimentar-sao-miguel-300x200.jpeg 300w, https:\/\/diariodalagoa.pt\/wp-content\/uploads\/2022\/11\/banco-alimentar-sao-miguel-768x512.jpeg 768w, https:\/\/diariodalagoa.pt\/wp-content\/uploads\/2022\/11\/banco-alimentar-sao-miguel-18x12.jpeg 18w\" sizes=\"(max-width: 957px) 100vw, 957px\" \/><figcaption class=\"wp-element-caption\"><mark style=\"background-color:rgba(0, 0, 0, 0)\" class=\"has-inline-color has-cyan-bluish-gray-color\"><sup>\u00a9 D.R.<\/sup><\/mark><\/figcaption><\/figure>\n\n\n\n<p>O Banco Alimentar Contra a Fome vai promover uma campanha de recolha de alimentos em S\u00e3o Miguel, no pr\u00f3ximo fim de semana, com in\u00edcio no dia 24 de maio, sexta-feira, a partir das 13 horas, at\u00e9 dia 26, domingo.<\/p>\n\n\n\n<p>Segundo o comunicado do Banco Alimentar, mais de 700 volunt\u00e1rios v\u00e3o estar nos postos de recolha colocados em mais de 40 estabelecimentos comerciais, &#8220;entregando os nossos sacos e apelando \u00e0 d\u00e1diva dos alimentos mais necess\u00e1rios&#8221; na 51\u00aa recolha de alimentos de S\u00e3o Miguel.<\/p>\n\n\n\n<p>&#8220;Num momento em que os indicadores sociais da Regi\u00e3o registam taxas de pobreza e exclus\u00e3o social<br>com aumentos muito preocupantes, pelo aumento generalizado de pre\u00e7os, sobretudo dos cr\u00e9ditos<br>\u00e0 habita\u00e7\u00e3o e da subida do custo da alimenta\u00e7\u00e3o mais b\u00e1sica, \u00e9 nossa miss\u00e3o apoiar as fam\u00edlias<br>economicamente mais vulner\u00e1veis para minimizar a fome e a insufici\u00eancia alimentar&#8221;, explica a institui\u00e7\u00e3o na mesma nota.<\/p>\n\n\n\n<p>O Banco Alimentar diz estar a apoiar com cabazes alimentares cerca de 500 fam\u00edlias (2.823 pessoas, a maioria empregada com baixos vencimentos, sendo 40% de crian\u00e7as), &#8220;precisando, para garantir este n\u00edvel de resposta, de 20 mil quilos de alimentos mensais, quantidade s\u00f3 poss\u00edvel de angariar se contar com a colabora\u00e7\u00e3o efetiva e material de empresas, entidades oficiais e dos micaelenses.&#8221;<\/p>\n\n\n\n<p>Segundo a entidade, &#8220;as fam\u00edlias benefici\u00e1rias da ajuda alimentar s\u00e3o indicadas pelo Instituto da Seguran\u00e7a Social dos A\u00e7ores, pelas nossas 71 associa\u00e7\u00f5es parceiras distribuidoras, pela Rede de Emerg\u00eancia Alimentar e pelas c\u00e2maras municipais com as quais se assinaram protocolos de ajuda alimentar; o Banco Alimentar procede ainda a um rigoroso controlo para evitar duplica\u00e7\u00f5es na atribui\u00e7\u00e3o dos cabazes&#8221;. <\/p>\n\n\n\n<p>O cabaz alimentar b\u00e1sico distribu\u00eddo \u00e9 constitu\u00eddo por 16 produtos: arroz, atum e sardinha em conserva, salsichas, azeite, bolachas, caf\u00e9, cereais pequeno-almo\u00e7o, farinha, enlatados ou secos de leguminosas (feij\u00e3o gr\u00e3o, ervilha, lentilha), leite, massas, marmelada, \u00f3leo, papas e a\u00e7\u00facar.<\/p>\n\n\n\n<p>Ser\u00e1 ainda poss\u00edvel contribuir atrav\u00e9s da entrega direta de g\u00e9neros diretamente no armaz\u00e9m do Banco Alimentar, em Ponta Delgada, ou atrav\u00e9s de donativos online ou por transfer\u00eancia banc\u00e1ria.<\/p>","protected":false},"excerpt":{"rendered":"<p>Institui\u00e7\u00e3o est\u00e1 a apoiar cerca de 500 fam\u00edlias, um total de quase tr\u00eas mil pessoas, sendo precisos 20 mil quilos de alimentos mensais para dar resposta \u00e0s necessidades.<\/p>","protected":false},"author":2,"featured_media":113895,"comment_status":"closed","ping_status":"closed","sticky":false,"template":"","format":"standard","meta":[],"categories":[21],"tags":[31,37,716,717],"acf":[],"yoast_head":"<!-- This site is optimized with the Yoast SEO plugin v20.10 - https:\/\/yoast.com\/wordpress\/plugins\/seo\/ -->\n<title>Banco Alimentar promove recolha de alimentos de 24 a 26 de maio - Di\u00e1rio da Lagoa<\/title>\n<meta name=\"description\" content=\"Institui\u00e7\u00e3o est\u00e1 a apoiar cerca de 500 fam\u00edlias, um total de quase tr\u00eas mil pessoas, sendo precisos 20 mil quilos de alimentos mensais para dar resposta \u00e0s necessidades.\" \/>\n<meta name=\"robots\" content=\"index, follow, max-snippet:-1, max-image-preview:large, max-video-preview:-1\" \/>\n<link rel=\"canonical\" href=\"https:\/\/diariodalagoa.pt\/en\/banco-alimentar-promove-recolha-de-alimentos-de-24-a-26-de-maio\/\" \/>\n<meta property=\"og:locale\" content=\"en_US\" \/>\n<meta property=\"og:type\" content=\"article\" \/>\n<meta property=\"og:title\" content=\"Banco Alimentar promove recolha de alimentos de 24 a 26 de maio - Di\u00e1rio da Lagoa\" \/>\n<meta property=\"og:description\" content=\"Institui\u00e7\u00e3o est\u00e1 a apoiar cerca de 500 fam\u00edlias, um total de quase tr\u00eas mil pessoas, sendo precisos 20 mil quilos de alimentos mensais para dar resposta \u00e0s necessidades.\" \/>\n<meta property=\"og:url\" content=\"https:\/\/diariodalagoa.pt\/en\/banco-alimentar-promove-recolha-de-alimentos-de-24-a-26-de-maio\/\" \/>\n<meta property=\"og:site_name\" content=\"Di\u00e1rio da Lagoa\" \/>\n<meta property=\"article:published_time\" content=\"2024-05-23T09:30:00+00:00\" \/>\n<meta property=\"article:modified_time\" content=\"2024-05-23T10:05:07+00:00\" \/>\n<meta property=\"og:image\" content=\"https:\/\/diariodalagoa.pt\/wp-content\/uploads\/2022\/11\/banco-alimentar-sao-miguel.jpeg\" \/>\n\t<meta property=\"og:image:width\" content=\"957\" \/>\n\t<meta property=\"og:image:height\" content=\"638\" \/>\n\t<meta property=\"og:image:type\" content=\"image\/jpeg\" \/>\n<meta name=\"author\" content=\"Di\u00e1rio da Lagoa\" \/>\n<meta name=\"twitter:card\" content=\"summary_large_image\" \/>\n<meta name=\"twitter:label1\" content=\"Written by\" \/>\n\t<meta name=\"twitter:data1\" content=\"Di\u00e1rio da Lagoa\" \/>\n\t<meta name=\"twitter:label2\" content=\"Est. reading time\" \/>\n\t<meta name=\"twitter:data2\" content=\"3 minutes\" \/>\n<script type=\"application\/ld+json\" class=\"yoast-schema-graph\">{\"@context\":\"https:\/\/schema.org\",\"@graph\":[{\"@type\":\"WebPage\",\"@id\":\"https:\/\/diariodalagoa.pt\/banco-alimentar-promove-recolha-de-alimentos-de-24-a-26-de-maio\/\",\"url\":\"https:\/\/diariodalagoa.pt\/banco-alimentar-promove-recolha-de-alimentos-de-24-a-26-de-maio\/\",\"name\":\"Banco Alimentar promove recolha de alimentos de 24 a 26 de maio - Di\u00e1rio da Lagoa\",\"isPartOf\":{\"@id\":\"https:\/\/diariodalagoa.pt\/#website\"},\"datePublished\":\"2024-05-23T09:30:00+00:00\",\"dateModified\":\"2024-05-23T10:05:07+00:00\",\"author\":{\"@id\":\"https:\/\/diariodalagoa.pt\/#\/schema\/person\/1615a002370e8857b6f972834bc43ece\"},\"description\":\"Institui\u00e7\u00e3o est\u00e1 a apoiar cerca de 500 fam\u00edlias, um total de quase tr\u00eas mil pessoas, sendo precisos 20 mil quilos de alimentos mensais para dar resposta \u00e0s necessidades.\",\"breadcrumb\":{\"@id\":\"https:\/\/diariodalagoa.pt\/banco-alimentar-promove-recolha-de-alimentos-de-24-a-26-de-maio\/#breadcrumb\"},\"inLanguage\":\"en-US\",\"potentialAction\":[{\"@type\":\"ReadAction\",\"target\":[\"https:\/\/diariodalagoa.pt\/banco-alimentar-promove-recolha-de-alimentos-de-24-a-26-de-maio\/\"]}]},{\"@type\":\"BreadcrumbList\",\"@id\":\"https:\/\/diariodalagoa.pt\/banco-alimentar-promove-recolha-de-alimentos-de-24-a-26-de-maio\/#breadcrumb\",\"itemListElement\":[{\"@type\":\"ListItem\",\"position\":1,\"name\":\"In\u00edcio\",\"item\":\"https:\/\/diariodalagoa.pt\/\"},{\"@type\":\"ListItem\",\"position\":2,\"name\":\"Banco Alimentar promove recolha de alimentos de 24 a 26 de maio\"}]},{\"@type\":\"WebSite\",\"@id\":\"https:\/\/diariodalagoa.pt\/#website\",\"url\":\"https:\/\/diariodalagoa.pt\/\",\"name\":\"Di\u00e1rio da Lagoa\",\"description\":\"Di\u00e1rio da Lagoa. As not\u00edcias que contam. A partir da Lagoa, nos A\u00e7ores, para o mundo.\",\"potentialAction\":[{\"@type\":\"SearchAction\",\"target\":{\"@type\":\"EntryPoint\",\"urlTemplate\":\"https:\/\/diariodalagoa.pt\/?s={search_term_string}\"},\"query-input\":\"required name=search_term_string\"}],\"inLanguage\":\"en-US\"},{\"@type\":\"Person\",\"@id\":\"https:\/\/diariodalagoa.pt\/#\/schema\/person\/1615a002370e8857b6f972834bc43ece\",\"name\":\"Di\u00e1rio da Lagoa\",\"image\":{\"@type\":\"ImageObject\",\"inLanguage\":\"en-US\",\"@id\":\"https:\/\/diariodalagoa.pt\/#\/schema\/person\/image\/\",\"url\":\"https:\/\/secure.gravatar.com\/avatar\/2cb5cef90a26f8fbd4d9d930608102c5?s=96&d=mm&r=g\",\"contentUrl\":\"https:\/\/secure.gravatar.com\/avatar\/2cb5cef90a26f8fbd4d9d930608102c5?s=96&d=mm&r=g\",\"caption\":\"Di\u00e1rio da Lagoa\"},\"url\":\"https:\/\/diariodalagoa.pt\/en\/author\/diariodalagoa\/\"}]}<\/script>\n<!-- \/ Yoast SEO plugin. -->","yoast_head_json":{"title":"Banco Alimentar promove recolha de alimentos de 24 a 26 de maio - Di\u00e1rio da Lagoa","description":"Institui\u00e7\u00e3o est\u00e1 a apoiar cerca de 500 fam\u00edlias, um total de quase tr\u00eas mil pessoas, sendo precisos 20 mil quilos de alimentos mensais para dar resposta \u00e0s necessidades.","robots":{"index":"index","follow":"follow","max-snippet":"max-snippet:-1","max-image-preview":"max-image-preview:large","max-video-preview":"max-video-preview:-1"},"canonical":"https:\/\/diariodalagoa.pt\/en\/banco-alimentar-promove-recolha-de-alimentos-de-24-a-26-de-maio\/","og_locale":"en_US","og_type":"article","og_title":"Banco Alimentar promove recolha de alimentos de 24 a 26 de maio - Di\u00e1rio da Lagoa","og_description":"Institui\u00e7\u00e3o est\u00e1 a apoiar cerca de 500 fam\u00edlias, um total de quase tr\u00eas mil pessoas, sendo precisos 20 mil quilos de alimentos mensais para dar resposta \u00e0s necessidades.","og_url":"https:\/\/diariodalagoa.pt\/en\/banco-alimentar-promove-recolha-de-alimentos-de-24-a-26-de-maio\/","og_site_name":"Di\u00e1rio da Lagoa","article_published_time":"2024-05-23T09:30:00+00:00","article_modified_time":"2024-05-23T10:05:07+00:00","og_image":[{"width":957,"height":638,"url":"https:\/\/diariodalagoa.pt\/wp-content\/uploads\/2022\/11\/banco-alimentar-sao-miguel.jpeg","type":"image\/jpeg"}],"author":"Di\u00e1rio da Lagoa","twitter_card":"summary_large_image","twitter_misc":{"Written by":"Di\u00e1rio da Lagoa","Est. reading time":"3 minutes"},"schema":{"@context":"https:\/\/schema.org","@graph":[{"@type":"WebPage","@id":"https:\/\/diariodalagoa.pt\/banco-alimentar-promove-recolha-de-alimentos-de-24-a-26-de-maio\/","url":"https:\/\/diariodalagoa.pt\/banco-alimentar-promove-recolha-de-alimentos-de-24-a-26-de-maio\/","name":"Banco Alimentar promove recolha de alimentos de 24 a 26 de maio - Di\u00e1rio da Lagoa","isPartOf":{"@id":"https:\/\/diariodalagoa.pt\/#website"},"datePublished":"2024-05-23T09:30:00+00:00","dateModified":"2024-05-23T10:05:07+00:00","author":{"@id":"https:\/\/diariodalagoa.pt\/#\/schema\/person\/1615a002370e8857b6f972834bc43ece"},"description":"Institui\u00e7\u00e3o est\u00e1 a apoiar cerca de 500 fam\u00edlias, um total de quase tr\u00eas mil pessoas, sendo precisos 20 mil quilos de alimentos mensais para dar resposta \u00e0s necessidades.","breadcrumb":{"@id":"https:\/\/diariodalagoa.pt\/banco-alimentar-promove-recolha-de-alimentos-de-24-a-26-de-maio\/#breadcrumb"},"inLanguage":"en-US","potentialAction":[{"@type":"ReadAction","target":["https:\/\/diariodalagoa.pt\/banco-alimentar-promove-recolha-de-alimentos-de-24-a-26-de-maio\/"]}]},{"@type":"BreadcrumbList","@id":"https:\/\/diariodalagoa.pt\/banco-alimentar-promove-recolha-de-alimentos-de-24-a-26-de-maio\/#breadcrumb","itemListElement":[{"@type":"ListItem","position":1,"name":"In\u00edcio","item":"https:\/\/diariodalagoa.pt\/"},{"@type":"ListItem","position":2,"name":"Banco Alimentar promove recolha de alimentos de 24 a 26 de maio"}]},{"@type":"WebSite","@id":"https:\/\/diariodalagoa.pt\/#website","url":"https:\/\/diariodalagoa.pt\/","name":"Di\u00e1rio da Lagoa","description":"Di\u00e1rio da Lagoa. As not\u00edcias que contam. A partir da Lagoa, nos A\u00e7ores, para o mundo.","potentialAction":[{"@type":"SearchAction","target":{"@type":"EntryPoint","urlTemplate":"https:\/\/diariodalagoa.pt\/?s={search_term_string}"},"query-input":"required name=search_term_string"}],"inLanguage":"en-US"},{"@type":"Person","@id":"https:\/\/diariodalagoa.pt\/#\/schema\/person\/1615a002370e8857b6f972834bc43ece","name":"Di\u00e1rio da Lagoa","image":{"@type":"ImageObject","inLanguage":"en-US","@id":"https:\/\/diariodalagoa.pt\/#\/schema\/person\/image\/","url":"https:\/\/secure.gravatar.com\/avatar\/2cb5cef90a26f8fbd4d9d930608102c5?s=96&d=mm&r=g","contentUrl":"https:\/\/secure.gravatar.com\/avatar\/2cb5cef90a26f8fbd4d9d930608102c5?s=96&d=mm&r=g","caption":"Di\u00e1rio da Lagoa"},"url":"https:\/\/diariodalagoa.pt\/en\/author\/diariodalagoa\/"}]}},"_links":{"self":[{"href":"https:\/\/diariodalagoa.pt\/en\/wp-json\/wp\/v2\/posts\/134070"}],"collection":[{"href":"https:\/\/diariodalagoa.pt\/en\/wp-json\/wp\/v2\/posts"}],"about":[{"href":"https:\/\/diariodalagoa.pt\/en\/wp-json\/wp\/v2\/types\/post"}],"author":[{"embeddable":true,"href":"https:\/\/diariodalagoa.pt\/en\/wp-json\/wp\/v2\/users\/2"}],"replies":[{"embeddable":true,"href":"https:\/\/diariodalagoa.pt\/en\/wp-json\/wp\/v2\/comments?post=134070"}],"version-history":[{"count":4,"href":"https:\/\/diariodalagoa.pt\/en\/wp-json\/wp\/v2\/posts\/134070\/revisions"}],"predecessor-version":[{"id":134074,"href":"https:\/\/diariodalagoa.pt\/en\/wp-json\/wp\/v2\/posts\/134070\/revisions\/134074"}],"wp:featuredmedia":[{"embeddable":true,"href":"https:\/\/diariodalagoa.pt\/en\/wp-json\/wp\/v2\/media\/113895"}],"wp:attachment":[{"href":"https:\/\/diariodalagoa.pt\/en\/wp-json\/wp\/v2\/media?parent=134070"}],"wp:term":[{"taxonomy":"category","embeddable":true,"href":"https:\/\/diariodalagoa.pt\/en\/wp-json\/wp\/v2\/categories?post=134070"},{"taxonomy":"post_tag","embeddable":true,"href":"https:\/\/diariodalagoa.pt\/en\/wp-json\/wp\/v2\/tags?post=134070"}],"curies":[{"name":"wp","href":"https:\/\/api.w.org\/{rel}","templated":true}]}}