{"id":13359,"date":"2015-02-04T13:50:22","date_gmt":"2015-02-04T14:50:22","guid":{"rendered":"http:\/\/diariodalagoa.pt\/?p=13359"},"modified":"2015-02-04T13:50:22","modified_gmt":"2015-02-04T14:50:22","slug":"meritos-e-criterios","status":"publish","type":"post","link":"https:\/\/diariodalagoa.pt\/en\/meritos-e-criterios\/","title":{"rendered":"M\u00e9ritos e crit\u00e9rios"},"content":{"rendered":"<p><img decoding=\"async\" class=\"alignnone size-full wp-image-11724\" src=\"http:\/\/diariodalagoa.pt\/wp-content\/uploads\/2014\/11\/Rui-Almeida-Opini\u00e3o.jpg\" alt=\"Rui-Almeida-Opini\u00e3o\" width=\"720\" height=\"380\" \/><\/p>\n<p><span style=\"color: #000000;\">H\u00e1 40 anos, todos os alunos, em qualquer parte do territ\u00f3rio portugu\u00eas, estudavam a geografia nacional e, com ela, a divis\u00e3o geogr\u00e1fica e administrativa do arquip\u00e9lago dos A\u00e7ores. H\u00e1 20 anos, estas mat\u00e9rias deixavam de figurar nos comp\u00eandios e, pior do que isso, nas obrigatoriedades de estudo ou, sequer, nos brios de cultura geral dos jovens. Agora, apesar das facilidades que resultam da aplica\u00e7\u00e3o de um conjunto de tecnologias de f\u00e1cil e liberal acesso, os A\u00e7ores continuam conhecidos no exterior em situa\u00e7\u00f5es de cat\u00e1strofe natural e pela pron\u00fancia (ou sotaque) mais ou menos acentuados de algumas das suas vilas, cidades ou ilhas. Mas tamb\u00e9m pelo desporto, pelos seus praticantes, e pela eventual promo\u00e7\u00e3o da regi\u00e3o que alguns fazem e pela qual muitos recebem.\u00a0<\/span><\/p>\n<p><span style=\"color: #000000;\">As verbas consignadas para a promo\u00e7\u00e3o da regi\u00e3o aut\u00f3noma no exterior por for\u00e7a da atividade desportiva de alto rendimento ou, n\u00e3o se tratando de um enquadramento profissional, por aquela que leve os seus representantes a participar em eventos de car\u00e1ter nacional, foram sempre objeto de d\u00favidas met\u00f3dicas e quest\u00f5es pr\u00e1ticas.<\/span><\/p>\n<p><span style=\"color: #000000;\">D\u00favidas met\u00f3dicas em rela\u00e7\u00e3o aos crit\u00e9rios que as norteiam. \u00c9 justific\u00e1vel \u2013 mesmo compreendendo que o futebol \u00e9 a modalidade que maior potencial retorno gera \u2013 a continuidade de um investimento desmesurado (quando em compara\u00e7\u00e3o com outras atividades representativas da regi\u00e3o) na participa\u00e7\u00e3o de uma equipa a\u00e7oriana num segundo escal\u00e3o profissional do futebol em Portugal? \u00c9 defens\u00e1vel a \u201cregra de primazia\u201d, em caso de promo\u00e7\u00e3o de um outro emblema, dada, num primeiro ano, \u00e0 agremia\u00e7\u00e3o que se mant\u00e9m nesse escal\u00e3o, quanto \u00e0s verbas dispensadas?<\/span><\/p>\n<p><span style=\"color: #000000;\">Quest\u00f5es pr\u00e1ticas quanto ao \u00e2mbito e alcance da promo\u00e7\u00e3o a\u00e7oriana fora de portas. Por exemplo: ser\u00e1 que uma equipa profissional de futebol gera fluxo promocional suficiente para justificar as verbas que anualmente s\u00e3o dispendidas pelo er\u00e1rio regional com a justifica\u00e7\u00e3o do transporte do \u201cbom nome\u201d dos A\u00e7ores extramuros?<\/span><\/p>\n<p><span style=\"color: #000000;\">Ser\u00e1 que se trata de promo\u00e7\u00e3o positiva um sucessivo arastamento, em termos puramente competitivos, acumulando resultados desportivos de baixo n\u00edvel e presta\u00e7\u00f5es de duvidosa qualidade, ao mesmo tempo que revela uma absoluta incapacidade para agregar vontades de investimento e, sobretudo, para demonstrar qualidade de gest\u00e3o desportiva (de que o n\u00famero de treinadores contratados e dispensados, nos \u00faltimos anos, \u00e9 apenas o pormenor mais vis\u00edvel)?<\/span><\/p>\n<p><span style=\"color: #000000;\">A regi\u00e3o n\u00e3o pode suportar, por for\u00e7a das suas limita\u00e7\u00f5es geogr\u00e1ficas e financeiras, o atual quadro de subs\u00eddios. Mas, ao rev\u00ea-lo (e aos respetivos crit\u00e9rios) dever\u00e1 encontrar par\u00e2metros de \u201cqualidade de representa\u00e7\u00e3o\u201d, por um lado, e de \u201cpr\u00e9mio ao esfor\u00e7o\u201d, por outro, aplicando-se esta regra a todas as modalidades, independentemente do \u00e2mbito individual ou coletivo de cada uma.<\/span><\/p>\n<p><span style=\"color: #000000;\">E estes par\u00e2metros (qualidade de representa\u00e7\u00e3o e pr\u00e9mio ao esfor\u00e7o) encontram na forma\u00e7\u00e3o, na promo\u00e7\u00e3o de valores locais, na capacidade de intera\u00e7\u00e3o com as comunidades em que se inserem, na perspetiva de valoriza\u00e7\u00e3o do seu patrim\u00f3nio e no respeito pelas massas adeptas e, eventualmente, associadas, fatores incontorn\u00e1veis para um eventual sucesso.<\/span><\/p>\n<p><span style=\"color: #000000;\">Este \u00e9 um esfor\u00e7o de todos os agentes: os desportivos, que, ao n\u00edvel das c\u00e9lulas de desenvolvimento parceiras da sociedade civil \u2013 os clubes \u2013 perceber\u00e3o certamente a import\u00e2ncia de uma crescente aproxima\u00e7\u00e3o aos valores \u201cda terra\u201d, e os pol\u00edticos, que reconhecer\u00e3o o significado e o alcance do apoio em face da expans\u00e3o e efetiva promo\u00e7\u00e3o dos seus concelhos e da sua regi\u00e3o, encarando-a como um investimento duplo (ao potenciar a forma\u00e7\u00e3o de novos talentos, por um lado, e ao refletir a imagem das suas terras e das suas gentes para l\u00e1 das barreiras oce\u00e2nicas, por outro).<\/span><\/p>\n<p><span style=\"color: #000000;\">Voltamos \u00e0 primeira forma: crit\u00e9rios. Os dinheiros p\u00fablicos s\u00e3o um bem&#8230; p\u00fablico. Geri-los com parcim\u00f3nia n\u00e3o deve ser sequer objetivo. Deve ser obriga\u00e7\u00e3o dos representantes do poder pol\u00edtico local e regional. E reconhecer a justeza da sua aplica\u00e7\u00e3o, o m\u00e9rito dos seus benefici\u00e1rios e a qualidade do seu retorno \u00e9 o princ\u00edpio b\u00e1sico para a gera\u00e7\u00e3o de crit\u00e9rios justos, uniformes e transparentes. Gerir ao sabor do vento, significa n\u00e3o acautelar tempestade&#8230;<\/span><\/p>\n<p><span style=\"color: #000000;\"><em>Rui Almeida<\/em><\/span><\/p>","protected":false},"excerpt":{"rendered":"<p>H\u00e1 40 anos, todos os alunos, em qualquer parte do territ\u00f3rio portugu\u00eas, estudavam a geografia nacional e, com ela, a divis\u00e3o geogr\u00e1fica e administrativa do arquip\u00e9lago dos A\u00e7ores. H\u00e1 20 anos, estas mat\u00e9rias deixavam de figurar nos comp\u00eandios e, pior do que isso, nas obrigatoriedades de estudo ou, sequer, nos brios de cultura geral dos [&hellip;]<\/p>","protected":false},"author":2,"featured_media":0,"comment_status":"open","ping_status":"open","sticky":false,"template":"","format":"standard","meta":[],"categories":[11],"tags":[],"acf":[],"yoast_head":"<!-- This site is optimized with the Yoast SEO plugin v20.10 - https:\/\/yoast.com\/wordpress\/plugins\/seo\/ -->\n<title>M\u00e9ritos e crit\u00e9rios - Di\u00e1rio da Lagoa<\/title>\n<meta name=\"robots\" content=\"index, follow, max-snippet:-1, max-image-preview:large, max-video-preview:-1\" \/>\n<link rel=\"canonical\" href=\"https:\/\/diariodalagoa.pt\/en\/meritos-e-criterios\/\" \/>\n<meta property=\"og:locale\" content=\"en_US\" \/>\n<meta property=\"og:type\" content=\"article\" \/>\n<meta property=\"og:title\" content=\"M\u00e9ritos e crit\u00e9rios - Di\u00e1rio da Lagoa\" \/>\n<meta property=\"og:description\" content=\"H\u00e1 40 anos, todos os alunos, em qualquer parte do territ\u00f3rio portugu\u00eas, estudavam a geografia nacional e, com ela, a divis\u00e3o geogr\u00e1fica e administrativa do arquip\u00e9lago dos A\u00e7ores. H\u00e1 20 anos, estas mat\u00e9rias deixavam de figurar nos comp\u00eandios e, pior do que isso, nas obrigatoriedades de estudo ou, sequer, nos brios de cultura geral dos [&hellip;]\" \/>\n<meta property=\"og:url\" content=\"https:\/\/diariodalagoa.pt\/en\/meritos-e-criterios\/\" \/>\n<meta property=\"og:site_name\" content=\"Di\u00e1rio da Lagoa\" \/>\n<meta property=\"article:published_time\" content=\"2015-02-04T14:50:22+00:00\" \/>\n<meta name=\"author\" content=\"Di\u00e1rio da Lagoa\" \/>\n<meta name=\"twitter:card\" content=\"summary_large_image\" \/>\n<meta name=\"twitter:label1\" content=\"Written by\" \/>\n\t<meta name=\"twitter:data1\" content=\"Di\u00e1rio da Lagoa\" \/>\n\t<meta name=\"twitter:label2\" content=\"Est. reading time\" \/>\n\t<meta name=\"twitter:data2\" content=\"4 minutes\" \/>\n<script type=\"application\/ld+json\" class=\"yoast-schema-graph\">{\"@context\":\"https:\/\/schema.org\",\"@graph\":[{\"@type\":\"WebPage\",\"@id\":\"https:\/\/diariodalagoa.pt\/meritos-e-criterios\/\",\"url\":\"https:\/\/diariodalagoa.pt\/meritos-e-criterios\/\",\"name\":\"M\u00e9ritos e crit\u00e9rios - Di\u00e1rio da Lagoa\",\"isPartOf\":{\"@id\":\"https:\/\/diariodalagoa.pt\/#website\"},\"datePublished\":\"2015-02-04T14:50:22+00:00\",\"dateModified\":\"2015-02-04T14:50:22+00:00\",\"author\":{\"@id\":\"https:\/\/diariodalagoa.pt\/#\/schema\/person\/1615a002370e8857b6f972834bc43ece\"},\"breadcrumb\":{\"@id\":\"https:\/\/diariodalagoa.pt\/meritos-e-criterios\/#breadcrumb\"},\"inLanguage\":\"en-US\",\"potentialAction\":[{\"@type\":\"ReadAction\",\"target\":[\"https:\/\/diariodalagoa.pt\/meritos-e-criterios\/\"]}]},{\"@type\":\"BreadcrumbList\",\"@id\":\"https:\/\/diariodalagoa.pt\/meritos-e-criterios\/#breadcrumb\",\"itemListElement\":[{\"@type\":\"ListItem\",\"position\":1,\"name\":\"In\u00edcio\",\"item\":\"https:\/\/diariodalagoa.pt\/\"},{\"@type\":\"ListItem\",\"position\":2,\"name\":\"M\u00e9ritos e crit\u00e9rios\"}]},{\"@type\":\"WebSite\",\"@id\":\"https:\/\/diariodalagoa.pt\/#website\",\"url\":\"https:\/\/diariodalagoa.pt\/\",\"name\":\"Di\u00e1rio da Lagoa\",\"description\":\"Di\u00e1rio da Lagoa. As not\u00edcias que contam. A partir da Lagoa, nos A\u00e7ores, para o mundo.\",\"potentialAction\":[{\"@type\":\"SearchAction\",\"target\":{\"@type\":\"EntryPoint\",\"urlTemplate\":\"https:\/\/diariodalagoa.pt\/?s={search_term_string}\"},\"query-input\":\"required name=search_term_string\"}],\"inLanguage\":\"en-US\"},{\"@type\":\"Person\",\"@id\":\"https:\/\/diariodalagoa.pt\/#\/schema\/person\/1615a002370e8857b6f972834bc43ece\",\"name\":\"Di\u00e1rio da Lagoa\",\"image\":{\"@type\":\"ImageObject\",\"inLanguage\":\"en-US\",\"@id\":\"https:\/\/diariodalagoa.pt\/#\/schema\/person\/image\/\",\"url\":\"https:\/\/secure.gravatar.com\/avatar\/2cb5cef90a26f8fbd4d9d930608102c5?s=96&d=mm&r=g\",\"contentUrl\":\"https:\/\/secure.gravatar.com\/avatar\/2cb5cef90a26f8fbd4d9d930608102c5?s=96&d=mm&r=g\",\"caption\":\"Di\u00e1rio da Lagoa\"},\"url\":\"https:\/\/diariodalagoa.pt\/en\/author\/diariodalagoa\/\"}]}<\/script>\n<!-- \/ Yoast SEO plugin. -->","yoast_head_json":{"title":"M\u00e9ritos e crit\u00e9rios - Di\u00e1rio da Lagoa","robots":{"index":"index","follow":"follow","max-snippet":"max-snippet:-1","max-image-preview":"max-image-preview:large","max-video-preview":"max-video-preview:-1"},"canonical":"https:\/\/diariodalagoa.pt\/en\/meritos-e-criterios\/","og_locale":"en_US","og_type":"article","og_title":"M\u00e9ritos e crit\u00e9rios - Di\u00e1rio da Lagoa","og_description":"H\u00e1 40 anos, todos os alunos, em qualquer parte do territ\u00f3rio portugu\u00eas, estudavam a geografia nacional e, com ela, a divis\u00e3o geogr\u00e1fica e administrativa do arquip\u00e9lago dos A\u00e7ores. H\u00e1 20 anos, estas mat\u00e9rias deixavam de figurar nos comp\u00eandios e, pior do que isso, nas obrigatoriedades de estudo ou, sequer, nos brios de cultura geral dos [&hellip;]","og_url":"https:\/\/diariodalagoa.pt\/en\/meritos-e-criterios\/","og_site_name":"Di\u00e1rio da Lagoa","article_published_time":"2015-02-04T14:50:22+00:00","author":"Di\u00e1rio da Lagoa","twitter_card":"summary_large_image","twitter_misc":{"Written by":"Di\u00e1rio da Lagoa","Est. reading time":"4 minutes"},"schema":{"@context":"https:\/\/schema.org","@graph":[{"@type":"WebPage","@id":"https:\/\/diariodalagoa.pt\/meritos-e-criterios\/","url":"https:\/\/diariodalagoa.pt\/meritos-e-criterios\/","name":"M\u00e9ritos e crit\u00e9rios - Di\u00e1rio da Lagoa","isPartOf":{"@id":"https:\/\/diariodalagoa.pt\/#website"},"datePublished":"2015-02-04T14:50:22+00:00","dateModified":"2015-02-04T14:50:22+00:00","author":{"@id":"https:\/\/diariodalagoa.pt\/#\/schema\/person\/1615a002370e8857b6f972834bc43ece"},"breadcrumb":{"@id":"https:\/\/diariodalagoa.pt\/meritos-e-criterios\/#breadcrumb"},"inLanguage":"en-US","potentialAction":[{"@type":"ReadAction","target":["https:\/\/diariodalagoa.pt\/meritos-e-criterios\/"]}]},{"@type":"BreadcrumbList","@id":"https:\/\/diariodalagoa.pt\/meritos-e-criterios\/#breadcrumb","itemListElement":[{"@type":"ListItem","position":1,"name":"In\u00edcio","item":"https:\/\/diariodalagoa.pt\/"},{"@type":"ListItem","position":2,"name":"M\u00e9ritos e crit\u00e9rios"}]},{"@type":"WebSite","@id":"https:\/\/diariodalagoa.pt\/#website","url":"https:\/\/diariodalagoa.pt\/","name":"Di\u00e1rio da Lagoa","description":"Di\u00e1rio da Lagoa. As not\u00edcias que contam. A partir da Lagoa, nos A\u00e7ores, para o mundo.","potentialAction":[{"@type":"SearchAction","target":{"@type":"EntryPoint","urlTemplate":"https:\/\/diariodalagoa.pt\/?s={search_term_string}"},"query-input":"required name=search_term_string"}],"inLanguage":"en-US"},{"@type":"Person","@id":"https:\/\/diariodalagoa.pt\/#\/schema\/person\/1615a002370e8857b6f972834bc43ece","name":"Di\u00e1rio da Lagoa","image":{"@type":"ImageObject","inLanguage":"en-US","@id":"https:\/\/diariodalagoa.pt\/#\/schema\/person\/image\/","url":"https:\/\/secure.gravatar.com\/avatar\/2cb5cef90a26f8fbd4d9d930608102c5?s=96&d=mm&r=g","contentUrl":"https:\/\/secure.gravatar.com\/avatar\/2cb5cef90a26f8fbd4d9d930608102c5?s=96&d=mm&r=g","caption":"Di\u00e1rio da Lagoa"},"url":"https:\/\/diariodalagoa.pt\/en\/author\/diariodalagoa\/"}]}},"_links":{"self":[{"href":"https:\/\/diariodalagoa.pt\/en\/wp-json\/wp\/v2\/posts\/13359"}],"collection":[{"href":"https:\/\/diariodalagoa.pt\/en\/wp-json\/wp\/v2\/posts"}],"about":[{"href":"https:\/\/diariodalagoa.pt\/en\/wp-json\/wp\/v2\/types\/post"}],"author":[{"embeddable":true,"href":"https:\/\/diariodalagoa.pt\/en\/wp-json\/wp\/v2\/users\/2"}],"replies":[{"embeddable":true,"href":"https:\/\/diariodalagoa.pt\/en\/wp-json\/wp\/v2\/comments?post=13359"}],"version-history":[{"count":0,"href":"https:\/\/diariodalagoa.pt\/en\/wp-json\/wp\/v2\/posts\/13359\/revisions"}],"wp:attachment":[{"href":"https:\/\/diariodalagoa.pt\/en\/wp-json\/wp\/v2\/media?parent=13359"}],"wp:term":[{"taxonomy":"category","embeddable":true,"href":"https:\/\/diariodalagoa.pt\/en\/wp-json\/wp\/v2\/categories?post=13359"},{"taxonomy":"post_tag","embeddable":true,"href":"https:\/\/diariodalagoa.pt\/en\/wp-json\/wp\/v2\/tags?post=13359"}],"curies":[{"name":"wp","href":"https:\/\/api.w.org\/{rel}","templated":true}]}}