{"id":13255,"date":"2015-01-28T14:04:02","date_gmt":"2015-01-28T15:04:02","guid":{"rendered":"http:\/\/diariodalagoa.pt\/?p=13255"},"modified":"2015-01-28T14:04:02","modified_gmt":"2015-01-28T15:04:02","slug":"pj-deteve-dois-homens-por-abusos-sexuais-de-crianca","status":"publish","type":"post","link":"https:\/\/diariodalagoa.pt\/en\/pj-deteve-dois-homens-por-abusos-sexuais-de-crianca\/","title":{"rendered":"PJ deteve dois homens por abusos sexuais de crian\u00e7a"},"content":{"rendered":"<p><img decoding=\"async\" class=\"alignnone size-full wp-image-8377\" src=\"http:\/\/diariodalagoa.pt\/wp-content\/uploads\/2014\/08\/abuso_sexual_menores_pj-deten\u00e7\u00e3o.jpg\" alt=\"abuso_sexual_menores_pj-deten\u00e7\u00e3o\" width=\"720\" height=\"378\" \/><\/p>\n<p><span style=\"color: #000000;\">A Pol\u00edcia Judici\u00e1ria, atrav\u00e9s do Departamento de Investiga\u00e7\u00e3o Criminal de Ponta Delgada, identificou e deteve dois homens,\u00a0 pela presum\u00edvel\u00a0 pr\u00e1tica de diversos crimes de abuso sexual de crian\u00e7a, de que foram v\u00edtimas duas meninas \u00a0com 13 anos de idade.\u00a0<\/span><\/p>\n<p><span style=\"color: #000000;\">Os abusos, que se iniciaram h\u00e1 alguns meses atr\u00e1s, foram praticados em diversos locais de uma ilha do Grupo Central, tendo-se os presum\u00edveis autores aproveitado de alguma confian\u00e7a e proximidade conquistada junto das crian\u00e7as para delas \u00a0abusarem sexualmente.\u00a0<\/span><\/p>\n<p><span style=\"color: #000000;\">Um dos detidos, de 52 anos de idade, era trabalhador da constru\u00e7\u00e3o civil e j\u00e1 tinha antecedentes criminais. O outro, de 23 anos, n\u00e3o possui qualquer ocupa\u00e7\u00e3o laboral.\u00a0<\/span><\/p>\n<p><span style=\"color: #000000;\">Ambos \u00a0foram \u00a0presentes a \u00a0primeiro interrogat\u00f3rio judicial, para aplica\u00e7\u00e3o de medidas coativas tidas por adequadas.<\/span><\/p>\n<p><span style=\"color: #000000;\"><em>DL\/PJ<\/em><\/span><\/p>","protected":false},"excerpt":{"rendered":"<p>A Pol\u00edcia Judici\u00e1ria, atrav\u00e9s do Departamento de Investiga\u00e7\u00e3o Criminal de Ponta Delgada, identificou e deteve dois homens,\u00a0 pela presum\u00edvel\u00a0 pr\u00e1tica de diversos crimes de abuso sexual de crian\u00e7a, de que foram v\u00edtimas duas meninas \u00a0com 13 anos de idade.\u00a0 Os abusos, que se iniciaram h\u00e1 alguns meses atr\u00e1s, foram praticados em diversos locais de uma [&hellip;]<\/p>","protected":false},"author":2,"featured_media":0,"comment_status":"open","ping_status":"open","sticky":false,"template":"","format":"standard","meta":[],"categories":[21],"tags":[],"acf":[],"yoast_head":"<!-- This site is optimized with the Yoast SEO plugin v20.10 - https:\/\/yoast.com\/wordpress\/plugins\/seo\/ -->\n<title>PJ deteve dois homens por abusos sexuais de crian\u00e7a - Di\u00e1rio da Lagoa<\/title>\n<meta name=\"robots\" content=\"index, follow, max-snippet:-1, max-image-preview:large, max-video-preview:-1\" \/>\n<link rel=\"canonical\" href=\"https:\/\/diariodalagoa.pt\/en\/pj-deteve-dois-homens-por-abusos-sexuais-de-crianca\/\" \/>\n<meta property=\"og:locale\" content=\"en_US\" \/>\n<meta property=\"og:type\" content=\"article\" \/>\n<meta property=\"og:title\" content=\"PJ deteve dois homens por abusos sexuais de crian\u00e7a - Di\u00e1rio da Lagoa\" \/>\n<meta property=\"og:description\" content=\"A Pol\u00edcia Judici\u00e1ria, atrav\u00e9s do Departamento de Investiga\u00e7\u00e3o Criminal de Ponta Delgada, identificou e deteve dois homens,\u00a0 pela presum\u00edvel\u00a0 pr\u00e1tica de diversos crimes de abuso sexual de crian\u00e7a, de que foram v\u00edtimas duas meninas \u00a0com 13 anos de idade.\u00a0 Os abusos, que se iniciaram h\u00e1 alguns meses atr\u00e1s, foram praticados em diversos locais de uma [&hellip;]\" \/>\n<meta property=\"og:url\" content=\"https:\/\/diariodalagoa.pt\/en\/pj-deteve-dois-homens-por-abusos-sexuais-de-crianca\/\" \/>\n<meta property=\"og:site_name\" content=\"Di\u00e1rio da Lagoa\" \/>\n<meta property=\"article:published_time\" content=\"2015-01-28T15:04:02+00:00\" \/>\n<meta name=\"author\" content=\"Di\u00e1rio da Lagoa\" \/>\n<meta name=\"twitter:card\" content=\"summary_large_image\" \/>\n<meta name=\"twitter:label1\" content=\"Written by\" \/>\n\t<meta name=\"twitter:data1\" content=\"Di\u00e1rio da Lagoa\" \/>\n\t<meta name=\"twitter:label2\" content=\"Est. reading time\" \/>\n\t<meta name=\"twitter:data2\" content=\"1 minute\" \/>\n<script type=\"application\/ld+json\" class=\"yoast-schema-graph\">{\"@context\":\"https:\/\/schema.org\",\"@graph\":[{\"@type\":\"WebPage\",\"@id\":\"https:\/\/diariodalagoa.pt\/pj-deteve-dois-homens-por-abusos-sexuais-de-crianca\/\",\"url\":\"https:\/\/diariodalagoa.pt\/pj-deteve-dois-homens-por-abusos-sexuais-de-crianca\/\",\"name\":\"PJ deteve dois homens por abusos sexuais de crian\u00e7a - Di\u00e1rio da Lagoa\",\"isPartOf\":{\"@id\":\"https:\/\/diariodalagoa.pt\/#website\"},\"datePublished\":\"2015-01-28T15:04:02+00:00\",\"dateModified\":\"2015-01-28T15:04:02+00:00\",\"author\":{\"@id\":\"https:\/\/diariodalagoa.pt\/#\/schema\/person\/1615a002370e8857b6f972834bc43ece\"},\"breadcrumb\":{\"@id\":\"https:\/\/diariodalagoa.pt\/pj-deteve-dois-homens-por-abusos-sexuais-de-crianca\/#breadcrumb\"},\"inLanguage\":\"en-US\",\"potentialAction\":[{\"@type\":\"ReadAction\",\"target\":[\"https:\/\/diariodalagoa.pt\/pj-deteve-dois-homens-por-abusos-sexuais-de-crianca\/\"]}]},{\"@type\":\"BreadcrumbList\",\"@id\":\"https:\/\/diariodalagoa.pt\/pj-deteve-dois-homens-por-abusos-sexuais-de-crianca\/#breadcrumb\",\"itemListElement\":[{\"@type\":\"ListItem\",\"position\":1,\"name\":\"In\u00edcio\",\"item\":\"https:\/\/diariodalagoa.pt\/\"},{\"@type\":\"ListItem\",\"position\":2,\"name\":\"PJ deteve dois homens por abusos sexuais de crian\u00e7a\"}]},{\"@type\":\"WebSite\",\"@id\":\"https:\/\/diariodalagoa.pt\/#website\",\"url\":\"https:\/\/diariodalagoa.pt\/\",\"name\":\"Di\u00e1rio da Lagoa\",\"description\":\"Di\u00e1rio da Lagoa. As not\u00edcias que contam. A partir da Lagoa, nos A\u00e7ores, para o mundo.\",\"potentialAction\":[{\"@type\":\"SearchAction\",\"target\":{\"@type\":\"EntryPoint\",\"urlTemplate\":\"https:\/\/diariodalagoa.pt\/?s={search_term_string}\"},\"query-input\":\"required name=search_term_string\"}],\"inLanguage\":\"en-US\"},{\"@type\":\"Person\",\"@id\":\"https:\/\/diariodalagoa.pt\/#\/schema\/person\/1615a002370e8857b6f972834bc43ece\",\"name\":\"Di\u00e1rio da Lagoa\",\"image\":{\"@type\":\"ImageObject\",\"inLanguage\":\"en-US\",\"@id\":\"https:\/\/diariodalagoa.pt\/#\/schema\/person\/image\/\",\"url\":\"https:\/\/secure.gravatar.com\/avatar\/2cb5cef90a26f8fbd4d9d930608102c5?s=96&d=mm&r=g\",\"contentUrl\":\"https:\/\/secure.gravatar.com\/avatar\/2cb5cef90a26f8fbd4d9d930608102c5?s=96&d=mm&r=g\",\"caption\":\"Di\u00e1rio da Lagoa\"},\"url\":\"https:\/\/diariodalagoa.pt\/en\/author\/diariodalagoa\/\"}]}<\/script>\n<!-- \/ Yoast SEO plugin. -->","yoast_head_json":{"title":"PJ deteve dois homens por abusos sexuais de crian\u00e7a - Di\u00e1rio da Lagoa","robots":{"index":"index","follow":"follow","max-snippet":"max-snippet:-1","max-image-preview":"max-image-preview:large","max-video-preview":"max-video-preview:-1"},"canonical":"https:\/\/diariodalagoa.pt\/en\/pj-deteve-dois-homens-por-abusos-sexuais-de-crianca\/","og_locale":"en_US","og_type":"article","og_title":"PJ deteve dois homens por abusos sexuais de crian\u00e7a - Di\u00e1rio da Lagoa","og_description":"A Pol\u00edcia Judici\u00e1ria, atrav\u00e9s do Departamento de Investiga\u00e7\u00e3o Criminal de Ponta Delgada, identificou e deteve dois homens,\u00a0 pela presum\u00edvel\u00a0 pr\u00e1tica de diversos crimes de abuso sexual de crian\u00e7a, de que foram v\u00edtimas duas meninas \u00a0com 13 anos de idade.\u00a0 Os abusos, que se iniciaram h\u00e1 alguns meses atr\u00e1s, foram praticados em diversos locais de uma [&hellip;]","og_url":"https:\/\/diariodalagoa.pt\/en\/pj-deteve-dois-homens-por-abusos-sexuais-de-crianca\/","og_site_name":"Di\u00e1rio da Lagoa","article_published_time":"2015-01-28T15:04:02+00:00","author":"Di\u00e1rio da Lagoa","twitter_card":"summary_large_image","twitter_misc":{"Written by":"Di\u00e1rio da Lagoa","Est. reading time":"1 minute"},"schema":{"@context":"https:\/\/schema.org","@graph":[{"@type":"WebPage","@id":"https:\/\/diariodalagoa.pt\/pj-deteve-dois-homens-por-abusos-sexuais-de-crianca\/","url":"https:\/\/diariodalagoa.pt\/pj-deteve-dois-homens-por-abusos-sexuais-de-crianca\/","name":"PJ deteve dois homens por abusos sexuais de crian\u00e7a - Di\u00e1rio da Lagoa","isPartOf":{"@id":"https:\/\/diariodalagoa.pt\/#website"},"datePublished":"2015-01-28T15:04:02+00:00","dateModified":"2015-01-28T15:04:02+00:00","author":{"@id":"https:\/\/diariodalagoa.pt\/#\/schema\/person\/1615a002370e8857b6f972834bc43ece"},"breadcrumb":{"@id":"https:\/\/diariodalagoa.pt\/pj-deteve-dois-homens-por-abusos-sexuais-de-crianca\/#breadcrumb"},"inLanguage":"en-US","potentialAction":[{"@type":"ReadAction","target":["https:\/\/diariodalagoa.pt\/pj-deteve-dois-homens-por-abusos-sexuais-de-crianca\/"]}]},{"@type":"BreadcrumbList","@id":"https:\/\/diariodalagoa.pt\/pj-deteve-dois-homens-por-abusos-sexuais-de-crianca\/#breadcrumb","itemListElement":[{"@type":"ListItem","position":1,"name":"In\u00edcio","item":"https:\/\/diariodalagoa.pt\/"},{"@type":"ListItem","position":2,"name":"PJ deteve dois homens por abusos sexuais de crian\u00e7a"}]},{"@type":"WebSite","@id":"https:\/\/diariodalagoa.pt\/#website","url":"https:\/\/diariodalagoa.pt\/","name":"Di\u00e1rio da Lagoa","description":"Di\u00e1rio da Lagoa. As not\u00edcias que contam. A partir da Lagoa, nos A\u00e7ores, para o mundo.","potentialAction":[{"@type":"SearchAction","target":{"@type":"EntryPoint","urlTemplate":"https:\/\/diariodalagoa.pt\/?s={search_term_string}"},"query-input":"required name=search_term_string"}],"inLanguage":"en-US"},{"@type":"Person","@id":"https:\/\/diariodalagoa.pt\/#\/schema\/person\/1615a002370e8857b6f972834bc43ece","name":"Di\u00e1rio da Lagoa","image":{"@type":"ImageObject","inLanguage":"en-US","@id":"https:\/\/diariodalagoa.pt\/#\/schema\/person\/image\/","url":"https:\/\/secure.gravatar.com\/avatar\/2cb5cef90a26f8fbd4d9d930608102c5?s=96&d=mm&r=g","contentUrl":"https:\/\/secure.gravatar.com\/avatar\/2cb5cef90a26f8fbd4d9d930608102c5?s=96&d=mm&r=g","caption":"Di\u00e1rio da Lagoa"},"url":"https:\/\/diariodalagoa.pt\/en\/author\/diariodalagoa\/"}]}},"_links":{"self":[{"href":"https:\/\/diariodalagoa.pt\/en\/wp-json\/wp\/v2\/posts\/13255"}],"collection":[{"href":"https:\/\/diariodalagoa.pt\/en\/wp-json\/wp\/v2\/posts"}],"about":[{"href":"https:\/\/diariodalagoa.pt\/en\/wp-json\/wp\/v2\/types\/post"}],"author":[{"embeddable":true,"href":"https:\/\/diariodalagoa.pt\/en\/wp-json\/wp\/v2\/users\/2"}],"replies":[{"embeddable":true,"href":"https:\/\/diariodalagoa.pt\/en\/wp-json\/wp\/v2\/comments?post=13255"}],"version-history":[{"count":0,"href":"https:\/\/diariodalagoa.pt\/en\/wp-json\/wp\/v2\/posts\/13255\/revisions"}],"wp:attachment":[{"href":"https:\/\/diariodalagoa.pt\/en\/wp-json\/wp\/v2\/media?parent=13255"}],"wp:term":[{"taxonomy":"category","embeddable":true,"href":"https:\/\/diariodalagoa.pt\/en\/wp-json\/wp\/v2\/categories?post=13255"},{"taxonomy":"post_tag","embeddable":true,"href":"https:\/\/diariodalagoa.pt\/en\/wp-json\/wp\/v2\/tags?post=13255"}],"curies":[{"name":"wp","href":"https:\/\/api.w.org\/{rel}","templated":true}]}}