{"id":132182,"date":"2024-04-08T15:11:57","date_gmt":"2024-04-08T15:11:57","guid":{"rendered":"https:\/\/diariodalagoa.pt\/?p=132182"},"modified":"2025-06-27T10:51:49","modified_gmt":"2025-06-27T10:51:49","slug":"homem-dos-sete-instrumentos-joao-octavio-lima-homenageado-pelo-instituto-cultural","status":"publish","type":"post","link":"https:\/\/diariodalagoa.pt\/en\/homem-dos-sete-instrumentos-joao-octavio-lima-homenageado-pelo-instituto-cultural\/","title":{"rendered":"&#8220;Homem dos sete instrumentos&#8221; homenageado pelo Instituto Cultural"},"content":{"rendered":"<h3 class=\"wp-block-heading\">Exposi\u00e7\u00e3o inaugura a 10 de maio. Estar\u00e3o patentes instrumentos musicais feitos por Jo\u00e3o Oct\u00e1vio de Lima, bem como fotografias e textos sobre a sua vida<\/h3>\n\n\n\n<figure class=\"wp-block-image size-full\"><img decoding=\"async\" width=\"960\" height=\"713\" src=\"https:\/\/diariodalagoa.pt\/wp-content\/uploads\/2024\/04\/homenagem-a-joao-octavio-lima-corte.jpg\" alt=\"\" class=\"wp-image-132183\" srcset=\"https:\/\/diariodalagoa.pt\/wp-content\/uploads\/2024\/04\/homenagem-a-joao-octavio-lima-corte.jpg 960w, https:\/\/diariodalagoa.pt\/wp-content\/uploads\/2024\/04\/homenagem-a-joao-octavio-lima-corte-300x223.jpg 300w, https:\/\/diariodalagoa.pt\/wp-content\/uploads\/2024\/04\/homenagem-a-joao-octavio-lima-corte-768x570.jpg 768w, https:\/\/diariodalagoa.pt\/wp-content\/uploads\/2024\/04\/homenagem-a-joao-octavio-lima-corte-16x12.jpg 16w\" sizes=\"(max-width: 960px) 100vw, 960px\" \/><figcaption class=\"wp-element-caption\"><mark style=\"background-color:rgba(0, 0, 0, 0)\" class=\"has-inline-color has-cyan-bluish-gray-color\"><sup>\u00a9 ARQUIVO FAM\u00cdLIA LIMA<\/sup><\/mark><\/figcaption><\/figure>\n\n\n\n<p>Estar\u00e1 patente, na Casa da Cultura Carlos C\u00e9sar, na Lagoa, a partir de 10 de maio, a exposi\u00e7\u00e3o &#8220;Gente da Nossa Gente: Jo\u00e3o Oct\u00e1vio de Lima \u2013 Um homem dos sete instrumentos,&#8221; em homenagem ao m\u00fasico e criador de instrumentos musicais lagoense Jo\u00e3o Oct\u00e1vio de Lima. Vai estar parente at\u00e9 24 de junho.<\/p>\n\n\n\n<p>No s\u00e9culo passado, a fam\u00edlia Lima, popularmente conhecida como &#8220;fam\u00edlia dos Saramagos,&#8221; dedicou-se afincadamente \u00e0 m\u00fasica e era presen\u00e7a ass\u00eddua em festas e ser\u00f5es de S\u00e3o Miguel. O gosto pela m\u00fasica foi fomentado na fam\u00edlia durante v\u00e1rias gera\u00e7\u00f5es. Jo\u00e3o Oct\u00e1vio de Lima, que tamb\u00e9m a muitos ensinou a arte de tocar, ficou na mem\u00f3ria de muitas pessoas, n\u00e3o s\u00f3 da Lagoa, como de toda a ilha e hoje \u00e9 recordado como &#8220;o homem dos sete instrumentos&#8221;.<\/p>\n\n\n\n<p>Na exposi\u00e7\u00e3o estar\u00e3o patentes instrumentos feitos pelas m\u00e3os de Jo\u00e3o Oct\u00e1vio de Lima, como um violino, violoncelo, bandolim e cavaquinho, bem como fotografias do homenageado e da sua fam\u00edlia, e ainda um ecr\u00e3 onde se poder\u00e1 assistir a uma parte de um concerto de 2009, em que atuaram os descendentes de Jo\u00e3o Oct\u00e1vio de Lima, tamb\u00e9m m\u00fasicos.<\/p>\n\n\n\n<p>A iniciativa e organiza\u00e7\u00e3o \u00e9 do Instituto Cultural Padre Jo\u00e3o Jos\u00e9 Tavares (ICPJJT), com apoio da C\u00e2mara Municipal da Lagoa. A inaugura\u00e7\u00e3o est\u00e1 marcada para 10 de maio, \u00e0s 18h30, e contar\u00e1 com a presen\u00e7a do neto do homenageado, Oct\u00e1vio Lima, que reside no continente portugu\u00eas.<\/p>\n\n\n\n<p>Palmira Bettencourt, presidente do ICPJJT, explica ao Di\u00e1rio da Lagoa (DL) que &#8220;esta exposi\u00e7\u00e3o \u00e9 uma forma de homenagear Jo\u00e3o Oct\u00e1vio Lima, que muita gente n\u00e3o sabe quem \u00e9. \u00c9 uma pessoa que vale a pena dar a conhecer ao p\u00fablico. \u00c9 nesta perspetiva que pretendemos fazer esta exposi\u00e7\u00e3o. Naquela altura, havia poucos m\u00fasicos na ilha e a fam\u00edlia Lima tinha muito impacto. Era sempre ela que tocava, naquela \u00e9poca.&#8221;<\/p>\n\n\n\n<p>A presidente do Instituto Cultural Padre Jo\u00e3o Jos\u00e9 Tavares, que tamb\u00e9m confraternizou e tocou m\u00fasica com o homenageado, na igreja do Ros\u00e1rio, lembra ainda que &#8220;Jo\u00e3o Oct\u00e1vio Lima era o homem dos sete instrumentos. A vis\u00e3o que eu tinha dele, tendo o conhecido pessoalmente, era como um grande m\u00fasico. N\u00e3o s\u00f3 tocava, como tamb\u00e9m construia instrumentos musicais, mas tamb\u00e9m h\u00e1 muitas outras facetas dele interessantes, que v\u00e3o estar em exposi\u00e7\u00e3o.&#8221;<\/p>\n\n\n\n<p><\/p>\n\n\n\n<p class=\"has-medium-font-size\"><strong>Oct\u00e1vio Lima lembra o av\u00f4<\/strong><\/p>\n\n\n\n<p>Sobre a homenagem ao av\u00f4, Oct\u00e1vio Lima, em declara\u00e7\u00e3o ao DL, considera que &#8220;\u00e9 sempre bom saber que muita gente aprecia o que as pessoas fazem de bem por uma comunidade, como foi o caso do meu av\u00f4.&#8221;<\/p>\n\n\n\n<p>Pelas palavras do seu descendente, Jo\u00e3o Oct\u00e1vio de Lima &#8220;ensinou m\u00fasica a muita gente, teve uma tuna, que animou muitas festas e muitos ser\u00f5es. Ele tamb\u00e9m colaborou em teatro. Quando faltava trabalho,  entretinha-se na oficina a fazer instrumentos musicais, fez bandolins, viol\u00f5es, violinos&#8230; Tamb\u00e9m afinou pianos, concertou \u00f3rg\u00e3os de igreja. Lembro-me de ele falar muito nos \u00f3rg\u00e3os das Feteiras e dos Mosteiros, que ele concertou nos \u00faltimos anos de vida. Foi tamb\u00e9m nos \u00faltimos anos de vida que teve um grande desafio: ajudar a fundar a tuna da Ribeira Ch\u00e3. Fez tamb\u00e9m instrumentos para os m\u00fasicos dessa tuna e ensinou-lhes a tocar&#8221;. Jo\u00e3o Oct\u00e1vio de Lima tinha ainda aptid\u00e3o para os trabalhos manuais e a pintura, repintando portas e janelas.<\/p>\n\n\n\n<p>Sobre os h\u00e1bitos do homenageado, o seu neto recorda: &#8220;Fumou durante toda a sua vida, mas n\u00e3o era qualquer tabaco que fumava. Nunca teve um carro, nem bicicleta, nem mota. Andou sempre a p\u00e9. Fazia trabalhos para Ponta Delgada e ia e vinha a p\u00e9.&#8221;<\/p>\n\n\n\n<p>Oct\u00e1vio Lima ainda guarda um viol\u00e3o feito pelo av\u00f4: &#8220;Penso que foi o \u00faltimo que ele fez.&#8221; Nascido em 1897, Jo\u00e3o Oct\u00e1vio de Lima faleceu em 1988, com 90 anos de idade.<\/p>","protected":false},"excerpt":{"rendered":"<p>Exposi\u00e7\u00e3o inaugura a 10 de maio. Estar\u00e3o patentes instrumentos musicais feitos por Jo\u00e3o Oct\u00e1vio de Lima, bem como fotografias e textos sobre a sua vida. <\/p>","protected":false},"author":2,"featured_media":132183,"comment_status":"closed","ping_status":"closed","sticky":false,"template":"","format":"standard","meta":[],"categories":[7],"tags":[31,34,203,313],"acf":[],"yoast_head":"<!-- This site is optimized with the Yoast SEO plugin v20.10 - https:\/\/yoast.com\/wordpress\/plugins\/seo\/ -->\n<title>&quot;Homem dos sete instrumentos&quot; homenageado pelo Instituto Cultural - Di\u00e1rio da Lagoa<\/title>\n<meta name=\"description\" content=\"Exposi\u00e7\u00e3o inaugura a 10 de maio. Estar\u00e3o patentes instrumentos musicais feitos por Jo\u00e3o Oct\u00e1vio de Lima, bem como fotografias e textos sobre a sua vida.\" \/>\n<meta name=\"robots\" content=\"index, follow, max-snippet:-1, max-image-preview:large, max-video-preview:-1\" \/>\n<link rel=\"canonical\" href=\"https:\/\/diariodalagoa.pt\/en\/homem-dos-sete-instrumentos-joao-octavio-lima-homenageado-pelo-instituto-cultural\/\" \/>\n<meta property=\"og:locale\" content=\"en_US\" \/>\n<meta property=\"og:type\" content=\"article\" \/>\n<meta property=\"og:title\" content=\"&quot;Homem dos sete instrumentos&quot; homenageado pelo Instituto Cultural - Di\u00e1rio da Lagoa\" \/>\n<meta property=\"og:description\" content=\"Exposi\u00e7\u00e3o inaugura a 10 de maio. Estar\u00e3o patentes instrumentos musicais feitos por Jo\u00e3o Oct\u00e1vio de Lima, bem como fotografias e textos sobre a sua vida.\" \/>\n<meta property=\"og:url\" content=\"https:\/\/diariodalagoa.pt\/en\/homem-dos-sete-instrumentos-joao-octavio-lima-homenageado-pelo-instituto-cultural\/\" \/>\n<meta property=\"og:site_name\" content=\"Di\u00e1rio da Lagoa\" \/>\n<meta property=\"article:published_time\" content=\"2024-04-08T15:11:57+00:00\" \/>\n<meta property=\"article:modified_time\" content=\"2025-06-27T10:51:49+00:00\" \/>\n<meta property=\"og:image\" content=\"https:\/\/diariodalagoa.pt\/wp-content\/uploads\/2024\/04\/homenagem-a-joao-octavio-lima-corte.jpg\" \/>\n\t<meta property=\"og:image:width\" content=\"960\" \/>\n\t<meta property=\"og:image:height\" content=\"713\" \/>\n\t<meta property=\"og:image:type\" content=\"image\/jpeg\" \/>\n<meta name=\"author\" content=\"Di\u00e1rio da Lagoa\" \/>\n<meta name=\"twitter:card\" content=\"summary_large_image\" \/>\n<meta name=\"twitter:label1\" content=\"Written by\" \/>\n\t<meta name=\"twitter:data1\" content=\"Di\u00e1rio da Lagoa\" \/>\n\t<meta name=\"twitter:label2\" content=\"Est. reading time\" \/>\n\t<meta name=\"twitter:data2\" content=\"4 minutes\" \/>\n<script type=\"application\/ld+json\" class=\"yoast-schema-graph\">{\"@context\":\"https:\/\/schema.org\",\"@graph\":[{\"@type\":\"WebPage\",\"@id\":\"https:\/\/diariodalagoa.pt\/homem-dos-sete-instrumentos-joao-octavio-lima-homenageado-pelo-instituto-cultural\/\",\"url\":\"https:\/\/diariodalagoa.pt\/homem-dos-sete-instrumentos-joao-octavio-lima-homenageado-pelo-instituto-cultural\/\",\"name\":\"\\\"Homem dos sete instrumentos\\\" homenageado pelo Instituto Cultural - Di\u00e1rio da Lagoa\",\"isPartOf\":{\"@id\":\"https:\/\/diariodalagoa.pt\/#website\"},\"datePublished\":\"2024-04-08T15:11:57+00:00\",\"dateModified\":\"2025-06-27T10:51:49+00:00\",\"author\":{\"@id\":\"https:\/\/diariodalagoa.pt\/#\/schema\/person\/1615a002370e8857b6f972834bc43ece\"},\"description\":\"Exposi\u00e7\u00e3o inaugura a 10 de maio. Estar\u00e3o patentes instrumentos musicais feitos por Jo\u00e3o Oct\u00e1vio de Lima, bem como fotografias e textos sobre a sua vida.\",\"breadcrumb\":{\"@id\":\"https:\/\/diariodalagoa.pt\/homem-dos-sete-instrumentos-joao-octavio-lima-homenageado-pelo-instituto-cultural\/#breadcrumb\"},\"inLanguage\":\"en-US\",\"potentialAction\":[{\"@type\":\"ReadAction\",\"target\":[\"https:\/\/diariodalagoa.pt\/homem-dos-sete-instrumentos-joao-octavio-lima-homenageado-pelo-instituto-cultural\/\"]}]},{\"@type\":\"BreadcrumbList\",\"@id\":\"https:\/\/diariodalagoa.pt\/homem-dos-sete-instrumentos-joao-octavio-lima-homenageado-pelo-instituto-cultural\/#breadcrumb\",\"itemListElement\":[{\"@type\":\"ListItem\",\"position\":1,\"name\":\"In\u00edcio\",\"item\":\"https:\/\/diariodalagoa.pt\/\"},{\"@type\":\"ListItem\",\"position\":2,\"name\":\"&#8220;Homem dos sete instrumentos&#8221; homenageado pelo Instituto Cultural\"}]},{\"@type\":\"WebSite\",\"@id\":\"https:\/\/diariodalagoa.pt\/#website\",\"url\":\"https:\/\/diariodalagoa.pt\/\",\"name\":\"Di\u00e1rio da Lagoa\",\"description\":\"Di\u00e1rio da Lagoa. As not\u00edcias que contam. A partir da Lagoa, nos A\u00e7ores, para o mundo.\",\"potentialAction\":[{\"@type\":\"SearchAction\",\"target\":{\"@type\":\"EntryPoint\",\"urlTemplate\":\"https:\/\/diariodalagoa.pt\/?s={search_term_string}\"},\"query-input\":\"required name=search_term_string\"}],\"inLanguage\":\"en-US\"},{\"@type\":\"Person\",\"@id\":\"https:\/\/diariodalagoa.pt\/#\/schema\/person\/1615a002370e8857b6f972834bc43ece\",\"name\":\"Di\u00e1rio da Lagoa\",\"image\":{\"@type\":\"ImageObject\",\"inLanguage\":\"en-US\",\"@id\":\"https:\/\/diariodalagoa.pt\/#\/schema\/person\/image\/\",\"url\":\"https:\/\/secure.gravatar.com\/avatar\/2cb5cef90a26f8fbd4d9d930608102c5?s=96&d=mm&r=g\",\"contentUrl\":\"https:\/\/secure.gravatar.com\/avatar\/2cb5cef90a26f8fbd4d9d930608102c5?s=96&d=mm&r=g\",\"caption\":\"Di\u00e1rio da Lagoa\"},\"url\":\"https:\/\/diariodalagoa.pt\/en\/author\/diariodalagoa\/\"}]}<\/script>\n<!-- \/ Yoast SEO plugin. -->","yoast_head_json":{"title":"\"Homem dos sete instrumentos\" homenageado pelo Instituto Cultural - Di\u00e1rio da Lagoa","description":"Exposi\u00e7\u00e3o inaugura a 10 de maio. Estar\u00e3o patentes instrumentos musicais feitos por Jo\u00e3o Oct\u00e1vio de Lima, bem como fotografias e textos sobre a sua vida.","robots":{"index":"index","follow":"follow","max-snippet":"max-snippet:-1","max-image-preview":"max-image-preview:large","max-video-preview":"max-video-preview:-1"},"canonical":"https:\/\/diariodalagoa.pt\/en\/homem-dos-sete-instrumentos-joao-octavio-lima-homenageado-pelo-instituto-cultural\/","og_locale":"en_US","og_type":"article","og_title":"\"Homem dos sete instrumentos\" homenageado pelo Instituto Cultural - Di\u00e1rio da Lagoa","og_description":"Exposi\u00e7\u00e3o inaugura a 10 de maio. Estar\u00e3o patentes instrumentos musicais feitos por Jo\u00e3o Oct\u00e1vio de Lima, bem como fotografias e textos sobre a sua vida.","og_url":"https:\/\/diariodalagoa.pt\/en\/homem-dos-sete-instrumentos-joao-octavio-lima-homenageado-pelo-instituto-cultural\/","og_site_name":"Di\u00e1rio da Lagoa","article_published_time":"2024-04-08T15:11:57+00:00","article_modified_time":"2025-06-27T10:51:49+00:00","og_image":[{"width":960,"height":713,"url":"https:\/\/diariodalagoa.pt\/wp-content\/uploads\/2024\/04\/homenagem-a-joao-octavio-lima-corte.jpg","type":"image\/jpeg"}],"author":"Di\u00e1rio da Lagoa","twitter_card":"summary_large_image","twitter_misc":{"Written by":"Di\u00e1rio da Lagoa","Est. reading time":"4 minutes"},"schema":{"@context":"https:\/\/schema.org","@graph":[{"@type":"WebPage","@id":"https:\/\/diariodalagoa.pt\/homem-dos-sete-instrumentos-joao-octavio-lima-homenageado-pelo-instituto-cultural\/","url":"https:\/\/diariodalagoa.pt\/homem-dos-sete-instrumentos-joao-octavio-lima-homenageado-pelo-instituto-cultural\/","name":"\"Homem dos sete instrumentos\" homenageado pelo Instituto Cultural - Di\u00e1rio da Lagoa","isPartOf":{"@id":"https:\/\/diariodalagoa.pt\/#website"},"datePublished":"2024-04-08T15:11:57+00:00","dateModified":"2025-06-27T10:51:49+00:00","author":{"@id":"https:\/\/diariodalagoa.pt\/#\/schema\/person\/1615a002370e8857b6f972834bc43ece"},"description":"Exposi\u00e7\u00e3o inaugura a 10 de maio. Estar\u00e3o patentes instrumentos musicais feitos por Jo\u00e3o Oct\u00e1vio de Lima, bem como fotografias e textos sobre a sua vida.","breadcrumb":{"@id":"https:\/\/diariodalagoa.pt\/homem-dos-sete-instrumentos-joao-octavio-lima-homenageado-pelo-instituto-cultural\/#breadcrumb"},"inLanguage":"en-US","potentialAction":[{"@type":"ReadAction","target":["https:\/\/diariodalagoa.pt\/homem-dos-sete-instrumentos-joao-octavio-lima-homenageado-pelo-instituto-cultural\/"]}]},{"@type":"BreadcrumbList","@id":"https:\/\/diariodalagoa.pt\/homem-dos-sete-instrumentos-joao-octavio-lima-homenageado-pelo-instituto-cultural\/#breadcrumb","itemListElement":[{"@type":"ListItem","position":1,"name":"In\u00edcio","item":"https:\/\/diariodalagoa.pt\/"},{"@type":"ListItem","position":2,"name":"&#8220;Homem dos sete instrumentos&#8221; homenageado pelo Instituto Cultural"}]},{"@type":"WebSite","@id":"https:\/\/diariodalagoa.pt\/#website","url":"https:\/\/diariodalagoa.pt\/","name":"Di\u00e1rio da Lagoa","description":"Di\u00e1rio da Lagoa. As not\u00edcias que contam. A partir da Lagoa, nos A\u00e7ores, para o mundo.","potentialAction":[{"@type":"SearchAction","target":{"@type":"EntryPoint","urlTemplate":"https:\/\/diariodalagoa.pt\/?s={search_term_string}"},"query-input":"required name=search_term_string"}],"inLanguage":"en-US"},{"@type":"Person","@id":"https:\/\/diariodalagoa.pt\/#\/schema\/person\/1615a002370e8857b6f972834bc43ece","name":"Di\u00e1rio da Lagoa","image":{"@type":"ImageObject","inLanguage":"en-US","@id":"https:\/\/diariodalagoa.pt\/#\/schema\/person\/image\/","url":"https:\/\/secure.gravatar.com\/avatar\/2cb5cef90a26f8fbd4d9d930608102c5?s=96&d=mm&r=g","contentUrl":"https:\/\/secure.gravatar.com\/avatar\/2cb5cef90a26f8fbd4d9d930608102c5?s=96&d=mm&r=g","caption":"Di\u00e1rio da Lagoa"},"url":"https:\/\/diariodalagoa.pt\/en\/author\/diariodalagoa\/"}]}},"_links":{"self":[{"href":"https:\/\/diariodalagoa.pt\/en\/wp-json\/wp\/v2\/posts\/132182"}],"collection":[{"href":"https:\/\/diariodalagoa.pt\/en\/wp-json\/wp\/v2\/posts"}],"about":[{"href":"https:\/\/diariodalagoa.pt\/en\/wp-json\/wp\/v2\/types\/post"}],"author":[{"embeddable":true,"href":"https:\/\/diariodalagoa.pt\/en\/wp-json\/wp\/v2\/users\/2"}],"replies":[{"embeddable":true,"href":"https:\/\/diariodalagoa.pt\/en\/wp-json\/wp\/v2\/comments?post=132182"}],"version-history":[{"count":28,"href":"https:\/\/diariodalagoa.pt\/en\/wp-json\/wp\/v2\/posts\/132182\/revisions"}],"predecessor-version":[{"id":133703,"href":"https:\/\/diariodalagoa.pt\/en\/wp-json\/wp\/v2\/posts\/132182\/revisions\/133703"}],"wp:featuredmedia":[{"embeddable":true,"href":"https:\/\/diariodalagoa.pt\/en\/wp-json\/wp\/v2\/media\/132183"}],"wp:attachment":[{"href":"https:\/\/diariodalagoa.pt\/en\/wp-json\/wp\/v2\/media?parent=132182"}],"wp:term":[{"taxonomy":"category","embeddable":true,"href":"https:\/\/diariodalagoa.pt\/en\/wp-json\/wp\/v2\/categories?post=132182"},{"taxonomy":"post_tag","embeddable":true,"href":"https:\/\/diariodalagoa.pt\/en\/wp-json\/wp\/v2\/tags?post=132182"}],"curies":[{"name":"wp","href":"https:\/\/api.w.org\/{rel}","templated":true}]}}