{"id":13063,"date":"2015-01-20T20:35:50","date_gmt":"2015-01-20T21:35:50","guid":{"rendered":"http:\/\/diariodalagoa.pt\/?p=13063"},"modified":"2015-01-20T20:35:50","modified_gmt":"2015-01-20T21:35:50","slug":"inspecao-programada-leva-a-suspensao-da-operacao-do-navio-gilberto-mariano","status":"publish","type":"post","link":"https:\/\/diariodalagoa.pt\/en\/inspecao-programada-leva-a-suspensao-da-operacao-do-navio-gilberto-mariano\/","title":{"rendered":"Inspe\u00e7\u00e3o programada leva a suspens\u00e3o da opera\u00e7\u00e3o do navio Gilberto Mariano"},"content":{"rendered":"<p style=\"text-align: justify;\"><img decoding=\"async\" class=\"alignnone size-full wp-image-13064\" src=\"http:\/\/diariodalagoa.pt\/wp-content\/uploads\/2015\/01\/Gilberto-Mariano-navio-passageiros-grupo-central-transma\u00e7or-barcos.jpg\" alt=\"Gilberto-Mariano-navio-passageiros-grupo-central-transma\u00e7or-barcos\" width=\"720\" height=\"380\" \/><\/p>\n<p style=\"text-align: justify;\"><span style=\"color: #000000;\">O ferry \u201cGilberto Mariano\u201d, propriedade da Atl\u00e2nticoline e operado pela Transma\u00e7or, ser\u00e1 alvo\u00a0de uma inspe\u00e7\u00e3o obrigat\u00f3ria aos meios de salva\u00e7\u00e3o, no \u00e2mbito dos requisitos de seguran\u00e7a\u00a0legalmente exigidos para este tipo de embarca\u00e7\u00f5es, informa a Transma\u00e7or.<\/span><\/p>\n<p style=\"text-align: justify;\"><span style=\"color: #000000;\">Esta inspe\u00e7\u00e3o ser\u00e1 realizada em S\u00e3o Miguel, onde se localiza a \u00fanica instala\u00e7\u00e3o certificada para\u00a0o efeito na Regi\u00e3o. Recorde-se que, em novembro de 2014, o ferry \u201cg\u00e9meo\u201d do \u201cGilberto\u00a0Mariano\u201d \u2013 \u201cMestre Sim\u00e3o\u201d \u2013 foi alvo da mesma a\u00e7\u00e3o.\u00a0<\/span><\/p>\n<p style=\"text-align: justify;\"><span style=\"color: #000000;\">Assim sendo, o \u201cGilberto Mariano\u201d ficar\u00e1 impedido de dar o seu contributo \u00e0 opera\u00e7\u00e3o regular\u00a0da Transma\u00e7or a partir de segunda-feira, dia 26 de janeiro, pelo per\u00edodo estimado de uma\u00a0semana. Prev\u00ea-se que o navio regresse \u00e0 opera\u00e7\u00e3o j\u00e1 no dia 2 de fevereiro.\u00a0<\/span><\/p>\n<p style=\"text-align: justify;\"><span style=\"color: #000000;\">A Transma\u00e7or ir\u00e1 assegurar a manuten\u00e7\u00e3o integral das viagens previstas, sem quaisquer\u00a0altera\u00e7\u00f5es nos hor\u00e1rios. No entanto, algumas das viagens habitualmente operadas pelos ferries\u00a0passar\u00e3o, neste per\u00edodo, a ser realizadas pelo navio \u201cCruzeiro do Canal\u201d, o que impossibilitar\u00e1,\u00a0nessas viagens, o transporte de viaturas.<\/span><\/p>\n<p style=\"text-align: justify;\"><span style=\"color: #000000;\">Durante a semana, a viagem matinal da Linha Verde, que liga Faial, Pico e S\u00e3o Jorge,\u00a0ser\u00e1 realizada pelo \u201cCruzeiro do Canal\u201d, e as tr\u00eas primeiras viagens da Linha Azul\u00a0(Horta\/Madalena) ser\u00e3o feitas pelo \u201cMestre Sim\u00e3o\u201d, que far\u00e1 depois a viagem da tarde da Linha\u00a0Verde. As \u00faltimas viagens do dia (Horta\/Madalena das 17h15 e Madalena\/Horta das 18h00)\u00a0ser\u00e3o efetuadas com o \u201cCruzeiro do Canal\u201d.<\/span><\/p>\n<p style=\"text-align: justify;\"><span style=\"color: #000000;\">Nos s\u00e1bados, at\u00e9 regresso do \u201cGilberto Mariano\u201d, o \u201cCruzeiro do Canal\u201d far\u00e1 a viagem da\u00a0Linha Verde e o \u201cMestre Sim\u00e3o\u201d assegurar\u00e1 as quatro viagens da Linha Azul. No domingo o\u00a0\u201cMestre Sim\u00e3o\u201d far\u00e1 a viagem da Linha Verde e as tr\u00eas primeiras viagens do dia na Linha Azul,\u00a0ficando a \u00faltima liga\u00e7\u00e3o entre Horta e Madalena a cargo do \u201cCruzeiro do Canal\u201d, informa a empresa.<\/span><\/p>\n<p style=\"text-align: justify;\"><span style=\"color: #000000;\"><em>DL\/Transma\u00e7or\/ foto@DireitosReservados<\/em><\/span><\/p>","protected":false},"excerpt":{"rendered":"<p>O ferry \u201cGilberto Mariano\u201d, propriedade da Atl\u00e2nticoline e operado pela Transma\u00e7or, ser\u00e1 alvo\u00a0de uma inspe\u00e7\u00e3o obrigat\u00f3ria aos meios de salva\u00e7\u00e3o, no \u00e2mbito dos requisitos de seguran\u00e7a\u00a0legalmente exigidos para este tipo de embarca\u00e7\u00f5es, informa a Transma\u00e7or. Esta inspe\u00e7\u00e3o ser\u00e1 realizada em S\u00e3o Miguel, onde se localiza a \u00fanica instala\u00e7\u00e3o certificada para\u00a0o efeito na Regi\u00e3o. Recorde-se que, [&hellip;]<\/p>","protected":false},"author":2,"featured_media":0,"comment_status":"open","ping_status":"open","sticky":false,"template":"","format":"standard","meta":[],"categories":[21],"tags":[],"acf":[],"yoast_head":"<!-- This site is optimized with the Yoast SEO plugin v20.10 - https:\/\/yoast.com\/wordpress\/plugins\/seo\/ -->\n<title>Inspe\u00e7\u00e3o programada leva a suspens\u00e3o da opera\u00e7\u00e3o do navio Gilberto Mariano - Di\u00e1rio da Lagoa<\/title>\n<meta name=\"robots\" content=\"index, follow, max-snippet:-1, max-image-preview:large, max-video-preview:-1\" \/>\n<link rel=\"canonical\" href=\"https:\/\/diariodalagoa.pt\/en\/inspecao-programada-leva-a-suspensao-da-operacao-do-navio-gilberto-mariano\/\" \/>\n<meta property=\"og:locale\" content=\"en_US\" \/>\n<meta property=\"og:type\" content=\"article\" \/>\n<meta property=\"og:title\" content=\"Inspe\u00e7\u00e3o programada leva a suspens\u00e3o da opera\u00e7\u00e3o do navio Gilberto Mariano - Di\u00e1rio da Lagoa\" \/>\n<meta property=\"og:description\" content=\"O ferry \u201cGilberto Mariano\u201d, propriedade da Atl\u00e2nticoline e operado pela Transma\u00e7or, ser\u00e1 alvo\u00a0de uma inspe\u00e7\u00e3o obrigat\u00f3ria aos meios de salva\u00e7\u00e3o, no \u00e2mbito dos requisitos de seguran\u00e7a\u00a0legalmente exigidos para este tipo de embarca\u00e7\u00f5es, informa a Transma\u00e7or. Esta inspe\u00e7\u00e3o ser\u00e1 realizada em S\u00e3o Miguel, onde se localiza a \u00fanica instala\u00e7\u00e3o certificada para\u00a0o efeito na Regi\u00e3o. Recorde-se que, [&hellip;]\" \/>\n<meta property=\"og:url\" content=\"https:\/\/diariodalagoa.pt\/en\/inspecao-programada-leva-a-suspensao-da-operacao-do-navio-gilberto-mariano\/\" \/>\n<meta property=\"og:site_name\" content=\"Di\u00e1rio da Lagoa\" \/>\n<meta property=\"article:published_time\" content=\"2015-01-20T21:35:50+00:00\" \/>\n<meta name=\"author\" content=\"Di\u00e1rio da Lagoa\" \/>\n<meta name=\"twitter:card\" content=\"summary_large_image\" \/>\n<meta name=\"twitter:label1\" content=\"Written by\" \/>\n\t<meta name=\"twitter:data1\" content=\"Di\u00e1rio da Lagoa\" \/>\n\t<meta name=\"twitter:label2\" content=\"Est. reading time\" \/>\n\t<meta name=\"twitter:data2\" content=\"2 minutes\" \/>\n<script type=\"application\/ld+json\" class=\"yoast-schema-graph\">{\"@context\":\"https:\/\/schema.org\",\"@graph\":[{\"@type\":\"WebPage\",\"@id\":\"https:\/\/diariodalagoa.pt\/inspecao-programada-leva-a-suspensao-da-operacao-do-navio-gilberto-mariano\/\",\"url\":\"https:\/\/diariodalagoa.pt\/inspecao-programada-leva-a-suspensao-da-operacao-do-navio-gilberto-mariano\/\",\"name\":\"Inspe\u00e7\u00e3o programada leva a suspens\u00e3o da opera\u00e7\u00e3o do navio Gilberto Mariano - Di\u00e1rio da Lagoa\",\"isPartOf\":{\"@id\":\"https:\/\/diariodalagoa.pt\/#website\"},\"datePublished\":\"2015-01-20T21:35:50+00:00\",\"dateModified\":\"2015-01-20T21:35:50+00:00\",\"author\":{\"@id\":\"https:\/\/diariodalagoa.pt\/#\/schema\/person\/1615a002370e8857b6f972834bc43ece\"},\"breadcrumb\":{\"@id\":\"https:\/\/diariodalagoa.pt\/inspecao-programada-leva-a-suspensao-da-operacao-do-navio-gilberto-mariano\/#breadcrumb\"},\"inLanguage\":\"en-US\",\"potentialAction\":[{\"@type\":\"ReadAction\",\"target\":[\"https:\/\/diariodalagoa.pt\/inspecao-programada-leva-a-suspensao-da-operacao-do-navio-gilberto-mariano\/\"]}]},{\"@type\":\"BreadcrumbList\",\"@id\":\"https:\/\/diariodalagoa.pt\/inspecao-programada-leva-a-suspensao-da-operacao-do-navio-gilberto-mariano\/#breadcrumb\",\"itemListElement\":[{\"@type\":\"ListItem\",\"position\":1,\"name\":\"In\u00edcio\",\"item\":\"https:\/\/diariodalagoa.pt\/\"},{\"@type\":\"ListItem\",\"position\":2,\"name\":\"Inspe\u00e7\u00e3o programada leva a suspens\u00e3o da opera\u00e7\u00e3o do navio Gilberto Mariano\"}]},{\"@type\":\"WebSite\",\"@id\":\"https:\/\/diariodalagoa.pt\/#website\",\"url\":\"https:\/\/diariodalagoa.pt\/\",\"name\":\"Di\u00e1rio da Lagoa\",\"description\":\"Di\u00e1rio da Lagoa. As not\u00edcias que contam. A partir da Lagoa, nos A\u00e7ores, para o mundo.\",\"potentialAction\":[{\"@type\":\"SearchAction\",\"target\":{\"@type\":\"EntryPoint\",\"urlTemplate\":\"https:\/\/diariodalagoa.pt\/?s={search_term_string}\"},\"query-input\":\"required name=search_term_string\"}],\"inLanguage\":\"en-US\"},{\"@type\":\"Person\",\"@id\":\"https:\/\/diariodalagoa.pt\/#\/schema\/person\/1615a002370e8857b6f972834bc43ece\",\"name\":\"Di\u00e1rio da Lagoa\",\"image\":{\"@type\":\"ImageObject\",\"inLanguage\":\"en-US\",\"@id\":\"https:\/\/diariodalagoa.pt\/#\/schema\/person\/image\/\",\"url\":\"https:\/\/secure.gravatar.com\/avatar\/2cb5cef90a26f8fbd4d9d930608102c5?s=96&d=mm&r=g\",\"contentUrl\":\"https:\/\/secure.gravatar.com\/avatar\/2cb5cef90a26f8fbd4d9d930608102c5?s=96&d=mm&r=g\",\"caption\":\"Di\u00e1rio da Lagoa\"},\"url\":\"https:\/\/diariodalagoa.pt\/en\/author\/diariodalagoa\/\"}]}<\/script>\n<!-- \/ Yoast SEO plugin. -->","yoast_head_json":{"title":"Inspe\u00e7\u00e3o programada leva a suspens\u00e3o da opera\u00e7\u00e3o do navio Gilberto Mariano - Di\u00e1rio da Lagoa","robots":{"index":"index","follow":"follow","max-snippet":"max-snippet:-1","max-image-preview":"max-image-preview:large","max-video-preview":"max-video-preview:-1"},"canonical":"https:\/\/diariodalagoa.pt\/en\/inspecao-programada-leva-a-suspensao-da-operacao-do-navio-gilberto-mariano\/","og_locale":"en_US","og_type":"article","og_title":"Inspe\u00e7\u00e3o programada leva a suspens\u00e3o da opera\u00e7\u00e3o do navio Gilberto Mariano - Di\u00e1rio da Lagoa","og_description":"O ferry \u201cGilberto Mariano\u201d, propriedade da Atl\u00e2nticoline e operado pela Transma\u00e7or, ser\u00e1 alvo\u00a0de uma inspe\u00e7\u00e3o obrigat\u00f3ria aos meios de salva\u00e7\u00e3o, no \u00e2mbito dos requisitos de seguran\u00e7a\u00a0legalmente exigidos para este tipo de embarca\u00e7\u00f5es, informa a Transma\u00e7or. Esta inspe\u00e7\u00e3o ser\u00e1 realizada em S\u00e3o Miguel, onde se localiza a \u00fanica instala\u00e7\u00e3o certificada para\u00a0o efeito na Regi\u00e3o. Recorde-se que, [&hellip;]","og_url":"https:\/\/diariodalagoa.pt\/en\/inspecao-programada-leva-a-suspensao-da-operacao-do-navio-gilberto-mariano\/","og_site_name":"Di\u00e1rio da Lagoa","article_published_time":"2015-01-20T21:35:50+00:00","author":"Di\u00e1rio da Lagoa","twitter_card":"summary_large_image","twitter_misc":{"Written by":"Di\u00e1rio da Lagoa","Est. reading time":"2 minutes"},"schema":{"@context":"https:\/\/schema.org","@graph":[{"@type":"WebPage","@id":"https:\/\/diariodalagoa.pt\/inspecao-programada-leva-a-suspensao-da-operacao-do-navio-gilberto-mariano\/","url":"https:\/\/diariodalagoa.pt\/inspecao-programada-leva-a-suspensao-da-operacao-do-navio-gilberto-mariano\/","name":"Inspe\u00e7\u00e3o programada leva a suspens\u00e3o da opera\u00e7\u00e3o do navio Gilberto Mariano - Di\u00e1rio da Lagoa","isPartOf":{"@id":"https:\/\/diariodalagoa.pt\/#website"},"datePublished":"2015-01-20T21:35:50+00:00","dateModified":"2015-01-20T21:35:50+00:00","author":{"@id":"https:\/\/diariodalagoa.pt\/#\/schema\/person\/1615a002370e8857b6f972834bc43ece"},"breadcrumb":{"@id":"https:\/\/diariodalagoa.pt\/inspecao-programada-leva-a-suspensao-da-operacao-do-navio-gilberto-mariano\/#breadcrumb"},"inLanguage":"en-US","potentialAction":[{"@type":"ReadAction","target":["https:\/\/diariodalagoa.pt\/inspecao-programada-leva-a-suspensao-da-operacao-do-navio-gilberto-mariano\/"]}]},{"@type":"BreadcrumbList","@id":"https:\/\/diariodalagoa.pt\/inspecao-programada-leva-a-suspensao-da-operacao-do-navio-gilberto-mariano\/#breadcrumb","itemListElement":[{"@type":"ListItem","position":1,"name":"In\u00edcio","item":"https:\/\/diariodalagoa.pt\/"},{"@type":"ListItem","position":2,"name":"Inspe\u00e7\u00e3o programada leva a suspens\u00e3o da opera\u00e7\u00e3o do navio Gilberto Mariano"}]},{"@type":"WebSite","@id":"https:\/\/diariodalagoa.pt\/#website","url":"https:\/\/diariodalagoa.pt\/","name":"Di\u00e1rio da Lagoa","description":"Di\u00e1rio da Lagoa. As not\u00edcias que contam. A partir da Lagoa, nos A\u00e7ores, para o mundo.","potentialAction":[{"@type":"SearchAction","target":{"@type":"EntryPoint","urlTemplate":"https:\/\/diariodalagoa.pt\/?s={search_term_string}"},"query-input":"required name=search_term_string"}],"inLanguage":"en-US"},{"@type":"Person","@id":"https:\/\/diariodalagoa.pt\/#\/schema\/person\/1615a002370e8857b6f972834bc43ece","name":"Di\u00e1rio da Lagoa","image":{"@type":"ImageObject","inLanguage":"en-US","@id":"https:\/\/diariodalagoa.pt\/#\/schema\/person\/image\/","url":"https:\/\/secure.gravatar.com\/avatar\/2cb5cef90a26f8fbd4d9d930608102c5?s=96&d=mm&r=g","contentUrl":"https:\/\/secure.gravatar.com\/avatar\/2cb5cef90a26f8fbd4d9d930608102c5?s=96&d=mm&r=g","caption":"Di\u00e1rio da Lagoa"},"url":"https:\/\/diariodalagoa.pt\/en\/author\/diariodalagoa\/"}]}},"_links":{"self":[{"href":"https:\/\/diariodalagoa.pt\/en\/wp-json\/wp\/v2\/posts\/13063"}],"collection":[{"href":"https:\/\/diariodalagoa.pt\/en\/wp-json\/wp\/v2\/posts"}],"about":[{"href":"https:\/\/diariodalagoa.pt\/en\/wp-json\/wp\/v2\/types\/post"}],"author":[{"embeddable":true,"href":"https:\/\/diariodalagoa.pt\/en\/wp-json\/wp\/v2\/users\/2"}],"replies":[{"embeddable":true,"href":"https:\/\/diariodalagoa.pt\/en\/wp-json\/wp\/v2\/comments?post=13063"}],"version-history":[{"count":0,"href":"https:\/\/diariodalagoa.pt\/en\/wp-json\/wp\/v2\/posts\/13063\/revisions"}],"wp:attachment":[{"href":"https:\/\/diariodalagoa.pt\/en\/wp-json\/wp\/v2\/media?parent=13063"}],"wp:term":[{"taxonomy":"category","embeddable":true,"href":"https:\/\/diariodalagoa.pt\/en\/wp-json\/wp\/v2\/categories?post=13063"},{"taxonomy":"post_tag","embeddable":true,"href":"https:\/\/diariodalagoa.pt\/en\/wp-json\/wp\/v2\/tags?post=13063"}],"curies":[{"name":"wp","href":"https:\/\/api.w.org\/{rel}","templated":true}]}}