{"id":12995,"date":"2015-01-18T23:08:21","date_gmt":"2015-01-19T00:08:21","guid":{"rendered":"http:\/\/diariodalagoa.pt\/?p=12995"},"modified":"2015-01-18T23:08:21","modified_gmt":"2015-01-19T00:08:21","slug":"governo-dos-acores-destaca-mais-valia-da-producao-de-leite-e-assegura-apoio-na-atual-conjuntura-do-mercado-internacional","status":"publish","type":"post","link":"https:\/\/diariodalagoa.pt\/en\/governo-dos-acores-destaca-mais-valia-da-producao-de-leite-e-assegura-apoio-na-atual-conjuntura-do-mercado-internacional\/","title":{"rendered":"Governo dos A\u00e7ores destaca mais-valia da produ\u00e7\u00e3o de leite e assegura apoio na \u201catual conjuntura do mercado internacional\u201d"},"content":{"rendered":"<p style=\"text-align: justify;\"><img decoding=\"async\" class=\"alignnone size-full wp-image-8605\" src=\"http:\/\/diariodalagoa.pt\/wp-content\/uploads\/2014\/09\/Luis-Neto-Viveiros-governo-A\u00e7ores-classifica\u00e7\u00e3o-leite.jpg\" alt=\"Luis-Neto-Viveiros-governo-A\u00e7ores-classifica\u00e7\u00e3o-leite\" width=\"720\" height=\"380\" \/><\/p>\n<p style=\"text-align: justify;\"><span style=\"color: #000000;\">O Secret\u00e1rio Regional da Agricultura e Ambiente destacou, recentemente, a mais-valia da qualidade da produ\u00e7\u00e3o a\u00e7oriana, reafirmando o empenho e apoio do Governo dos A\u00e7ores para com a fileira do leite \u201cencontrar solu\u00e7\u00f5es de equil\u00edbrio\u201d, face \u00e0 \u201catual conjuntura do mercado internacional\u201d, provocada nomeadamente pelos efeitos do embargo da Federa\u00e7\u00e3o Russa aos produtos l\u00e1cteos europeus.<\/span><\/p>\n<p style=\"text-align: justify;\">\n<p style=\"text-align: justify;\"><span style=\"color: #000000;\">Lu\u00eds Neto Viveiros manifestou a sua convic\u00e7\u00e3o nos \u201cargumentos\u201d com que os A\u00e7ores contam e que, sublinhou, \u201cs\u00e3o fortes\u201d. \u201cImporta encontrar formas diferentes de valorizar mais os produtos da Regi\u00e3o, os produtos da Terceira, neste caso, que s\u00e3o fortes\u201d, afirmou relativamente \u00e0 anunciada descida do pre\u00e7o pago ao produtor.<\/span><\/p>\n<p style=\"text-align: justify;\">\n<p style=\"text-align: justify;\"><span style=\"color: #000000;\">Exemplificando que \u201caquilo que se passa noutros grupos, noutras empresas, atualmente, \u00e9, de facto, uma procura pela valoriza\u00e7\u00e3o, pela diversifica\u00e7\u00e3o e pela consolida\u00e7\u00e3o de uma imagem que os A\u00e7ores t\u00eam e que deve ser valorizada\u201d, o Secret\u00e1rio Regional \u201cdefendeu um reposicionamento face \u00e0 atual conjuntura do mercado internacional\u201d que \u201cpossa permitir remunerar melhor aqueles que produzem\u201d.<\/span><\/p>\n<p style=\"text-align: justify;\">\n<p style=\"text-align: justify;\"><span style=\"color: #000000;\">Recordou ainda que esta semana o Executivo aprovou, em Conselho de Governo, a estrat\u00e9gia de operacionaliza\u00e7\u00e3o da Marca A\u00e7ores que, frisou, \u201cconstituir\u00e1 mais um contributo que o Governo disponibiliza para que os produtos\u00a0dos A\u00e7ores\u00a0e, em concreto, os produtos de latic\u00ednios da ilha Terceira, possam ter essa mais-valia e, por essa via, as empresas industriais terem a possibilidade de valorizarem melhor aquilo que compram [o leite]\u201d.<\/span><\/p>\n<p style=\"text-align: justify;\"><span style=\"color: #000000;\"><em>DL\/Gacs<\/em><\/span><\/p>","protected":false},"excerpt":{"rendered":"<p>O Secret\u00e1rio Regional da Agricultura e Ambiente destacou, recentemente, a mais-valia da qualidade da produ\u00e7\u00e3o a\u00e7oriana, reafirmando o empenho e apoio do Governo dos A\u00e7ores para com a fileira do leite \u201cencontrar solu\u00e7\u00f5es de equil\u00edbrio\u201d, face \u00e0 \u201catual conjuntura do mercado internacional\u201d, provocada nomeadamente pelos efeitos do embargo da Federa\u00e7\u00e3o Russa aos produtos l\u00e1cteos europeus. [&hellip;]<\/p>","protected":false},"author":2,"featured_media":0,"comment_status":"open","ping_status":"open","sticky":false,"template":"","format":"standard","meta":[],"categories":[21],"tags":[],"acf":[],"yoast_head":"<!-- This site is optimized with the Yoast SEO plugin v20.10 - https:\/\/yoast.com\/wordpress\/plugins\/seo\/ -->\n<title>Governo dos A\u00e7ores destaca mais-valia da produ\u00e7\u00e3o de leite e assegura apoio na \u201catual conjuntura do mercado internacional\u201d - Di\u00e1rio da Lagoa<\/title>\n<meta name=\"robots\" content=\"index, follow, max-snippet:-1, max-image-preview:large, max-video-preview:-1\" \/>\n<link rel=\"canonical\" href=\"https:\/\/diariodalagoa.pt\/en\/governo-dos-acores-destaca-mais-valia-da-producao-de-leite-e-assegura-apoio-na-atual-conjuntura-do-mercado-internacional\/\" \/>\n<meta property=\"og:locale\" content=\"en_US\" \/>\n<meta property=\"og:type\" content=\"article\" \/>\n<meta property=\"og:title\" content=\"Governo dos A\u00e7ores destaca mais-valia da produ\u00e7\u00e3o de leite e assegura apoio na \u201catual conjuntura do mercado internacional\u201d - Di\u00e1rio da Lagoa\" \/>\n<meta property=\"og:description\" content=\"O Secret\u00e1rio Regional da Agricultura e Ambiente destacou, recentemente, a mais-valia da qualidade da produ\u00e7\u00e3o a\u00e7oriana, reafirmando o empenho e apoio do Governo dos A\u00e7ores para com a fileira do leite \u201cencontrar solu\u00e7\u00f5es de equil\u00edbrio\u201d, face \u00e0 \u201catual conjuntura do mercado internacional\u201d, provocada nomeadamente pelos efeitos do embargo da Federa\u00e7\u00e3o Russa aos produtos l\u00e1cteos europeus. [&hellip;]\" \/>\n<meta property=\"og:url\" content=\"https:\/\/diariodalagoa.pt\/en\/governo-dos-acores-destaca-mais-valia-da-producao-de-leite-e-assegura-apoio-na-atual-conjuntura-do-mercado-internacional\/\" \/>\n<meta property=\"og:site_name\" content=\"Di\u00e1rio da Lagoa\" \/>\n<meta property=\"article:published_time\" content=\"2015-01-19T00:08:21+00:00\" \/>\n<meta name=\"author\" content=\"Di\u00e1rio da Lagoa\" \/>\n<meta name=\"twitter:card\" content=\"summary_large_image\" \/>\n<meta name=\"twitter:label1\" content=\"Written by\" \/>\n\t<meta name=\"twitter:data1\" content=\"Di\u00e1rio da Lagoa\" \/>\n\t<meta name=\"twitter:label2\" content=\"Est. reading time\" \/>\n\t<meta name=\"twitter:data2\" content=\"1 minute\" \/>\n<script type=\"application\/ld+json\" class=\"yoast-schema-graph\">{\"@context\":\"https:\/\/schema.org\",\"@graph\":[{\"@type\":\"WebPage\",\"@id\":\"https:\/\/diariodalagoa.pt\/governo-dos-acores-destaca-mais-valia-da-producao-de-leite-e-assegura-apoio-na-atual-conjuntura-do-mercado-internacional\/\",\"url\":\"https:\/\/diariodalagoa.pt\/governo-dos-acores-destaca-mais-valia-da-producao-de-leite-e-assegura-apoio-na-atual-conjuntura-do-mercado-internacional\/\",\"name\":\"Governo dos A\u00e7ores destaca mais-valia da produ\u00e7\u00e3o de leite e assegura apoio na \u201catual conjuntura do mercado internacional\u201d - Di\u00e1rio da Lagoa\",\"isPartOf\":{\"@id\":\"https:\/\/diariodalagoa.pt\/#website\"},\"datePublished\":\"2015-01-19T00:08:21+00:00\",\"dateModified\":\"2015-01-19T00:08:21+00:00\",\"author\":{\"@id\":\"https:\/\/diariodalagoa.pt\/#\/schema\/person\/1615a002370e8857b6f972834bc43ece\"},\"breadcrumb\":{\"@id\":\"https:\/\/diariodalagoa.pt\/governo-dos-acores-destaca-mais-valia-da-producao-de-leite-e-assegura-apoio-na-atual-conjuntura-do-mercado-internacional\/#breadcrumb\"},\"inLanguage\":\"en-US\",\"potentialAction\":[{\"@type\":\"ReadAction\",\"target\":[\"https:\/\/diariodalagoa.pt\/governo-dos-acores-destaca-mais-valia-da-producao-de-leite-e-assegura-apoio-na-atual-conjuntura-do-mercado-internacional\/\"]}]},{\"@type\":\"BreadcrumbList\",\"@id\":\"https:\/\/diariodalagoa.pt\/governo-dos-acores-destaca-mais-valia-da-producao-de-leite-e-assegura-apoio-na-atual-conjuntura-do-mercado-internacional\/#breadcrumb\",\"itemListElement\":[{\"@type\":\"ListItem\",\"position\":1,\"name\":\"In\u00edcio\",\"item\":\"https:\/\/diariodalagoa.pt\/\"},{\"@type\":\"ListItem\",\"position\":2,\"name\":\"Governo dos A\u00e7ores destaca mais-valia da produ\u00e7\u00e3o de leite e assegura apoio na \u201catual conjuntura do mercado internacional\u201d\"}]},{\"@type\":\"WebSite\",\"@id\":\"https:\/\/diariodalagoa.pt\/#website\",\"url\":\"https:\/\/diariodalagoa.pt\/\",\"name\":\"Di\u00e1rio da Lagoa\",\"description\":\"Di\u00e1rio da Lagoa. As not\u00edcias que contam. A partir da Lagoa, nos A\u00e7ores, para o mundo.\",\"potentialAction\":[{\"@type\":\"SearchAction\",\"target\":{\"@type\":\"EntryPoint\",\"urlTemplate\":\"https:\/\/diariodalagoa.pt\/?s={search_term_string}\"},\"query-input\":\"required name=search_term_string\"}],\"inLanguage\":\"en-US\"},{\"@type\":\"Person\",\"@id\":\"https:\/\/diariodalagoa.pt\/#\/schema\/person\/1615a002370e8857b6f972834bc43ece\",\"name\":\"Di\u00e1rio da Lagoa\",\"image\":{\"@type\":\"ImageObject\",\"inLanguage\":\"en-US\",\"@id\":\"https:\/\/diariodalagoa.pt\/#\/schema\/person\/image\/\",\"url\":\"https:\/\/secure.gravatar.com\/avatar\/2cb5cef90a26f8fbd4d9d930608102c5?s=96&d=mm&r=g\",\"contentUrl\":\"https:\/\/secure.gravatar.com\/avatar\/2cb5cef90a26f8fbd4d9d930608102c5?s=96&d=mm&r=g\",\"caption\":\"Di\u00e1rio da Lagoa\"},\"url\":\"https:\/\/diariodalagoa.pt\/en\/author\/diariodalagoa\/\"}]}<\/script>\n<!-- \/ Yoast SEO plugin. -->","yoast_head_json":{"title":"Governo dos A\u00e7ores destaca mais-valia da produ\u00e7\u00e3o de leite e assegura apoio na \u201catual conjuntura do mercado internacional\u201d - Di\u00e1rio da Lagoa","robots":{"index":"index","follow":"follow","max-snippet":"max-snippet:-1","max-image-preview":"max-image-preview:large","max-video-preview":"max-video-preview:-1"},"canonical":"https:\/\/diariodalagoa.pt\/en\/governo-dos-acores-destaca-mais-valia-da-producao-de-leite-e-assegura-apoio-na-atual-conjuntura-do-mercado-internacional\/","og_locale":"en_US","og_type":"article","og_title":"Governo dos A\u00e7ores destaca mais-valia da produ\u00e7\u00e3o de leite e assegura apoio na \u201catual conjuntura do mercado internacional\u201d - Di\u00e1rio da Lagoa","og_description":"O Secret\u00e1rio Regional da Agricultura e Ambiente destacou, recentemente, a mais-valia da qualidade da produ\u00e7\u00e3o a\u00e7oriana, reafirmando o empenho e apoio do Governo dos A\u00e7ores para com a fileira do leite \u201cencontrar solu\u00e7\u00f5es de equil\u00edbrio\u201d, face \u00e0 \u201catual conjuntura do mercado internacional\u201d, provocada nomeadamente pelos efeitos do embargo da Federa\u00e7\u00e3o Russa aos produtos l\u00e1cteos europeus. [&hellip;]","og_url":"https:\/\/diariodalagoa.pt\/en\/governo-dos-acores-destaca-mais-valia-da-producao-de-leite-e-assegura-apoio-na-atual-conjuntura-do-mercado-internacional\/","og_site_name":"Di\u00e1rio da Lagoa","article_published_time":"2015-01-19T00:08:21+00:00","author":"Di\u00e1rio da Lagoa","twitter_card":"summary_large_image","twitter_misc":{"Written by":"Di\u00e1rio da Lagoa","Est. reading time":"1 minute"},"schema":{"@context":"https:\/\/schema.org","@graph":[{"@type":"WebPage","@id":"https:\/\/diariodalagoa.pt\/governo-dos-acores-destaca-mais-valia-da-producao-de-leite-e-assegura-apoio-na-atual-conjuntura-do-mercado-internacional\/","url":"https:\/\/diariodalagoa.pt\/governo-dos-acores-destaca-mais-valia-da-producao-de-leite-e-assegura-apoio-na-atual-conjuntura-do-mercado-internacional\/","name":"Governo dos A\u00e7ores destaca mais-valia da produ\u00e7\u00e3o de leite e assegura apoio na \u201catual conjuntura do mercado internacional\u201d - Di\u00e1rio da Lagoa","isPartOf":{"@id":"https:\/\/diariodalagoa.pt\/#website"},"datePublished":"2015-01-19T00:08:21+00:00","dateModified":"2015-01-19T00:08:21+00:00","author":{"@id":"https:\/\/diariodalagoa.pt\/#\/schema\/person\/1615a002370e8857b6f972834bc43ece"},"breadcrumb":{"@id":"https:\/\/diariodalagoa.pt\/governo-dos-acores-destaca-mais-valia-da-producao-de-leite-e-assegura-apoio-na-atual-conjuntura-do-mercado-internacional\/#breadcrumb"},"inLanguage":"en-US","potentialAction":[{"@type":"ReadAction","target":["https:\/\/diariodalagoa.pt\/governo-dos-acores-destaca-mais-valia-da-producao-de-leite-e-assegura-apoio-na-atual-conjuntura-do-mercado-internacional\/"]}]},{"@type":"BreadcrumbList","@id":"https:\/\/diariodalagoa.pt\/governo-dos-acores-destaca-mais-valia-da-producao-de-leite-e-assegura-apoio-na-atual-conjuntura-do-mercado-internacional\/#breadcrumb","itemListElement":[{"@type":"ListItem","position":1,"name":"In\u00edcio","item":"https:\/\/diariodalagoa.pt\/"},{"@type":"ListItem","position":2,"name":"Governo dos A\u00e7ores destaca mais-valia da produ\u00e7\u00e3o de leite e assegura apoio na \u201catual conjuntura do mercado internacional\u201d"}]},{"@type":"WebSite","@id":"https:\/\/diariodalagoa.pt\/#website","url":"https:\/\/diariodalagoa.pt\/","name":"Di\u00e1rio da Lagoa","description":"Di\u00e1rio da Lagoa. As not\u00edcias que contam. A partir da Lagoa, nos A\u00e7ores, para o mundo.","potentialAction":[{"@type":"SearchAction","target":{"@type":"EntryPoint","urlTemplate":"https:\/\/diariodalagoa.pt\/?s={search_term_string}"},"query-input":"required name=search_term_string"}],"inLanguage":"en-US"},{"@type":"Person","@id":"https:\/\/diariodalagoa.pt\/#\/schema\/person\/1615a002370e8857b6f972834bc43ece","name":"Di\u00e1rio da Lagoa","image":{"@type":"ImageObject","inLanguage":"en-US","@id":"https:\/\/diariodalagoa.pt\/#\/schema\/person\/image\/","url":"https:\/\/secure.gravatar.com\/avatar\/2cb5cef90a26f8fbd4d9d930608102c5?s=96&d=mm&r=g","contentUrl":"https:\/\/secure.gravatar.com\/avatar\/2cb5cef90a26f8fbd4d9d930608102c5?s=96&d=mm&r=g","caption":"Di\u00e1rio da Lagoa"},"url":"https:\/\/diariodalagoa.pt\/en\/author\/diariodalagoa\/"}]}},"_links":{"self":[{"href":"https:\/\/diariodalagoa.pt\/en\/wp-json\/wp\/v2\/posts\/12995"}],"collection":[{"href":"https:\/\/diariodalagoa.pt\/en\/wp-json\/wp\/v2\/posts"}],"about":[{"href":"https:\/\/diariodalagoa.pt\/en\/wp-json\/wp\/v2\/types\/post"}],"author":[{"embeddable":true,"href":"https:\/\/diariodalagoa.pt\/en\/wp-json\/wp\/v2\/users\/2"}],"replies":[{"embeddable":true,"href":"https:\/\/diariodalagoa.pt\/en\/wp-json\/wp\/v2\/comments?post=12995"}],"version-history":[{"count":0,"href":"https:\/\/diariodalagoa.pt\/en\/wp-json\/wp\/v2\/posts\/12995\/revisions"}],"wp:attachment":[{"href":"https:\/\/diariodalagoa.pt\/en\/wp-json\/wp\/v2\/media?parent=12995"}],"wp:term":[{"taxonomy":"category","embeddable":true,"href":"https:\/\/diariodalagoa.pt\/en\/wp-json\/wp\/v2\/categories?post=12995"},{"taxonomy":"post_tag","embeddable":true,"href":"https:\/\/diariodalagoa.pt\/en\/wp-json\/wp\/v2\/tags?post=12995"}],"curies":[{"name":"wp","href":"https:\/\/api.w.org\/{rel}","templated":true}]}}