{"id":127835,"date":"2023-10-05T11:04:38","date_gmt":"2023-10-05T11:04:38","guid":{"rendered":"https:\/\/diariodalagoa.pt\/?p=127835"},"modified":"2025-06-27T15:57:02","modified_gmt":"2025-06-27T15:57:02","slug":"projeto-da-nova-escola-basica-integrada-de-lagoa-trava-intencao-de-ampliar-estacionamento-e-passeio-junto-ao-fisher","status":"publish","type":"post","link":"https:\/\/diariodalagoa.pt\/en\/projeto-da-nova-escola-basica-integrada-de-lagoa-trava-intencao-de-ampliar-estacionamento-e-passeio-junto-ao-fisher\/","title":{"rendered":"Projeto da nova Escola B\u00e1sica Integrada de Lagoa trava inten\u00e7\u00e3o de ampliar estacionamento e passeio junto ao Fisher"},"content":{"rendered":"<h3 class=\"wp-block-heading\">Constru\u00e7\u00e3o da nova EBI de Lagoa dever\u00e1 arrancar no final do pr\u00f3ximo ano com um custo estimado de 11 milh\u00f5es de euros. A secretaria regional da Educa\u00e7\u00e3o diz que s\u00f3 depois de conclu\u00eddo o projeto poder\u00e1 avaliar a ced\u00eancia de terreno pedida pela c\u00e2mara da Lagoa. Munic\u00edpio quer criar acesso mais seguro para os alunos e mais 45 lugares de estacionamento<\/h3>\n\n\n\n<figure class=\"wp-block-image size-full is-resized\"><img decoding=\"async\" src=\"https:\/\/diariodalagoa.pt\/wp-content\/uploads\/2023\/10\/parque-de-estacionamento-gam.jpg\" alt=\"\" class=\"wp-image-127836\" width=\"840\" height=\"541\" srcset=\"https:\/\/diariodalagoa.pt\/wp-content\/uploads\/2023\/10\/parque-de-estacionamento-gam.jpg 960w, https:\/\/diariodalagoa.pt\/wp-content\/uploads\/2023\/10\/parque-de-estacionamento-gam-300x193.jpg 300w, https:\/\/diariodalagoa.pt\/wp-content\/uploads\/2023\/10\/parque-de-estacionamento-gam-768x495.jpg 768w, https:\/\/diariodalagoa.pt\/wp-content\/uploads\/2023\/10\/parque-de-estacionamento-gam-18x12.jpg 18w\" sizes=\"(max-width: 840px) 100vw, 840px\" \/><figcaption class=\"wp-element-caption\"><sup>Parcela de terreno atr\u00e1s do atual muro faz liga\u00e7\u00e3o com a escola Padre Jo\u00e3o Jos\u00e9 do Amaral <mark style=\"background-color:rgba(0, 0, 0, 0)\" class=\"has-inline-color has-cyan-bluish-gray-color\">\u00a9 DL<\/mark><\/sup><\/figcaption><\/figure>\n\n\n<p><span style=\"font-weight: 400;\">O concurso do \u201cprojeto de execu\u00e7\u00e3o das instala\u00e7\u00f5es do 2.\u00ba ciclo da EBI de Lagoa\u201d foi lan\u00e7ado h\u00e1 um m\u00eas e meio pela secretaria regional do Turismo, Mobilidade e Infraestruturas. A informa\u00e7\u00e3o consta do Jornal Oficial da Regi\u00e3o Aut\u00f3noma dos A\u00e7ores, no an\u00fancio n.\u00ba 417\/2023 de 21 de agosto de 2023, e ter\u00e1 como pre\u00e7o base o valor de 350 mil euros. Decorre at\u00e9 ao dia 17 de outubro. Ao Di\u00e1rio da Lagoa (DL), o diretor regional da Educa\u00e7\u00e3o e Administra\u00e7\u00e3o Educativa, Rui Esp\u00ednola, explica que depois de apresentadas as propostas \u00e9 preciso \u201cdecidir qual \u00e9 o projeto, fazer todo o procedimento de contrata\u00e7\u00e3o p\u00fablica. Depois vem a adjudica\u00e7\u00e3o e a constru\u00e7\u00e3o. A nossa expetativa \u00e9 que pelo menos l\u00e1 para o final do \u00faltimo trimestre de 2024 se esteja a arrancar com esta obra\u201d.<\/span><\/p>\n<p><span style=\"font-weight: 400;\">A nova escola vai ter capacidade para 240 alunos e, de acordo com o diretor regional, corresponde a uma \u201cnecessidade identificada h\u00e1 largos anos\u201d. Segundo o respons\u00e1vel existe \u201cuma estimativa para j\u00e1 de cerca de 11 milh\u00f5es de euros, mas depende do tipo de projeto que vai ser apresentado\u201d.<\/span><\/p>\n<p><span style=\"font-weight: 400;\">Questionado sobre a nova escola, o presidente do conselho executivo da EBI de Lagoa, Manuel Rodrigues, esclarece:&nbsp; \u201co que tivemos acesso foi \u00e0 tipologia de escola e a quantidade de salas de aulas, que \u00e9 o programa funcional que est\u00e1 na base do projeto\u201d. Sobre que tipo de escola ir\u00e1 surgir, diz que se trata de \u201cuma escola s\u00f3 de segundo ciclo\u201d, mas que, segundo a informa\u00e7\u00e3o que obtiveram, no que diz respeito \u00e0 configura\u00e7\u00e3o, essa, pelo que sabe, \u201cfica para a criatividade do gabinete de arquitetura que ganhar o concurso\u201d.<\/span><\/p>\n<p><span style=\"font-weight: 400;\">Sobre a constru\u00e7\u00e3o da nova escola, o DL ouviu o vice-presidente da c\u00e2mara municipal da Lagoa (CML). Frederico Furtado Sousa assegura que o que est\u00e1 em causa \u00e9 a constru\u00e7\u00e3o de \u201cuma escola inteira que pressup\u00f5e demoli\u00e7\u00f5es e a constru\u00e7\u00e3o de um novo edif\u00edcio ou novos edif\u00edcios\u201d. No entanto, alega que: \u201cn\u00e3o sabemos qual o plano funcional\u201d e sublinha que h\u00e1 \u201cdois processos\u201d simult\u00e2neos a decorrer.<\/span><\/p>\n\n\n<h3 class=\"wp-block-heading\"><strong>Autarquia quer ampliar atual parque de estacionamento do Gabinete de Atendimento ao Mun\u00edcipe<\/strong><\/h3>\n\n\n<p><span style=\"font-weight: 400;\">\u201cH\u00e1 o processo da requalifica\u00e7\u00e3o ou constru\u00e7\u00e3o da nova escola Padre Jo\u00e3o Jos\u00e9 do Amaral [EBI de Lagoa] e, depois, h\u00e1 outro processo mais recente que j\u00e1 tem dois anos e que tem que ver com a pretens\u00e3o da c\u00e2mara\u201d, avan\u00e7a o vice-presidente da autarquia lagoense.<\/span><\/p>\n<p><span style=\"font-weight: 400;\">Ao DL, contextualiza, ent\u00e3o, que se trata de uma ideia que surgiu com o investimento no novo edif\u00edcio do Gabinete de Atendimento ao Mun\u00edcipe (GAM), onde se construiu tamb\u00e9m um parque de estacionamento junto ao campo de t\u00e9nis do Ros\u00e1rio. \u00c9 este o atual parque de estacionamento que a autarquia pretende ampliar e ligar ao parque de estacionamento que j\u00e1 existe na escola do Fisher. Trata-se, portanto, segundo o autarca, \u201cde haver uma ced\u00eancia de um terreno de 1.600 m2 para amplia\u00e7\u00e3o do parque de estacionamento que est\u00e1 atr\u00e1s do GAM\u201d.<\/span><\/p>\n<p><span style=\"font-weight: 400;\">O vice-presidente explica que o parque de estacionamento no GAM, \u201ctem capacidade para 20 viaturas\u201d e que este \u00e9 \u201ca paredes meias com o terreno da escola, cerca de 27 mil m2 e que por sua vez liga a outro parque de estacionamento que j\u00e1 \u00e9 da escola, dos professores\u201d, sendo as obras do novo parque asseguradas pela CML.&nbsp;<\/span><\/p>\n<p><span style=\"font-weight: 400;\">Sobre a pretens\u00e3o da autarquia, Manuel Rodrigues, diz que: \u201ca assembleia de escola deu o parecer favor\u00e1vel mediante determinadas condi\u00e7\u00f5es que garantem a seguran\u00e7a da escola e dos alunos. Condi\u00e7\u00f5es, essas, que t\u00eam que ficar plasmadas no futuro contrato comodato a assinar entre a secretaria e a c\u00e2mara\u201d, assegura.<\/span><\/p>\n<p><span style=\"font-weight: 400;\">Frederico Sousa confirma que depois de um of\u00edcio, \u201chouve uma resposta em dezembro de 2022, tr\u00eas meses depois, a dizer que esse assunto \u00e9 levado \u00e0 Assembleia da EBI de Lagoa e elenca um conjunto de condi\u00e7\u00f5es para que essa ced\u00eancia seja feita\u201d. O vice-presidente explica que \u201ca c\u00e2mara municipal faz em fevereiro de 2023 o envio de uma proposta, de uma minuta de protocolo em que espelha exatamente aquilo tudo que j\u00e1 tinha sido falado, nomeadamente essas pr\u00f3prias condi\u00e7\u00f5es\u201d.&nbsp;<\/span><\/p>\n<p><span style=\"font-weight: 400;\">Para al\u00e9m dos 45 lugares de estacionamento, Frederico Sousa sublinha que a obra \u201cresolvia a quest\u00e3o da circula\u00e7\u00e3o das crian\u00e7as que quando saem da escola e do recinto escolar v\u00eam pela via p\u00fablica\u201d e que circulam muitas vezes \u201cnuma zona que nem sequer tem passeio\u201d.<\/span><\/p>\n<p><span style=\"font-weight: 400;\">\u201cPara alargarmos os passeios temos que proibir o estacionamento. Mas para isso tamb\u00e9m temos que dar lugar \u00e0s pessoas para estacionar. E ficam, tamb\u00e9m, com uma zona de paragem e largada [dos alunos] segura. H\u00e1 aqui uma situa\u00e7\u00e3o que parece-me que se resolvia e que depende da secretaria essa ced\u00eancial\u201d, argumenta o autarca.<\/span><\/p>\n<p><span style=\"font-weight: 400;\">Sobre o que pode fazer mais, o autarca lagoense diz que: \u201ctemos insistido e n\u00e3o temos obtido qualquer resposta. Esse assunto j\u00e1 foi levado, inclusive, diretamente ao presidente do Governo regional. Temos pena n\u00e3o podermos resolver um problema que podia ser feito quase de imediato\u201d, diz o vice-presidente.&nbsp;<\/span><\/p>\n<p><span style=\"font-weight: 400;\">O diretor regional da Educa\u00e7\u00e3o e Administra\u00e7\u00e3o Educativa, defende que \u201cprecisamos efetivamente de perceber o que vai acontecer com o projeto da escola para depois se poder tomar uma decis\u00e3o em rela\u00e7\u00e3o a esse assunto [do parque de estacionamento]\u201d. Rui Esp\u00ednola esclarece que \u201c\u00e9 um processo, vamos primeiro tratar da quest\u00e3o da nova escola e depois de alinhavada iremos tratar dessa quest\u00e3o. Quem decide \u00e9 sempre a senhora secret\u00e1ria regional e o Governo regional, agora naturalmente que este \u00e9 um processo que tem que ser devidamente acompanhado, integrado e pensado desta forma\u201d, assegura.<\/span><\/p>\n<p><span style=\"font-weight: 400;\">Contactada pelo DL, a Associa\u00e7\u00e3o de Pais e Encarregados de Educa\u00e7\u00e3o da EBI Lagoa (APEEBIL) diz que \u201cnada tem a acrescentar\u201d. Ainda assim diz aguardar a \u201cimplementa\u00e7\u00e3o das solu\u00e7\u00f5es na esperan\u00e7a de que, da interven\u00e7\u00e3o, resulte uma melhoria na fluidez e ordenamento do tr\u00e2nsito e potencializa\u00e7\u00e3o de interven\u00e7\u00f5es futuras que confiram mais seguran\u00e7a \u00e0 entrada e sa\u00edda do recinto escolar, tanto em hor\u00e1rio letivo, como p\u00f3s laboral\u201d.<\/span><\/p>\n<p><span style=\"font-weight: 400;\">J\u00e1 o diretor regional, Rui Esp\u00ednola, reitera, ainda, que \u201co Governo regional dos A\u00e7ores est\u00e1 sempre dispon\u00edvel para colaborar com todas as autarquias nas melhores solu\u00e7\u00f5es para os cidad\u00e3os, porque isso interessa \u00e0 c\u00e2mara municipal da Lagoa e naturalmente que interessa tamb\u00e9m \u00e0 pr\u00f3pria comunidade educativa da EBI da Lagoa\u201d, conclui.<\/span><\/p>","protected":false},"excerpt":{"rendered":"<p>Constru\u00e7\u00e3o da nova EBI de Lagoa dever\u00e1 arrancar no final do pr\u00f3ximo ano. A secretaria regional da Educa\u00e7\u00e3o diz que s\u00f3 depois de conclu\u00eddo o projeto poder\u00e1 avaliar a ced\u00eancia de terreno pedida pela c\u00e2mara da Lagoa.<\/p>","protected":false},"author":2,"featured_media":127836,"comment_status":"open","ping_status":"closed","sticky":false,"template":"","format":"standard","meta":[],"categories":[7],"tags":[],"acf":[],"yoast_head":"<!-- This site is optimized with the Yoast SEO plugin v20.10 - https:\/\/yoast.com\/wordpress\/plugins\/seo\/ -->\n<title>Projeto da nova Escola B\u00e1sica Integrada de Lagoa trava inten\u00e7\u00e3o de ampliar estacionamento e passeio junto ao Fisher - Di\u00e1rio da Lagoa<\/title>\n<meta name=\"description\" content=\"Constru\u00e7\u00e3o da nova EBI de Lagoa dever\u00e1 arrancar no final do pr\u00f3ximo ano com um custo estimado de 11 milh\u00f5es de euros. A secretaria regional da Educa\u00e7\u00e3o diz que s\u00f3 depois de conclu\u00eddo o projeto poder\u00e1 avaliar a ced\u00eancia de terreno pedida pela c\u00e2mara da Lagoa. Munic\u00edpio quer criar acesso mais seguro para os alunos e mais 45 lugares de estacionamento.\" \/>\n<meta name=\"robots\" content=\"index, follow, max-snippet:-1, max-image-preview:large, max-video-preview:-1\" \/>\n<link rel=\"canonical\" href=\"https:\/\/diariodalagoa.pt\/en\/projeto-da-nova-escola-basica-integrada-de-lagoa-trava-intencao-de-ampliar-estacionamento-e-passeio-junto-ao-fisher\/\" \/>\n<meta property=\"og:locale\" content=\"en_US\" \/>\n<meta property=\"og:type\" content=\"article\" \/>\n<meta property=\"og:title\" content=\"Projeto da nova Escola B\u00e1sica Integrada de Lagoa trava inten\u00e7\u00e3o de ampliar estacionamento e passeio junto ao Fisher - Di\u00e1rio da Lagoa\" \/>\n<meta property=\"og:description\" content=\"Constru\u00e7\u00e3o da nova EBI de Lagoa dever\u00e1 arrancar no final do pr\u00f3ximo ano com um custo estimado de 11 milh\u00f5es de euros. A secretaria regional da Educa\u00e7\u00e3o diz que s\u00f3 depois de conclu\u00eddo o projeto poder\u00e1 avaliar a ced\u00eancia de terreno pedida pela c\u00e2mara da Lagoa. Munic\u00edpio quer criar acesso mais seguro para os alunos e mais 45 lugares de estacionamento.\" \/>\n<meta property=\"og:url\" content=\"https:\/\/diariodalagoa.pt\/en\/projeto-da-nova-escola-basica-integrada-de-lagoa-trava-intencao-de-ampliar-estacionamento-e-passeio-junto-ao-fisher\/\" \/>\n<meta property=\"og:site_name\" content=\"Di\u00e1rio da Lagoa\" \/>\n<meta property=\"article:published_time\" content=\"2023-10-05T11:04:38+00:00\" \/>\n<meta property=\"article:modified_time\" content=\"2025-06-27T15:57:02+00:00\" \/>\n<meta property=\"og:image\" content=\"https:\/\/diariodalagoa.pt\/wp-content\/uploads\/2023\/10\/parque-de-estacionamento-gam.jpg\" \/>\n\t<meta property=\"og:image:width\" content=\"960\" \/>\n\t<meta property=\"og:image:height\" content=\"619\" \/>\n\t<meta property=\"og:image:type\" content=\"image\/jpeg\" \/>\n<meta name=\"author\" content=\"Di\u00e1rio da Lagoa\" \/>\n<meta name=\"twitter:card\" content=\"summary_large_image\" \/>\n<meta name=\"twitter:label1\" content=\"Written by\" \/>\n\t<meta name=\"twitter:data1\" content=\"Di\u00e1rio da Lagoa\" \/>\n\t<meta name=\"twitter:label2\" content=\"Est. reading time\" \/>\n\t<meta name=\"twitter:data2\" content=\"7 minutes\" \/>\n<script type=\"application\/ld+json\" class=\"yoast-schema-graph\">{\"@context\":\"https:\/\/schema.org\",\"@graph\":[{\"@type\":\"WebPage\",\"@id\":\"https:\/\/diariodalagoa.pt\/projeto-da-nova-escola-basica-integrada-de-lagoa-trava-intencao-de-ampliar-estacionamento-e-passeio-junto-ao-fisher\/\",\"url\":\"https:\/\/diariodalagoa.pt\/projeto-da-nova-escola-basica-integrada-de-lagoa-trava-intencao-de-ampliar-estacionamento-e-passeio-junto-ao-fisher\/\",\"name\":\"Projeto da nova Escola B\u00e1sica Integrada de Lagoa trava inten\u00e7\u00e3o de ampliar estacionamento e passeio junto ao Fisher - Di\u00e1rio da Lagoa\",\"isPartOf\":{\"@id\":\"https:\/\/diariodalagoa.pt\/#website\"},\"datePublished\":\"2023-10-05T11:04:38+00:00\",\"dateModified\":\"2025-06-27T15:57:02+00:00\",\"author\":{\"@id\":\"https:\/\/diariodalagoa.pt\/#\/schema\/person\/1615a002370e8857b6f972834bc43ece\"},\"description\":\"Constru\u00e7\u00e3o da nova EBI de Lagoa dever\u00e1 arrancar no final do pr\u00f3ximo ano com um custo estimado de 11 milh\u00f5es de euros. A secretaria regional da Educa\u00e7\u00e3o diz que s\u00f3 depois de conclu\u00eddo o projeto poder\u00e1 avaliar a ced\u00eancia de terreno pedida pela c\u00e2mara da Lagoa. Munic\u00edpio quer criar acesso mais seguro para os alunos e mais 45 lugares de estacionamento.\",\"breadcrumb\":{\"@id\":\"https:\/\/diariodalagoa.pt\/projeto-da-nova-escola-basica-integrada-de-lagoa-trava-intencao-de-ampliar-estacionamento-e-passeio-junto-ao-fisher\/#breadcrumb\"},\"inLanguage\":\"en-US\",\"potentialAction\":[{\"@type\":\"ReadAction\",\"target\":[\"https:\/\/diariodalagoa.pt\/projeto-da-nova-escola-basica-integrada-de-lagoa-trava-intencao-de-ampliar-estacionamento-e-passeio-junto-ao-fisher\/\"]}]},{\"@type\":\"BreadcrumbList\",\"@id\":\"https:\/\/diariodalagoa.pt\/projeto-da-nova-escola-basica-integrada-de-lagoa-trava-intencao-de-ampliar-estacionamento-e-passeio-junto-ao-fisher\/#breadcrumb\",\"itemListElement\":[{\"@type\":\"ListItem\",\"position\":1,\"name\":\"In\u00edcio\",\"item\":\"https:\/\/diariodalagoa.pt\/\"},{\"@type\":\"ListItem\",\"position\":2,\"name\":\"Projeto da nova Escola B\u00e1sica Integrada de Lagoa trava inten\u00e7\u00e3o de ampliar estacionamento e passeio junto ao Fisher\"}]},{\"@type\":\"WebSite\",\"@id\":\"https:\/\/diariodalagoa.pt\/#website\",\"url\":\"https:\/\/diariodalagoa.pt\/\",\"name\":\"Di\u00e1rio da Lagoa\",\"description\":\"Di\u00e1rio da Lagoa. As not\u00edcias que contam. A partir da Lagoa, nos A\u00e7ores, para o mundo.\",\"potentialAction\":[{\"@type\":\"SearchAction\",\"target\":{\"@type\":\"EntryPoint\",\"urlTemplate\":\"https:\/\/diariodalagoa.pt\/?s={search_term_string}\"},\"query-input\":\"required name=search_term_string\"}],\"inLanguage\":\"en-US\"},{\"@type\":\"Person\",\"@id\":\"https:\/\/diariodalagoa.pt\/#\/schema\/person\/1615a002370e8857b6f972834bc43ece\",\"name\":\"Di\u00e1rio da Lagoa\",\"image\":{\"@type\":\"ImageObject\",\"inLanguage\":\"en-US\",\"@id\":\"https:\/\/diariodalagoa.pt\/#\/schema\/person\/image\/\",\"url\":\"https:\/\/secure.gravatar.com\/avatar\/2cb5cef90a26f8fbd4d9d930608102c5?s=96&d=mm&r=g\",\"contentUrl\":\"https:\/\/secure.gravatar.com\/avatar\/2cb5cef90a26f8fbd4d9d930608102c5?s=96&d=mm&r=g\",\"caption\":\"Di\u00e1rio da Lagoa\"},\"url\":\"https:\/\/diariodalagoa.pt\/en\/author\/diariodalagoa\/\"}]}<\/script>\n<!-- \/ Yoast SEO plugin. -->","yoast_head_json":{"title":"Projeto da nova Escola B\u00e1sica Integrada de Lagoa trava inten\u00e7\u00e3o de ampliar estacionamento e passeio junto ao Fisher - Di\u00e1rio da Lagoa","description":"Constru\u00e7\u00e3o da nova EBI de Lagoa dever\u00e1 arrancar no final do pr\u00f3ximo ano com um custo estimado de 11 milh\u00f5es de euros. A secretaria regional da Educa\u00e7\u00e3o diz que s\u00f3 depois de conclu\u00eddo o projeto poder\u00e1 avaliar a ced\u00eancia de terreno pedida pela c\u00e2mara da Lagoa. Munic\u00edpio quer criar acesso mais seguro para os alunos e mais 45 lugares de estacionamento.","robots":{"index":"index","follow":"follow","max-snippet":"max-snippet:-1","max-image-preview":"max-image-preview:large","max-video-preview":"max-video-preview:-1"},"canonical":"https:\/\/diariodalagoa.pt\/en\/projeto-da-nova-escola-basica-integrada-de-lagoa-trava-intencao-de-ampliar-estacionamento-e-passeio-junto-ao-fisher\/","og_locale":"en_US","og_type":"article","og_title":"Projeto da nova Escola B\u00e1sica Integrada de Lagoa trava inten\u00e7\u00e3o de ampliar estacionamento e passeio junto ao Fisher - Di\u00e1rio da Lagoa","og_description":"Constru\u00e7\u00e3o da nova EBI de Lagoa dever\u00e1 arrancar no final do pr\u00f3ximo ano com um custo estimado de 11 milh\u00f5es de euros. A secretaria regional da Educa\u00e7\u00e3o diz que s\u00f3 depois de conclu\u00eddo o projeto poder\u00e1 avaliar a ced\u00eancia de terreno pedida pela c\u00e2mara da Lagoa. Munic\u00edpio quer criar acesso mais seguro para os alunos e mais 45 lugares de estacionamento.","og_url":"https:\/\/diariodalagoa.pt\/en\/projeto-da-nova-escola-basica-integrada-de-lagoa-trava-intencao-de-ampliar-estacionamento-e-passeio-junto-ao-fisher\/","og_site_name":"Di\u00e1rio da Lagoa","article_published_time":"2023-10-05T11:04:38+00:00","article_modified_time":"2025-06-27T15:57:02+00:00","og_image":[{"width":960,"height":619,"url":"https:\/\/diariodalagoa.pt\/wp-content\/uploads\/2023\/10\/parque-de-estacionamento-gam.jpg","type":"image\/jpeg"}],"author":"Di\u00e1rio da Lagoa","twitter_card":"summary_large_image","twitter_misc":{"Written by":"Di\u00e1rio da Lagoa","Est. reading time":"7 minutes"},"schema":{"@context":"https:\/\/schema.org","@graph":[{"@type":"WebPage","@id":"https:\/\/diariodalagoa.pt\/projeto-da-nova-escola-basica-integrada-de-lagoa-trava-intencao-de-ampliar-estacionamento-e-passeio-junto-ao-fisher\/","url":"https:\/\/diariodalagoa.pt\/projeto-da-nova-escola-basica-integrada-de-lagoa-trava-intencao-de-ampliar-estacionamento-e-passeio-junto-ao-fisher\/","name":"Projeto da nova Escola B\u00e1sica Integrada de Lagoa trava inten\u00e7\u00e3o de ampliar estacionamento e passeio junto ao Fisher - Di\u00e1rio da Lagoa","isPartOf":{"@id":"https:\/\/diariodalagoa.pt\/#website"},"datePublished":"2023-10-05T11:04:38+00:00","dateModified":"2025-06-27T15:57:02+00:00","author":{"@id":"https:\/\/diariodalagoa.pt\/#\/schema\/person\/1615a002370e8857b6f972834bc43ece"},"description":"Constru\u00e7\u00e3o da nova EBI de Lagoa dever\u00e1 arrancar no final do pr\u00f3ximo ano com um custo estimado de 11 milh\u00f5es de euros. A secretaria regional da Educa\u00e7\u00e3o diz que s\u00f3 depois de conclu\u00eddo o projeto poder\u00e1 avaliar a ced\u00eancia de terreno pedida pela c\u00e2mara da Lagoa. Munic\u00edpio quer criar acesso mais seguro para os alunos e mais 45 lugares de estacionamento.","breadcrumb":{"@id":"https:\/\/diariodalagoa.pt\/projeto-da-nova-escola-basica-integrada-de-lagoa-trava-intencao-de-ampliar-estacionamento-e-passeio-junto-ao-fisher\/#breadcrumb"},"inLanguage":"en-US","potentialAction":[{"@type":"ReadAction","target":["https:\/\/diariodalagoa.pt\/projeto-da-nova-escola-basica-integrada-de-lagoa-trava-intencao-de-ampliar-estacionamento-e-passeio-junto-ao-fisher\/"]}]},{"@type":"BreadcrumbList","@id":"https:\/\/diariodalagoa.pt\/projeto-da-nova-escola-basica-integrada-de-lagoa-trava-intencao-de-ampliar-estacionamento-e-passeio-junto-ao-fisher\/#breadcrumb","itemListElement":[{"@type":"ListItem","position":1,"name":"In\u00edcio","item":"https:\/\/diariodalagoa.pt\/"},{"@type":"ListItem","position":2,"name":"Projeto da nova Escola B\u00e1sica Integrada de Lagoa trava inten\u00e7\u00e3o de ampliar estacionamento e passeio junto ao Fisher"}]},{"@type":"WebSite","@id":"https:\/\/diariodalagoa.pt\/#website","url":"https:\/\/diariodalagoa.pt\/","name":"Di\u00e1rio da Lagoa","description":"Di\u00e1rio da Lagoa. As not\u00edcias que contam. A partir da Lagoa, nos A\u00e7ores, para o mundo.","potentialAction":[{"@type":"SearchAction","target":{"@type":"EntryPoint","urlTemplate":"https:\/\/diariodalagoa.pt\/?s={search_term_string}"},"query-input":"required name=search_term_string"}],"inLanguage":"en-US"},{"@type":"Person","@id":"https:\/\/diariodalagoa.pt\/#\/schema\/person\/1615a002370e8857b6f972834bc43ece","name":"Di\u00e1rio da Lagoa","image":{"@type":"ImageObject","inLanguage":"en-US","@id":"https:\/\/diariodalagoa.pt\/#\/schema\/person\/image\/","url":"https:\/\/secure.gravatar.com\/avatar\/2cb5cef90a26f8fbd4d9d930608102c5?s=96&d=mm&r=g","contentUrl":"https:\/\/secure.gravatar.com\/avatar\/2cb5cef90a26f8fbd4d9d930608102c5?s=96&d=mm&r=g","caption":"Di\u00e1rio da Lagoa"},"url":"https:\/\/diariodalagoa.pt\/en\/author\/diariodalagoa\/"}]}},"_links":{"self":[{"href":"https:\/\/diariodalagoa.pt\/en\/wp-json\/wp\/v2\/posts\/127835"}],"collection":[{"href":"https:\/\/diariodalagoa.pt\/en\/wp-json\/wp\/v2\/posts"}],"about":[{"href":"https:\/\/diariodalagoa.pt\/en\/wp-json\/wp\/v2\/types\/post"}],"author":[{"embeddable":true,"href":"https:\/\/diariodalagoa.pt\/en\/wp-json\/wp\/v2\/users\/2"}],"replies":[{"embeddable":true,"href":"https:\/\/diariodalagoa.pt\/en\/wp-json\/wp\/v2\/comments?post=127835"}],"version-history":[{"count":7,"href":"https:\/\/diariodalagoa.pt\/en\/wp-json\/wp\/v2\/posts\/127835\/revisions"}],"predecessor-version":[{"id":145104,"href":"https:\/\/diariodalagoa.pt\/en\/wp-json\/wp\/v2\/posts\/127835\/revisions\/145104"}],"wp:featuredmedia":[{"embeddable":true,"href":"https:\/\/diariodalagoa.pt\/en\/wp-json\/wp\/v2\/media\/127836"}],"wp:attachment":[{"href":"https:\/\/diariodalagoa.pt\/en\/wp-json\/wp\/v2\/media?parent=127835"}],"wp:term":[{"taxonomy":"category","embeddable":true,"href":"https:\/\/diariodalagoa.pt\/en\/wp-json\/wp\/v2\/categories?post=127835"},{"taxonomy":"post_tag","embeddable":true,"href":"https:\/\/diariodalagoa.pt\/en\/wp-json\/wp\/v2\/tags?post=127835"}],"curies":[{"name":"wp","href":"https:\/\/api.w.org\/{rel}","templated":true}]}}