{"id":127282,"date":"2023-09-07T14:10:09","date_gmt":"2023-09-07T14:10:09","guid":{"rendered":"https:\/\/diariodalagoa.pt\/?p=127282"},"modified":"2025-06-27T15:57:35","modified_gmt":"2025-06-27T15:57:35","slug":"diario-da-lagoa-promove-tertulia-natalia-uma-forca-da-natureza","status":"publish","type":"post","link":"https:\/\/diariodalagoa.pt\/en\/diario-da-lagoa-promove-tertulia-natalia-uma-forca-da-natureza\/","title":{"rendered":"Di\u00e1rio da Lagoa promove tert\u00falia \u00abNat\u00e1lia, uma for\u00e7a da natureza\u00bb"},"content":{"rendered":"<figure class=\"wp-block-image size-full\"><img decoding=\"async\" width=\"960\" height=\"960\" src=\"https:\/\/diariodalagoa.pt\/wp-content\/uploads\/2023\/09\/nataliacorreia-dl.jpg\" alt=\"\" class=\"wp-image-127283\" srcset=\"https:\/\/diariodalagoa.pt\/wp-content\/uploads\/2023\/09\/nataliacorreia-dl.jpg 960w, https:\/\/diariodalagoa.pt\/wp-content\/uploads\/2023\/09\/nataliacorreia-dl-300x300.jpg 300w, https:\/\/diariodalagoa.pt\/wp-content\/uploads\/2023\/09\/nataliacorreia-dl-150x150.jpg 150w, https:\/\/diariodalagoa.pt\/wp-content\/uploads\/2023\/09\/nataliacorreia-dl-768x768.jpg 768w, https:\/\/diariodalagoa.pt\/wp-content\/uploads\/2023\/09\/nataliacorreia-dl-12x12.jpg 12w\" sizes=\"(max-width: 960px) 100vw, 960px\" \/><\/figure>\n\n\n<div>\n<div dir=\"auto\">Para assinalar o centen\u00e1rio do nascimento de Nat\u00e1lia Correia, o Di\u00e1rio da Lagoa, com a colabora\u00e7\u00e3o da <a tabindex=\"0\" role=\"link\" href=\"https:\/\/www.facebook.com\/letraslavadas.editores?__cft__[0]=AZWNVBVzFmm4WnJ_JTDWZ8HTJiyBPNSbBi0JIFWKVuPGlU2CbwLlR1ASWnD3RrHohuhdGguR8fVYm1MPakQlyHZiLgODykAwedVyZZV9Z3cPBgJDNX_ag_sCR-Un142geSZgR7k4SxlBoNmwcP1dImi1w1dVLExrIQY5b7MEXF5knn2K_V53bQflCkf1uqj7IOY&amp;__tn__=-]K-R\">Letras Lavadas<\/a> e do <a tabindex=\"0\" role=\"link\" href=\"https:\/\/www.facebook.com\/ObservatorioVulcanologicoGeotermicoAcores?__cft__[0]=AZWNVBVzFmm4WnJ_JTDWZ8HTJiyBPNSbBi0JIFWKVuPGlU2CbwLlR1ASWnD3RrHohuhdGguR8fVYm1MPakQlyHZiLgODykAwedVyZZV9Z3cPBgJDNX_ag_sCR-Un142geSZgR7k4SxlBoNmwcP1dImi1w1dVLExrIQY5b7MEXF5knn2K_V53bQflCkf1uqj7IOY&amp;__tn__=-]K-R\">OVGA &#8211; Observat\u00f3rio Vulcanol\u00f3gico e Geot\u00e9rmico dos A\u00e7ores<\/a>, promove a tert\u00falia \u201cNat\u00e1lia, uma for\u00e7a da natureza\u201d no pr\u00f3ximo dia 16 de setembro, pelas 17h00, no OVGA, na Avenida Vulcanol\u00f3gica, 5, Atalhada, Ros\u00e1rio, Lagoa.<p><\/p>\n<p>O evento vai contar com a presen\u00e7a de \u00c2ngela de Almeida, investigadora, ensa\u00edsta e poeta, Carlos Melo Bento, advogado e amigo de Nat\u00e1lia Correia, e Rui Tavares de Faria, investigador no Centro de Estudos Cl\u00e1ssicos e Human\u00edsticos da Universidade de Coimbra, autor do livro \u00abSingular e M\u00faltipla. Estudos sobre a obra de Nat\u00e1lia Correia\u00bb, a ser lan\u00e7ado este m\u00eas.<\/p>\n<\/div>\n<\/div>\n<div>\n<div dir=\"auto\">A conversa ser\u00e1 conduzida pela jornalista Sara Sousa Oliveira. O evento tem entrada livre sendo os lugares limitados \u00e0 lota\u00e7\u00e3o do espa\u00e7o.<\/div>\n<\/div>","protected":false},"excerpt":{"rendered":"<p>Para assinalar o centen\u00e1rio do nascimento de Nat\u00e1lia Correia, o Di\u00e1rio da Lagoa, com a colabora\u00e7\u00e3o da Letras Lavadas e do Observat\u00f3rio Vulcanol\u00f3gico e Geot\u00e9rmico dos A\u00e7ores, promove a tert\u00falia \u201cNat\u00e1lia, uma for\u00e7a da natureza\u201d.<\/p>","protected":false},"author":2,"featured_media":127290,"comment_status":"open","ping_status":"closed","sticky":false,"template":"","format":"standard","meta":[],"categories":[21],"tags":[],"acf":[],"yoast_head":"<!-- This site is optimized with the Yoast SEO plugin v20.10 - https:\/\/yoast.com\/wordpress\/plugins\/seo\/ -->\n<title>Di\u00e1rio da Lagoa promove tert\u00falia \u00abNat\u00e1lia, uma for\u00e7a da natureza\u00bb - Di\u00e1rio da Lagoa<\/title>\n<meta name=\"description\" content=\"Para assinalar o centen\u00e1rio do nascimento de Nat\u00e1lia Correia, o Di\u00e1rio da Lagoa, com a colabora\u00e7\u00e3o da Letras Lavadas e do Observat\u00f3rio Vulcanol\u00f3gico e Geot\u00e9rmico dos A\u00e7ores, promove a tert\u00falia \u201cNat\u00e1lia, uma for\u00e7a da natureza\u201d no pr\u00f3ximo dia 16 de setembro, pelas 17h00, no OVGA.\" \/>\n<meta name=\"robots\" content=\"index, follow, max-snippet:-1, max-image-preview:large, max-video-preview:-1\" \/>\n<link rel=\"canonical\" href=\"https:\/\/diariodalagoa.pt\/en\/diario-da-lagoa-promove-tertulia-natalia-uma-forca-da-natureza\/\" \/>\n<meta property=\"og:locale\" content=\"en_US\" \/>\n<meta property=\"og:type\" content=\"article\" \/>\n<meta property=\"og:title\" content=\"Di\u00e1rio da Lagoa promove tert\u00falia \u00abNat\u00e1lia, uma for\u00e7a da natureza\u00bb - Di\u00e1rio da Lagoa\" \/>\n<meta property=\"og:description\" content=\"Para assinalar o centen\u00e1rio do nascimento de Nat\u00e1lia Correia, o Di\u00e1rio da Lagoa, com a colabora\u00e7\u00e3o da Letras Lavadas e do Observat\u00f3rio Vulcanol\u00f3gico e Geot\u00e9rmico dos A\u00e7ores, promove a tert\u00falia \u201cNat\u00e1lia, uma for\u00e7a da natureza\u201d no pr\u00f3ximo dia 16 de setembro, pelas 17h00, no OVGA.\" \/>\n<meta property=\"og:url\" content=\"https:\/\/diariodalagoa.pt\/en\/diario-da-lagoa-promove-tertulia-natalia-uma-forca-da-natureza\/\" \/>\n<meta property=\"og:site_name\" content=\"Di\u00e1rio da Lagoa\" \/>\n<meta property=\"article:published_time\" content=\"2023-09-07T14:10:09+00:00\" \/>\n<meta property=\"article:modified_time\" content=\"2025-06-27T15:57:35+00:00\" \/>\n<meta property=\"og:image\" content=\"https:\/\/diariodalagoa.pt\/wp-content\/uploads\/2023\/09\/nataliacorreia-destaque.jpg\" \/>\n\t<meta property=\"og:image:width\" content=\"750\" \/>\n\t<meta property=\"og:image:height\" content=\"476\" \/>\n\t<meta property=\"og:image:type\" content=\"image\/jpeg\" \/>\n<meta name=\"author\" content=\"Di\u00e1rio da Lagoa\" \/>\n<meta name=\"twitter:card\" content=\"summary_large_image\" \/>\n<meta name=\"twitter:label1\" content=\"Written by\" \/>\n\t<meta name=\"twitter:data1\" content=\"Di\u00e1rio da Lagoa\" \/>\n\t<meta name=\"twitter:label2\" content=\"Est. reading time\" \/>\n\t<meta name=\"twitter:data2\" content=\"1 minute\" \/>\n<script type=\"application\/ld+json\" class=\"yoast-schema-graph\">{\"@context\":\"https:\/\/schema.org\",\"@graph\":[{\"@type\":\"WebPage\",\"@id\":\"https:\/\/diariodalagoa.pt\/diario-da-lagoa-promove-tertulia-natalia-uma-forca-da-natureza\/\",\"url\":\"https:\/\/diariodalagoa.pt\/diario-da-lagoa-promove-tertulia-natalia-uma-forca-da-natureza\/\",\"name\":\"Di\u00e1rio da Lagoa promove tert\u00falia \u00abNat\u00e1lia, uma for\u00e7a da natureza\u00bb - Di\u00e1rio da Lagoa\",\"isPartOf\":{\"@id\":\"https:\/\/diariodalagoa.pt\/#website\"},\"datePublished\":\"2023-09-07T14:10:09+00:00\",\"dateModified\":\"2025-06-27T15:57:35+00:00\",\"author\":{\"@id\":\"https:\/\/diariodalagoa.pt\/#\/schema\/person\/1615a002370e8857b6f972834bc43ece\"},\"description\":\"Para assinalar o centen\u00e1rio do nascimento de Nat\u00e1lia Correia, o Di\u00e1rio da Lagoa, com a colabora\u00e7\u00e3o da Letras Lavadas e do Observat\u00f3rio Vulcanol\u00f3gico e Geot\u00e9rmico dos A\u00e7ores, promove a tert\u00falia \u201cNat\u00e1lia, uma for\u00e7a da natureza\u201d no pr\u00f3ximo dia 16 de setembro, pelas 17h00, no OVGA.\",\"breadcrumb\":{\"@id\":\"https:\/\/diariodalagoa.pt\/diario-da-lagoa-promove-tertulia-natalia-uma-forca-da-natureza\/#breadcrumb\"},\"inLanguage\":\"en-US\",\"potentialAction\":[{\"@type\":\"ReadAction\",\"target\":[\"https:\/\/diariodalagoa.pt\/diario-da-lagoa-promove-tertulia-natalia-uma-forca-da-natureza\/\"]}]},{\"@type\":\"BreadcrumbList\",\"@id\":\"https:\/\/diariodalagoa.pt\/diario-da-lagoa-promove-tertulia-natalia-uma-forca-da-natureza\/#breadcrumb\",\"itemListElement\":[{\"@type\":\"ListItem\",\"position\":1,\"name\":\"In\u00edcio\",\"item\":\"https:\/\/diariodalagoa.pt\/\"},{\"@type\":\"ListItem\",\"position\":2,\"name\":\"Di\u00e1rio da Lagoa promove tert\u00falia \u00abNat\u00e1lia, uma for\u00e7a da natureza\u00bb\"}]},{\"@type\":\"WebSite\",\"@id\":\"https:\/\/diariodalagoa.pt\/#website\",\"url\":\"https:\/\/diariodalagoa.pt\/\",\"name\":\"Di\u00e1rio da Lagoa\",\"description\":\"Di\u00e1rio da Lagoa. As not\u00edcias que contam. A partir da Lagoa, nos A\u00e7ores, para o mundo.\",\"potentialAction\":[{\"@type\":\"SearchAction\",\"target\":{\"@type\":\"EntryPoint\",\"urlTemplate\":\"https:\/\/diariodalagoa.pt\/?s={search_term_string}\"},\"query-input\":\"required name=search_term_string\"}],\"inLanguage\":\"en-US\"},{\"@type\":\"Person\",\"@id\":\"https:\/\/diariodalagoa.pt\/#\/schema\/person\/1615a002370e8857b6f972834bc43ece\",\"name\":\"Di\u00e1rio da Lagoa\",\"image\":{\"@type\":\"ImageObject\",\"inLanguage\":\"en-US\",\"@id\":\"https:\/\/diariodalagoa.pt\/#\/schema\/person\/image\/\",\"url\":\"https:\/\/secure.gravatar.com\/avatar\/2cb5cef90a26f8fbd4d9d930608102c5?s=96&d=mm&r=g\",\"contentUrl\":\"https:\/\/secure.gravatar.com\/avatar\/2cb5cef90a26f8fbd4d9d930608102c5?s=96&d=mm&r=g\",\"caption\":\"Di\u00e1rio da Lagoa\"},\"url\":\"https:\/\/diariodalagoa.pt\/en\/author\/diariodalagoa\/\"}]}<\/script>\n<!-- \/ Yoast SEO plugin. -->","yoast_head_json":{"title":"Di\u00e1rio da Lagoa promove tert\u00falia \u00abNat\u00e1lia, uma for\u00e7a da natureza\u00bb - Di\u00e1rio da Lagoa","description":"Para assinalar o centen\u00e1rio do nascimento de Nat\u00e1lia Correia, o Di\u00e1rio da Lagoa, com a colabora\u00e7\u00e3o da Letras Lavadas e do Observat\u00f3rio Vulcanol\u00f3gico e Geot\u00e9rmico dos A\u00e7ores, promove a tert\u00falia \u201cNat\u00e1lia, uma for\u00e7a da natureza\u201d no pr\u00f3ximo dia 16 de setembro, pelas 17h00, no OVGA.","robots":{"index":"index","follow":"follow","max-snippet":"max-snippet:-1","max-image-preview":"max-image-preview:large","max-video-preview":"max-video-preview:-1"},"canonical":"https:\/\/diariodalagoa.pt\/en\/diario-da-lagoa-promove-tertulia-natalia-uma-forca-da-natureza\/","og_locale":"en_US","og_type":"article","og_title":"Di\u00e1rio da Lagoa promove tert\u00falia \u00abNat\u00e1lia, uma for\u00e7a da natureza\u00bb - Di\u00e1rio da Lagoa","og_description":"Para assinalar o centen\u00e1rio do nascimento de Nat\u00e1lia Correia, o Di\u00e1rio da Lagoa, com a colabora\u00e7\u00e3o da Letras Lavadas e do Observat\u00f3rio Vulcanol\u00f3gico e Geot\u00e9rmico dos A\u00e7ores, promove a tert\u00falia \u201cNat\u00e1lia, uma for\u00e7a da natureza\u201d no pr\u00f3ximo dia 16 de setembro, pelas 17h00, no OVGA.","og_url":"https:\/\/diariodalagoa.pt\/en\/diario-da-lagoa-promove-tertulia-natalia-uma-forca-da-natureza\/","og_site_name":"Di\u00e1rio da Lagoa","article_published_time":"2023-09-07T14:10:09+00:00","article_modified_time":"2025-06-27T15:57:35+00:00","og_image":[{"width":750,"height":476,"url":"https:\/\/diariodalagoa.pt\/wp-content\/uploads\/2023\/09\/nataliacorreia-destaque.jpg","type":"image\/jpeg"}],"author":"Di\u00e1rio da Lagoa","twitter_card":"summary_large_image","twitter_misc":{"Written by":"Di\u00e1rio da Lagoa","Est. reading time":"1 minute"},"schema":{"@context":"https:\/\/schema.org","@graph":[{"@type":"WebPage","@id":"https:\/\/diariodalagoa.pt\/diario-da-lagoa-promove-tertulia-natalia-uma-forca-da-natureza\/","url":"https:\/\/diariodalagoa.pt\/diario-da-lagoa-promove-tertulia-natalia-uma-forca-da-natureza\/","name":"Di\u00e1rio da Lagoa promove tert\u00falia \u00abNat\u00e1lia, uma for\u00e7a da natureza\u00bb - Di\u00e1rio da Lagoa","isPartOf":{"@id":"https:\/\/diariodalagoa.pt\/#website"},"datePublished":"2023-09-07T14:10:09+00:00","dateModified":"2025-06-27T15:57:35+00:00","author":{"@id":"https:\/\/diariodalagoa.pt\/#\/schema\/person\/1615a002370e8857b6f972834bc43ece"},"description":"Para assinalar o centen\u00e1rio do nascimento de Nat\u00e1lia Correia, o Di\u00e1rio da Lagoa, com a colabora\u00e7\u00e3o da Letras Lavadas e do Observat\u00f3rio Vulcanol\u00f3gico e Geot\u00e9rmico dos A\u00e7ores, promove a tert\u00falia \u201cNat\u00e1lia, uma for\u00e7a da natureza\u201d no pr\u00f3ximo dia 16 de setembro, pelas 17h00, no OVGA.","breadcrumb":{"@id":"https:\/\/diariodalagoa.pt\/diario-da-lagoa-promove-tertulia-natalia-uma-forca-da-natureza\/#breadcrumb"},"inLanguage":"en-US","potentialAction":[{"@type":"ReadAction","target":["https:\/\/diariodalagoa.pt\/diario-da-lagoa-promove-tertulia-natalia-uma-forca-da-natureza\/"]}]},{"@type":"BreadcrumbList","@id":"https:\/\/diariodalagoa.pt\/diario-da-lagoa-promove-tertulia-natalia-uma-forca-da-natureza\/#breadcrumb","itemListElement":[{"@type":"ListItem","position":1,"name":"In\u00edcio","item":"https:\/\/diariodalagoa.pt\/"},{"@type":"ListItem","position":2,"name":"Di\u00e1rio da Lagoa promove tert\u00falia \u00abNat\u00e1lia, uma for\u00e7a da natureza\u00bb"}]},{"@type":"WebSite","@id":"https:\/\/diariodalagoa.pt\/#website","url":"https:\/\/diariodalagoa.pt\/","name":"Di\u00e1rio da Lagoa","description":"Di\u00e1rio da Lagoa. As not\u00edcias que contam. A partir da Lagoa, nos A\u00e7ores, para o mundo.","potentialAction":[{"@type":"SearchAction","target":{"@type":"EntryPoint","urlTemplate":"https:\/\/diariodalagoa.pt\/?s={search_term_string}"},"query-input":"required name=search_term_string"}],"inLanguage":"en-US"},{"@type":"Person","@id":"https:\/\/diariodalagoa.pt\/#\/schema\/person\/1615a002370e8857b6f972834bc43ece","name":"Di\u00e1rio da Lagoa","image":{"@type":"ImageObject","inLanguage":"en-US","@id":"https:\/\/diariodalagoa.pt\/#\/schema\/person\/image\/","url":"https:\/\/secure.gravatar.com\/avatar\/2cb5cef90a26f8fbd4d9d930608102c5?s=96&d=mm&r=g","contentUrl":"https:\/\/secure.gravatar.com\/avatar\/2cb5cef90a26f8fbd4d9d930608102c5?s=96&d=mm&r=g","caption":"Di\u00e1rio da Lagoa"},"url":"https:\/\/diariodalagoa.pt\/en\/author\/diariodalagoa\/"}]}},"_links":{"self":[{"href":"https:\/\/diariodalagoa.pt\/en\/wp-json\/wp\/v2\/posts\/127282"}],"collection":[{"href":"https:\/\/diariodalagoa.pt\/en\/wp-json\/wp\/v2\/posts"}],"about":[{"href":"https:\/\/diariodalagoa.pt\/en\/wp-json\/wp\/v2\/types\/post"}],"author":[{"embeddable":true,"href":"https:\/\/diariodalagoa.pt\/en\/wp-json\/wp\/v2\/users\/2"}],"replies":[{"embeddable":true,"href":"https:\/\/diariodalagoa.pt\/en\/wp-json\/wp\/v2\/comments?post=127282"}],"version-history":[{"count":7,"href":"https:\/\/diariodalagoa.pt\/en\/wp-json\/wp\/v2\/posts\/127282\/revisions"}],"predecessor-version":[{"id":127295,"href":"https:\/\/diariodalagoa.pt\/en\/wp-json\/wp\/v2\/posts\/127282\/revisions\/127295"}],"wp:featuredmedia":[{"embeddable":true,"href":"https:\/\/diariodalagoa.pt\/en\/wp-json\/wp\/v2\/media\/127290"}],"wp:attachment":[{"href":"https:\/\/diariodalagoa.pt\/en\/wp-json\/wp\/v2\/media?parent=127282"}],"wp:term":[{"taxonomy":"category","embeddable":true,"href":"https:\/\/diariodalagoa.pt\/en\/wp-json\/wp\/v2\/categories?post=127282"},{"taxonomy":"post_tag","embeddable":true,"href":"https:\/\/diariodalagoa.pt\/en\/wp-json\/wp\/v2\/tags?post=127282"}],"curies":[{"name":"wp","href":"https:\/\/api.w.org\/{rel}","templated":true}]}}