{"id":127077,"date":"2023-08-28T14:36:22","date_gmt":"2023-08-28T14:36:22","guid":{"rendered":"https:\/\/diariodalagoa.pt\/?p=127077"},"modified":"2025-06-27T15:58:53","modified_gmt":"2025-06-27T15:58:53","slug":"unidade-de-saude-da-lagoa-promovida-a-centro-de-saude","status":"publish","type":"post","link":"https:\/\/diariodalagoa.pt\/en\/unidade-de-saude-da-lagoa-promovida-a-centro-de-saude\/","title":{"rendered":"Lagoa vai ter Centro de Sa\u00fade at\u00e9 ao final do ano garante Governo regional"},"content":{"rendered":"<figure class=\"wp-block-image size-full\"><img decoding=\"async\" width=\"960\" height=\"539\" src=\"https:\/\/diariodalagoa.pt\/wp-content\/uploads\/2023\/09\/bolieiro-na-unidade-saude-lagoa-2023-joao-freitas-gra.jpg\" alt=\"\" class=\"wp-image-127237\" srcset=\"https:\/\/diariodalagoa.pt\/wp-content\/uploads\/2023\/09\/bolieiro-na-unidade-saude-lagoa-2023-joao-freitas-gra.jpg 960w, https:\/\/diariodalagoa.pt\/wp-content\/uploads\/2023\/09\/bolieiro-na-unidade-saude-lagoa-2023-joao-freitas-gra-300x168.jpg 300w, https:\/\/diariodalagoa.pt\/wp-content\/uploads\/2023\/09\/bolieiro-na-unidade-saude-lagoa-2023-joao-freitas-gra-768x431.jpg 768w, https:\/\/diariodalagoa.pt\/wp-content\/uploads\/2023\/09\/bolieiro-na-unidade-saude-lagoa-2023-joao-freitas-gra-18x10.jpg 18w\" sizes=\"(max-width: 960px) 100vw, 960px\" \/><figcaption class=\"wp-element-caption\"><sub><mark style=\"background-color:rgba(0, 0, 0, 0)\" class=\"has-inline-color has-cyan-bluish-gray-color\">\u00a9 JO\u00c3O FREITAS\/ GRA<\/mark><\/sub><\/figcaption><\/figure>\n\n\n\n<p>A Unidade de Sa\u00fade de Lagoa vai passar a ser Centro de Sa\u00fade at\u00e9 ao final do ano sendo a Lagoa o \u00fanico concelho da ilha de S\u00e3o Miguel que n\u00e3o possui um centro de sa\u00fade. A not\u00edcia foi anunciada pelo presidente do Governo dos A\u00e7ores. \u201cIsto valoriza n\u00e3o apenas o concelho da Lagoa como, sobretudo, os seus utentes, cerca de doze mil, o que \u00e9 muito significativo no quadro da nossa demografia regional e da ilha de S\u00e3o Miguel\u201d, sublinha Jos\u00e9 Manuel Bolieiro que visitou hoje, 28 de agosto, as instala\u00e7\u00f5es da ainda unidade de sa\u00fade.<\/p>\n\n\n\n<p>De acordo com o Governo regional, at\u00e9 final do ano ser\u00e1 uma realidade a constitui\u00e7\u00e3o org\u00e2nica do centro de sa\u00fade da Lagoa, que passar\u00e1 a dispor de oito n\u00facleos de sa\u00fade familiares (m\u00e9dico de medicina geral e familiar e enfermeira\/o), consultas de enfermagem de sa\u00fade materna e obstetr\u00edcia, consultas de enfermagem especializada em sa\u00fade infantil e hor\u00e1rios alargados, inclusive ao fim de semana.<\/p>\n\n\n\n<p>O futuro centro de sa\u00fade da Lagoa ter\u00e1 tamb\u00e9m melhorias no servi\u00e7o de atendimento telef\u00f3nico e agendamento de consultas com a cria\u00e7\u00e3o de um \u2018backoffice\u2019 e rede telef\u00f3nica. \u201cCom este governo, a pol\u00edtica de proximidade e de prioridade \u00e0 sa\u00fade \u00e9 uma garantia\u201d, vincou Jos\u00e9 Manuel Bolieiro.<\/p>\n\n\n\n<p>Em nota de imprensa enviada \u00e0s reda\u00e7\u00f5es, a presidente da c\u00e2mara da Lagoa, Cristina Calisto congratula-se com a decis\u00e3o anunciada pelo Governo regional em passar a Unidade de Sa\u00fade de Lagoa a Centro de Sa\u00fade, referindo que \u201cv\u00ea, assim, atendida a sua insist\u00eancia junto do Governo regional e que permitir\u00e1 complementarmente dar continuidade ao processo em curso de refor\u00e7o de meios de bombeiros no concelho, nomeadamente com a perman\u00eancia de uma ambul\u00e2ncia e de uma viatura de transporte de doentes n\u00e3o urgentes\u201d.&nbsp;<\/p>\n\n\n\n<p>De acordo com o n.\u00ba 1 do artigo 2.\u00ba do Decreto Regulamentar Regional n.\u00ba 26\/2011\/A, de 9 de dezembro, a unidade de sa\u00fade de ilha de S\u00e3o Miguel (USISM) \u00e9 constitu\u00edda pelos centros de sa\u00fade de Ponta Delgada, Ribeira Grande, Vila Franca do Campo, Povoa\u00e7\u00e3o e do Nordeste.<\/p>","protected":false},"excerpt":{"rendered":"<p>A Unidade de Sa\u00fade de Lagoa vai passar a ser Centro de Sa\u00fade at\u00e9 ao final do ano sendo a Lagoa o \u00fanico concelho da ilha de S\u00e3o Miguel que n\u00e3o possui um centro de sa\u00fade. A not\u00edcia foi anunciada pelo presidente do Governo dos A\u00e7ores. \u201cIsto valoriza n\u00e3o apenas o concelho da Lagoa como, [&hellip;]<\/p>","protected":false},"author":2,"featured_media":127237,"comment_status":"open","ping_status":"open","sticky":false,"template":"","format":"standard","meta":[],"categories":[21],"tags":[],"acf":[],"yoast_head":"<!-- This site is optimized with the Yoast SEO plugin v20.10 - https:\/\/yoast.com\/wordpress\/plugins\/seo\/ -->\n<title>Lagoa vai ter Centro de Sa\u00fade at\u00e9 ao final do ano garante Governo regional - Di\u00e1rio da Lagoa<\/title>\n<meta name=\"description\" content=\"Passagem a centro de sa\u00fade ser\u00e1 uma realidade at\u00e9 ao final do ano. Concelho havia ficado de fora da constitui\u00e7\u00e3o da unidade de sa\u00fade de ilha em 2011.\" \/>\n<meta name=\"robots\" content=\"index, follow, max-snippet:-1, max-image-preview:large, max-video-preview:-1\" \/>\n<link rel=\"canonical\" href=\"https:\/\/diariodalagoa.pt\/en\/unidade-de-saude-da-lagoa-promovida-a-centro-de-saude\/\" \/>\n<meta property=\"og:locale\" content=\"en_US\" \/>\n<meta property=\"og:type\" content=\"article\" \/>\n<meta property=\"og:title\" content=\"Lagoa vai ter Centro de Sa\u00fade at\u00e9 ao final do ano garante Governo regional - Di\u00e1rio da Lagoa\" \/>\n<meta property=\"og:description\" content=\"Passagem a centro de sa\u00fade ser\u00e1 uma realidade at\u00e9 ao final do ano. Concelho havia ficado de fora da constitui\u00e7\u00e3o da unidade de sa\u00fade de ilha em 2011.\" \/>\n<meta property=\"og:url\" content=\"https:\/\/diariodalagoa.pt\/en\/unidade-de-saude-da-lagoa-promovida-a-centro-de-saude\/\" \/>\n<meta property=\"og:site_name\" content=\"Di\u00e1rio da Lagoa\" \/>\n<meta property=\"article:published_time\" content=\"2023-08-28T14:36:22+00:00\" \/>\n<meta property=\"article:modified_time\" content=\"2025-06-27T15:58:53+00:00\" \/>\n<meta property=\"og:image\" content=\"https:\/\/diariodalagoa.pt\/wp-content\/uploads\/2023\/09\/bolieiro-na-unidade-saude-lagoa-2023-joao-freitas-gra.jpg\" \/>\n\t<meta property=\"og:image:width\" content=\"960\" \/>\n\t<meta property=\"og:image:height\" content=\"539\" \/>\n\t<meta property=\"og:image:type\" content=\"image\/jpeg\" \/>\n<meta name=\"author\" content=\"Di\u00e1rio da Lagoa\" \/>\n<meta name=\"twitter:card\" content=\"summary_large_image\" \/>\n<meta name=\"twitter:label1\" content=\"Written by\" \/>\n\t<meta name=\"twitter:data1\" content=\"Di\u00e1rio da Lagoa\" \/>\n\t<meta name=\"twitter:label2\" content=\"Est. reading time\" \/>\n\t<meta name=\"twitter:data2\" content=\"3 minutes\" \/>\n<script type=\"application\/ld+json\" class=\"yoast-schema-graph\">{\"@context\":\"https:\/\/schema.org\",\"@graph\":[{\"@type\":\"WebPage\",\"@id\":\"https:\/\/diariodalagoa.pt\/unidade-de-saude-da-lagoa-promovida-a-centro-de-saude\/\",\"url\":\"https:\/\/diariodalagoa.pt\/unidade-de-saude-da-lagoa-promovida-a-centro-de-saude\/\",\"name\":\"Lagoa vai ter Centro de Sa\u00fade at\u00e9 ao final do ano garante Governo regional - Di\u00e1rio da Lagoa\",\"isPartOf\":{\"@id\":\"https:\/\/diariodalagoa.pt\/#website\"},\"datePublished\":\"2023-08-28T14:36:22+00:00\",\"dateModified\":\"2025-06-27T15:58:53+00:00\",\"author\":{\"@id\":\"https:\/\/diariodalagoa.pt\/#\/schema\/person\/1615a002370e8857b6f972834bc43ece\"},\"description\":\"Passagem a centro de sa\u00fade ser\u00e1 uma realidade at\u00e9 ao final do ano. Concelho havia ficado de fora da constitui\u00e7\u00e3o da unidade de sa\u00fade de ilha em 2011.\",\"breadcrumb\":{\"@id\":\"https:\/\/diariodalagoa.pt\/unidade-de-saude-da-lagoa-promovida-a-centro-de-saude\/#breadcrumb\"},\"inLanguage\":\"en-US\",\"potentialAction\":[{\"@type\":\"ReadAction\",\"target\":[\"https:\/\/diariodalagoa.pt\/unidade-de-saude-da-lagoa-promovida-a-centro-de-saude\/\"]}]},{\"@type\":\"BreadcrumbList\",\"@id\":\"https:\/\/diariodalagoa.pt\/unidade-de-saude-da-lagoa-promovida-a-centro-de-saude\/#breadcrumb\",\"itemListElement\":[{\"@type\":\"ListItem\",\"position\":1,\"name\":\"In\u00edcio\",\"item\":\"https:\/\/diariodalagoa.pt\/\"},{\"@type\":\"ListItem\",\"position\":2,\"name\":\"Lagoa vai ter Centro de Sa\u00fade at\u00e9 ao final do ano garante Governo regional\"}]},{\"@type\":\"WebSite\",\"@id\":\"https:\/\/diariodalagoa.pt\/#website\",\"url\":\"https:\/\/diariodalagoa.pt\/\",\"name\":\"Di\u00e1rio da Lagoa\",\"description\":\"Di\u00e1rio da Lagoa. As not\u00edcias que contam. A partir da Lagoa, nos A\u00e7ores, para o mundo.\",\"potentialAction\":[{\"@type\":\"SearchAction\",\"target\":{\"@type\":\"EntryPoint\",\"urlTemplate\":\"https:\/\/diariodalagoa.pt\/?s={search_term_string}\"},\"query-input\":\"required name=search_term_string\"}],\"inLanguage\":\"en-US\"},{\"@type\":\"Person\",\"@id\":\"https:\/\/diariodalagoa.pt\/#\/schema\/person\/1615a002370e8857b6f972834bc43ece\",\"name\":\"Di\u00e1rio da Lagoa\",\"image\":{\"@type\":\"ImageObject\",\"inLanguage\":\"en-US\",\"@id\":\"https:\/\/diariodalagoa.pt\/#\/schema\/person\/image\/\",\"url\":\"https:\/\/secure.gravatar.com\/avatar\/2cb5cef90a26f8fbd4d9d930608102c5?s=96&d=mm&r=g\",\"contentUrl\":\"https:\/\/secure.gravatar.com\/avatar\/2cb5cef90a26f8fbd4d9d930608102c5?s=96&d=mm&r=g\",\"caption\":\"Di\u00e1rio da Lagoa\"},\"url\":\"https:\/\/diariodalagoa.pt\/en\/author\/diariodalagoa\/\"}]}<\/script>\n<!-- \/ Yoast SEO plugin. -->","yoast_head_json":{"title":"Lagoa vai ter Centro de Sa\u00fade at\u00e9 ao final do ano garante Governo regional - Di\u00e1rio da Lagoa","description":"Passagem a centro de sa\u00fade ser\u00e1 uma realidade at\u00e9 ao final do ano. Concelho havia ficado de fora da constitui\u00e7\u00e3o da unidade de sa\u00fade de ilha em 2011.","robots":{"index":"index","follow":"follow","max-snippet":"max-snippet:-1","max-image-preview":"max-image-preview:large","max-video-preview":"max-video-preview:-1"},"canonical":"https:\/\/diariodalagoa.pt\/en\/unidade-de-saude-da-lagoa-promovida-a-centro-de-saude\/","og_locale":"en_US","og_type":"article","og_title":"Lagoa vai ter Centro de Sa\u00fade at\u00e9 ao final do ano garante Governo regional - Di\u00e1rio da Lagoa","og_description":"Passagem a centro de sa\u00fade ser\u00e1 uma realidade at\u00e9 ao final do ano. Concelho havia ficado de fora da constitui\u00e7\u00e3o da unidade de sa\u00fade de ilha em 2011.","og_url":"https:\/\/diariodalagoa.pt\/en\/unidade-de-saude-da-lagoa-promovida-a-centro-de-saude\/","og_site_name":"Di\u00e1rio da Lagoa","article_published_time":"2023-08-28T14:36:22+00:00","article_modified_time":"2025-06-27T15:58:53+00:00","og_image":[{"width":960,"height":539,"url":"https:\/\/diariodalagoa.pt\/wp-content\/uploads\/2023\/09\/bolieiro-na-unidade-saude-lagoa-2023-joao-freitas-gra.jpg","type":"image\/jpeg"}],"author":"Di\u00e1rio da Lagoa","twitter_card":"summary_large_image","twitter_misc":{"Written by":"Di\u00e1rio da Lagoa","Est. reading time":"3 minutes"},"schema":{"@context":"https:\/\/schema.org","@graph":[{"@type":"WebPage","@id":"https:\/\/diariodalagoa.pt\/unidade-de-saude-da-lagoa-promovida-a-centro-de-saude\/","url":"https:\/\/diariodalagoa.pt\/unidade-de-saude-da-lagoa-promovida-a-centro-de-saude\/","name":"Lagoa vai ter Centro de Sa\u00fade at\u00e9 ao final do ano garante Governo regional - Di\u00e1rio da Lagoa","isPartOf":{"@id":"https:\/\/diariodalagoa.pt\/#website"},"datePublished":"2023-08-28T14:36:22+00:00","dateModified":"2025-06-27T15:58:53+00:00","author":{"@id":"https:\/\/diariodalagoa.pt\/#\/schema\/person\/1615a002370e8857b6f972834bc43ece"},"description":"Passagem a centro de sa\u00fade ser\u00e1 uma realidade at\u00e9 ao final do ano. Concelho havia ficado de fora da constitui\u00e7\u00e3o da unidade de sa\u00fade de ilha em 2011.","breadcrumb":{"@id":"https:\/\/diariodalagoa.pt\/unidade-de-saude-da-lagoa-promovida-a-centro-de-saude\/#breadcrumb"},"inLanguage":"en-US","potentialAction":[{"@type":"ReadAction","target":["https:\/\/diariodalagoa.pt\/unidade-de-saude-da-lagoa-promovida-a-centro-de-saude\/"]}]},{"@type":"BreadcrumbList","@id":"https:\/\/diariodalagoa.pt\/unidade-de-saude-da-lagoa-promovida-a-centro-de-saude\/#breadcrumb","itemListElement":[{"@type":"ListItem","position":1,"name":"In\u00edcio","item":"https:\/\/diariodalagoa.pt\/"},{"@type":"ListItem","position":2,"name":"Lagoa vai ter Centro de Sa\u00fade at\u00e9 ao final do ano garante Governo regional"}]},{"@type":"WebSite","@id":"https:\/\/diariodalagoa.pt\/#website","url":"https:\/\/diariodalagoa.pt\/","name":"Di\u00e1rio da Lagoa","description":"Di\u00e1rio da Lagoa. As not\u00edcias que contam. A partir da Lagoa, nos A\u00e7ores, para o mundo.","potentialAction":[{"@type":"SearchAction","target":{"@type":"EntryPoint","urlTemplate":"https:\/\/diariodalagoa.pt\/?s={search_term_string}"},"query-input":"required name=search_term_string"}],"inLanguage":"en-US"},{"@type":"Person","@id":"https:\/\/diariodalagoa.pt\/#\/schema\/person\/1615a002370e8857b6f972834bc43ece","name":"Di\u00e1rio da Lagoa","image":{"@type":"ImageObject","inLanguage":"en-US","@id":"https:\/\/diariodalagoa.pt\/#\/schema\/person\/image\/","url":"https:\/\/secure.gravatar.com\/avatar\/2cb5cef90a26f8fbd4d9d930608102c5?s=96&d=mm&r=g","contentUrl":"https:\/\/secure.gravatar.com\/avatar\/2cb5cef90a26f8fbd4d9d930608102c5?s=96&d=mm&r=g","caption":"Di\u00e1rio da Lagoa"},"url":"https:\/\/diariodalagoa.pt\/en\/author\/diariodalagoa\/"}]}},"_links":{"self":[{"href":"https:\/\/diariodalagoa.pt\/en\/wp-json\/wp\/v2\/posts\/127077"}],"collection":[{"href":"https:\/\/diariodalagoa.pt\/en\/wp-json\/wp\/v2\/posts"}],"about":[{"href":"https:\/\/diariodalagoa.pt\/en\/wp-json\/wp\/v2\/types\/post"}],"author":[{"embeddable":true,"href":"https:\/\/diariodalagoa.pt\/en\/wp-json\/wp\/v2\/users\/2"}],"replies":[{"embeddable":true,"href":"https:\/\/diariodalagoa.pt\/en\/wp-json\/wp\/v2\/comments?post=127077"}],"version-history":[{"count":3,"href":"https:\/\/diariodalagoa.pt\/en\/wp-json\/wp\/v2\/posts\/127077\/revisions"}],"predecessor-version":[{"id":127243,"href":"https:\/\/diariodalagoa.pt\/en\/wp-json\/wp\/v2\/posts\/127077\/revisions\/127243"}],"wp:featuredmedia":[{"embeddable":true,"href":"https:\/\/diariodalagoa.pt\/en\/wp-json\/wp\/v2\/media\/127237"}],"wp:attachment":[{"href":"https:\/\/diariodalagoa.pt\/en\/wp-json\/wp\/v2\/media?parent=127077"}],"wp:term":[{"taxonomy":"category","embeddable":true,"href":"https:\/\/diariodalagoa.pt\/en\/wp-json\/wp\/v2\/categories?post=127077"},{"taxonomy":"post_tag","embeddable":true,"href":"https:\/\/diariodalagoa.pt\/en\/wp-json\/wp\/v2\/tags?post=127077"}],"curies":[{"name":"wp","href":"https:\/\/api.w.org\/{rel}","templated":true}]}}