{"id":124869,"date":"2023-07-11T09:58:27","date_gmt":"2023-07-11T09:58:27","guid":{"rendered":"https:\/\/diariodalagoa.pt\/?p=124869"},"modified":"2025-06-27T16:06:26","modified_gmt":"2025-06-27T16:06:26","slug":"conferencia-saude-mental-e-desporto-juntou-uma-centena-de-participantes","status":"publish","type":"post","link":"https:\/\/diariodalagoa.pt\/en\/conferencia-saude-mental-e-desporto-juntou-uma-centena-de-participantes\/","title":{"rendered":"Confer\u00eancia \u201cSa\u00fade mental e desporto\u201d juntou uma centena de participantes"},"content":{"rendered":"<div id=\"attachment_124884\" style=\"width: 970px\" class=\"wp-caption alignnone\"><img aria-describedby=\"caption-attachment-124884\" decoding=\"async\" class=\"wp-image-124884 size-full\" src=\"https:\/\/diariodalagoa.pt\/wp-content\/uploads\/2023\/07\/conferencia-desporto-saude-mental-lagoa.jpg\" alt=\"\" width=\"960\" height=\"640\" srcset=\"https:\/\/diariodalagoa.pt\/wp-content\/uploads\/2023\/07\/conferencia-desporto-saude-mental-lagoa.jpg 960w, https:\/\/diariodalagoa.pt\/wp-content\/uploads\/2023\/07\/conferencia-desporto-saude-mental-lagoa-300x200.jpg 300w, https:\/\/diariodalagoa.pt\/wp-content\/uploads\/2023\/07\/conferencia-desporto-saude-mental-lagoa-768x512.jpg 768w, https:\/\/diariodalagoa.pt\/wp-content\/uploads\/2023\/07\/conferencia-desporto-saude-mental-lagoa-18x12.jpg 18w\" sizes=\"(max-width: 960px) 100vw, 960px\" \/><p id=\"caption-attachment-124884\" class=\"wp-caption-text\"><span style=\"color: #999999;\">\u00a9 CM LAGOA<\/span><\/p><\/div>\n<p>Mais de uma centena de participantes marcaram presen\u00e7a na segunda edi\u00e7\u00e3o da confer\u00eancia de desporto que decorreu no concelho da Lagoa, este ano subordinada ao tema \u201cSa\u00fade mental e desporto\u201d, evento que contou com um vasto painel de oradores e t\u00e9cnicos.<\/p>\n<p>Realce para a presen\u00e7a de representantes de sessenta e nove entidades, entre clubes, associa\u00e7\u00f5es e escolas que, ao longo dos dois dias do evento tiveram oportunidade de debater um tema que assume uma import\u00e2ncia cada vez maior nos dias de hoje.<\/p>\n<p>Do programa da confer\u00eancia destacam-se os momentos de debate e troca de ideias e experi\u00eancias, naquele que foi o momento mais din\u00e2mico de todo o evento, ao qual se seguiu um almo\u00e7o volante que pretendeu proporcionar a todos os presentes um momento de di\u00e1logo e conv\u00edvio.<\/p>\n<p>O vereador do Desporto da c\u00e2mara da Lagoa, Nelson Santos, acompanhou os trabalhos e no final dos mesmos salientou que \u201cesta confer\u00eancia \u00e9 uma aposta ganha do munic\u00edpio num momento de prof\u00edcua troca de ideias e experi\u00eancias entre os presentes\u201d.<\/p>\n<p>Nelson Santos real\u00e7ou ainda a \u201cimport\u00e2ncia deste evento na qualifica\u00e7\u00e3o dos recursos humanos dos clubes, bem como na forma\u00e7\u00e3o cont\u00ednua dos professores, contribuindo para uma efetiva melhoria dos m\u00e9todos de trabalho, neste caso, em prol da sa\u00fade mental\u201d.<\/p>","protected":false},"excerpt":{"rendered":"<p>Mais de uma centena de participantes marcaram presen\u00e7a na segunda edi\u00e7\u00e3o da confer\u00eancia de desporto que decorreu no concelho da Lagoa, este ano subordinada ao tema \u201cSa\u00fade mental e desporto\u201d, evento que contou com um vasto painel de oradores e t\u00e9cnicos. Realce para a presen\u00e7a de representantes de sessenta e nove entidades, entre clubes, associa\u00e7\u00f5es [&hellip;]<\/p>","protected":false},"author":2,"featured_media":124884,"comment_status":"open","ping_status":"open","sticky":false,"template":"","format":"standard","meta":[],"categories":[21],"tags":[],"acf":[],"yoast_head":"<!-- This site is optimized with the Yoast SEO plugin v20.10 - https:\/\/yoast.com\/wordpress\/plugins\/seo\/ -->\n<title>Confer\u00eancia \u201cSa\u00fade mental e desporto\u201d juntou uma centena de participantes - Di\u00e1rio da Lagoa<\/title>\n<meta name=\"description\" content=\"Evento permitiu a partilha de conhecimentos entre os presentes. Nelson Santos assegurou tratar-se de uma \u201caposta ganha\u201d.\" \/>\n<meta name=\"robots\" content=\"index, follow, max-snippet:-1, max-image-preview:large, max-video-preview:-1\" \/>\n<link rel=\"canonical\" href=\"https:\/\/diariodalagoa.pt\/en\/conferencia-saude-mental-e-desporto-juntou-uma-centena-de-participantes\/\" \/>\n<meta property=\"og:locale\" content=\"en_US\" \/>\n<meta property=\"og:type\" content=\"article\" \/>\n<meta property=\"og:title\" content=\"Confer\u00eancia \u201cSa\u00fade mental e desporto\u201d juntou uma centena de participantes - Di\u00e1rio da Lagoa\" \/>\n<meta property=\"og:description\" content=\"Evento permitiu a partilha de conhecimentos entre os presentes. Nelson Santos assegurou tratar-se de uma \u201caposta ganha\u201d.\" \/>\n<meta property=\"og:url\" content=\"https:\/\/diariodalagoa.pt\/en\/conferencia-saude-mental-e-desporto-juntou-uma-centena-de-participantes\/\" \/>\n<meta property=\"og:site_name\" content=\"Di\u00e1rio da Lagoa\" \/>\n<meta property=\"article:published_time\" content=\"2023-07-11T09:58:27+00:00\" \/>\n<meta property=\"article:modified_time\" content=\"2025-06-27T16:06:26+00:00\" \/>\n<meta property=\"og:image\" content=\"https:\/\/diariodalagoa.pt\/wp-content\/uploads\/2023\/07\/conferencia-desporto-saude-mental-lagoa.jpg\" \/>\n\t<meta property=\"og:image:width\" content=\"960\" \/>\n\t<meta property=\"og:image:height\" content=\"640\" \/>\n\t<meta property=\"og:image:type\" content=\"image\/jpeg\" \/>\n<meta name=\"author\" content=\"Di\u00e1rio da Lagoa\" \/>\n<meta name=\"twitter:card\" content=\"summary_large_image\" \/>\n<meta name=\"twitter:label1\" content=\"Written by\" \/>\n\t<meta name=\"twitter:data1\" content=\"Di\u00e1rio da Lagoa\" \/>\n\t<meta name=\"twitter:label2\" content=\"Est. reading time\" \/>\n\t<meta name=\"twitter:data2\" content=\"2 minutes\" \/>\n<script type=\"application\/ld+json\" class=\"yoast-schema-graph\">{\"@context\":\"https:\/\/schema.org\",\"@graph\":[{\"@type\":\"WebPage\",\"@id\":\"https:\/\/diariodalagoa.pt\/conferencia-saude-mental-e-desporto-juntou-uma-centena-de-participantes\/\",\"url\":\"https:\/\/diariodalagoa.pt\/conferencia-saude-mental-e-desporto-juntou-uma-centena-de-participantes\/\",\"name\":\"Confer\u00eancia \u201cSa\u00fade mental e desporto\u201d juntou uma centena de participantes - Di\u00e1rio da Lagoa\",\"isPartOf\":{\"@id\":\"https:\/\/diariodalagoa.pt\/#website\"},\"datePublished\":\"2023-07-11T09:58:27+00:00\",\"dateModified\":\"2025-06-27T16:06:26+00:00\",\"author\":{\"@id\":\"https:\/\/diariodalagoa.pt\/#\/schema\/person\/1615a002370e8857b6f972834bc43ece\"},\"description\":\"Evento permitiu a partilha de conhecimentos entre os presentes. Nelson Santos assegurou tratar-se de uma \u201caposta ganha\u201d.\",\"breadcrumb\":{\"@id\":\"https:\/\/diariodalagoa.pt\/conferencia-saude-mental-e-desporto-juntou-uma-centena-de-participantes\/#breadcrumb\"},\"inLanguage\":\"en-US\",\"potentialAction\":[{\"@type\":\"ReadAction\",\"target\":[\"https:\/\/diariodalagoa.pt\/conferencia-saude-mental-e-desporto-juntou-uma-centena-de-participantes\/\"]}]},{\"@type\":\"BreadcrumbList\",\"@id\":\"https:\/\/diariodalagoa.pt\/conferencia-saude-mental-e-desporto-juntou-uma-centena-de-participantes\/#breadcrumb\",\"itemListElement\":[{\"@type\":\"ListItem\",\"position\":1,\"name\":\"In\u00edcio\",\"item\":\"https:\/\/diariodalagoa.pt\/\"},{\"@type\":\"ListItem\",\"position\":2,\"name\":\"Confer\u00eancia \u201cSa\u00fade mental e desporto\u201d juntou uma centena de participantes\"}]},{\"@type\":\"WebSite\",\"@id\":\"https:\/\/diariodalagoa.pt\/#website\",\"url\":\"https:\/\/diariodalagoa.pt\/\",\"name\":\"Di\u00e1rio da Lagoa\",\"description\":\"Di\u00e1rio da Lagoa. As not\u00edcias que contam. A partir da Lagoa, nos A\u00e7ores, para o mundo.\",\"potentialAction\":[{\"@type\":\"SearchAction\",\"target\":{\"@type\":\"EntryPoint\",\"urlTemplate\":\"https:\/\/diariodalagoa.pt\/?s={search_term_string}\"},\"query-input\":\"required name=search_term_string\"}],\"inLanguage\":\"en-US\"},{\"@type\":\"Person\",\"@id\":\"https:\/\/diariodalagoa.pt\/#\/schema\/person\/1615a002370e8857b6f972834bc43ece\",\"name\":\"Di\u00e1rio da Lagoa\",\"image\":{\"@type\":\"ImageObject\",\"inLanguage\":\"en-US\",\"@id\":\"https:\/\/diariodalagoa.pt\/#\/schema\/person\/image\/\",\"url\":\"https:\/\/secure.gravatar.com\/avatar\/2cb5cef90a26f8fbd4d9d930608102c5?s=96&d=mm&r=g\",\"contentUrl\":\"https:\/\/secure.gravatar.com\/avatar\/2cb5cef90a26f8fbd4d9d930608102c5?s=96&d=mm&r=g\",\"caption\":\"Di\u00e1rio da Lagoa\"},\"url\":\"https:\/\/diariodalagoa.pt\/en\/author\/diariodalagoa\/\"}]}<\/script>\n<!-- \/ Yoast SEO plugin. -->","yoast_head_json":{"title":"Confer\u00eancia \u201cSa\u00fade mental e desporto\u201d juntou uma centena de participantes - Di\u00e1rio da Lagoa","description":"Evento permitiu a partilha de conhecimentos entre os presentes. Nelson Santos assegurou tratar-se de uma \u201caposta ganha\u201d.","robots":{"index":"index","follow":"follow","max-snippet":"max-snippet:-1","max-image-preview":"max-image-preview:large","max-video-preview":"max-video-preview:-1"},"canonical":"https:\/\/diariodalagoa.pt\/en\/conferencia-saude-mental-e-desporto-juntou-uma-centena-de-participantes\/","og_locale":"en_US","og_type":"article","og_title":"Confer\u00eancia \u201cSa\u00fade mental e desporto\u201d juntou uma centena de participantes - Di\u00e1rio da Lagoa","og_description":"Evento permitiu a partilha de conhecimentos entre os presentes. Nelson Santos assegurou tratar-se de uma \u201caposta ganha\u201d.","og_url":"https:\/\/diariodalagoa.pt\/en\/conferencia-saude-mental-e-desporto-juntou-uma-centena-de-participantes\/","og_site_name":"Di\u00e1rio da Lagoa","article_published_time":"2023-07-11T09:58:27+00:00","article_modified_time":"2025-06-27T16:06:26+00:00","og_image":[{"width":960,"height":640,"url":"https:\/\/diariodalagoa.pt\/wp-content\/uploads\/2023\/07\/conferencia-desporto-saude-mental-lagoa.jpg","type":"image\/jpeg"}],"author":"Di\u00e1rio da Lagoa","twitter_card":"summary_large_image","twitter_misc":{"Written by":"Di\u00e1rio da Lagoa","Est. reading time":"2 minutes"},"schema":{"@context":"https:\/\/schema.org","@graph":[{"@type":"WebPage","@id":"https:\/\/diariodalagoa.pt\/conferencia-saude-mental-e-desporto-juntou-uma-centena-de-participantes\/","url":"https:\/\/diariodalagoa.pt\/conferencia-saude-mental-e-desporto-juntou-uma-centena-de-participantes\/","name":"Confer\u00eancia \u201cSa\u00fade mental e desporto\u201d juntou uma centena de participantes - Di\u00e1rio da Lagoa","isPartOf":{"@id":"https:\/\/diariodalagoa.pt\/#website"},"datePublished":"2023-07-11T09:58:27+00:00","dateModified":"2025-06-27T16:06:26+00:00","author":{"@id":"https:\/\/diariodalagoa.pt\/#\/schema\/person\/1615a002370e8857b6f972834bc43ece"},"description":"Evento permitiu a partilha de conhecimentos entre os presentes. Nelson Santos assegurou tratar-se de uma \u201caposta ganha\u201d.","breadcrumb":{"@id":"https:\/\/diariodalagoa.pt\/conferencia-saude-mental-e-desporto-juntou-uma-centena-de-participantes\/#breadcrumb"},"inLanguage":"en-US","potentialAction":[{"@type":"ReadAction","target":["https:\/\/diariodalagoa.pt\/conferencia-saude-mental-e-desporto-juntou-uma-centena-de-participantes\/"]}]},{"@type":"BreadcrumbList","@id":"https:\/\/diariodalagoa.pt\/conferencia-saude-mental-e-desporto-juntou-uma-centena-de-participantes\/#breadcrumb","itemListElement":[{"@type":"ListItem","position":1,"name":"In\u00edcio","item":"https:\/\/diariodalagoa.pt\/"},{"@type":"ListItem","position":2,"name":"Confer\u00eancia \u201cSa\u00fade mental e desporto\u201d juntou uma centena de participantes"}]},{"@type":"WebSite","@id":"https:\/\/diariodalagoa.pt\/#website","url":"https:\/\/diariodalagoa.pt\/","name":"Di\u00e1rio da Lagoa","description":"Di\u00e1rio da Lagoa. As not\u00edcias que contam. A partir da Lagoa, nos A\u00e7ores, para o mundo.","potentialAction":[{"@type":"SearchAction","target":{"@type":"EntryPoint","urlTemplate":"https:\/\/diariodalagoa.pt\/?s={search_term_string}"},"query-input":"required name=search_term_string"}],"inLanguage":"en-US"},{"@type":"Person","@id":"https:\/\/diariodalagoa.pt\/#\/schema\/person\/1615a002370e8857b6f972834bc43ece","name":"Di\u00e1rio da Lagoa","image":{"@type":"ImageObject","inLanguage":"en-US","@id":"https:\/\/diariodalagoa.pt\/#\/schema\/person\/image\/","url":"https:\/\/secure.gravatar.com\/avatar\/2cb5cef90a26f8fbd4d9d930608102c5?s=96&d=mm&r=g","contentUrl":"https:\/\/secure.gravatar.com\/avatar\/2cb5cef90a26f8fbd4d9d930608102c5?s=96&d=mm&r=g","caption":"Di\u00e1rio da Lagoa"},"url":"https:\/\/diariodalagoa.pt\/en\/author\/diariodalagoa\/"}]}},"_links":{"self":[{"href":"https:\/\/diariodalagoa.pt\/en\/wp-json\/wp\/v2\/posts\/124869"}],"collection":[{"href":"https:\/\/diariodalagoa.pt\/en\/wp-json\/wp\/v2\/posts"}],"about":[{"href":"https:\/\/diariodalagoa.pt\/en\/wp-json\/wp\/v2\/types\/post"}],"author":[{"embeddable":true,"href":"https:\/\/diariodalagoa.pt\/en\/wp-json\/wp\/v2\/users\/2"}],"replies":[{"embeddable":true,"href":"https:\/\/diariodalagoa.pt\/en\/wp-json\/wp\/v2\/comments?post=124869"}],"version-history":[{"count":2,"href":"https:\/\/diariodalagoa.pt\/en\/wp-json\/wp\/v2\/posts\/124869\/revisions"}],"predecessor-version":[{"id":125490,"href":"https:\/\/diariodalagoa.pt\/en\/wp-json\/wp\/v2\/posts\/124869\/revisions\/125490"}],"wp:featuredmedia":[{"embeddable":true,"href":"https:\/\/diariodalagoa.pt\/en\/wp-json\/wp\/v2\/media\/124884"}],"wp:attachment":[{"href":"https:\/\/diariodalagoa.pt\/en\/wp-json\/wp\/v2\/media?parent=124869"}],"wp:term":[{"taxonomy":"category","embeddable":true,"href":"https:\/\/diariodalagoa.pt\/en\/wp-json\/wp\/v2\/categories?post=124869"},{"taxonomy":"post_tag","embeddable":true,"href":"https:\/\/diariodalagoa.pt\/en\/wp-json\/wp\/v2\/tags?post=124869"}],"curies":[{"name":"wp","href":"https:\/\/api.w.org\/{rel}","templated":true}]}}