{"id":12338,"date":"2014-12-20T11:56:48","date_gmt":"2014-12-20T12:56:48","guid":{"rendered":"http:\/\/diariodalagoa.pt\/?p=12338"},"modified":"2014-12-20T11:56:48","modified_gmt":"2014-12-20T12:56:48","slug":"vasco-cordeiro-defende-autonomia-vencedora-e-forte-no-mundo-global","status":"publish","type":"post","link":"https:\/\/diariodalagoa.pt\/en\/vasco-cordeiro-defende-autonomia-vencedora-e-forte-no-mundo-global\/","title":{"rendered":"Vasco Cordeiro defende Autonomia vencedora e forte no mundo global"},"content":{"rendered":"<p style=\"text-align: justify;\"><img decoding=\"async\" class=\"alignnone size-full wp-image-12339\" src=\"http:\/\/diariodalagoa.pt\/wp-content\/uploads\/2014\/12\/Vasco-Cordeiro-presidente-governo-a\u00e7ores.jpg\" alt=\"Vasco-Cordeiro-presidente-governo-a\u00e7ores\" width=\"720\" height=\"380\" \/><\/p>\n<p style=\"text-align: justify;\"><span style=\"color: #000000;\">O Presidente do Governo dos A\u00e7ores defendeu que n\u00e3o h\u00e1 nada que impe\u00e7a que os A\u00e7orianos, e que cada uma das ilhas e dos concelhos da Regi\u00e3o, possam vencer e afirmar-se nas mais variadas \u00e1reas, mesmo perante um mundo cada vez mais aberto e globalizado.\u00a0<\/span><\/p>\n<p style=\"text-align: justify;\"><span style=\"color: #000000;\">\u201cO desafio hoje j\u00e1 n\u00e3o \u00e9 o de lutar contra o isolamento. O desafio hoje \u00e9 o de saber como vencer num mundo cada vez mais pr\u00f3ximo, mais global e aberto\u201d, afirmou Vasco Cordeiro, que falava na cerim\u00f3nia de encerramento das comemora\u00e7\u00f5es dos 500 anos do Concelho do Nordeste, que incluiu o lan\u00e7amento do livro \u201cLugar Ca\u00eddo no Crep\u00fasculo\u201d do escritor Jo\u00e3o de Melo.\u00a0<\/span><\/p>\n<p style=\"text-align: justify;\"><span style=\"color: #000000;\">\u00a0\u201cNo fundo, \u00e9 termos uns A\u00e7ores e, sobretudo, termos uma Autonomia forte que se possa comparar com quem quer que seja. De termos uma Regi\u00e3o e uma Autonomia que trabalhe para que n\u00e3o se envergonhe de ombrear com quem quer que seja\u201d, afirmou Vasco Cordeiro, para quem este desafio depende \u201cdaquilo que fazemos e sentimos, depende de cada A\u00e7oriano\u201d.\u00a0<\/span><\/p>\n<p style=\"text-align: justify;\"><span style=\"color: #000000;\">Na sua interven\u00e7\u00e3o, o Presidente do Governo considerou, ainda, que estas comemora\u00e7\u00f5es dos 500 anos do Nordeste n\u00e3o podem ser vistas como um ponto de chegada, mas sim como um ponto de partida relativamente \u00e0 forma como, de uma de uma forma mais global, os A\u00e7ores querem vencer os desafios com que est\u00e3o confrontados.<\/span><\/p>\n<p style=\"text-align: justify;\"><span style=\"color: #000000;\"><em>DL\/GaCS<\/em><\/span><\/p>","protected":false},"excerpt":{"rendered":"<p>O Presidente do Governo dos A\u00e7ores defendeu que n\u00e3o h\u00e1 nada que impe\u00e7a que os A\u00e7orianos, e que cada uma das ilhas e dos concelhos da Regi\u00e3o, possam vencer e afirmar-se nas mais variadas \u00e1reas, mesmo perante um mundo cada vez mais aberto e globalizado.\u00a0 \u201cO desafio hoje j\u00e1 n\u00e3o \u00e9 o de lutar contra [&hellip;]<\/p>","protected":false},"author":2,"featured_media":0,"comment_status":"open","ping_status":"open","sticky":false,"template":"","format":"standard","meta":[],"categories":[21],"tags":[],"acf":[],"yoast_head":"<!-- This site is optimized with the Yoast SEO plugin v20.10 - https:\/\/yoast.com\/wordpress\/plugins\/seo\/ -->\n<title>Vasco Cordeiro defende Autonomia vencedora e forte no mundo global - Di\u00e1rio da Lagoa<\/title>\n<meta name=\"robots\" content=\"index, follow, max-snippet:-1, max-image-preview:large, max-video-preview:-1\" \/>\n<link rel=\"canonical\" href=\"https:\/\/diariodalagoa.pt\/en\/vasco-cordeiro-defende-autonomia-vencedora-e-forte-no-mundo-global\/\" \/>\n<meta property=\"og:locale\" content=\"en_US\" \/>\n<meta property=\"og:type\" content=\"article\" \/>\n<meta property=\"og:title\" content=\"Vasco Cordeiro defende Autonomia vencedora e forte no mundo global - Di\u00e1rio da Lagoa\" \/>\n<meta property=\"og:description\" content=\"O Presidente do Governo dos A\u00e7ores defendeu que n\u00e3o h\u00e1 nada que impe\u00e7a que os A\u00e7orianos, e que cada uma das ilhas e dos concelhos da Regi\u00e3o, possam vencer e afirmar-se nas mais variadas \u00e1reas, mesmo perante um mundo cada vez mais aberto e globalizado.\u00a0 \u201cO desafio hoje j\u00e1 n\u00e3o \u00e9 o de lutar contra [&hellip;]\" \/>\n<meta property=\"og:url\" content=\"https:\/\/diariodalagoa.pt\/en\/vasco-cordeiro-defende-autonomia-vencedora-e-forte-no-mundo-global\/\" \/>\n<meta property=\"og:site_name\" content=\"Di\u00e1rio da Lagoa\" \/>\n<meta property=\"article:published_time\" content=\"2014-12-20T12:56:48+00:00\" \/>\n<meta name=\"author\" content=\"Di\u00e1rio da Lagoa\" \/>\n<meta name=\"twitter:card\" content=\"summary_large_image\" \/>\n<meta name=\"twitter:label1\" content=\"Written by\" \/>\n\t<meta name=\"twitter:data1\" content=\"Di\u00e1rio da Lagoa\" \/>\n\t<meta name=\"twitter:label2\" content=\"Est. reading time\" \/>\n\t<meta name=\"twitter:data2\" content=\"1 minute\" \/>\n<script type=\"application\/ld+json\" class=\"yoast-schema-graph\">{\"@context\":\"https:\/\/schema.org\",\"@graph\":[{\"@type\":\"WebPage\",\"@id\":\"https:\/\/diariodalagoa.pt\/vasco-cordeiro-defende-autonomia-vencedora-e-forte-no-mundo-global\/\",\"url\":\"https:\/\/diariodalagoa.pt\/vasco-cordeiro-defende-autonomia-vencedora-e-forte-no-mundo-global\/\",\"name\":\"Vasco Cordeiro defende Autonomia vencedora e forte no mundo global - Di\u00e1rio da Lagoa\",\"isPartOf\":{\"@id\":\"https:\/\/diariodalagoa.pt\/#website\"},\"datePublished\":\"2014-12-20T12:56:48+00:00\",\"dateModified\":\"2014-12-20T12:56:48+00:00\",\"author\":{\"@id\":\"https:\/\/diariodalagoa.pt\/#\/schema\/person\/1615a002370e8857b6f972834bc43ece\"},\"breadcrumb\":{\"@id\":\"https:\/\/diariodalagoa.pt\/vasco-cordeiro-defende-autonomia-vencedora-e-forte-no-mundo-global\/#breadcrumb\"},\"inLanguage\":\"en-US\",\"potentialAction\":[{\"@type\":\"ReadAction\",\"target\":[\"https:\/\/diariodalagoa.pt\/vasco-cordeiro-defende-autonomia-vencedora-e-forte-no-mundo-global\/\"]}]},{\"@type\":\"BreadcrumbList\",\"@id\":\"https:\/\/diariodalagoa.pt\/vasco-cordeiro-defende-autonomia-vencedora-e-forte-no-mundo-global\/#breadcrumb\",\"itemListElement\":[{\"@type\":\"ListItem\",\"position\":1,\"name\":\"In\u00edcio\",\"item\":\"https:\/\/diariodalagoa.pt\/\"},{\"@type\":\"ListItem\",\"position\":2,\"name\":\"Vasco Cordeiro defende Autonomia vencedora e forte no mundo global\"}]},{\"@type\":\"WebSite\",\"@id\":\"https:\/\/diariodalagoa.pt\/#website\",\"url\":\"https:\/\/diariodalagoa.pt\/\",\"name\":\"Di\u00e1rio da Lagoa\",\"description\":\"Di\u00e1rio da Lagoa. As not\u00edcias que contam. A partir da Lagoa, nos A\u00e7ores, para o mundo.\",\"potentialAction\":[{\"@type\":\"SearchAction\",\"target\":{\"@type\":\"EntryPoint\",\"urlTemplate\":\"https:\/\/diariodalagoa.pt\/?s={search_term_string}\"},\"query-input\":\"required name=search_term_string\"}],\"inLanguage\":\"en-US\"},{\"@type\":\"Person\",\"@id\":\"https:\/\/diariodalagoa.pt\/#\/schema\/person\/1615a002370e8857b6f972834bc43ece\",\"name\":\"Di\u00e1rio da Lagoa\",\"image\":{\"@type\":\"ImageObject\",\"inLanguage\":\"en-US\",\"@id\":\"https:\/\/diariodalagoa.pt\/#\/schema\/person\/image\/\",\"url\":\"https:\/\/secure.gravatar.com\/avatar\/2cb5cef90a26f8fbd4d9d930608102c5?s=96&d=mm&r=g\",\"contentUrl\":\"https:\/\/secure.gravatar.com\/avatar\/2cb5cef90a26f8fbd4d9d930608102c5?s=96&d=mm&r=g\",\"caption\":\"Di\u00e1rio da Lagoa\"},\"url\":\"https:\/\/diariodalagoa.pt\/en\/author\/diariodalagoa\/\"}]}<\/script>\n<!-- \/ Yoast SEO plugin. -->","yoast_head_json":{"title":"Vasco Cordeiro defende Autonomia vencedora e forte no mundo global - Di\u00e1rio da Lagoa","robots":{"index":"index","follow":"follow","max-snippet":"max-snippet:-1","max-image-preview":"max-image-preview:large","max-video-preview":"max-video-preview:-1"},"canonical":"https:\/\/diariodalagoa.pt\/en\/vasco-cordeiro-defende-autonomia-vencedora-e-forte-no-mundo-global\/","og_locale":"en_US","og_type":"article","og_title":"Vasco Cordeiro defende Autonomia vencedora e forte no mundo global - Di\u00e1rio da Lagoa","og_description":"O Presidente do Governo dos A\u00e7ores defendeu que n\u00e3o h\u00e1 nada que impe\u00e7a que os A\u00e7orianos, e que cada uma das ilhas e dos concelhos da Regi\u00e3o, possam vencer e afirmar-se nas mais variadas \u00e1reas, mesmo perante um mundo cada vez mais aberto e globalizado.\u00a0 \u201cO desafio hoje j\u00e1 n\u00e3o \u00e9 o de lutar contra [&hellip;]","og_url":"https:\/\/diariodalagoa.pt\/en\/vasco-cordeiro-defende-autonomia-vencedora-e-forte-no-mundo-global\/","og_site_name":"Di\u00e1rio da Lagoa","article_published_time":"2014-12-20T12:56:48+00:00","author":"Di\u00e1rio da Lagoa","twitter_card":"summary_large_image","twitter_misc":{"Written by":"Di\u00e1rio da Lagoa","Est. reading time":"1 minute"},"schema":{"@context":"https:\/\/schema.org","@graph":[{"@type":"WebPage","@id":"https:\/\/diariodalagoa.pt\/vasco-cordeiro-defende-autonomia-vencedora-e-forte-no-mundo-global\/","url":"https:\/\/diariodalagoa.pt\/vasco-cordeiro-defende-autonomia-vencedora-e-forte-no-mundo-global\/","name":"Vasco Cordeiro defende Autonomia vencedora e forte no mundo global - Di\u00e1rio da Lagoa","isPartOf":{"@id":"https:\/\/diariodalagoa.pt\/#website"},"datePublished":"2014-12-20T12:56:48+00:00","dateModified":"2014-12-20T12:56:48+00:00","author":{"@id":"https:\/\/diariodalagoa.pt\/#\/schema\/person\/1615a002370e8857b6f972834bc43ece"},"breadcrumb":{"@id":"https:\/\/diariodalagoa.pt\/vasco-cordeiro-defende-autonomia-vencedora-e-forte-no-mundo-global\/#breadcrumb"},"inLanguage":"en-US","potentialAction":[{"@type":"ReadAction","target":["https:\/\/diariodalagoa.pt\/vasco-cordeiro-defende-autonomia-vencedora-e-forte-no-mundo-global\/"]}]},{"@type":"BreadcrumbList","@id":"https:\/\/diariodalagoa.pt\/vasco-cordeiro-defende-autonomia-vencedora-e-forte-no-mundo-global\/#breadcrumb","itemListElement":[{"@type":"ListItem","position":1,"name":"In\u00edcio","item":"https:\/\/diariodalagoa.pt\/"},{"@type":"ListItem","position":2,"name":"Vasco Cordeiro defende Autonomia vencedora e forte no mundo global"}]},{"@type":"WebSite","@id":"https:\/\/diariodalagoa.pt\/#website","url":"https:\/\/diariodalagoa.pt\/","name":"Di\u00e1rio da Lagoa","description":"Di\u00e1rio da Lagoa. As not\u00edcias que contam. A partir da Lagoa, nos A\u00e7ores, para o mundo.","potentialAction":[{"@type":"SearchAction","target":{"@type":"EntryPoint","urlTemplate":"https:\/\/diariodalagoa.pt\/?s={search_term_string}"},"query-input":"required name=search_term_string"}],"inLanguage":"en-US"},{"@type":"Person","@id":"https:\/\/diariodalagoa.pt\/#\/schema\/person\/1615a002370e8857b6f972834bc43ece","name":"Di\u00e1rio da Lagoa","image":{"@type":"ImageObject","inLanguage":"en-US","@id":"https:\/\/diariodalagoa.pt\/#\/schema\/person\/image\/","url":"https:\/\/secure.gravatar.com\/avatar\/2cb5cef90a26f8fbd4d9d930608102c5?s=96&d=mm&r=g","contentUrl":"https:\/\/secure.gravatar.com\/avatar\/2cb5cef90a26f8fbd4d9d930608102c5?s=96&d=mm&r=g","caption":"Di\u00e1rio da Lagoa"},"url":"https:\/\/diariodalagoa.pt\/en\/author\/diariodalagoa\/"}]}},"_links":{"self":[{"href":"https:\/\/diariodalagoa.pt\/en\/wp-json\/wp\/v2\/posts\/12338"}],"collection":[{"href":"https:\/\/diariodalagoa.pt\/en\/wp-json\/wp\/v2\/posts"}],"about":[{"href":"https:\/\/diariodalagoa.pt\/en\/wp-json\/wp\/v2\/types\/post"}],"author":[{"embeddable":true,"href":"https:\/\/diariodalagoa.pt\/en\/wp-json\/wp\/v2\/users\/2"}],"replies":[{"embeddable":true,"href":"https:\/\/diariodalagoa.pt\/en\/wp-json\/wp\/v2\/comments?post=12338"}],"version-history":[{"count":0,"href":"https:\/\/diariodalagoa.pt\/en\/wp-json\/wp\/v2\/posts\/12338\/revisions"}],"wp:attachment":[{"href":"https:\/\/diariodalagoa.pt\/en\/wp-json\/wp\/v2\/media?parent=12338"}],"wp:term":[{"taxonomy":"category","embeddable":true,"href":"https:\/\/diariodalagoa.pt\/en\/wp-json\/wp\/v2\/categories?post=12338"},{"taxonomy":"post_tag","embeddable":true,"href":"https:\/\/diariodalagoa.pt\/en\/wp-json\/wp\/v2\/tags?post=12338"}],"curies":[{"name":"wp","href":"https:\/\/api.w.org\/{rel}","templated":true}]}}