{"id":12283,"date":"2014-12-17T16:35:56","date_gmt":"2014-12-17T17:35:56","guid":{"rendered":"http:\/\/diariodalagoa.pt\/?p=12283"},"modified":"2014-12-17T16:35:56","modified_gmt":"2014-12-17T17:35:56","slug":"candidaturas-ao-premio-de-boas-praticas-inclusivas-abertas-ate-31-de-janeiro","status":"publish","type":"post","link":"https:\/\/diariodalagoa.pt\/en\/candidaturas-ao-premio-de-boas-praticas-inclusivas-abertas-ate-31-de-janeiro\/","title":{"rendered":"Candidaturas ao Pr\u00e9mio de Boas Pr\u00e1ticas Inclusivas abertas at\u00e9 31 de janeiro"},"content":{"rendered":"<p style=\"text-align: justify;\"><img decoding=\"async\" class=\"alignnone size-full wp-image-12284\" src=\"http:\/\/diariodalagoa.pt\/wp-content\/uploads\/2014\/12\/Premio-Boas-Praticas.jpg\" alt=\"Premio Boas Praticas\" width=\"720\" height=\"380\" \/><\/p>\n<p style=\"text-align: justify;\"><span style=\"color: #000000;\">O prazo de candidaturas ao Pr\u00e9mio de Boas Pr\u00e1ticas Inclusivas, uma iniciativa do Governo dos A\u00e7ores que visa incentivar e distinguir projetos desenvolvidos no \u00e2mbito da promo\u00e7\u00e3o da integra\u00e7\u00e3o dos migrantes e da interculturalidade, decorre at\u00e9 31 de janeiro de 2015.<\/span><\/p>\n<p style=\"text-align: justify;\"><span style=\"color: #000000;\">\u201cNas nossas ilhas, temos cerca de 3.600 residentes de 75 diferentes nacionalidades, orgulhando-se os A\u00e7ores de ser uma regi\u00e3o que acolhe bem os seus imigrantes, mas tal n\u00e3o pode significar que deixemos de estar atentos aos desafios espec\u00edficos dessas comunidades, representando sim um incentivo para prosseguirmos e apoiarmos uma inclus\u00e3o cada vez melhor\u201d, afirmou o Subsecret\u00e1rio Regional da Presid\u00eancia para as Rela\u00e7\u00f5es Externas.<\/span><\/p>\n<p style=\"text-align: justify;\"><span style=\"color: #000000;\">Para Rodrigo Oliveira, \u201ctemos todas as vantagens em promover um melhor e maior conhecimento das iniciativas que diferentes entidades desenvolvem no \u00e2mbito da integra\u00e7\u00e3o e da interculturalidade, como \u00e9 objetivo desta iniciativa do Governo dos A\u00e7ores\u201d.<\/span><\/p>\n<p style=\"text-align: justify;\"><span style=\"color: #000000;\">As candidaturas ao Pr\u00e9mio de Boas Pr\u00e1ticas Inclusivas podem ser apresentadas por estabelecimentos de ensino, empresas privadas, associa\u00e7\u00f5es e \u00f3rg\u00e3os de comunica\u00e7\u00e3o social com sede na Regi\u00e3o, podendo cada entidade apresentar mais do que um projeto.<\/span><\/p>\n<p style=\"text-align: justify;\"><span style=\"color: #000000;\">Os projetos podem ser candidatados a este galard\u00e3o pelas institui\u00e7\u00f5es que o desenvolverem, mas tamb\u00e9m podem ser propostos por pessoas ou entidades que tenham sido objeto da iniciativa ou que tenham tido conhecimento dela.<\/span><\/p>\n<p style=\"text-align: justify;\"><span style=\"color: #000000;\">Os interessados devem submeter as candidaturas at\u00e9 31 de janeiro de 2015, atrav\u00e9s da apresenta\u00e7\u00e3o de um formul\u00e1rio pr\u00f3prio que est\u00e1 dispon\u00edvel na p\u00e1gina da Dire\u00e7\u00e3o Regional das Comunidades no Portal do Governo, no endere\u00e7o eletr\u00f3nico <a style=\"color: #000000;\" href=\"http:\/\/www.azores.gov.pt\/\">www.azores.gov.pt<\/a>, acompanhado de evid\u00eancias que certifiquem a plena realiza\u00e7\u00e3o do projeto.<\/span><\/p>\n<p style=\"text-align: justify;\"><span style=\"color: #000000;\">As candidaturas, apresentadas em l\u00edngua portuguesa, podem ser remetidas via correio eletr\u00f3nico para o endere\u00e7o <a style=\"color: #000000;\" href=\"mailto:drc@azores.gov.pt\">drc@azores.gov.pt<\/a> ou para a Dire\u00e7\u00e3o Regional das Comunidades, nos endere\u00e7os Col\u00f3nia Alem\u00e3, Edif\u00edcio do Rel\u00f3gio, Apartado 96, 9900-014 Horta, Rua do Pal\u00e1cio, 9700-143 Angra do Hero\u00edsmo ou Rua Professor Alfredo Bensa\u00fade, n.\u00ba 6, R\/C, 9500 \u2013700 Ponta Delgada.<\/span><\/p>\n<p style=\"text-align: justify;\"><span style=\"color: #000000;\"><em>DL\/Gacs<\/em><\/span><\/p>","protected":false},"excerpt":{"rendered":"<p>O prazo de candidaturas ao Pr\u00e9mio de Boas Pr\u00e1ticas Inclusivas, uma iniciativa do Governo dos A\u00e7ores que visa incentivar e distinguir projetos desenvolvidos no \u00e2mbito da promo\u00e7\u00e3o da integra\u00e7\u00e3o dos migrantes e da interculturalidade, decorre at\u00e9 31 de janeiro de 2015. \u201cNas nossas ilhas, temos cerca de 3.600 residentes de 75 diferentes nacionalidades, orgulhando-se os [&hellip;]<\/p>","protected":false},"author":2,"featured_media":121628,"comment_status":"open","ping_status":"open","sticky":false,"template":"","format":"standard","meta":[],"categories":[21],"tags":[],"acf":[],"yoast_head":"<!-- This site is optimized with the Yoast SEO plugin v20.10 - https:\/\/yoast.com\/wordpress\/plugins\/seo\/ -->\n<title>Candidaturas ao Pr\u00e9mio de Boas Pr\u00e1ticas Inclusivas abertas at\u00e9 31 de janeiro - Di\u00e1rio da Lagoa<\/title>\n<meta name=\"robots\" content=\"index, follow, max-snippet:-1, max-image-preview:large, max-video-preview:-1\" \/>\n<link rel=\"canonical\" href=\"https:\/\/diariodalagoa.pt\/en\/candidaturas-ao-premio-de-boas-praticas-inclusivas-abertas-ate-31-de-janeiro\/\" \/>\n<meta property=\"og:locale\" content=\"en_US\" \/>\n<meta property=\"og:type\" content=\"article\" \/>\n<meta property=\"og:title\" content=\"Candidaturas ao Pr\u00e9mio de Boas Pr\u00e1ticas Inclusivas abertas at\u00e9 31 de janeiro - Di\u00e1rio da Lagoa\" \/>\n<meta property=\"og:description\" content=\"O prazo de candidaturas ao Pr\u00e9mio de Boas Pr\u00e1ticas Inclusivas, uma iniciativa do Governo dos A\u00e7ores que visa incentivar e distinguir projetos desenvolvidos no \u00e2mbito da promo\u00e7\u00e3o da integra\u00e7\u00e3o dos migrantes e da interculturalidade, decorre at\u00e9 31 de janeiro de 2015. \u201cNas nossas ilhas, temos cerca de 3.600 residentes de 75 diferentes nacionalidades, orgulhando-se os [&hellip;]\" \/>\n<meta property=\"og:url\" content=\"https:\/\/diariodalagoa.pt\/en\/candidaturas-ao-premio-de-boas-praticas-inclusivas-abertas-ate-31-de-janeiro\/\" \/>\n<meta property=\"og:site_name\" content=\"Di\u00e1rio da Lagoa\" \/>\n<meta property=\"article:published_time\" content=\"2014-12-17T17:35:56+00:00\" \/>\n<meta property=\"og:image\" content=\"https:\/\/diariodalagoa.pt\/wp-content\/uploads\/2014\/12\/premio-boas-praticas.jpg\" \/>\n\t<meta property=\"og:image:width\" content=\"720\" \/>\n\t<meta property=\"og:image:height\" content=\"380\" \/>\n\t<meta property=\"og:image:type\" content=\"image\/jpeg\" \/>\n<meta name=\"author\" content=\"Di\u00e1rio da Lagoa\" \/>\n<meta name=\"twitter:card\" content=\"summary_large_image\" \/>\n<meta name=\"twitter:label1\" content=\"Written by\" \/>\n\t<meta name=\"twitter:data1\" content=\"Di\u00e1rio da Lagoa\" \/>\n\t<meta name=\"twitter:label2\" content=\"Est. reading time\" \/>\n\t<meta name=\"twitter:data2\" content=\"2 minutes\" \/>\n<script type=\"application\/ld+json\" class=\"yoast-schema-graph\">{\"@context\":\"https:\/\/schema.org\",\"@graph\":[{\"@type\":\"WebPage\",\"@id\":\"https:\/\/diariodalagoa.pt\/candidaturas-ao-premio-de-boas-praticas-inclusivas-abertas-ate-31-de-janeiro\/\",\"url\":\"https:\/\/diariodalagoa.pt\/candidaturas-ao-premio-de-boas-praticas-inclusivas-abertas-ate-31-de-janeiro\/\",\"name\":\"Candidaturas ao Pr\u00e9mio de Boas Pr\u00e1ticas Inclusivas abertas at\u00e9 31 de janeiro - Di\u00e1rio da Lagoa\",\"isPartOf\":{\"@id\":\"https:\/\/diariodalagoa.pt\/#website\"},\"datePublished\":\"2014-12-17T17:35:56+00:00\",\"dateModified\":\"2014-12-17T17:35:56+00:00\",\"author\":{\"@id\":\"https:\/\/diariodalagoa.pt\/#\/schema\/person\/1615a002370e8857b6f972834bc43ece\"},\"breadcrumb\":{\"@id\":\"https:\/\/diariodalagoa.pt\/candidaturas-ao-premio-de-boas-praticas-inclusivas-abertas-ate-31-de-janeiro\/#breadcrumb\"},\"inLanguage\":\"en-US\",\"potentialAction\":[{\"@type\":\"ReadAction\",\"target\":[\"https:\/\/diariodalagoa.pt\/candidaturas-ao-premio-de-boas-praticas-inclusivas-abertas-ate-31-de-janeiro\/\"]}]},{\"@type\":\"BreadcrumbList\",\"@id\":\"https:\/\/diariodalagoa.pt\/candidaturas-ao-premio-de-boas-praticas-inclusivas-abertas-ate-31-de-janeiro\/#breadcrumb\",\"itemListElement\":[{\"@type\":\"ListItem\",\"position\":1,\"name\":\"In\u00edcio\",\"item\":\"https:\/\/diariodalagoa.pt\/\"},{\"@type\":\"ListItem\",\"position\":2,\"name\":\"Candidaturas ao Pr\u00e9mio de Boas Pr\u00e1ticas Inclusivas abertas at\u00e9 31 de janeiro\"}]},{\"@type\":\"WebSite\",\"@id\":\"https:\/\/diariodalagoa.pt\/#website\",\"url\":\"https:\/\/diariodalagoa.pt\/\",\"name\":\"Di\u00e1rio da Lagoa\",\"description\":\"Di\u00e1rio da Lagoa. As not\u00edcias que contam. A partir da Lagoa, nos A\u00e7ores, para o mundo.\",\"potentialAction\":[{\"@type\":\"SearchAction\",\"target\":{\"@type\":\"EntryPoint\",\"urlTemplate\":\"https:\/\/diariodalagoa.pt\/?s={search_term_string}\"},\"query-input\":\"required name=search_term_string\"}],\"inLanguage\":\"en-US\"},{\"@type\":\"Person\",\"@id\":\"https:\/\/diariodalagoa.pt\/#\/schema\/person\/1615a002370e8857b6f972834bc43ece\",\"name\":\"Di\u00e1rio da Lagoa\",\"image\":{\"@type\":\"ImageObject\",\"inLanguage\":\"en-US\",\"@id\":\"https:\/\/diariodalagoa.pt\/#\/schema\/person\/image\/\",\"url\":\"https:\/\/secure.gravatar.com\/avatar\/2cb5cef90a26f8fbd4d9d930608102c5?s=96&d=mm&r=g\",\"contentUrl\":\"https:\/\/secure.gravatar.com\/avatar\/2cb5cef90a26f8fbd4d9d930608102c5?s=96&d=mm&r=g\",\"caption\":\"Di\u00e1rio da Lagoa\"},\"url\":\"https:\/\/diariodalagoa.pt\/en\/author\/diariodalagoa\/\"}]}<\/script>\n<!-- \/ Yoast SEO plugin. -->","yoast_head_json":{"title":"Candidaturas ao Pr\u00e9mio de Boas Pr\u00e1ticas Inclusivas abertas at\u00e9 31 de janeiro - Di\u00e1rio da Lagoa","robots":{"index":"index","follow":"follow","max-snippet":"max-snippet:-1","max-image-preview":"max-image-preview:large","max-video-preview":"max-video-preview:-1"},"canonical":"https:\/\/diariodalagoa.pt\/en\/candidaturas-ao-premio-de-boas-praticas-inclusivas-abertas-ate-31-de-janeiro\/","og_locale":"en_US","og_type":"article","og_title":"Candidaturas ao Pr\u00e9mio de Boas Pr\u00e1ticas Inclusivas abertas at\u00e9 31 de janeiro - Di\u00e1rio da Lagoa","og_description":"O prazo de candidaturas ao Pr\u00e9mio de Boas Pr\u00e1ticas Inclusivas, uma iniciativa do Governo dos A\u00e7ores que visa incentivar e distinguir projetos desenvolvidos no \u00e2mbito da promo\u00e7\u00e3o da integra\u00e7\u00e3o dos migrantes e da interculturalidade, decorre at\u00e9 31 de janeiro de 2015. \u201cNas nossas ilhas, temos cerca de 3.600 residentes de 75 diferentes nacionalidades, orgulhando-se os [&hellip;]","og_url":"https:\/\/diariodalagoa.pt\/en\/candidaturas-ao-premio-de-boas-praticas-inclusivas-abertas-ate-31-de-janeiro\/","og_site_name":"Di\u00e1rio da Lagoa","article_published_time":"2014-12-17T17:35:56+00:00","og_image":[{"width":720,"height":380,"url":"https:\/\/diariodalagoa.pt\/wp-content\/uploads\/2014\/12\/premio-boas-praticas.jpg","type":"image\/jpeg"}],"author":"Di\u00e1rio da Lagoa","twitter_card":"summary_large_image","twitter_misc":{"Written by":"Di\u00e1rio da Lagoa","Est. reading time":"2 minutes"},"schema":{"@context":"https:\/\/schema.org","@graph":[{"@type":"WebPage","@id":"https:\/\/diariodalagoa.pt\/candidaturas-ao-premio-de-boas-praticas-inclusivas-abertas-ate-31-de-janeiro\/","url":"https:\/\/diariodalagoa.pt\/candidaturas-ao-premio-de-boas-praticas-inclusivas-abertas-ate-31-de-janeiro\/","name":"Candidaturas ao Pr\u00e9mio de Boas Pr\u00e1ticas Inclusivas abertas at\u00e9 31 de janeiro - Di\u00e1rio da Lagoa","isPartOf":{"@id":"https:\/\/diariodalagoa.pt\/#website"},"datePublished":"2014-12-17T17:35:56+00:00","dateModified":"2014-12-17T17:35:56+00:00","author":{"@id":"https:\/\/diariodalagoa.pt\/#\/schema\/person\/1615a002370e8857b6f972834bc43ece"},"breadcrumb":{"@id":"https:\/\/diariodalagoa.pt\/candidaturas-ao-premio-de-boas-praticas-inclusivas-abertas-ate-31-de-janeiro\/#breadcrumb"},"inLanguage":"en-US","potentialAction":[{"@type":"ReadAction","target":["https:\/\/diariodalagoa.pt\/candidaturas-ao-premio-de-boas-praticas-inclusivas-abertas-ate-31-de-janeiro\/"]}]},{"@type":"BreadcrumbList","@id":"https:\/\/diariodalagoa.pt\/candidaturas-ao-premio-de-boas-praticas-inclusivas-abertas-ate-31-de-janeiro\/#breadcrumb","itemListElement":[{"@type":"ListItem","position":1,"name":"In\u00edcio","item":"https:\/\/diariodalagoa.pt\/"},{"@type":"ListItem","position":2,"name":"Candidaturas ao Pr\u00e9mio de Boas Pr\u00e1ticas Inclusivas abertas at\u00e9 31 de janeiro"}]},{"@type":"WebSite","@id":"https:\/\/diariodalagoa.pt\/#website","url":"https:\/\/diariodalagoa.pt\/","name":"Di\u00e1rio da Lagoa","description":"Di\u00e1rio da Lagoa. As not\u00edcias que contam. A partir da Lagoa, nos A\u00e7ores, para o mundo.","potentialAction":[{"@type":"SearchAction","target":{"@type":"EntryPoint","urlTemplate":"https:\/\/diariodalagoa.pt\/?s={search_term_string}"},"query-input":"required name=search_term_string"}],"inLanguage":"en-US"},{"@type":"Person","@id":"https:\/\/diariodalagoa.pt\/#\/schema\/person\/1615a002370e8857b6f972834bc43ece","name":"Di\u00e1rio da Lagoa","image":{"@type":"ImageObject","inLanguage":"en-US","@id":"https:\/\/diariodalagoa.pt\/#\/schema\/person\/image\/","url":"https:\/\/secure.gravatar.com\/avatar\/2cb5cef90a26f8fbd4d9d930608102c5?s=96&d=mm&r=g","contentUrl":"https:\/\/secure.gravatar.com\/avatar\/2cb5cef90a26f8fbd4d9d930608102c5?s=96&d=mm&r=g","caption":"Di\u00e1rio da Lagoa"},"url":"https:\/\/diariodalagoa.pt\/en\/author\/diariodalagoa\/"}]}},"_links":{"self":[{"href":"https:\/\/diariodalagoa.pt\/en\/wp-json\/wp\/v2\/posts\/12283"}],"collection":[{"href":"https:\/\/diariodalagoa.pt\/en\/wp-json\/wp\/v2\/posts"}],"about":[{"href":"https:\/\/diariodalagoa.pt\/en\/wp-json\/wp\/v2\/types\/post"}],"author":[{"embeddable":true,"href":"https:\/\/diariodalagoa.pt\/en\/wp-json\/wp\/v2\/users\/2"}],"replies":[{"embeddable":true,"href":"https:\/\/diariodalagoa.pt\/en\/wp-json\/wp\/v2\/comments?post=12283"}],"version-history":[{"count":0,"href":"https:\/\/diariodalagoa.pt\/en\/wp-json\/wp\/v2\/posts\/12283\/revisions"}],"wp:featuredmedia":[{"embeddable":true,"href":"https:\/\/diariodalagoa.pt\/en\/wp-json\/wp\/v2\/media\/121628"}],"wp:attachment":[{"href":"https:\/\/diariodalagoa.pt\/en\/wp-json\/wp\/v2\/media?parent=12283"}],"wp:term":[{"taxonomy":"category","embeddable":true,"href":"https:\/\/diariodalagoa.pt\/en\/wp-json\/wp\/v2\/categories?post=12283"},{"taxonomy":"post_tag","embeddable":true,"href":"https:\/\/diariodalagoa.pt\/en\/wp-json\/wp\/v2\/tags?post=12283"}],"curies":[{"name":"wp","href":"https:\/\/api.w.org\/{rel}","templated":true}]}}