{"id":122386,"date":"2023-06-24T15:10:48","date_gmt":"2023-06-24T15:10:48","guid":{"rendered":"https:\/\/diariodalagoa.pt\/?p=109539"},"modified":"2023-06-24T15:10:48","modified_gmt":"2023-06-24T15:10:48","slug":"fontes-referencias-utilizadas-alberto-carlos-paula-de-oliveira","status":"publish","type":"post","link":"https:\/\/diariodalagoa.pt\/en\/fontes-referencias-utilizadas-alberto-carlos-paula-de-oliveira\/","title":{"rendered":"Fontes\/Refer\u00eancias utilizadas:\u00a0Alberto Carlos Paula de Oliveira"},"content":{"rendered":"<p><strong>Manuscritas<br \/>\n<\/strong>Actas de Verea\u00e7\u00e3o de 1943-1945<\/p>\n<p><strong>Jornal\u00edsticas<br \/>\n<\/strong><span style=\"font-size: revert; color: initial;\">Jornal Correio dos A\u00e7ores de 30 de Novembro de 1943<br \/>\n<\/span><span style=\"font-size: revert; color: initial;\">Jornal Correio dos A\u00e7ores de 12 de Dezembro de 1943<br \/>\n<\/span><span style=\"font-size: revert; color: initial;\">Jornal Correio dos A\u00e7ores de 15 de Novembro de 1944<br \/>\n<\/span>Jornal Correio dos A\u00e7ores de 15 de Dezembro de 1944<\/p>\n<p><strong>Imagem:<\/strong> Galeria de Presidentes da C\u00e2mara Municipal de Lagoa &#8211; A\u00e7ores<\/p>","protected":false},"excerpt":{"rendered":"<p>Manuscritas Actas de Verea\u00e7\u00e3o de 1943-1945 Jornal\u00edsticas Jornal Correio dos A\u00e7ores de 30 de Novembro de 1943 Jornal Correio dos A\u00e7ores de 12 de Dezembro de 1943 Jornal Correio dos A\u00e7ores de 15 de Novembro de 1944 Jornal Correio dos A\u00e7ores de 15 de Dezembro de 1944 Imagem: Galeria de Presidentes da C\u00e2mara Municipal de [&hellip;]<\/p>","protected":false},"author":2,"featured_media":0,"comment_status":"open","ping_status":"closed","sticky":false,"template":"","format":"standard","meta":[],"categories":[1],"tags":[],"acf":[],"yoast_head":"<!-- This site is optimized with the Yoast SEO plugin v20.10 - https:\/\/yoast.com\/wordpress\/plugins\/seo\/ -->\n<title>Fontes\/Refer\u00eancias utilizadas:\u00a0Alberto Carlos Paula de Oliveira - Di\u00e1rio da Lagoa<\/title>\n<meta name=\"robots\" content=\"index, follow, max-snippet:-1, max-image-preview:large, max-video-preview:-1\" \/>\n<link rel=\"canonical\" href=\"https:\/\/diariodalagoa.pt\/en\/fontes-referencias-utilizadas-alberto-carlos-paula-de-oliveira\/\" \/>\n<meta property=\"og:locale\" content=\"en_US\" \/>\n<meta property=\"og:type\" content=\"article\" \/>\n<meta property=\"og:title\" content=\"Fontes\/Refer\u00eancias utilizadas:\u00a0Alberto Carlos Paula de Oliveira - Di\u00e1rio da Lagoa\" \/>\n<meta property=\"og:description\" content=\"Manuscritas Actas de Verea\u00e7\u00e3o de 1943-1945 Jornal\u00edsticas Jornal Correio dos A\u00e7ores de 30 de Novembro de 1943 Jornal Correio dos A\u00e7ores de 12 de Dezembro de 1943 Jornal Correio dos A\u00e7ores de 15 de Novembro de 1944 Jornal Correio dos A\u00e7ores de 15 de Dezembro de 1944 Imagem: Galeria de Presidentes da C\u00e2mara Municipal de [&hellip;]\" \/>\n<meta property=\"og:url\" content=\"https:\/\/diariodalagoa.pt\/en\/fontes-referencias-utilizadas-alberto-carlos-paula-de-oliveira\/\" \/>\n<meta property=\"og:site_name\" content=\"Di\u00e1rio da Lagoa\" \/>\n<meta property=\"article:published_time\" content=\"2023-06-24T15:10:48+00:00\" \/>\n<meta name=\"author\" content=\"Di\u00e1rio da Lagoa\" \/>\n<meta name=\"twitter:card\" content=\"summary_large_image\" \/>\n<meta name=\"twitter:label1\" content=\"Written by\" \/>\n\t<meta name=\"twitter:data1\" content=\"Di\u00e1rio da Lagoa\" \/>\n\t<meta name=\"twitter:label2\" content=\"Est. reading time\" \/>\n\t<meta name=\"twitter:data2\" content=\"1 minute\" \/>\n<script type=\"application\/ld+json\" class=\"yoast-schema-graph\">{\"@context\":\"https:\/\/schema.org\",\"@graph\":[{\"@type\":\"WebPage\",\"@id\":\"https:\/\/diariodalagoa.pt\/fontes-referencias-utilizadas-alberto-carlos-paula-de-oliveira\/\",\"url\":\"https:\/\/diariodalagoa.pt\/fontes-referencias-utilizadas-alberto-carlos-paula-de-oliveira\/\",\"name\":\"Fontes\/Refer\u00eancias utilizadas:\u00a0Alberto Carlos Paula de Oliveira - Di\u00e1rio da Lagoa\",\"isPartOf\":{\"@id\":\"https:\/\/diariodalagoa.pt\/#website\"},\"datePublished\":\"2023-06-24T15:10:48+00:00\",\"dateModified\":\"2023-06-24T15:10:48+00:00\",\"author\":{\"@id\":\"https:\/\/diariodalagoa.pt\/#\/schema\/person\/1615a002370e8857b6f972834bc43ece\"},\"breadcrumb\":{\"@id\":\"https:\/\/diariodalagoa.pt\/fontes-referencias-utilizadas-alberto-carlos-paula-de-oliveira\/#breadcrumb\"},\"inLanguage\":\"en-US\",\"potentialAction\":[{\"@type\":\"ReadAction\",\"target\":[\"https:\/\/diariodalagoa.pt\/fontes-referencias-utilizadas-alberto-carlos-paula-de-oliveira\/\"]}]},{\"@type\":\"BreadcrumbList\",\"@id\":\"https:\/\/diariodalagoa.pt\/fontes-referencias-utilizadas-alberto-carlos-paula-de-oliveira\/#breadcrumb\",\"itemListElement\":[{\"@type\":\"ListItem\",\"position\":1,\"name\":\"In\u00edcio\",\"item\":\"https:\/\/diariodalagoa.pt\/\"},{\"@type\":\"ListItem\",\"position\":2,\"name\":\"Fontes\/Refer\u00eancias utilizadas:\u00a0Alberto Carlos Paula de Oliveira\"}]},{\"@type\":\"WebSite\",\"@id\":\"https:\/\/diariodalagoa.pt\/#website\",\"url\":\"https:\/\/diariodalagoa.pt\/\",\"name\":\"Di\u00e1rio da Lagoa\",\"description\":\"Di\u00e1rio da Lagoa. As not\u00edcias que contam. A partir da Lagoa, nos A\u00e7ores, para o mundo.\",\"potentialAction\":[{\"@type\":\"SearchAction\",\"target\":{\"@type\":\"EntryPoint\",\"urlTemplate\":\"https:\/\/diariodalagoa.pt\/?s={search_term_string}\"},\"query-input\":\"required name=search_term_string\"}],\"inLanguage\":\"en-US\"},{\"@type\":\"Person\",\"@id\":\"https:\/\/diariodalagoa.pt\/#\/schema\/person\/1615a002370e8857b6f972834bc43ece\",\"name\":\"Di\u00e1rio da Lagoa\",\"image\":{\"@type\":\"ImageObject\",\"inLanguage\":\"en-US\",\"@id\":\"https:\/\/diariodalagoa.pt\/#\/schema\/person\/image\/\",\"url\":\"https:\/\/secure.gravatar.com\/avatar\/2cb5cef90a26f8fbd4d9d930608102c5?s=96&d=mm&r=g\",\"contentUrl\":\"https:\/\/secure.gravatar.com\/avatar\/2cb5cef90a26f8fbd4d9d930608102c5?s=96&d=mm&r=g\",\"caption\":\"Di\u00e1rio da Lagoa\"},\"url\":\"https:\/\/diariodalagoa.pt\/en\/author\/diariodalagoa\/\"}]}<\/script>\n<!-- \/ Yoast SEO plugin. -->","yoast_head_json":{"title":"Fontes\/Refer\u00eancias utilizadas:\u00a0Alberto Carlos Paula de Oliveira - Di\u00e1rio da Lagoa","robots":{"index":"index","follow":"follow","max-snippet":"max-snippet:-1","max-image-preview":"max-image-preview:large","max-video-preview":"max-video-preview:-1"},"canonical":"https:\/\/diariodalagoa.pt\/en\/fontes-referencias-utilizadas-alberto-carlos-paula-de-oliveira\/","og_locale":"en_US","og_type":"article","og_title":"Fontes\/Refer\u00eancias utilizadas:\u00a0Alberto Carlos Paula de Oliveira - Di\u00e1rio da Lagoa","og_description":"Manuscritas Actas de Verea\u00e7\u00e3o de 1943-1945 Jornal\u00edsticas Jornal Correio dos A\u00e7ores de 30 de Novembro de 1943 Jornal Correio dos A\u00e7ores de 12 de Dezembro de 1943 Jornal Correio dos A\u00e7ores de 15 de Novembro de 1944 Jornal Correio dos A\u00e7ores de 15 de Dezembro de 1944 Imagem: Galeria de Presidentes da C\u00e2mara Municipal de [&hellip;]","og_url":"https:\/\/diariodalagoa.pt\/en\/fontes-referencias-utilizadas-alberto-carlos-paula-de-oliveira\/","og_site_name":"Di\u00e1rio da Lagoa","article_published_time":"2023-06-24T15:10:48+00:00","author":"Di\u00e1rio da Lagoa","twitter_card":"summary_large_image","twitter_misc":{"Written by":"Di\u00e1rio da Lagoa","Est. reading time":"1 minute"},"schema":{"@context":"https:\/\/schema.org","@graph":[{"@type":"WebPage","@id":"https:\/\/diariodalagoa.pt\/fontes-referencias-utilizadas-alberto-carlos-paula-de-oliveira\/","url":"https:\/\/diariodalagoa.pt\/fontes-referencias-utilizadas-alberto-carlos-paula-de-oliveira\/","name":"Fontes\/Refer\u00eancias utilizadas:\u00a0Alberto Carlos Paula de Oliveira - Di\u00e1rio da Lagoa","isPartOf":{"@id":"https:\/\/diariodalagoa.pt\/#website"},"datePublished":"2023-06-24T15:10:48+00:00","dateModified":"2023-06-24T15:10:48+00:00","author":{"@id":"https:\/\/diariodalagoa.pt\/#\/schema\/person\/1615a002370e8857b6f972834bc43ece"},"breadcrumb":{"@id":"https:\/\/diariodalagoa.pt\/fontes-referencias-utilizadas-alberto-carlos-paula-de-oliveira\/#breadcrumb"},"inLanguage":"en-US","potentialAction":[{"@type":"ReadAction","target":["https:\/\/diariodalagoa.pt\/fontes-referencias-utilizadas-alberto-carlos-paula-de-oliveira\/"]}]},{"@type":"BreadcrumbList","@id":"https:\/\/diariodalagoa.pt\/fontes-referencias-utilizadas-alberto-carlos-paula-de-oliveira\/#breadcrumb","itemListElement":[{"@type":"ListItem","position":1,"name":"In\u00edcio","item":"https:\/\/diariodalagoa.pt\/"},{"@type":"ListItem","position":2,"name":"Fontes\/Refer\u00eancias utilizadas:\u00a0Alberto Carlos Paula de Oliveira"}]},{"@type":"WebSite","@id":"https:\/\/diariodalagoa.pt\/#website","url":"https:\/\/diariodalagoa.pt\/","name":"Di\u00e1rio da Lagoa","description":"Di\u00e1rio da Lagoa. As not\u00edcias que contam. A partir da Lagoa, nos A\u00e7ores, para o mundo.","potentialAction":[{"@type":"SearchAction","target":{"@type":"EntryPoint","urlTemplate":"https:\/\/diariodalagoa.pt\/?s={search_term_string}"},"query-input":"required name=search_term_string"}],"inLanguage":"en-US"},{"@type":"Person","@id":"https:\/\/diariodalagoa.pt\/#\/schema\/person\/1615a002370e8857b6f972834bc43ece","name":"Di\u00e1rio da Lagoa","image":{"@type":"ImageObject","inLanguage":"en-US","@id":"https:\/\/diariodalagoa.pt\/#\/schema\/person\/image\/","url":"https:\/\/secure.gravatar.com\/avatar\/2cb5cef90a26f8fbd4d9d930608102c5?s=96&d=mm&r=g","contentUrl":"https:\/\/secure.gravatar.com\/avatar\/2cb5cef90a26f8fbd4d9d930608102c5?s=96&d=mm&r=g","caption":"Di\u00e1rio da Lagoa"},"url":"https:\/\/diariodalagoa.pt\/en\/author\/diariodalagoa\/"}]}},"_links":{"self":[{"href":"https:\/\/diariodalagoa.pt\/en\/wp-json\/wp\/v2\/posts\/122386"}],"collection":[{"href":"https:\/\/diariodalagoa.pt\/en\/wp-json\/wp\/v2\/posts"}],"about":[{"href":"https:\/\/diariodalagoa.pt\/en\/wp-json\/wp\/v2\/types\/post"}],"author":[{"embeddable":true,"href":"https:\/\/diariodalagoa.pt\/en\/wp-json\/wp\/v2\/users\/2"}],"replies":[{"embeddable":true,"href":"https:\/\/diariodalagoa.pt\/en\/wp-json\/wp\/v2\/comments?post=122386"}],"version-history":[{"count":0,"href":"https:\/\/diariodalagoa.pt\/en\/wp-json\/wp\/v2\/posts\/122386\/revisions"}],"wp:attachment":[{"href":"https:\/\/diariodalagoa.pt\/en\/wp-json\/wp\/v2\/media?parent=122386"}],"wp:term":[{"taxonomy":"category","embeddable":true,"href":"https:\/\/diariodalagoa.pt\/en\/wp-json\/wp\/v2\/categories?post=122386"},{"taxonomy":"post_tag","embeddable":true,"href":"https:\/\/diariodalagoa.pt\/en\/wp-json\/wp\/v2\/tags?post=122386"}],"curies":[{"name":"wp","href":"https:\/\/api.w.org\/{rel}","templated":true}]}}