{"id":12128,"date":"2014-12-10T18:36:22","date_gmt":"2014-12-10T19:36:22","guid":{"rendered":"http:\/\/diariodalagoa.pt\/?p=12128"},"modified":"2014-12-10T18:36:22","modified_gmt":"2014-12-10T19:36:22","slug":"reducao-de-75-por-cento-no-imposto-especial-sobre-consumo-de-licores-e-aguardentes-mantem-se-nos-acores","status":"publish","type":"post","link":"https:\/\/diariodalagoa.pt\/en\/reducao-de-75-por-cento-no-imposto-especial-sobre-consumo-de-licores-e-aguardentes-mantem-se-nos-acores\/","title":{"rendered":"Redu\u00e7\u00e3o de 75 por cento no imposto especial sobre consumo de licores e aguardentes mant\u00e9m-se nos A\u00e7ores"},"content":{"rendered":"<div id=\"attachment_3508\" style=\"width: 730px\" class=\"wp-caption alignnone\"><img aria-describedby=\"caption-attachment-3508\" decoding=\"async\" class=\"size-full wp-image-3508\" src=\"http:\/\/diariodalagoa.pt\/wp-content\/uploads\/2014\/04\/garrafas-licores-a\u00e7ores-aguardentes.jpg\" alt=\"(c) direitos reservados\" width=\"720\" height=\"382\" \/><p id=\"caption-attachment-3508\" class=\"wp-caption-text\">(c) direitos reservados<\/p><\/div>\n<p style=\"text-align: justify;\"><span style=\"color: #000000;\">O Vice-Presidente do Governo dos A\u00e7ores manifestou satisfa\u00e7\u00e3o pela autoriza\u00e7\u00e3o concedida a Portugal pela Comiss\u00e3o Europeia para prorrogar at\u00e9 2020 a taxa reduzida do imposto especial sobre licores e aguardentes produzidos e consumidos na Regi\u00e3o Aut\u00f3noma dos A\u00e7ores. \u00a0<\/span><\/p>\n<p style=\"text-align: justify;\"><span style=\"color: #000000;\">Para S\u00e9rgio \u00c1vila, esta decis\u00e3o \u00e9 \u201co reconhecimento, por parte das institui\u00e7\u00f5es europeias, dos condicionalismos e constrangimentos pr\u00f3prios dos A\u00e7ores decorrentes da sua situa\u00e7\u00e3o ultraperif\u00e9rica e da necessidade de adotar medidas espec\u00edficas para as empresas a\u00e7orianas e para este setor de atividade em particular\u201d.\u00a0<\/span><\/p>\n<p style=\"text-align: justify;\"><span style=\"color: #000000;\">O governante expressou tamb\u00e9m o agrado com que o Governo Regional acolheu a decis\u00e3o da Comiss\u00e3o Europeia, junto da qual o Executivo a\u00e7oriano havia formalizado um pedido j\u00e1 em 2013.\u00a0<\/span><\/p>\n<p style=\"text-align: justify;\"><span style=\"color: #000000;\">A\u00a0taxa reduzida do imposto especial, segundo S\u00e9rgio \u00c1vila,\u00a0\u201cpermite criar melhores condi\u00e7\u00f5es para iniciativa privada e para o setor produtivo em particular, motores de desenvolvimento da economia regional\u201d.\u00a0<\/span><\/p>\n<p style=\"text-align: justify;\"><span style=\"color: #000000;\">S\u00e9rgio \u00c1vila sublinhou ainda que \u201ca redu\u00e7\u00e3o fiscal tem permitido, de certa forma, mitigar os fortes condicionalismos que as pequenas empresas de licores e aguardentes enfrentam, revelando-se indispens\u00e1vel para a competitividade deste setor\u201d.<\/span><\/p>\n<p style=\"text-align: justify;\"><span style=\"color: #000000;\"><em>DL\/GaCS<\/em><\/span><\/p>","protected":false},"excerpt":{"rendered":"<p>O Vice-Presidente do Governo dos A\u00e7ores manifestou satisfa\u00e7\u00e3o pela autoriza\u00e7\u00e3o concedida a Portugal pela Comiss\u00e3o Europeia para prorrogar at\u00e9 2020 a taxa reduzida do imposto especial sobre licores e aguardentes produzidos e consumidos na Regi\u00e3o Aut\u00f3noma dos A\u00e7ores. \u00a0 Para S\u00e9rgio \u00c1vila, esta decis\u00e3o \u00e9 \u201co reconhecimento, por parte das institui\u00e7\u00f5es europeias, dos condicionalismos e [&hellip;]<\/p>","protected":false},"author":2,"featured_media":0,"comment_status":"open","ping_status":"open","sticky":false,"template":"","format":"standard","meta":[],"categories":[21],"tags":[],"acf":[],"yoast_head":"<!-- This site is optimized with the Yoast SEO plugin v20.10 - https:\/\/yoast.com\/wordpress\/plugins\/seo\/ -->\n<title>Redu\u00e7\u00e3o de 75 por cento no imposto especial sobre consumo de licores e aguardentes mant\u00e9m-se nos A\u00e7ores - Di\u00e1rio da Lagoa<\/title>\n<meta name=\"robots\" content=\"index, follow, max-snippet:-1, max-image-preview:large, max-video-preview:-1\" \/>\n<link rel=\"canonical\" href=\"https:\/\/diariodalagoa.pt\/en\/reducao-de-75-por-cento-no-imposto-especial-sobre-consumo-de-licores-e-aguardentes-mantem-se-nos-acores\/\" \/>\n<meta property=\"og:locale\" content=\"en_US\" \/>\n<meta property=\"og:type\" content=\"article\" \/>\n<meta property=\"og:title\" content=\"Redu\u00e7\u00e3o de 75 por cento no imposto especial sobre consumo de licores e aguardentes mant\u00e9m-se nos A\u00e7ores - Di\u00e1rio da Lagoa\" \/>\n<meta property=\"og:description\" content=\"O Vice-Presidente do Governo dos A\u00e7ores manifestou satisfa\u00e7\u00e3o pela autoriza\u00e7\u00e3o concedida a Portugal pela Comiss\u00e3o Europeia para prorrogar at\u00e9 2020 a taxa reduzida do imposto especial sobre licores e aguardentes produzidos e consumidos na Regi\u00e3o Aut\u00f3noma dos A\u00e7ores. \u00a0 Para S\u00e9rgio \u00c1vila, esta decis\u00e3o \u00e9 \u201co reconhecimento, por parte das institui\u00e7\u00f5es europeias, dos condicionalismos e [&hellip;]\" \/>\n<meta property=\"og:url\" content=\"https:\/\/diariodalagoa.pt\/en\/reducao-de-75-por-cento-no-imposto-especial-sobre-consumo-de-licores-e-aguardentes-mantem-se-nos-acores\/\" \/>\n<meta property=\"og:site_name\" content=\"Di\u00e1rio da Lagoa\" \/>\n<meta property=\"article:published_time\" content=\"2014-12-10T19:36:22+00:00\" \/>\n<meta name=\"author\" content=\"Di\u00e1rio da Lagoa\" \/>\n<meta name=\"twitter:card\" content=\"summary_large_image\" \/>\n<meta name=\"twitter:label1\" content=\"Written by\" \/>\n\t<meta name=\"twitter:data1\" content=\"Di\u00e1rio da Lagoa\" \/>\n\t<meta name=\"twitter:label2\" content=\"Est. reading time\" \/>\n\t<meta name=\"twitter:data2\" content=\"1 minute\" \/>\n<script type=\"application\/ld+json\" class=\"yoast-schema-graph\">{\"@context\":\"https:\/\/schema.org\",\"@graph\":[{\"@type\":\"WebPage\",\"@id\":\"https:\/\/diariodalagoa.pt\/reducao-de-75-por-cento-no-imposto-especial-sobre-consumo-de-licores-e-aguardentes-mantem-se-nos-acores\/\",\"url\":\"https:\/\/diariodalagoa.pt\/reducao-de-75-por-cento-no-imposto-especial-sobre-consumo-de-licores-e-aguardentes-mantem-se-nos-acores\/\",\"name\":\"Redu\u00e7\u00e3o de 75 por cento no imposto especial sobre consumo de licores e aguardentes mant\u00e9m-se nos A\u00e7ores - Di\u00e1rio da Lagoa\",\"isPartOf\":{\"@id\":\"https:\/\/diariodalagoa.pt\/#website\"},\"datePublished\":\"2014-12-10T19:36:22+00:00\",\"dateModified\":\"2014-12-10T19:36:22+00:00\",\"author\":{\"@id\":\"https:\/\/diariodalagoa.pt\/#\/schema\/person\/1615a002370e8857b6f972834bc43ece\"},\"breadcrumb\":{\"@id\":\"https:\/\/diariodalagoa.pt\/reducao-de-75-por-cento-no-imposto-especial-sobre-consumo-de-licores-e-aguardentes-mantem-se-nos-acores\/#breadcrumb\"},\"inLanguage\":\"en-US\",\"potentialAction\":[{\"@type\":\"ReadAction\",\"target\":[\"https:\/\/diariodalagoa.pt\/reducao-de-75-por-cento-no-imposto-especial-sobre-consumo-de-licores-e-aguardentes-mantem-se-nos-acores\/\"]}]},{\"@type\":\"BreadcrumbList\",\"@id\":\"https:\/\/diariodalagoa.pt\/reducao-de-75-por-cento-no-imposto-especial-sobre-consumo-de-licores-e-aguardentes-mantem-se-nos-acores\/#breadcrumb\",\"itemListElement\":[{\"@type\":\"ListItem\",\"position\":1,\"name\":\"In\u00edcio\",\"item\":\"https:\/\/diariodalagoa.pt\/\"},{\"@type\":\"ListItem\",\"position\":2,\"name\":\"Redu\u00e7\u00e3o de 75 por cento no imposto especial sobre consumo de licores e aguardentes mant\u00e9m-se nos A\u00e7ores\"}]},{\"@type\":\"WebSite\",\"@id\":\"https:\/\/diariodalagoa.pt\/#website\",\"url\":\"https:\/\/diariodalagoa.pt\/\",\"name\":\"Di\u00e1rio da Lagoa\",\"description\":\"Di\u00e1rio da Lagoa. As not\u00edcias que contam. A partir da Lagoa, nos A\u00e7ores, para o mundo.\",\"potentialAction\":[{\"@type\":\"SearchAction\",\"target\":{\"@type\":\"EntryPoint\",\"urlTemplate\":\"https:\/\/diariodalagoa.pt\/?s={search_term_string}\"},\"query-input\":\"required name=search_term_string\"}],\"inLanguage\":\"en-US\"},{\"@type\":\"Person\",\"@id\":\"https:\/\/diariodalagoa.pt\/#\/schema\/person\/1615a002370e8857b6f972834bc43ece\",\"name\":\"Di\u00e1rio da Lagoa\",\"image\":{\"@type\":\"ImageObject\",\"inLanguage\":\"en-US\",\"@id\":\"https:\/\/diariodalagoa.pt\/#\/schema\/person\/image\/\",\"url\":\"https:\/\/secure.gravatar.com\/avatar\/2cb5cef90a26f8fbd4d9d930608102c5?s=96&d=mm&r=g\",\"contentUrl\":\"https:\/\/secure.gravatar.com\/avatar\/2cb5cef90a26f8fbd4d9d930608102c5?s=96&d=mm&r=g\",\"caption\":\"Di\u00e1rio da Lagoa\"},\"url\":\"https:\/\/diariodalagoa.pt\/en\/author\/diariodalagoa\/\"}]}<\/script>\n<!-- \/ Yoast SEO plugin. -->","yoast_head_json":{"title":"Redu\u00e7\u00e3o de 75 por cento no imposto especial sobre consumo de licores e aguardentes mant\u00e9m-se nos A\u00e7ores - Di\u00e1rio da Lagoa","robots":{"index":"index","follow":"follow","max-snippet":"max-snippet:-1","max-image-preview":"max-image-preview:large","max-video-preview":"max-video-preview:-1"},"canonical":"https:\/\/diariodalagoa.pt\/en\/reducao-de-75-por-cento-no-imposto-especial-sobre-consumo-de-licores-e-aguardentes-mantem-se-nos-acores\/","og_locale":"en_US","og_type":"article","og_title":"Redu\u00e7\u00e3o de 75 por cento no imposto especial sobre consumo de licores e aguardentes mant\u00e9m-se nos A\u00e7ores - Di\u00e1rio da Lagoa","og_description":"O Vice-Presidente do Governo dos A\u00e7ores manifestou satisfa\u00e7\u00e3o pela autoriza\u00e7\u00e3o concedida a Portugal pela Comiss\u00e3o Europeia para prorrogar at\u00e9 2020 a taxa reduzida do imposto especial sobre licores e aguardentes produzidos e consumidos na Regi\u00e3o Aut\u00f3noma dos A\u00e7ores. \u00a0 Para S\u00e9rgio \u00c1vila, esta decis\u00e3o \u00e9 \u201co reconhecimento, por parte das institui\u00e7\u00f5es europeias, dos condicionalismos e [&hellip;]","og_url":"https:\/\/diariodalagoa.pt\/en\/reducao-de-75-por-cento-no-imposto-especial-sobre-consumo-de-licores-e-aguardentes-mantem-se-nos-acores\/","og_site_name":"Di\u00e1rio da Lagoa","article_published_time":"2014-12-10T19:36:22+00:00","author":"Di\u00e1rio da Lagoa","twitter_card":"summary_large_image","twitter_misc":{"Written by":"Di\u00e1rio da Lagoa","Est. reading time":"1 minute"},"schema":{"@context":"https:\/\/schema.org","@graph":[{"@type":"WebPage","@id":"https:\/\/diariodalagoa.pt\/reducao-de-75-por-cento-no-imposto-especial-sobre-consumo-de-licores-e-aguardentes-mantem-se-nos-acores\/","url":"https:\/\/diariodalagoa.pt\/reducao-de-75-por-cento-no-imposto-especial-sobre-consumo-de-licores-e-aguardentes-mantem-se-nos-acores\/","name":"Redu\u00e7\u00e3o de 75 por cento no imposto especial sobre consumo de licores e aguardentes mant\u00e9m-se nos A\u00e7ores - Di\u00e1rio da Lagoa","isPartOf":{"@id":"https:\/\/diariodalagoa.pt\/#website"},"datePublished":"2014-12-10T19:36:22+00:00","dateModified":"2014-12-10T19:36:22+00:00","author":{"@id":"https:\/\/diariodalagoa.pt\/#\/schema\/person\/1615a002370e8857b6f972834bc43ece"},"breadcrumb":{"@id":"https:\/\/diariodalagoa.pt\/reducao-de-75-por-cento-no-imposto-especial-sobre-consumo-de-licores-e-aguardentes-mantem-se-nos-acores\/#breadcrumb"},"inLanguage":"en-US","potentialAction":[{"@type":"ReadAction","target":["https:\/\/diariodalagoa.pt\/reducao-de-75-por-cento-no-imposto-especial-sobre-consumo-de-licores-e-aguardentes-mantem-se-nos-acores\/"]}]},{"@type":"BreadcrumbList","@id":"https:\/\/diariodalagoa.pt\/reducao-de-75-por-cento-no-imposto-especial-sobre-consumo-de-licores-e-aguardentes-mantem-se-nos-acores\/#breadcrumb","itemListElement":[{"@type":"ListItem","position":1,"name":"In\u00edcio","item":"https:\/\/diariodalagoa.pt\/"},{"@type":"ListItem","position":2,"name":"Redu\u00e7\u00e3o de 75 por cento no imposto especial sobre consumo de licores e aguardentes mant\u00e9m-se nos A\u00e7ores"}]},{"@type":"WebSite","@id":"https:\/\/diariodalagoa.pt\/#website","url":"https:\/\/diariodalagoa.pt\/","name":"Di\u00e1rio da Lagoa","description":"Di\u00e1rio da Lagoa. As not\u00edcias que contam. A partir da Lagoa, nos A\u00e7ores, para o mundo.","potentialAction":[{"@type":"SearchAction","target":{"@type":"EntryPoint","urlTemplate":"https:\/\/diariodalagoa.pt\/?s={search_term_string}"},"query-input":"required name=search_term_string"}],"inLanguage":"en-US"},{"@type":"Person","@id":"https:\/\/diariodalagoa.pt\/#\/schema\/person\/1615a002370e8857b6f972834bc43ece","name":"Di\u00e1rio da Lagoa","image":{"@type":"ImageObject","inLanguage":"en-US","@id":"https:\/\/diariodalagoa.pt\/#\/schema\/person\/image\/","url":"https:\/\/secure.gravatar.com\/avatar\/2cb5cef90a26f8fbd4d9d930608102c5?s=96&d=mm&r=g","contentUrl":"https:\/\/secure.gravatar.com\/avatar\/2cb5cef90a26f8fbd4d9d930608102c5?s=96&d=mm&r=g","caption":"Di\u00e1rio da Lagoa"},"url":"https:\/\/diariodalagoa.pt\/en\/author\/diariodalagoa\/"}]}},"_links":{"self":[{"href":"https:\/\/diariodalagoa.pt\/en\/wp-json\/wp\/v2\/posts\/12128"}],"collection":[{"href":"https:\/\/diariodalagoa.pt\/en\/wp-json\/wp\/v2\/posts"}],"about":[{"href":"https:\/\/diariodalagoa.pt\/en\/wp-json\/wp\/v2\/types\/post"}],"author":[{"embeddable":true,"href":"https:\/\/diariodalagoa.pt\/en\/wp-json\/wp\/v2\/users\/2"}],"replies":[{"embeddable":true,"href":"https:\/\/diariodalagoa.pt\/en\/wp-json\/wp\/v2\/comments?post=12128"}],"version-history":[{"count":0,"href":"https:\/\/diariodalagoa.pt\/en\/wp-json\/wp\/v2\/posts\/12128\/revisions"}],"wp:attachment":[{"href":"https:\/\/diariodalagoa.pt\/en\/wp-json\/wp\/v2\/media?parent=12128"}],"wp:term":[{"taxonomy":"category","embeddable":true,"href":"https:\/\/diariodalagoa.pt\/en\/wp-json\/wp\/v2\/categories?post=12128"},{"taxonomy":"post_tag","embeddable":true,"href":"https:\/\/diariodalagoa.pt\/en\/wp-json\/wp\/v2\/tags?post=12128"}],"curies":[{"name":"wp","href":"https:\/\/api.w.org\/{rel}","templated":true}]}}