{"id":11966,"date":"2014-12-04T09:43:46","date_gmt":"2014-12-04T10:43:46","guid":{"rendered":"http:\/\/diariodalagoa.pt\/?p=11966"},"modified":"2014-12-04T09:43:46","modified_gmt":"2014-12-04T10:43:46","slug":"vasco-cordeiro-visitou-instituicao-de-apoio-social-e-encontrou-se-com-empresarios-no-winnipeg","status":"publish","type":"post","link":"https:\/\/diariodalagoa.pt\/en\/vasco-cordeiro-visitou-instituicao-de-apoio-social-e-encontrou-se-com-empresarios-no-winnipeg\/","title":{"rendered":"Vasco Cordeiro visitou institui\u00e7\u00e3o de apoio social e encontrou-se com empres\u00e1rios no Winnipeg"},"content":{"rendered":"<p style=\"text-align: justify;\"><img decoding=\"async\" class=\"alignnone size-full wp-image-11967\" src=\"http:\/\/diariodalagoa.pt\/wp-content\/uploads\/2014\/12\/Vasco-Cordeiri-visita-Canada-lar-idosos.jpg\" alt=\"Vasco-Cordeiri-visita-Canada-lar-idosos\" width=\"720\" height=\"380\" \/><\/p>\n<p style=\"text-align: justify;\"><span style=\"color: #000000;\">O Presidente do Governo, Vasco Cordeiro, destacou a import\u00e2ncia do trabalho desenvolvido pelo Lar Santa Isabel, na cidade canadiana de Winnipeg, salientando que o apoio que esta institui\u00e7\u00e3o presta \u00e0 comunidade a\u00e7oriana \u00e9 tamb\u00e9m uma forma de congregar essa comunidade da di\u00e1spora.<\/span><\/p>\n<p style=\"text-align: justify;\"><span style=\"color: #000000;\">Vasco Cordeiro, que visitou esta quarta-feira este lar no \u00e2mbito da desloca\u00e7\u00e3o ao Canad\u00e1 para contactar com as comunidades a\u00e7orianas neste pa\u00eds, afirmou que o Governo dos A\u00e7ores acompanha com aten\u00e7\u00e3o o trabalho que \u00e9 realizado naquela institui\u00e7\u00e3o e est\u00e1 interessado em continuar com a parceria existente.\u00a0<\/span><\/p>\n<p style=\"text-align: justify;\"><span style=\"color: #000000;\">O Lar Santa Isabel, tamb\u00e9m conhecido por Portuguese Non Profit Housing Project, funciona num edif\u00edcio de apartamentos na cidade de Winnipeg, onde residem cerca de tr\u00eas dezenas de pessoas, uma parte das quais de origem a\u00e7oriana, com quem Vasco Cordeiro teve oportunidade de contactar.\u00a0<\/span><\/p>\n<p style=\"text-align: justify;\"><span style=\"color: #000000;\">Ainda em Winnipeg, na prov\u00edncia canadiana de Manitoba, Vasco Cordeiro participou num encontro com cerca de tr\u00eas dezenas de empres\u00e1rios a\u00e7orianos e a\u00e7or descendentes, promovido pela Sociedade para o Desenvolvimento Empresarial dos A\u00e7ores (SDEA), destinado a divulgar as oportunidades de investimento no arquip\u00e9lago.\u00a0<\/span><\/p>\n<p style=\"text-align: justify;\"><span style=\"color: #000000;\">Neste encontro foram apontadas as \u00e1reas consideradas estrat\u00e9gicas pelo Executivo regional, com especial incid\u00eancia no setor agropecu\u00e1rio, no turismo e na economia do mar, tendo sido apresentados os sistemas de incentivos ao investimento privado disponibilizados pelo Governo dos A\u00e7ores.<\/span><\/p>\n<p style=\"text-align: justify;\"><span style=\"color: #000000;\"><em>DL\/Gacs<\/em><\/span><\/p>","protected":false},"excerpt":{"rendered":"<p>O Presidente do Governo, Vasco Cordeiro, destacou a import\u00e2ncia do trabalho desenvolvido pelo Lar Santa Isabel, na cidade canadiana de Winnipeg, salientando que o apoio que esta institui\u00e7\u00e3o presta \u00e0 comunidade a\u00e7oriana \u00e9 tamb\u00e9m uma forma de congregar essa comunidade da di\u00e1spora. Vasco Cordeiro, que visitou esta quarta-feira este lar no \u00e2mbito da desloca\u00e7\u00e3o ao [&hellip;]<\/p>","protected":false},"author":2,"featured_media":121646,"comment_status":"open","ping_status":"open","sticky":false,"template":"","format":"standard","meta":[],"categories":[21],"tags":[],"acf":[],"yoast_head":"<!-- This site is optimized with the Yoast SEO plugin v20.10 - https:\/\/yoast.com\/wordpress\/plugins\/seo\/ -->\n<title>Vasco Cordeiro visitou institui\u00e7\u00e3o de apoio social e encontrou-se com empres\u00e1rios no Winnipeg - Di\u00e1rio da Lagoa<\/title>\n<meta name=\"robots\" content=\"index, follow, max-snippet:-1, max-image-preview:large, max-video-preview:-1\" \/>\n<link rel=\"canonical\" href=\"https:\/\/diariodalagoa.pt\/en\/vasco-cordeiro-visitou-instituicao-de-apoio-social-e-encontrou-se-com-empresarios-no-winnipeg\/\" \/>\n<meta property=\"og:locale\" content=\"en_US\" \/>\n<meta property=\"og:type\" content=\"article\" \/>\n<meta property=\"og:title\" content=\"Vasco Cordeiro visitou institui\u00e7\u00e3o de apoio social e encontrou-se com empres\u00e1rios no Winnipeg - Di\u00e1rio da Lagoa\" \/>\n<meta property=\"og:description\" content=\"O Presidente do Governo, Vasco Cordeiro, destacou a import\u00e2ncia do trabalho desenvolvido pelo Lar Santa Isabel, na cidade canadiana de Winnipeg, salientando que o apoio que esta institui\u00e7\u00e3o presta \u00e0 comunidade a\u00e7oriana \u00e9 tamb\u00e9m uma forma de congregar essa comunidade da di\u00e1spora. Vasco Cordeiro, que visitou esta quarta-feira este lar no \u00e2mbito da desloca\u00e7\u00e3o ao [&hellip;]\" \/>\n<meta property=\"og:url\" content=\"https:\/\/diariodalagoa.pt\/en\/vasco-cordeiro-visitou-instituicao-de-apoio-social-e-encontrou-se-com-empresarios-no-winnipeg\/\" \/>\n<meta property=\"og:site_name\" content=\"Di\u00e1rio da Lagoa\" \/>\n<meta property=\"article:published_time\" content=\"2014-12-04T10:43:46+00:00\" \/>\n<meta property=\"og:image\" content=\"https:\/\/diariodalagoa.pt\/wp-content\/uploads\/2014\/12\/vasco-cordeiri-visita-canada-lar-idosos.jpg\" \/>\n\t<meta property=\"og:image:width\" content=\"720\" \/>\n\t<meta property=\"og:image:height\" content=\"380\" \/>\n\t<meta property=\"og:image:type\" content=\"image\/jpeg\" \/>\n<meta name=\"author\" content=\"Di\u00e1rio da Lagoa\" \/>\n<meta name=\"twitter:card\" content=\"summary_large_image\" \/>\n<meta name=\"twitter:label1\" content=\"Written by\" \/>\n\t<meta name=\"twitter:data1\" content=\"Di\u00e1rio da Lagoa\" \/>\n\t<meta name=\"twitter:label2\" content=\"Est. reading time\" \/>\n\t<meta name=\"twitter:data2\" content=\"1 minute\" \/>\n<script type=\"application\/ld+json\" class=\"yoast-schema-graph\">{\"@context\":\"https:\/\/schema.org\",\"@graph\":[{\"@type\":\"WebPage\",\"@id\":\"https:\/\/diariodalagoa.pt\/vasco-cordeiro-visitou-instituicao-de-apoio-social-e-encontrou-se-com-empresarios-no-winnipeg\/\",\"url\":\"https:\/\/diariodalagoa.pt\/vasco-cordeiro-visitou-instituicao-de-apoio-social-e-encontrou-se-com-empresarios-no-winnipeg\/\",\"name\":\"Vasco Cordeiro visitou institui\u00e7\u00e3o de apoio social e encontrou-se com empres\u00e1rios no Winnipeg - Di\u00e1rio da Lagoa\",\"isPartOf\":{\"@id\":\"https:\/\/diariodalagoa.pt\/#website\"},\"datePublished\":\"2014-12-04T10:43:46+00:00\",\"dateModified\":\"2014-12-04T10:43:46+00:00\",\"author\":{\"@id\":\"https:\/\/diariodalagoa.pt\/#\/schema\/person\/1615a002370e8857b6f972834bc43ece\"},\"breadcrumb\":{\"@id\":\"https:\/\/diariodalagoa.pt\/vasco-cordeiro-visitou-instituicao-de-apoio-social-e-encontrou-se-com-empresarios-no-winnipeg\/#breadcrumb\"},\"inLanguage\":\"en-US\",\"potentialAction\":[{\"@type\":\"ReadAction\",\"target\":[\"https:\/\/diariodalagoa.pt\/vasco-cordeiro-visitou-instituicao-de-apoio-social-e-encontrou-se-com-empresarios-no-winnipeg\/\"]}]},{\"@type\":\"BreadcrumbList\",\"@id\":\"https:\/\/diariodalagoa.pt\/vasco-cordeiro-visitou-instituicao-de-apoio-social-e-encontrou-se-com-empresarios-no-winnipeg\/#breadcrumb\",\"itemListElement\":[{\"@type\":\"ListItem\",\"position\":1,\"name\":\"In\u00edcio\",\"item\":\"https:\/\/diariodalagoa.pt\/\"},{\"@type\":\"ListItem\",\"position\":2,\"name\":\"Vasco Cordeiro visitou institui\u00e7\u00e3o de apoio social e encontrou-se com empres\u00e1rios no Winnipeg\"}]},{\"@type\":\"WebSite\",\"@id\":\"https:\/\/diariodalagoa.pt\/#website\",\"url\":\"https:\/\/diariodalagoa.pt\/\",\"name\":\"Di\u00e1rio da Lagoa\",\"description\":\"Di\u00e1rio da Lagoa. As not\u00edcias que contam. A partir da Lagoa, nos A\u00e7ores, para o mundo.\",\"potentialAction\":[{\"@type\":\"SearchAction\",\"target\":{\"@type\":\"EntryPoint\",\"urlTemplate\":\"https:\/\/diariodalagoa.pt\/?s={search_term_string}\"},\"query-input\":\"required name=search_term_string\"}],\"inLanguage\":\"en-US\"},{\"@type\":\"Person\",\"@id\":\"https:\/\/diariodalagoa.pt\/#\/schema\/person\/1615a002370e8857b6f972834bc43ece\",\"name\":\"Di\u00e1rio da Lagoa\",\"image\":{\"@type\":\"ImageObject\",\"inLanguage\":\"en-US\",\"@id\":\"https:\/\/diariodalagoa.pt\/#\/schema\/person\/image\/\",\"url\":\"https:\/\/secure.gravatar.com\/avatar\/2cb5cef90a26f8fbd4d9d930608102c5?s=96&d=mm&r=g\",\"contentUrl\":\"https:\/\/secure.gravatar.com\/avatar\/2cb5cef90a26f8fbd4d9d930608102c5?s=96&d=mm&r=g\",\"caption\":\"Di\u00e1rio da Lagoa\"},\"url\":\"https:\/\/diariodalagoa.pt\/en\/author\/diariodalagoa\/\"}]}<\/script>\n<!-- \/ Yoast SEO plugin. -->","yoast_head_json":{"title":"Vasco Cordeiro visitou institui\u00e7\u00e3o de apoio social e encontrou-se com empres\u00e1rios no Winnipeg - Di\u00e1rio da Lagoa","robots":{"index":"index","follow":"follow","max-snippet":"max-snippet:-1","max-image-preview":"max-image-preview:large","max-video-preview":"max-video-preview:-1"},"canonical":"https:\/\/diariodalagoa.pt\/en\/vasco-cordeiro-visitou-instituicao-de-apoio-social-e-encontrou-se-com-empresarios-no-winnipeg\/","og_locale":"en_US","og_type":"article","og_title":"Vasco Cordeiro visitou institui\u00e7\u00e3o de apoio social e encontrou-se com empres\u00e1rios no Winnipeg - Di\u00e1rio da Lagoa","og_description":"O Presidente do Governo, Vasco Cordeiro, destacou a import\u00e2ncia do trabalho desenvolvido pelo Lar Santa Isabel, na cidade canadiana de Winnipeg, salientando que o apoio que esta institui\u00e7\u00e3o presta \u00e0 comunidade a\u00e7oriana \u00e9 tamb\u00e9m uma forma de congregar essa comunidade da di\u00e1spora. Vasco Cordeiro, que visitou esta quarta-feira este lar no \u00e2mbito da desloca\u00e7\u00e3o ao [&hellip;]","og_url":"https:\/\/diariodalagoa.pt\/en\/vasco-cordeiro-visitou-instituicao-de-apoio-social-e-encontrou-se-com-empresarios-no-winnipeg\/","og_site_name":"Di\u00e1rio da Lagoa","article_published_time":"2014-12-04T10:43:46+00:00","og_image":[{"width":720,"height":380,"url":"https:\/\/diariodalagoa.pt\/wp-content\/uploads\/2014\/12\/vasco-cordeiri-visita-canada-lar-idosos.jpg","type":"image\/jpeg"}],"author":"Di\u00e1rio da Lagoa","twitter_card":"summary_large_image","twitter_misc":{"Written by":"Di\u00e1rio da Lagoa","Est. reading time":"1 minute"},"schema":{"@context":"https:\/\/schema.org","@graph":[{"@type":"WebPage","@id":"https:\/\/diariodalagoa.pt\/vasco-cordeiro-visitou-instituicao-de-apoio-social-e-encontrou-se-com-empresarios-no-winnipeg\/","url":"https:\/\/diariodalagoa.pt\/vasco-cordeiro-visitou-instituicao-de-apoio-social-e-encontrou-se-com-empresarios-no-winnipeg\/","name":"Vasco Cordeiro visitou institui\u00e7\u00e3o de apoio social e encontrou-se com empres\u00e1rios no Winnipeg - Di\u00e1rio da Lagoa","isPartOf":{"@id":"https:\/\/diariodalagoa.pt\/#website"},"datePublished":"2014-12-04T10:43:46+00:00","dateModified":"2014-12-04T10:43:46+00:00","author":{"@id":"https:\/\/diariodalagoa.pt\/#\/schema\/person\/1615a002370e8857b6f972834bc43ece"},"breadcrumb":{"@id":"https:\/\/diariodalagoa.pt\/vasco-cordeiro-visitou-instituicao-de-apoio-social-e-encontrou-se-com-empresarios-no-winnipeg\/#breadcrumb"},"inLanguage":"en-US","potentialAction":[{"@type":"ReadAction","target":["https:\/\/diariodalagoa.pt\/vasco-cordeiro-visitou-instituicao-de-apoio-social-e-encontrou-se-com-empresarios-no-winnipeg\/"]}]},{"@type":"BreadcrumbList","@id":"https:\/\/diariodalagoa.pt\/vasco-cordeiro-visitou-instituicao-de-apoio-social-e-encontrou-se-com-empresarios-no-winnipeg\/#breadcrumb","itemListElement":[{"@type":"ListItem","position":1,"name":"In\u00edcio","item":"https:\/\/diariodalagoa.pt\/"},{"@type":"ListItem","position":2,"name":"Vasco Cordeiro visitou institui\u00e7\u00e3o de apoio social e encontrou-se com empres\u00e1rios no Winnipeg"}]},{"@type":"WebSite","@id":"https:\/\/diariodalagoa.pt\/#website","url":"https:\/\/diariodalagoa.pt\/","name":"Di\u00e1rio da Lagoa","description":"Di\u00e1rio da Lagoa. As not\u00edcias que contam. A partir da Lagoa, nos A\u00e7ores, para o mundo.","potentialAction":[{"@type":"SearchAction","target":{"@type":"EntryPoint","urlTemplate":"https:\/\/diariodalagoa.pt\/?s={search_term_string}"},"query-input":"required name=search_term_string"}],"inLanguage":"en-US"},{"@type":"Person","@id":"https:\/\/diariodalagoa.pt\/#\/schema\/person\/1615a002370e8857b6f972834bc43ece","name":"Di\u00e1rio da Lagoa","image":{"@type":"ImageObject","inLanguage":"en-US","@id":"https:\/\/diariodalagoa.pt\/#\/schema\/person\/image\/","url":"https:\/\/secure.gravatar.com\/avatar\/2cb5cef90a26f8fbd4d9d930608102c5?s=96&d=mm&r=g","contentUrl":"https:\/\/secure.gravatar.com\/avatar\/2cb5cef90a26f8fbd4d9d930608102c5?s=96&d=mm&r=g","caption":"Di\u00e1rio da Lagoa"},"url":"https:\/\/diariodalagoa.pt\/en\/author\/diariodalagoa\/"}]}},"_links":{"self":[{"href":"https:\/\/diariodalagoa.pt\/en\/wp-json\/wp\/v2\/posts\/11966"}],"collection":[{"href":"https:\/\/diariodalagoa.pt\/en\/wp-json\/wp\/v2\/posts"}],"about":[{"href":"https:\/\/diariodalagoa.pt\/en\/wp-json\/wp\/v2\/types\/post"}],"author":[{"embeddable":true,"href":"https:\/\/diariodalagoa.pt\/en\/wp-json\/wp\/v2\/users\/2"}],"replies":[{"embeddable":true,"href":"https:\/\/diariodalagoa.pt\/en\/wp-json\/wp\/v2\/comments?post=11966"}],"version-history":[{"count":0,"href":"https:\/\/diariodalagoa.pt\/en\/wp-json\/wp\/v2\/posts\/11966\/revisions"}],"wp:featuredmedia":[{"embeddable":true,"href":"https:\/\/diariodalagoa.pt\/en\/wp-json\/wp\/v2\/media\/121646"}],"wp:attachment":[{"href":"https:\/\/diariodalagoa.pt\/en\/wp-json\/wp\/v2\/media?parent=11966"}],"wp:term":[{"taxonomy":"category","embeddable":true,"href":"https:\/\/diariodalagoa.pt\/en\/wp-json\/wp\/v2\/categories?post=11966"},{"taxonomy":"post_tag","embeddable":true,"href":"https:\/\/diariodalagoa.pt\/en\/wp-json\/wp\/v2\/tags?post=11966"}],"curies":[{"name":"wp","href":"https:\/\/api.w.org\/{rel}","templated":true}]}}