{"id":11786,"date":"2014-11-28T12:12:17","date_gmt":"2014-11-28T13:12:17","guid":{"rendered":"http:\/\/diariodalagoa.pt\/?p=11786"},"modified":"2014-11-28T12:12:17","modified_gmt":"2014-11-28T13:12:17","slug":"policia-judiciaria-deteve-homem-por-posse-de-armas-proibidas","status":"publish","type":"post","link":"https:\/\/diariodalagoa.pt\/en\/policia-judiciaria-deteve-homem-por-posse-de-armas-proibidas\/","title":{"rendered":"Pol\u00edcia Judici\u00e1ria deteve homem por posse de armas proibidas"},"content":{"rendered":"<p style=\"text-align: justify;\"><img decoding=\"async\" class=\"alignnone size-full wp-image-11556\" src=\"http:\/\/diariodalagoa.pt\/wp-content\/uploads\/2014\/11\/PJ-faixa.jpg\" alt=\"PJ-faixa\" width=\"720\" height=\"380\" \/><\/p>\n<p style=\"text-align: justify;\"><span style=\"color: #000000;\">A Pol\u00edcia Judici\u00e1ria (PJ), atrav\u00e9s do Departamento de Investiga\u00e7\u00e3o Criminal de Ponta Delgada, deteve um homem indiciado pela pr\u00e1tica do crime de deten\u00e7\u00e3o de arma proibida.<\/span><\/p>\n<p style=\"text-align: justify;\"><span style=\"color: #000000;\">A deten\u00e7\u00e3o ocorreu em flagrante delito, no decurso de busca \u00e0 casa do suspeito, na ilha de S. Miguel, realizada no \u00e2mbito de uma investiga\u00e7\u00e3o de tr\u00e1fico e media\u00e7\u00e3o de armas, tendo-lhe sido apreendidos v\u00e1rios bast\u00f5es, uma arma de fogo e uma outra de press\u00e3o.<\/span><\/p>\n<p style=\"text-align: justify;\"><span style=\"color: #000000;\">Segundo a PJ, o detido, mec\u00e2nico de profiss\u00e3o, de 29 anos de idade, vai ser presente a primeiro interrogat\u00f3rio judicial para aplica\u00e7\u00e3o das medidas de coa\u00e7\u00e3o tidas por adequadas.<\/span><\/p>\n<p style=\"text-align: justify;\"><span style=\"color: #000000;\"><em>DL\/PJ<\/em><\/span><\/p>","protected":false},"excerpt":{"rendered":"<p>A Pol\u00edcia Judici\u00e1ria (PJ), atrav\u00e9s do Departamento de Investiga\u00e7\u00e3o Criminal de Ponta Delgada, deteve um homem indiciado pela pr\u00e1tica do crime de deten\u00e7\u00e3o de arma proibida. A deten\u00e7\u00e3o ocorreu em flagrante delito, no decurso de busca \u00e0 casa do suspeito, na ilha de S. Miguel, realizada no \u00e2mbito de uma investiga\u00e7\u00e3o de tr\u00e1fico e media\u00e7\u00e3o [&hellip;]<\/p>","protected":false},"author":2,"featured_media":121655,"comment_status":"open","ping_status":"open","sticky":false,"template":"","format":"standard","meta":[],"categories":[21],"tags":[],"acf":[],"yoast_head":"<!-- This site is optimized with the Yoast SEO plugin v20.10 - https:\/\/yoast.com\/wordpress\/plugins\/seo\/ -->\n<title>Pol\u00edcia Judici\u00e1ria deteve homem por posse de armas proibidas - Di\u00e1rio da Lagoa<\/title>\n<meta name=\"robots\" content=\"index, follow, max-snippet:-1, max-image-preview:large, max-video-preview:-1\" \/>\n<link rel=\"canonical\" href=\"https:\/\/diariodalagoa.pt\/en\/policia-judiciaria-deteve-homem-por-posse-de-armas-proibidas\/\" \/>\n<meta property=\"og:locale\" content=\"en_US\" \/>\n<meta property=\"og:type\" content=\"article\" \/>\n<meta property=\"og:title\" content=\"Pol\u00edcia Judici\u00e1ria deteve homem por posse de armas proibidas - Di\u00e1rio da Lagoa\" \/>\n<meta property=\"og:description\" content=\"A Pol\u00edcia Judici\u00e1ria (PJ), atrav\u00e9s do Departamento de Investiga\u00e7\u00e3o Criminal de Ponta Delgada, deteve um homem indiciado pela pr\u00e1tica do crime de deten\u00e7\u00e3o de arma proibida. A deten\u00e7\u00e3o ocorreu em flagrante delito, no decurso de busca \u00e0 casa do suspeito, na ilha de S. Miguel, realizada no \u00e2mbito de uma investiga\u00e7\u00e3o de tr\u00e1fico e media\u00e7\u00e3o [&hellip;]\" \/>\n<meta property=\"og:url\" content=\"https:\/\/diariodalagoa.pt\/en\/policia-judiciaria-deteve-homem-por-posse-de-armas-proibidas\/\" \/>\n<meta property=\"og:site_name\" content=\"Di\u00e1rio da Lagoa\" \/>\n<meta property=\"article:published_time\" content=\"2014-11-28T13:12:17+00:00\" \/>\n<meta property=\"og:image\" content=\"https:\/\/diariodalagoa.pt\/wp-content\/uploads\/2014\/11\/pj-faixa.jpg\" \/>\n\t<meta property=\"og:image:width\" content=\"720\" \/>\n\t<meta property=\"og:image:height\" content=\"380\" \/>\n\t<meta property=\"og:image:type\" content=\"image\/jpeg\" \/>\n<meta name=\"author\" content=\"Di\u00e1rio da Lagoa\" \/>\n<meta name=\"twitter:card\" content=\"summary_large_image\" \/>\n<meta name=\"twitter:label1\" content=\"Written by\" \/>\n\t<meta name=\"twitter:data1\" content=\"Di\u00e1rio da Lagoa\" \/>\n\t<meta name=\"twitter:label2\" content=\"Est. reading time\" \/>\n\t<meta name=\"twitter:data2\" content=\"1 minute\" \/>\n<script type=\"application\/ld+json\" class=\"yoast-schema-graph\">{\"@context\":\"https:\/\/schema.org\",\"@graph\":[{\"@type\":\"WebPage\",\"@id\":\"https:\/\/diariodalagoa.pt\/policia-judiciaria-deteve-homem-por-posse-de-armas-proibidas\/\",\"url\":\"https:\/\/diariodalagoa.pt\/policia-judiciaria-deteve-homem-por-posse-de-armas-proibidas\/\",\"name\":\"Pol\u00edcia Judici\u00e1ria deteve homem por posse de armas proibidas - Di\u00e1rio da Lagoa\",\"isPartOf\":{\"@id\":\"https:\/\/diariodalagoa.pt\/#website\"},\"datePublished\":\"2014-11-28T13:12:17+00:00\",\"dateModified\":\"2014-11-28T13:12:17+00:00\",\"author\":{\"@id\":\"https:\/\/diariodalagoa.pt\/#\/schema\/person\/1615a002370e8857b6f972834bc43ece\"},\"breadcrumb\":{\"@id\":\"https:\/\/diariodalagoa.pt\/policia-judiciaria-deteve-homem-por-posse-de-armas-proibidas\/#breadcrumb\"},\"inLanguage\":\"en-US\",\"potentialAction\":[{\"@type\":\"ReadAction\",\"target\":[\"https:\/\/diariodalagoa.pt\/policia-judiciaria-deteve-homem-por-posse-de-armas-proibidas\/\"]}]},{\"@type\":\"BreadcrumbList\",\"@id\":\"https:\/\/diariodalagoa.pt\/policia-judiciaria-deteve-homem-por-posse-de-armas-proibidas\/#breadcrumb\",\"itemListElement\":[{\"@type\":\"ListItem\",\"position\":1,\"name\":\"In\u00edcio\",\"item\":\"https:\/\/diariodalagoa.pt\/\"},{\"@type\":\"ListItem\",\"position\":2,\"name\":\"Pol\u00edcia Judici\u00e1ria deteve homem por posse de armas proibidas\"}]},{\"@type\":\"WebSite\",\"@id\":\"https:\/\/diariodalagoa.pt\/#website\",\"url\":\"https:\/\/diariodalagoa.pt\/\",\"name\":\"Di\u00e1rio da Lagoa\",\"description\":\"Di\u00e1rio da Lagoa. As not\u00edcias que contam. A partir da Lagoa, nos A\u00e7ores, para o mundo.\",\"potentialAction\":[{\"@type\":\"SearchAction\",\"target\":{\"@type\":\"EntryPoint\",\"urlTemplate\":\"https:\/\/diariodalagoa.pt\/?s={search_term_string}\"},\"query-input\":\"required name=search_term_string\"}],\"inLanguage\":\"en-US\"},{\"@type\":\"Person\",\"@id\":\"https:\/\/diariodalagoa.pt\/#\/schema\/person\/1615a002370e8857b6f972834bc43ece\",\"name\":\"Di\u00e1rio da Lagoa\",\"image\":{\"@type\":\"ImageObject\",\"inLanguage\":\"en-US\",\"@id\":\"https:\/\/diariodalagoa.pt\/#\/schema\/person\/image\/\",\"url\":\"https:\/\/secure.gravatar.com\/avatar\/2cb5cef90a26f8fbd4d9d930608102c5?s=96&d=mm&r=g\",\"contentUrl\":\"https:\/\/secure.gravatar.com\/avatar\/2cb5cef90a26f8fbd4d9d930608102c5?s=96&d=mm&r=g\",\"caption\":\"Di\u00e1rio da Lagoa\"},\"url\":\"https:\/\/diariodalagoa.pt\/en\/author\/diariodalagoa\/\"}]}<\/script>\n<!-- \/ Yoast SEO plugin. -->","yoast_head_json":{"title":"Pol\u00edcia Judici\u00e1ria deteve homem por posse de armas proibidas - Di\u00e1rio da Lagoa","robots":{"index":"index","follow":"follow","max-snippet":"max-snippet:-1","max-image-preview":"max-image-preview:large","max-video-preview":"max-video-preview:-1"},"canonical":"https:\/\/diariodalagoa.pt\/en\/policia-judiciaria-deteve-homem-por-posse-de-armas-proibidas\/","og_locale":"en_US","og_type":"article","og_title":"Pol\u00edcia Judici\u00e1ria deteve homem por posse de armas proibidas - Di\u00e1rio da Lagoa","og_description":"A Pol\u00edcia Judici\u00e1ria (PJ), atrav\u00e9s do Departamento de Investiga\u00e7\u00e3o Criminal de Ponta Delgada, deteve um homem indiciado pela pr\u00e1tica do crime de deten\u00e7\u00e3o de arma proibida. A deten\u00e7\u00e3o ocorreu em flagrante delito, no decurso de busca \u00e0 casa do suspeito, na ilha de S. Miguel, realizada no \u00e2mbito de uma investiga\u00e7\u00e3o de tr\u00e1fico e media\u00e7\u00e3o [&hellip;]","og_url":"https:\/\/diariodalagoa.pt\/en\/policia-judiciaria-deteve-homem-por-posse-de-armas-proibidas\/","og_site_name":"Di\u00e1rio da Lagoa","article_published_time":"2014-11-28T13:12:17+00:00","og_image":[{"width":720,"height":380,"url":"https:\/\/diariodalagoa.pt\/wp-content\/uploads\/2014\/11\/pj-faixa.jpg","type":"image\/jpeg"}],"author":"Di\u00e1rio da Lagoa","twitter_card":"summary_large_image","twitter_misc":{"Written by":"Di\u00e1rio da Lagoa","Est. reading time":"1 minute"},"schema":{"@context":"https:\/\/schema.org","@graph":[{"@type":"WebPage","@id":"https:\/\/diariodalagoa.pt\/policia-judiciaria-deteve-homem-por-posse-de-armas-proibidas\/","url":"https:\/\/diariodalagoa.pt\/policia-judiciaria-deteve-homem-por-posse-de-armas-proibidas\/","name":"Pol\u00edcia Judici\u00e1ria deteve homem por posse de armas proibidas - Di\u00e1rio da Lagoa","isPartOf":{"@id":"https:\/\/diariodalagoa.pt\/#website"},"datePublished":"2014-11-28T13:12:17+00:00","dateModified":"2014-11-28T13:12:17+00:00","author":{"@id":"https:\/\/diariodalagoa.pt\/#\/schema\/person\/1615a002370e8857b6f972834bc43ece"},"breadcrumb":{"@id":"https:\/\/diariodalagoa.pt\/policia-judiciaria-deteve-homem-por-posse-de-armas-proibidas\/#breadcrumb"},"inLanguage":"en-US","potentialAction":[{"@type":"ReadAction","target":["https:\/\/diariodalagoa.pt\/policia-judiciaria-deteve-homem-por-posse-de-armas-proibidas\/"]}]},{"@type":"BreadcrumbList","@id":"https:\/\/diariodalagoa.pt\/policia-judiciaria-deteve-homem-por-posse-de-armas-proibidas\/#breadcrumb","itemListElement":[{"@type":"ListItem","position":1,"name":"In\u00edcio","item":"https:\/\/diariodalagoa.pt\/"},{"@type":"ListItem","position":2,"name":"Pol\u00edcia Judici\u00e1ria deteve homem por posse de armas proibidas"}]},{"@type":"WebSite","@id":"https:\/\/diariodalagoa.pt\/#website","url":"https:\/\/diariodalagoa.pt\/","name":"Di\u00e1rio da Lagoa","description":"Di\u00e1rio da Lagoa. As not\u00edcias que contam. A partir da Lagoa, nos A\u00e7ores, para o mundo.","potentialAction":[{"@type":"SearchAction","target":{"@type":"EntryPoint","urlTemplate":"https:\/\/diariodalagoa.pt\/?s={search_term_string}"},"query-input":"required name=search_term_string"}],"inLanguage":"en-US"},{"@type":"Person","@id":"https:\/\/diariodalagoa.pt\/#\/schema\/person\/1615a002370e8857b6f972834bc43ece","name":"Di\u00e1rio da Lagoa","image":{"@type":"ImageObject","inLanguage":"en-US","@id":"https:\/\/diariodalagoa.pt\/#\/schema\/person\/image\/","url":"https:\/\/secure.gravatar.com\/avatar\/2cb5cef90a26f8fbd4d9d930608102c5?s=96&d=mm&r=g","contentUrl":"https:\/\/secure.gravatar.com\/avatar\/2cb5cef90a26f8fbd4d9d930608102c5?s=96&d=mm&r=g","caption":"Di\u00e1rio da Lagoa"},"url":"https:\/\/diariodalagoa.pt\/en\/author\/diariodalagoa\/"}]}},"_links":{"self":[{"href":"https:\/\/diariodalagoa.pt\/en\/wp-json\/wp\/v2\/posts\/11786"}],"collection":[{"href":"https:\/\/diariodalagoa.pt\/en\/wp-json\/wp\/v2\/posts"}],"about":[{"href":"https:\/\/diariodalagoa.pt\/en\/wp-json\/wp\/v2\/types\/post"}],"author":[{"embeddable":true,"href":"https:\/\/diariodalagoa.pt\/en\/wp-json\/wp\/v2\/users\/2"}],"replies":[{"embeddable":true,"href":"https:\/\/diariodalagoa.pt\/en\/wp-json\/wp\/v2\/comments?post=11786"}],"version-history":[{"count":0,"href":"https:\/\/diariodalagoa.pt\/en\/wp-json\/wp\/v2\/posts\/11786\/revisions"}],"wp:featuredmedia":[{"embeddable":true,"href":"https:\/\/diariodalagoa.pt\/en\/wp-json\/wp\/v2\/media\/121655"}],"wp:attachment":[{"href":"https:\/\/diariodalagoa.pt\/en\/wp-json\/wp\/v2\/media?parent=11786"}],"wp:term":[{"taxonomy":"category","embeddable":true,"href":"https:\/\/diariodalagoa.pt\/en\/wp-json\/wp\/v2\/categories?post=11786"},{"taxonomy":"post_tag","embeddable":true,"href":"https:\/\/diariodalagoa.pt\/en\/wp-json\/wp\/v2\/tags?post=11786"}],"curies":[{"name":"wp","href":"https:\/\/api.w.org\/{rel}","templated":true}]}}