{"id":11760,"date":"2014-11-27T20:23:45","date_gmt":"2014-11-27T21:23:45","guid":{"rendered":"http:\/\/diariodalagoa.pt\/?p=11760"},"modified":"2014-11-27T20:23:45","modified_gmt":"2014-11-27T21:23:45","slug":"vasco-cordeiro-quer-consenso-sobre-proposta-do-governo-para-baixar-impostos-na-regiao","status":"publish","type":"post","link":"https:\/\/diariodalagoa.pt\/en\/vasco-cordeiro-quer-consenso-sobre-proposta-do-governo-para-baixar-impostos-na-regiao\/","title":{"rendered":"Vasco Cordeiro quer consenso sobre proposta do Governo para baixar impostos na Regi\u00e3o"},"content":{"rendered":"<p style=\"text-align: justify;\"><img decoding=\"async\" class=\"alignnone size-full wp-image-11762\" src=\"http:\/\/diariodalagoa.pt\/wp-content\/uploads\/2014\/11\/Vasco-Cordeiro-Plano-debate-ALRA-governo-A\u00e7ores-.jpg\" alt=\"Vasco-Cordeiro-Plano-debate-ALRA-governo-A\u00e7ores-\" width=\"720\" height=\"380\" \/><\/p>\n<p style=\"text-align: justify;\"><span style=\"color: rgb(0, 0, 0);\">O Governo dos A\u00e7ores est\u00e1 trabalhar numa proposta para a redu\u00e7\u00e3o dos impostos na Regi\u00e3o, anunciou hoje Vasco Cordeiro, adiantando que pretende convidar, nos pr\u00f3ximos dias, todos os partidos pol\u00edticos com vista a alcan\u00e7ar um consenso sobre esta mat\u00e9ria.<\/span><\/p>\n<p style=\"text-align: justify;\"><span style=\"color: rgb(0, 0, 0);\">O Presidente do Governo, que falava no encerramento do debate parlamentar sobre o Plano de Investimentos e o Or\u00e7amento para 2015,\u00a0salientou que a compet\u00eancia relativa a essa possibilidade pode e deve ser exercida pela Assembleia Legislativa da Regi\u00e3o Aut\u00f3noma dos A\u00e7ores, assim que estiver promulgado o Or\u00e7amento de Estado para o pr\u00f3ximo ano.<\/span><\/p>\n<p style=\"text-align: justify;\"><span style=\"color: rgb(0, 0, 0);\">No final dos tr\u00eas dias de debate, Vasco Cordeiro salientou, por outro lado, que o Plano de Investimentos e o Or\u00e7amento para 2015 s\u00e3o \u201cdocumentos de combate\u201d, que mobilizam todos os recursos e todas as compet\u00eancias para os A\u00e7ores vencerem os desafios com que est\u00e3o confrontados, entre os quais o da cria\u00e7\u00e3o de emprego.<\/span><\/p>\n<p style=\"text-align: justify;\"><span style=\"color: rgb(0, 0, 0);\">Segundo disse, relativamente ao primeiro objetivo, o Governo por\u00e1 em pr\u00e1tica, em 2015, o chamado Vale de Inova\u00e7\u00e3o e Empreendedorismo, que consiste na atribui\u00e7\u00e3o de um apoio financeiro destinado a promover iniciativas de empreendedorismo e\/ou de inova\u00e7\u00e3o, para apoio \u00e0 cria\u00e7\u00e3o de novos neg\u00f3cios ou para a diversifica\u00e7\u00e3o de neg\u00f3cios existentes.<\/span><\/p>\n<p style=\"text-align: justify;\"><span style=\"color: rgb(0, 0, 0);\">Na sua interven\u00e7\u00e3o, Vasco Cordeiro real\u00e7ou que, a juntar \u00e0s medidas j\u00e1 dirigidas ao combate ao desemprego jovem, o Governo entende ser essencial dar uma aten\u00e7\u00e3o especial \u00e0 empregabilidade de jovens com baixas qualifica\u00e7\u00f5es.<\/span><\/p>\n<p style=\"text-align: justify;\"><span style=\"color: rgb(0, 0, 0);\">O Presidente do Governo lamentou, por outro lado, que, relativamente \u00e0 cria\u00e7\u00e3o de emprego, principal desafio com que as A\u00e7orianas e os A\u00e7orianos est\u00e3o confrontados, o PSD\/A\u00e7ores n\u00e3o tenha apresentado, neste debate parlamentar, nem propostas, nem sugest\u00f5es, nem contributos.<\/span><\/p>\n<p style=\"text-align: justify;\"><span style=\"color: rgb(0, 0, 0);\"><em>DL\/Gacs<\/em><\/span><\/p>","protected":false},"excerpt":{"rendered":"<p>O Governo dos A\u00e7ores est\u00e1 trabalhar numa proposta para a redu\u00e7\u00e3o dos impostos na Regi\u00e3o, anunciou hoje Vasco Cordeiro, adiantando que pretende convidar, nos pr\u00f3ximos dias, todos os partidos pol\u00edticos com vista a alcan\u00e7ar um consenso sobre esta mat\u00e9ria. O Presidente do Governo, que falava no encerramento do debate parlamentar sobre o Plano de Investimentos [&hellip;]<\/p>","protected":false},"author":2,"featured_media":0,"comment_status":"open","ping_status":"open","sticky":false,"template":"","format":"standard","meta":[],"categories":[21],"tags":[],"acf":[],"yoast_head":"<!-- This site is optimized with the Yoast SEO plugin v20.10 - https:\/\/yoast.com\/wordpress\/plugins\/seo\/ -->\n<title>Vasco Cordeiro quer consenso sobre proposta do Governo para baixar impostos na Regi\u00e3o - Di\u00e1rio da Lagoa<\/title>\n<meta name=\"robots\" content=\"index, follow, max-snippet:-1, max-image-preview:large, max-video-preview:-1\" \/>\n<link rel=\"canonical\" href=\"https:\/\/diariodalagoa.pt\/en\/vasco-cordeiro-quer-consenso-sobre-proposta-do-governo-para-baixar-impostos-na-regiao\/\" \/>\n<meta property=\"og:locale\" content=\"en_US\" \/>\n<meta property=\"og:type\" content=\"article\" \/>\n<meta property=\"og:title\" content=\"Vasco Cordeiro quer consenso sobre proposta do Governo para baixar impostos na Regi\u00e3o - Di\u00e1rio da Lagoa\" \/>\n<meta property=\"og:description\" content=\"O Governo dos A\u00e7ores est\u00e1 trabalhar numa proposta para a redu\u00e7\u00e3o dos impostos na Regi\u00e3o, anunciou hoje Vasco Cordeiro, adiantando que pretende convidar, nos pr\u00f3ximos dias, todos os partidos pol\u00edticos com vista a alcan\u00e7ar um consenso sobre esta mat\u00e9ria. O Presidente do Governo, que falava no encerramento do debate parlamentar sobre o Plano de Investimentos [&hellip;]\" \/>\n<meta property=\"og:url\" content=\"https:\/\/diariodalagoa.pt\/en\/vasco-cordeiro-quer-consenso-sobre-proposta-do-governo-para-baixar-impostos-na-regiao\/\" \/>\n<meta property=\"og:site_name\" content=\"Di\u00e1rio da Lagoa\" \/>\n<meta property=\"article:published_time\" content=\"2014-11-27T21:23:45+00:00\" \/>\n<meta name=\"author\" content=\"Di\u00e1rio da Lagoa\" \/>\n<meta name=\"twitter:card\" content=\"summary_large_image\" \/>\n<meta name=\"twitter:label1\" content=\"Written by\" \/>\n\t<meta name=\"twitter:data1\" content=\"Di\u00e1rio da Lagoa\" \/>\n\t<meta name=\"twitter:label2\" content=\"Est. reading time\" \/>\n\t<meta name=\"twitter:data2\" content=\"2 minutes\" \/>\n<script type=\"application\/ld+json\" class=\"yoast-schema-graph\">{\"@context\":\"https:\/\/schema.org\",\"@graph\":[{\"@type\":\"WebPage\",\"@id\":\"https:\/\/diariodalagoa.pt\/vasco-cordeiro-quer-consenso-sobre-proposta-do-governo-para-baixar-impostos-na-regiao\/\",\"url\":\"https:\/\/diariodalagoa.pt\/vasco-cordeiro-quer-consenso-sobre-proposta-do-governo-para-baixar-impostos-na-regiao\/\",\"name\":\"Vasco Cordeiro quer consenso sobre proposta do Governo para baixar impostos na Regi\u00e3o - Di\u00e1rio da Lagoa\",\"isPartOf\":{\"@id\":\"https:\/\/diariodalagoa.pt\/#website\"},\"datePublished\":\"2014-11-27T21:23:45+00:00\",\"dateModified\":\"2014-11-27T21:23:45+00:00\",\"author\":{\"@id\":\"https:\/\/diariodalagoa.pt\/#\/schema\/person\/1615a002370e8857b6f972834bc43ece\"},\"breadcrumb\":{\"@id\":\"https:\/\/diariodalagoa.pt\/vasco-cordeiro-quer-consenso-sobre-proposta-do-governo-para-baixar-impostos-na-regiao\/#breadcrumb\"},\"inLanguage\":\"en-US\",\"potentialAction\":[{\"@type\":\"ReadAction\",\"target\":[\"https:\/\/diariodalagoa.pt\/vasco-cordeiro-quer-consenso-sobre-proposta-do-governo-para-baixar-impostos-na-regiao\/\"]}]},{\"@type\":\"BreadcrumbList\",\"@id\":\"https:\/\/diariodalagoa.pt\/vasco-cordeiro-quer-consenso-sobre-proposta-do-governo-para-baixar-impostos-na-regiao\/#breadcrumb\",\"itemListElement\":[{\"@type\":\"ListItem\",\"position\":1,\"name\":\"In\u00edcio\",\"item\":\"https:\/\/diariodalagoa.pt\/\"},{\"@type\":\"ListItem\",\"position\":2,\"name\":\"Vasco Cordeiro quer consenso sobre proposta do Governo para baixar impostos na Regi\u00e3o\"}]},{\"@type\":\"WebSite\",\"@id\":\"https:\/\/diariodalagoa.pt\/#website\",\"url\":\"https:\/\/diariodalagoa.pt\/\",\"name\":\"Di\u00e1rio da Lagoa\",\"description\":\"Di\u00e1rio da Lagoa. As not\u00edcias que contam. A partir da Lagoa, nos A\u00e7ores, para o mundo.\",\"potentialAction\":[{\"@type\":\"SearchAction\",\"target\":{\"@type\":\"EntryPoint\",\"urlTemplate\":\"https:\/\/diariodalagoa.pt\/?s={search_term_string}\"},\"query-input\":\"required name=search_term_string\"}],\"inLanguage\":\"en-US\"},{\"@type\":\"Person\",\"@id\":\"https:\/\/diariodalagoa.pt\/#\/schema\/person\/1615a002370e8857b6f972834bc43ece\",\"name\":\"Di\u00e1rio da Lagoa\",\"image\":{\"@type\":\"ImageObject\",\"inLanguage\":\"en-US\",\"@id\":\"https:\/\/diariodalagoa.pt\/#\/schema\/person\/image\/\",\"url\":\"https:\/\/secure.gravatar.com\/avatar\/2cb5cef90a26f8fbd4d9d930608102c5?s=96&d=mm&r=g\",\"contentUrl\":\"https:\/\/secure.gravatar.com\/avatar\/2cb5cef90a26f8fbd4d9d930608102c5?s=96&d=mm&r=g\",\"caption\":\"Di\u00e1rio da Lagoa\"},\"url\":\"https:\/\/diariodalagoa.pt\/en\/author\/diariodalagoa\/\"}]}<\/script>\n<!-- \/ Yoast SEO plugin. -->","yoast_head_json":{"title":"Vasco Cordeiro quer consenso sobre proposta do Governo para baixar impostos na Regi\u00e3o - Di\u00e1rio da Lagoa","robots":{"index":"index","follow":"follow","max-snippet":"max-snippet:-1","max-image-preview":"max-image-preview:large","max-video-preview":"max-video-preview:-1"},"canonical":"https:\/\/diariodalagoa.pt\/en\/vasco-cordeiro-quer-consenso-sobre-proposta-do-governo-para-baixar-impostos-na-regiao\/","og_locale":"en_US","og_type":"article","og_title":"Vasco Cordeiro quer consenso sobre proposta do Governo para baixar impostos na Regi\u00e3o - Di\u00e1rio da Lagoa","og_description":"O Governo dos A\u00e7ores est\u00e1 trabalhar numa proposta para a redu\u00e7\u00e3o dos impostos na Regi\u00e3o, anunciou hoje Vasco Cordeiro, adiantando que pretende convidar, nos pr\u00f3ximos dias, todos os partidos pol\u00edticos com vista a alcan\u00e7ar um consenso sobre esta mat\u00e9ria. O Presidente do Governo, que falava no encerramento do debate parlamentar sobre o Plano de Investimentos [&hellip;]","og_url":"https:\/\/diariodalagoa.pt\/en\/vasco-cordeiro-quer-consenso-sobre-proposta-do-governo-para-baixar-impostos-na-regiao\/","og_site_name":"Di\u00e1rio da Lagoa","article_published_time":"2014-11-27T21:23:45+00:00","author":"Di\u00e1rio da Lagoa","twitter_card":"summary_large_image","twitter_misc":{"Written by":"Di\u00e1rio da Lagoa","Est. reading time":"2 minutes"},"schema":{"@context":"https:\/\/schema.org","@graph":[{"@type":"WebPage","@id":"https:\/\/diariodalagoa.pt\/vasco-cordeiro-quer-consenso-sobre-proposta-do-governo-para-baixar-impostos-na-regiao\/","url":"https:\/\/diariodalagoa.pt\/vasco-cordeiro-quer-consenso-sobre-proposta-do-governo-para-baixar-impostos-na-regiao\/","name":"Vasco Cordeiro quer consenso sobre proposta do Governo para baixar impostos na Regi\u00e3o - Di\u00e1rio da Lagoa","isPartOf":{"@id":"https:\/\/diariodalagoa.pt\/#website"},"datePublished":"2014-11-27T21:23:45+00:00","dateModified":"2014-11-27T21:23:45+00:00","author":{"@id":"https:\/\/diariodalagoa.pt\/#\/schema\/person\/1615a002370e8857b6f972834bc43ece"},"breadcrumb":{"@id":"https:\/\/diariodalagoa.pt\/vasco-cordeiro-quer-consenso-sobre-proposta-do-governo-para-baixar-impostos-na-regiao\/#breadcrumb"},"inLanguage":"en-US","potentialAction":[{"@type":"ReadAction","target":["https:\/\/diariodalagoa.pt\/vasco-cordeiro-quer-consenso-sobre-proposta-do-governo-para-baixar-impostos-na-regiao\/"]}]},{"@type":"BreadcrumbList","@id":"https:\/\/diariodalagoa.pt\/vasco-cordeiro-quer-consenso-sobre-proposta-do-governo-para-baixar-impostos-na-regiao\/#breadcrumb","itemListElement":[{"@type":"ListItem","position":1,"name":"In\u00edcio","item":"https:\/\/diariodalagoa.pt\/"},{"@type":"ListItem","position":2,"name":"Vasco Cordeiro quer consenso sobre proposta do Governo para baixar impostos na Regi\u00e3o"}]},{"@type":"WebSite","@id":"https:\/\/diariodalagoa.pt\/#website","url":"https:\/\/diariodalagoa.pt\/","name":"Di\u00e1rio da Lagoa","description":"Di\u00e1rio da Lagoa. As not\u00edcias que contam. A partir da Lagoa, nos A\u00e7ores, para o mundo.","potentialAction":[{"@type":"SearchAction","target":{"@type":"EntryPoint","urlTemplate":"https:\/\/diariodalagoa.pt\/?s={search_term_string}"},"query-input":"required name=search_term_string"}],"inLanguage":"en-US"},{"@type":"Person","@id":"https:\/\/diariodalagoa.pt\/#\/schema\/person\/1615a002370e8857b6f972834bc43ece","name":"Di\u00e1rio da Lagoa","image":{"@type":"ImageObject","inLanguage":"en-US","@id":"https:\/\/diariodalagoa.pt\/#\/schema\/person\/image\/","url":"https:\/\/secure.gravatar.com\/avatar\/2cb5cef90a26f8fbd4d9d930608102c5?s=96&d=mm&r=g","contentUrl":"https:\/\/secure.gravatar.com\/avatar\/2cb5cef90a26f8fbd4d9d930608102c5?s=96&d=mm&r=g","caption":"Di\u00e1rio da Lagoa"},"url":"https:\/\/diariodalagoa.pt\/en\/author\/diariodalagoa\/"}]}},"_links":{"self":[{"href":"https:\/\/diariodalagoa.pt\/en\/wp-json\/wp\/v2\/posts\/11760"}],"collection":[{"href":"https:\/\/diariodalagoa.pt\/en\/wp-json\/wp\/v2\/posts"}],"about":[{"href":"https:\/\/diariodalagoa.pt\/en\/wp-json\/wp\/v2\/types\/post"}],"author":[{"embeddable":true,"href":"https:\/\/diariodalagoa.pt\/en\/wp-json\/wp\/v2\/users\/2"}],"replies":[{"embeddable":true,"href":"https:\/\/diariodalagoa.pt\/en\/wp-json\/wp\/v2\/comments?post=11760"}],"version-history":[{"count":0,"href":"https:\/\/diariodalagoa.pt\/en\/wp-json\/wp\/v2\/posts\/11760\/revisions"}],"wp:attachment":[{"href":"https:\/\/diariodalagoa.pt\/en\/wp-json\/wp\/v2\/media?parent=11760"}],"wp:term":[{"taxonomy":"category","embeddable":true,"href":"https:\/\/diariodalagoa.pt\/en\/wp-json\/wp\/v2\/categories?post=11760"},{"taxonomy":"post_tag","embeddable":true,"href":"https:\/\/diariodalagoa.pt\/en\/wp-json\/wp\/v2\/tags?post=11760"}],"curies":[{"name":"wp","href":"https:\/\/api.w.org\/{rel}","templated":true}]}}