{"id":11649,"date":"2014-11-26T15:29:00","date_gmt":"2014-11-26T16:29:00","guid":{"rendered":"http:\/\/diariodalagoa.pt\/?p=11649"},"modified":"2014-11-26T15:29:00","modified_gmt":"2014-11-26T16:29:00","slug":"ue-lanca-ofensiva-de-investimento-para-impulsionar-o-emprego-e-o-crescimento","status":"publish","type":"post","link":"https:\/\/diariodalagoa.pt\/en\/ue-lanca-ofensiva-de-investimento-para-impulsionar-o-emprego-e-o-crescimento\/","title":{"rendered":"UE lan\u00e7a ofensiva de investimento para impulsionar o emprego e o crescimento"},"content":{"rendered":"<p style=\"text-align: justify;\"><img decoding=\"async\" class=\"alignnone size-full wp-image-6695\" src=\"http:\/\/diariodalagoa.pt\/wp-content\/uploads\/2014\/07\/Bruxelas-europa-parlamento.jpg\" alt=\"Bruxelas-europa-parlamento\" width=\"720\" height=\"380\" \/><\/p>\n<p style=\"text-align: justify;\"><span style=\"color: rgb(0, 0, 0);\">A Comiss\u00e3o Europeia anunciou a ado\u00e7\u00e3o de um Plano de Investimento de 315 mil milh\u00f5es de EUR para reinstaurar o crescimento na Europa e ajudar mais pessoas a regressar ao trabalho.<\/span><\/p>\n<p style=\"text-align: justify;\"><span style=\"color: rgb(0, 0, 0);\"> O Plano assenta em tr\u00eas vertentes principais: a cria\u00e7\u00e3o de um novo Fundo Europeu para Investimentos Estrat\u00e9gicos (FEIE), garantido atrav\u00e9s de fundos p\u00fablicos, para mobilizar, no m\u00ednimo, 315 mil milh\u00f5es de EUR de investimento adicional nos pr\u00f3ximos tr\u00eas anos (2015-2017); a cria\u00e7\u00e3o de uma reserva de projetos cred\u00edvel, associada a um programa de assist\u00eancia para canalizar os investimentos para onde s\u00e3o mais necess\u00e1rios e um roteiro ambicioso para tornar a Europa mais atrativa para o investimento e eliminar estrangulamentos de natureza legal.<\/span><\/p>\n<p style=\"text-align: justify;\"><span style=\"color: rgb(0, 0, 0);\">Por outro lado, a Comiss\u00e3o adotou a 24 de novembro de 2014 um regulamento para repor os montantes reduzidos a pagamentos diretos efetuados em 2014. De acordo com o referido regulamento (publicado no Jornal Oficial da Uni\u00e3o Europeia) dever\u00e1 ser reembolsado o montante de 868 milh\u00f5es de euros aos agricultores de toda a UE. <\/span><\/p>\n<p style=\"text-align: justify;\"><span style=\"color: rgb(0, 0, 0);\">No exerc\u00edcio financeiro de 2014, as ajudas diretas concedidas aos agricultores foram reduzidas nesse valor, atrav\u00e9s da aplica\u00e7\u00e3o do mecanismo de disciplina or\u00e7amental e financeira. Essa redu\u00e7\u00e3o foi necess\u00e1ria para estabelecer a reserva para crises no setor agr\u00edcola e para garantir que a despesa total da PAC para medidas de mercado e ajudas diretas se manteriam no limite m\u00e1ximo acordado no Quadro Financeiro Plurianual 2014-2020.<\/span><\/p>\n<p style=\"text-align: justify;\"><span style=\"color: rgb(0, 0, 0);\"><em>DL\/RCEP<\/em><\/span><\/p>","protected":false},"excerpt":{"rendered":"<p>A Comiss\u00e3o Europeia anunciou a ado\u00e7\u00e3o de um Plano de Investimento de 315 mil milh\u00f5es de EUR para reinstaurar o crescimento na Europa e ajudar mais pessoas a regressar ao trabalho. O Plano assenta em tr\u00eas vertentes principais: a cria\u00e7\u00e3o de um novo Fundo Europeu para Investimentos Estrat\u00e9gicos (FEIE), garantido atrav\u00e9s de fundos p\u00fablicos, para [&hellip;]<\/p>","protected":false},"author":2,"featured_media":121662,"comment_status":"open","ping_status":"open","sticky":false,"template":"","format":"standard","meta":[],"categories":[21],"tags":[],"acf":[],"yoast_head":"<!-- This site is optimized with the Yoast SEO plugin v20.10 - https:\/\/yoast.com\/wordpress\/plugins\/seo\/ -->\n<title>UE lan\u00e7a ofensiva de investimento para impulsionar o emprego e o crescimento - Di\u00e1rio da Lagoa<\/title>\n<meta name=\"robots\" content=\"index, follow, max-snippet:-1, max-image-preview:large, max-video-preview:-1\" \/>\n<link rel=\"canonical\" href=\"https:\/\/diariodalagoa.pt\/en\/ue-lanca-ofensiva-de-investimento-para-impulsionar-o-emprego-e-o-crescimento\/\" \/>\n<meta property=\"og:locale\" content=\"en_US\" \/>\n<meta property=\"og:type\" content=\"article\" \/>\n<meta property=\"og:title\" content=\"UE lan\u00e7a ofensiva de investimento para impulsionar o emprego e o crescimento - Di\u00e1rio da Lagoa\" \/>\n<meta property=\"og:description\" content=\"A Comiss\u00e3o Europeia anunciou a ado\u00e7\u00e3o de um Plano de Investimento de 315 mil milh\u00f5es de EUR para reinstaurar o crescimento na Europa e ajudar mais pessoas a regressar ao trabalho. O Plano assenta em tr\u00eas vertentes principais: a cria\u00e7\u00e3o de um novo Fundo Europeu para Investimentos Estrat\u00e9gicos (FEIE), garantido atrav\u00e9s de fundos p\u00fablicos, para [&hellip;]\" \/>\n<meta property=\"og:url\" content=\"https:\/\/diariodalagoa.pt\/en\/ue-lanca-ofensiva-de-investimento-para-impulsionar-o-emprego-e-o-crescimento\/\" \/>\n<meta property=\"og:site_name\" content=\"Di\u00e1rio da Lagoa\" \/>\n<meta property=\"article:published_time\" content=\"2014-11-26T16:29:00+00:00\" \/>\n<meta property=\"og:image\" content=\"https:\/\/diariodalagoa.pt\/wp-content\/uploads\/2014\/11\/europa-parlamento-bruxelas.jpg\" \/>\n\t<meta property=\"og:image:width\" content=\"720\" \/>\n\t<meta property=\"og:image:height\" content=\"380\" \/>\n\t<meta property=\"og:image:type\" content=\"image\/jpeg\" \/>\n<meta name=\"author\" content=\"Di\u00e1rio da Lagoa\" \/>\n<meta name=\"twitter:card\" content=\"summary_large_image\" \/>\n<meta name=\"twitter:label1\" content=\"Written by\" \/>\n\t<meta name=\"twitter:data1\" content=\"Di\u00e1rio da Lagoa\" \/>\n\t<meta name=\"twitter:label2\" content=\"Est. reading time\" \/>\n\t<meta name=\"twitter:data2\" content=\"1 minute\" \/>\n<script type=\"application\/ld+json\" class=\"yoast-schema-graph\">{\"@context\":\"https:\/\/schema.org\",\"@graph\":[{\"@type\":\"WebPage\",\"@id\":\"https:\/\/diariodalagoa.pt\/ue-lanca-ofensiva-de-investimento-para-impulsionar-o-emprego-e-o-crescimento\/\",\"url\":\"https:\/\/diariodalagoa.pt\/ue-lanca-ofensiva-de-investimento-para-impulsionar-o-emprego-e-o-crescimento\/\",\"name\":\"UE lan\u00e7a ofensiva de investimento para impulsionar o emprego e o crescimento - Di\u00e1rio da Lagoa\",\"isPartOf\":{\"@id\":\"https:\/\/diariodalagoa.pt\/#website\"},\"datePublished\":\"2014-11-26T16:29:00+00:00\",\"dateModified\":\"2014-11-26T16:29:00+00:00\",\"author\":{\"@id\":\"https:\/\/diariodalagoa.pt\/#\/schema\/person\/1615a002370e8857b6f972834bc43ece\"},\"breadcrumb\":{\"@id\":\"https:\/\/diariodalagoa.pt\/ue-lanca-ofensiva-de-investimento-para-impulsionar-o-emprego-e-o-crescimento\/#breadcrumb\"},\"inLanguage\":\"en-US\",\"potentialAction\":[{\"@type\":\"ReadAction\",\"target\":[\"https:\/\/diariodalagoa.pt\/ue-lanca-ofensiva-de-investimento-para-impulsionar-o-emprego-e-o-crescimento\/\"]}]},{\"@type\":\"BreadcrumbList\",\"@id\":\"https:\/\/diariodalagoa.pt\/ue-lanca-ofensiva-de-investimento-para-impulsionar-o-emprego-e-o-crescimento\/#breadcrumb\",\"itemListElement\":[{\"@type\":\"ListItem\",\"position\":1,\"name\":\"In\u00edcio\",\"item\":\"https:\/\/diariodalagoa.pt\/\"},{\"@type\":\"ListItem\",\"position\":2,\"name\":\"UE lan\u00e7a ofensiva de investimento para impulsionar o emprego e o crescimento\"}]},{\"@type\":\"WebSite\",\"@id\":\"https:\/\/diariodalagoa.pt\/#website\",\"url\":\"https:\/\/diariodalagoa.pt\/\",\"name\":\"Di\u00e1rio da Lagoa\",\"description\":\"Di\u00e1rio da Lagoa. As not\u00edcias que contam. A partir da Lagoa, nos A\u00e7ores, para o mundo.\",\"potentialAction\":[{\"@type\":\"SearchAction\",\"target\":{\"@type\":\"EntryPoint\",\"urlTemplate\":\"https:\/\/diariodalagoa.pt\/?s={search_term_string}\"},\"query-input\":\"required name=search_term_string\"}],\"inLanguage\":\"en-US\"},{\"@type\":\"Person\",\"@id\":\"https:\/\/diariodalagoa.pt\/#\/schema\/person\/1615a002370e8857b6f972834bc43ece\",\"name\":\"Di\u00e1rio da Lagoa\",\"image\":{\"@type\":\"ImageObject\",\"inLanguage\":\"en-US\",\"@id\":\"https:\/\/diariodalagoa.pt\/#\/schema\/person\/image\/\",\"url\":\"https:\/\/secure.gravatar.com\/avatar\/2cb5cef90a26f8fbd4d9d930608102c5?s=96&d=mm&r=g\",\"contentUrl\":\"https:\/\/secure.gravatar.com\/avatar\/2cb5cef90a26f8fbd4d9d930608102c5?s=96&d=mm&r=g\",\"caption\":\"Di\u00e1rio da Lagoa\"},\"url\":\"https:\/\/diariodalagoa.pt\/en\/author\/diariodalagoa\/\"}]}<\/script>\n<!-- \/ Yoast SEO plugin. -->","yoast_head_json":{"title":"UE lan\u00e7a ofensiva de investimento para impulsionar o emprego e o crescimento - Di\u00e1rio da Lagoa","robots":{"index":"index","follow":"follow","max-snippet":"max-snippet:-1","max-image-preview":"max-image-preview:large","max-video-preview":"max-video-preview:-1"},"canonical":"https:\/\/diariodalagoa.pt\/en\/ue-lanca-ofensiva-de-investimento-para-impulsionar-o-emprego-e-o-crescimento\/","og_locale":"en_US","og_type":"article","og_title":"UE lan\u00e7a ofensiva de investimento para impulsionar o emprego e o crescimento - Di\u00e1rio da Lagoa","og_description":"A Comiss\u00e3o Europeia anunciou a ado\u00e7\u00e3o de um Plano de Investimento de 315 mil milh\u00f5es de EUR para reinstaurar o crescimento na Europa e ajudar mais pessoas a regressar ao trabalho. O Plano assenta em tr\u00eas vertentes principais: a cria\u00e7\u00e3o de um novo Fundo Europeu para Investimentos Estrat\u00e9gicos (FEIE), garantido atrav\u00e9s de fundos p\u00fablicos, para [&hellip;]","og_url":"https:\/\/diariodalagoa.pt\/en\/ue-lanca-ofensiva-de-investimento-para-impulsionar-o-emprego-e-o-crescimento\/","og_site_name":"Di\u00e1rio da Lagoa","article_published_time":"2014-11-26T16:29:00+00:00","og_image":[{"width":720,"height":380,"url":"https:\/\/diariodalagoa.pt\/wp-content\/uploads\/2014\/11\/europa-parlamento-bruxelas.jpg","type":"image\/jpeg"}],"author":"Di\u00e1rio da Lagoa","twitter_card":"summary_large_image","twitter_misc":{"Written by":"Di\u00e1rio da Lagoa","Est. reading time":"1 minute"},"schema":{"@context":"https:\/\/schema.org","@graph":[{"@type":"WebPage","@id":"https:\/\/diariodalagoa.pt\/ue-lanca-ofensiva-de-investimento-para-impulsionar-o-emprego-e-o-crescimento\/","url":"https:\/\/diariodalagoa.pt\/ue-lanca-ofensiva-de-investimento-para-impulsionar-o-emprego-e-o-crescimento\/","name":"UE lan\u00e7a ofensiva de investimento para impulsionar o emprego e o crescimento - Di\u00e1rio da Lagoa","isPartOf":{"@id":"https:\/\/diariodalagoa.pt\/#website"},"datePublished":"2014-11-26T16:29:00+00:00","dateModified":"2014-11-26T16:29:00+00:00","author":{"@id":"https:\/\/diariodalagoa.pt\/#\/schema\/person\/1615a002370e8857b6f972834bc43ece"},"breadcrumb":{"@id":"https:\/\/diariodalagoa.pt\/ue-lanca-ofensiva-de-investimento-para-impulsionar-o-emprego-e-o-crescimento\/#breadcrumb"},"inLanguage":"en-US","potentialAction":[{"@type":"ReadAction","target":["https:\/\/diariodalagoa.pt\/ue-lanca-ofensiva-de-investimento-para-impulsionar-o-emprego-e-o-crescimento\/"]}]},{"@type":"BreadcrumbList","@id":"https:\/\/diariodalagoa.pt\/ue-lanca-ofensiva-de-investimento-para-impulsionar-o-emprego-e-o-crescimento\/#breadcrumb","itemListElement":[{"@type":"ListItem","position":1,"name":"In\u00edcio","item":"https:\/\/diariodalagoa.pt\/"},{"@type":"ListItem","position":2,"name":"UE lan\u00e7a ofensiva de investimento para impulsionar o emprego e o crescimento"}]},{"@type":"WebSite","@id":"https:\/\/diariodalagoa.pt\/#website","url":"https:\/\/diariodalagoa.pt\/","name":"Di\u00e1rio da Lagoa","description":"Di\u00e1rio da Lagoa. As not\u00edcias que contam. A partir da Lagoa, nos A\u00e7ores, para o mundo.","potentialAction":[{"@type":"SearchAction","target":{"@type":"EntryPoint","urlTemplate":"https:\/\/diariodalagoa.pt\/?s={search_term_string}"},"query-input":"required name=search_term_string"}],"inLanguage":"en-US"},{"@type":"Person","@id":"https:\/\/diariodalagoa.pt\/#\/schema\/person\/1615a002370e8857b6f972834bc43ece","name":"Di\u00e1rio da Lagoa","image":{"@type":"ImageObject","inLanguage":"en-US","@id":"https:\/\/diariodalagoa.pt\/#\/schema\/person\/image\/","url":"https:\/\/secure.gravatar.com\/avatar\/2cb5cef90a26f8fbd4d9d930608102c5?s=96&d=mm&r=g","contentUrl":"https:\/\/secure.gravatar.com\/avatar\/2cb5cef90a26f8fbd4d9d930608102c5?s=96&d=mm&r=g","caption":"Di\u00e1rio da Lagoa"},"url":"https:\/\/diariodalagoa.pt\/en\/author\/diariodalagoa\/"}]}},"_links":{"self":[{"href":"https:\/\/diariodalagoa.pt\/en\/wp-json\/wp\/v2\/posts\/11649"}],"collection":[{"href":"https:\/\/diariodalagoa.pt\/en\/wp-json\/wp\/v2\/posts"}],"about":[{"href":"https:\/\/diariodalagoa.pt\/en\/wp-json\/wp\/v2\/types\/post"}],"author":[{"embeddable":true,"href":"https:\/\/diariodalagoa.pt\/en\/wp-json\/wp\/v2\/users\/2"}],"replies":[{"embeddable":true,"href":"https:\/\/diariodalagoa.pt\/en\/wp-json\/wp\/v2\/comments?post=11649"}],"version-history":[{"count":0,"href":"https:\/\/diariodalagoa.pt\/en\/wp-json\/wp\/v2\/posts\/11649\/revisions"}],"wp:featuredmedia":[{"embeddable":true,"href":"https:\/\/diariodalagoa.pt\/en\/wp-json\/wp\/v2\/media\/121662"}],"wp:attachment":[{"href":"https:\/\/diariodalagoa.pt\/en\/wp-json\/wp\/v2\/media?parent=11649"}],"wp:term":[{"taxonomy":"category","embeddable":true,"href":"https:\/\/diariodalagoa.pt\/en\/wp-json\/wp\/v2\/categories?post=11649"},{"taxonomy":"post_tag","embeddable":true,"href":"https:\/\/diariodalagoa.pt\/en\/wp-json\/wp\/v2\/tags?post=11649"}],"curies":[{"name":"wp","href":"https:\/\/api.w.org\/{rel}","templated":true}]}}