{"id":11644,"date":"2014-11-26T11:22:49","date_gmt":"2014-11-26T12:22:49","guid":{"rendered":"http:\/\/diariodalagoa.pt\/?p=11644"},"modified":"2014-11-26T11:22:49","modified_gmt":"2014-11-26T12:22:49","slug":"governo-garante-duas-consultas-por-ano-a-todos-os-acorianos-sem-medico-de-familia","status":"publish","type":"post","link":"https:\/\/diariodalagoa.pt\/en\/governo-garante-duas-consultas-por-ano-a-todos-os-acorianos-sem-medico-de-familia\/","title":{"rendered":"Governo garante duas consultas por ano a todos os a\u00e7orianos sem m\u00e9dico de fam\u00edlia"},"content":{"rendered":"<p style=\"text-align: justify;\"><img decoding=\"async\" class=\"alignnone size-full wp-image-11645\" src=\"http:\/\/diariodalagoa.pt\/wp-content\/uploads\/2014\/11\/Luis-Cabal-saude-ALRA-debate.jpg\" alt=\"Luis-Cabal-saude-ALRA-debate\" width=\"720\" height=\"380\" \/><\/p>\n<p style=\"text-align: justify;\"><span style=\"color: #000000;\">O Secret\u00e1rio Regional da Sa\u00fade anunciou, na Horta, que o Governo dos A\u00e7ores vai &#8220;garantir duas consultas por ano, de medicina geral e familiar, no sistema convencionado, a todos os utentes que ainda n\u00e3o tenham m\u00e9dico de fam\u00edlia\u201d.<\/span><\/p>\n<p style=\"text-align: justify;\"><span style=\"color: #000000;\">Lu\u00eds Cabral, numa interven\u00e7\u00e3o na Assembleia Legislativa, salientou que se trata de uma resposta que \u00e9 poss\u00edvel concretizar face aos resultados alcan\u00e7ados com as medidas que t\u00eam sido introduzidas no Servi\u00e7o Regional de Sa\u00fade e que permitem &#8220;dedicar novas respostas aos utentes em diversas \u00e1reas\u201d.<\/span><\/p>\n<p style=\"text-align: justify;\"><span style=\"color: #000000;\">O Secret\u00e1rio Regional referiu tamb\u00e9m um conjunto de medidas que visam combater as listas de espera cir\u00fargicas, entre as quais a entrada em funcionamento da sala de pequenas cirurgias do Hospital de Ponta Delgada e a constru\u00e7\u00e3o, no primeiro semestre de 2015, de uma nova sala de recobro no mesmo hospital, \u201co que permitir\u00e1 disponibilizar mais duas salas de cirurgia, passando a existir tr\u00eas salas cir\u00fargicas&#8221;, representando o triplo da capacidade de resposta nesta \u00e1rea.<\/span><\/p>\n<p style=\"text-align: justify;\"><span style=\"color: #000000;\">Lu\u00eds Cabral, na sua interven\u00e7\u00e3o, anunciou ainda a aquisi\u00e7\u00e3o de dois aparelhos para o tratamento endovascular de varizes, um para ao Hospital de Ponta Delgada outro para o Hospital da Terceira, de forma a \u201cdar resposta a cerca de 1.000 cirurgias venosas em lista de espera\u201d.<\/span><\/p>\n<p style=\"text-align: justify;\"><span style=\"color: #000000;\">Tamb\u00e9m com o objetivo de se conseguir uma melhor resposta na redu\u00e7\u00e3o da lista de espera, j\u00e1 foi implementado o Sistema de Gest\u00e3o de Inscritos para Cirurgia dos A\u00e7ores (SIGLICA), um programa que permite acompanhar, em tempo real, os utentes inscritos em cirurgia e servir\u00e1 para publicar mensalmente, a partir de janeiro, a lista completa e atualizada de todos os inscritos nos tr\u00eas hospitais, para que n\u00e3o restem quaisquer d\u00favidas sobre o n\u00famero de doente \u00e0 espera.<\/span><\/p>\n<p style=\"text-align: justify;\"><span style=\"color: #000000;\"><em>DL\/Gacs<\/em><\/span><\/p>","protected":false},"excerpt":{"rendered":"<p>O Secret\u00e1rio Regional da Sa\u00fade anunciou, na Horta, que o Governo dos A\u00e7ores vai &#8220;garantir duas consultas por ano, de medicina geral e familiar, no sistema convencionado, a todos os utentes que ainda n\u00e3o tenham m\u00e9dico de fam\u00edlia\u201d. Lu\u00eds Cabral, numa interven\u00e7\u00e3o na Assembleia Legislativa, salientou que se trata de uma resposta que \u00e9 poss\u00edvel [&hellip;]<\/p>","protected":false},"author":2,"featured_media":121664,"comment_status":"open","ping_status":"open","sticky":false,"template":"","format":"standard","meta":[],"categories":[21],"tags":[],"acf":[],"yoast_head":"<!-- This site is optimized with the Yoast SEO plugin v20.10 - https:\/\/yoast.com\/wordpress\/plugins\/seo\/ -->\n<title>Governo garante duas consultas por ano a todos os a\u00e7orianos sem m\u00e9dico de fam\u00edlia - Di\u00e1rio da Lagoa<\/title>\n<meta name=\"robots\" content=\"index, follow, max-snippet:-1, max-image-preview:large, max-video-preview:-1\" \/>\n<link rel=\"canonical\" href=\"https:\/\/diariodalagoa.pt\/en\/governo-garante-duas-consultas-por-ano-a-todos-os-acorianos-sem-medico-de-familia\/\" \/>\n<meta property=\"og:locale\" content=\"en_US\" \/>\n<meta property=\"og:type\" content=\"article\" \/>\n<meta property=\"og:title\" content=\"Governo garante duas consultas por ano a todos os a\u00e7orianos sem m\u00e9dico de fam\u00edlia - Di\u00e1rio da Lagoa\" \/>\n<meta property=\"og:description\" content=\"O Secret\u00e1rio Regional da Sa\u00fade anunciou, na Horta, que o Governo dos A\u00e7ores vai &#8220;garantir duas consultas por ano, de medicina geral e familiar, no sistema convencionado, a todos os utentes que ainda n\u00e3o tenham m\u00e9dico de fam\u00edlia\u201d. Lu\u00eds Cabral, numa interven\u00e7\u00e3o na Assembleia Legislativa, salientou que se trata de uma resposta que \u00e9 poss\u00edvel [&hellip;]\" \/>\n<meta property=\"og:url\" content=\"https:\/\/diariodalagoa.pt\/en\/governo-garante-duas-consultas-por-ano-a-todos-os-acorianos-sem-medico-de-familia\/\" \/>\n<meta property=\"og:site_name\" content=\"Di\u00e1rio da Lagoa\" \/>\n<meta property=\"article:published_time\" content=\"2014-11-26T12:22:49+00:00\" \/>\n<meta property=\"og:image\" content=\"https:\/\/diariodalagoa.pt\/wp-content\/uploads\/2014\/11\/luis-cabal-saude-alra-debate-1.jpg\" \/>\n\t<meta property=\"og:image:width\" content=\"720\" \/>\n\t<meta property=\"og:image:height\" content=\"380\" \/>\n\t<meta property=\"og:image:type\" content=\"image\/jpeg\" \/>\n<meta name=\"author\" content=\"Di\u00e1rio da Lagoa\" \/>\n<meta name=\"twitter:card\" content=\"summary_large_image\" \/>\n<meta name=\"twitter:label1\" content=\"Written by\" \/>\n\t<meta name=\"twitter:data1\" content=\"Di\u00e1rio da Lagoa\" \/>\n\t<meta name=\"twitter:label2\" content=\"Est. reading time\" \/>\n\t<meta name=\"twitter:data2\" content=\"2 minutes\" \/>\n<script type=\"application\/ld+json\" class=\"yoast-schema-graph\">{\"@context\":\"https:\/\/schema.org\",\"@graph\":[{\"@type\":\"WebPage\",\"@id\":\"https:\/\/diariodalagoa.pt\/governo-garante-duas-consultas-por-ano-a-todos-os-acorianos-sem-medico-de-familia\/\",\"url\":\"https:\/\/diariodalagoa.pt\/governo-garante-duas-consultas-por-ano-a-todos-os-acorianos-sem-medico-de-familia\/\",\"name\":\"Governo garante duas consultas por ano a todos os a\u00e7orianos sem m\u00e9dico de fam\u00edlia - Di\u00e1rio da Lagoa\",\"isPartOf\":{\"@id\":\"https:\/\/diariodalagoa.pt\/#website\"},\"datePublished\":\"2014-11-26T12:22:49+00:00\",\"dateModified\":\"2014-11-26T12:22:49+00:00\",\"author\":{\"@id\":\"https:\/\/diariodalagoa.pt\/#\/schema\/person\/1615a002370e8857b6f972834bc43ece\"},\"breadcrumb\":{\"@id\":\"https:\/\/diariodalagoa.pt\/governo-garante-duas-consultas-por-ano-a-todos-os-acorianos-sem-medico-de-familia\/#breadcrumb\"},\"inLanguage\":\"en-US\",\"potentialAction\":[{\"@type\":\"ReadAction\",\"target\":[\"https:\/\/diariodalagoa.pt\/governo-garante-duas-consultas-por-ano-a-todos-os-acorianos-sem-medico-de-familia\/\"]}]},{\"@type\":\"BreadcrumbList\",\"@id\":\"https:\/\/diariodalagoa.pt\/governo-garante-duas-consultas-por-ano-a-todos-os-acorianos-sem-medico-de-familia\/#breadcrumb\",\"itemListElement\":[{\"@type\":\"ListItem\",\"position\":1,\"name\":\"In\u00edcio\",\"item\":\"https:\/\/diariodalagoa.pt\/\"},{\"@type\":\"ListItem\",\"position\":2,\"name\":\"Governo garante duas consultas por ano a todos os a\u00e7orianos sem m\u00e9dico de fam\u00edlia\"}]},{\"@type\":\"WebSite\",\"@id\":\"https:\/\/diariodalagoa.pt\/#website\",\"url\":\"https:\/\/diariodalagoa.pt\/\",\"name\":\"Di\u00e1rio da Lagoa\",\"description\":\"Di\u00e1rio da Lagoa. As not\u00edcias que contam. A partir da Lagoa, nos A\u00e7ores, para o mundo.\",\"potentialAction\":[{\"@type\":\"SearchAction\",\"target\":{\"@type\":\"EntryPoint\",\"urlTemplate\":\"https:\/\/diariodalagoa.pt\/?s={search_term_string}\"},\"query-input\":\"required name=search_term_string\"}],\"inLanguage\":\"en-US\"},{\"@type\":\"Person\",\"@id\":\"https:\/\/diariodalagoa.pt\/#\/schema\/person\/1615a002370e8857b6f972834bc43ece\",\"name\":\"Di\u00e1rio da Lagoa\",\"image\":{\"@type\":\"ImageObject\",\"inLanguage\":\"en-US\",\"@id\":\"https:\/\/diariodalagoa.pt\/#\/schema\/person\/image\/\",\"url\":\"https:\/\/secure.gravatar.com\/avatar\/2cb5cef90a26f8fbd4d9d930608102c5?s=96&d=mm&r=g\",\"contentUrl\":\"https:\/\/secure.gravatar.com\/avatar\/2cb5cef90a26f8fbd4d9d930608102c5?s=96&d=mm&r=g\",\"caption\":\"Di\u00e1rio da Lagoa\"},\"url\":\"https:\/\/diariodalagoa.pt\/en\/author\/diariodalagoa\/\"}]}<\/script>\n<!-- \/ Yoast SEO plugin. -->","yoast_head_json":{"title":"Governo garante duas consultas por ano a todos os a\u00e7orianos sem m\u00e9dico de fam\u00edlia - Di\u00e1rio da Lagoa","robots":{"index":"index","follow":"follow","max-snippet":"max-snippet:-1","max-image-preview":"max-image-preview:large","max-video-preview":"max-video-preview:-1"},"canonical":"https:\/\/diariodalagoa.pt\/en\/governo-garante-duas-consultas-por-ano-a-todos-os-acorianos-sem-medico-de-familia\/","og_locale":"en_US","og_type":"article","og_title":"Governo garante duas consultas por ano a todos os a\u00e7orianos sem m\u00e9dico de fam\u00edlia - Di\u00e1rio da Lagoa","og_description":"O Secret\u00e1rio Regional da Sa\u00fade anunciou, na Horta, que o Governo dos A\u00e7ores vai &#8220;garantir duas consultas por ano, de medicina geral e familiar, no sistema convencionado, a todos os utentes que ainda n\u00e3o tenham m\u00e9dico de fam\u00edlia\u201d. Lu\u00eds Cabral, numa interven\u00e7\u00e3o na Assembleia Legislativa, salientou que se trata de uma resposta que \u00e9 poss\u00edvel [&hellip;]","og_url":"https:\/\/diariodalagoa.pt\/en\/governo-garante-duas-consultas-por-ano-a-todos-os-acorianos-sem-medico-de-familia\/","og_site_name":"Di\u00e1rio da Lagoa","article_published_time":"2014-11-26T12:22:49+00:00","og_image":[{"width":720,"height":380,"url":"https:\/\/diariodalagoa.pt\/wp-content\/uploads\/2014\/11\/luis-cabal-saude-alra-debate-1.jpg","type":"image\/jpeg"}],"author":"Di\u00e1rio da Lagoa","twitter_card":"summary_large_image","twitter_misc":{"Written by":"Di\u00e1rio da Lagoa","Est. reading time":"2 minutes"},"schema":{"@context":"https:\/\/schema.org","@graph":[{"@type":"WebPage","@id":"https:\/\/diariodalagoa.pt\/governo-garante-duas-consultas-por-ano-a-todos-os-acorianos-sem-medico-de-familia\/","url":"https:\/\/diariodalagoa.pt\/governo-garante-duas-consultas-por-ano-a-todos-os-acorianos-sem-medico-de-familia\/","name":"Governo garante duas consultas por ano a todos os a\u00e7orianos sem m\u00e9dico de fam\u00edlia - Di\u00e1rio da Lagoa","isPartOf":{"@id":"https:\/\/diariodalagoa.pt\/#website"},"datePublished":"2014-11-26T12:22:49+00:00","dateModified":"2014-11-26T12:22:49+00:00","author":{"@id":"https:\/\/diariodalagoa.pt\/#\/schema\/person\/1615a002370e8857b6f972834bc43ece"},"breadcrumb":{"@id":"https:\/\/diariodalagoa.pt\/governo-garante-duas-consultas-por-ano-a-todos-os-acorianos-sem-medico-de-familia\/#breadcrumb"},"inLanguage":"en-US","potentialAction":[{"@type":"ReadAction","target":["https:\/\/diariodalagoa.pt\/governo-garante-duas-consultas-por-ano-a-todos-os-acorianos-sem-medico-de-familia\/"]}]},{"@type":"BreadcrumbList","@id":"https:\/\/diariodalagoa.pt\/governo-garante-duas-consultas-por-ano-a-todos-os-acorianos-sem-medico-de-familia\/#breadcrumb","itemListElement":[{"@type":"ListItem","position":1,"name":"In\u00edcio","item":"https:\/\/diariodalagoa.pt\/"},{"@type":"ListItem","position":2,"name":"Governo garante duas consultas por ano a todos os a\u00e7orianos sem m\u00e9dico de fam\u00edlia"}]},{"@type":"WebSite","@id":"https:\/\/diariodalagoa.pt\/#website","url":"https:\/\/diariodalagoa.pt\/","name":"Di\u00e1rio da Lagoa","description":"Di\u00e1rio da Lagoa. As not\u00edcias que contam. A partir da Lagoa, nos A\u00e7ores, para o mundo.","potentialAction":[{"@type":"SearchAction","target":{"@type":"EntryPoint","urlTemplate":"https:\/\/diariodalagoa.pt\/?s={search_term_string}"},"query-input":"required name=search_term_string"}],"inLanguage":"en-US"},{"@type":"Person","@id":"https:\/\/diariodalagoa.pt\/#\/schema\/person\/1615a002370e8857b6f972834bc43ece","name":"Di\u00e1rio da Lagoa","image":{"@type":"ImageObject","inLanguage":"en-US","@id":"https:\/\/diariodalagoa.pt\/#\/schema\/person\/image\/","url":"https:\/\/secure.gravatar.com\/avatar\/2cb5cef90a26f8fbd4d9d930608102c5?s=96&d=mm&r=g","contentUrl":"https:\/\/secure.gravatar.com\/avatar\/2cb5cef90a26f8fbd4d9d930608102c5?s=96&d=mm&r=g","caption":"Di\u00e1rio da Lagoa"},"url":"https:\/\/diariodalagoa.pt\/en\/author\/diariodalagoa\/"}]}},"_links":{"self":[{"href":"https:\/\/diariodalagoa.pt\/en\/wp-json\/wp\/v2\/posts\/11644"}],"collection":[{"href":"https:\/\/diariodalagoa.pt\/en\/wp-json\/wp\/v2\/posts"}],"about":[{"href":"https:\/\/diariodalagoa.pt\/en\/wp-json\/wp\/v2\/types\/post"}],"author":[{"embeddable":true,"href":"https:\/\/diariodalagoa.pt\/en\/wp-json\/wp\/v2\/users\/2"}],"replies":[{"embeddable":true,"href":"https:\/\/diariodalagoa.pt\/en\/wp-json\/wp\/v2\/comments?post=11644"}],"version-history":[{"count":0,"href":"https:\/\/diariodalagoa.pt\/en\/wp-json\/wp\/v2\/posts\/11644\/revisions"}],"wp:featuredmedia":[{"embeddable":true,"href":"https:\/\/diariodalagoa.pt\/en\/wp-json\/wp\/v2\/media\/121664"}],"wp:attachment":[{"href":"https:\/\/diariodalagoa.pt\/en\/wp-json\/wp\/v2\/media?parent=11644"}],"wp:term":[{"taxonomy":"category","embeddable":true,"href":"https:\/\/diariodalagoa.pt\/en\/wp-json\/wp\/v2\/categories?post=11644"},{"taxonomy":"post_tag","embeddable":true,"href":"https:\/\/diariodalagoa.pt\/en\/wp-json\/wp\/v2\/tags?post=11644"}],"curies":[{"name":"wp","href":"https:\/\/api.w.org\/{rel}","templated":true}]}}