{"id":11599,"date":"2014-11-25T15:31:17","date_gmt":"2014-11-25T16:31:17","guid":{"rendered":"http:\/\/diariodalagoa.pt\/?p=11599"},"modified":"2014-11-25T15:31:17","modified_gmt":"2014-11-25T16:31:17","slug":"sergio-avila-afirma-que-plano-e-orcamento-dos-acores-dao-continuidade-a-politica-de-estabilidade-das-financas-publicas-regionais","status":"publish","type":"post","link":"https:\/\/diariodalagoa.pt\/en\/sergio-avila-afirma-que-plano-e-orcamento-dos-acores-dao-continuidade-a-politica-de-estabilidade-das-financas-publicas-regionais\/","title":{"rendered":"S\u00e9rgio \u00c1vila afirma que Plano e Or\u00e7amento dos A\u00e7ores d\u00e3o continuidade \u00e0 pol\u00edtica de estabilidade das finan\u00e7as p\u00fablicas regionais"},"content":{"rendered":"<p style=\"text-align: justify;\"><img decoding=\"async\" class=\"alignnone size-full wp-image-1706\" src=\"http:\/\/diariodalagoa.pt\/wp-content\/uploads\/2014\/03\/a\u00e7ores-noticias-jornal-digital-lagoa-governo-Sergio-Avila.jpg\" alt=\"a\u00e7ores-noticias-jornal-digital-lagoa-governo-Sergio-Avila\" width=\"720\" height=\"382\" \/><\/p>\n<p style=\"text-align: justify;\"><span style=\"color: rgb(0, 0, 0);\">O Vice-Presidente do Governo dos A\u00e7ores afirmou que as propostas de Plano de Investimentos e de Or\u00e7amento para 2015, em\u00a0discuss\u00e3o na Assembleia Legislativa, est\u00e3o numa linha de \u201ccontinuidade \u00e0 pol\u00edtica de estabilidade das finan\u00e7as p\u00fablicas regionais\u201d.\u00a0<\/span><\/p>\n<p style=\"text-align: justify;\"><span style=\"color: rgb(0, 0, 0);\">Na apresenta\u00e7\u00e3o das propostas, S\u00e9rgio \u00c1vila sublinhou, no entanto, que a Regi\u00e3o tem enfrentado \u201cconstrangimentos\u201d, designadamente os que resultam da aplica\u00e7\u00e3o da nova Lei de Finan\u00e7as Regionais.\u00a0<\/span><\/p>\n<p style=\"text-align: justify;\"><span style=\"color: rgb(0, 0, 0);\">Para S\u00e9rgio \u00c1vila, \u201cafirmar que os A\u00e7ores beneficiam de mais receitas fiscais, mas omitir que as transfer\u00eancias do Or\u00e7amento de Estado s\u00e3o reduzidas em 67 milh\u00f5es de euros, n\u00e3o foi um contributo s\u00e9rio para o debate protagonizado por alguma oposi\u00e7\u00e3o\u201d.\u00a0<\/span><\/p>\n<p style=\"text-align: justify;\"><span style=\"color: rgb(0, 0, 0);\">Na sua opini\u00e3o, a conclus\u00e3o \u00e9 a de que, \u201ccom a nova Lei de Finan\u00e7as Regionais imposta pela Rep\u00fablica, os A\u00e7ores ficam com menos dinheiro para o Governo da Rep\u00fablica poupar nas transfer\u00eancias para a Regi\u00e3o\u201d.\u00a0<\/span><\/p>\n<p style=\"text-align: justify;\"><span style=\"color: rgb(0, 0, 0);\">O Vice-Presidente do Governo real\u00e7ou, no entanto, que ainda assim foi poss\u00edvel manter pol\u00edticas de apoio \u00e0s fam\u00edlias e \u00e0s empresas sem paralelo no resto do pa\u00eds, num quadro de reconhecida estabilidade das finan\u00e7as p\u00fablicas regionais. \u00a0<\/span><\/p>\n<p style=\"text-align: justify;\"><span style=\"color: rgb(0, 0, 0);\">S\u00e9rgio \u00c1vila frisou que, \u201cpara bem dos A\u00e7ores e dos A\u00e7orianos, mais uma vez falharam nas suas previs\u00f5es aqueles que pretendiam puxar os A\u00e7ores para baixo\u201d, salientando que entidades nacionais e europeias, como a Comiss\u00e3o Europeia, o FMI, o Banco Central Europeu, o INE, o Tribunal de Contas e o Banco de Portugal e, at\u00e9, o pr\u00f3prio l\u00edder nacional do PSD, Passos Coelho, real\u00e7aram o equil\u00edbrio or\u00e7amental dos A\u00e7ores.\u00a0<\/span><\/p>\n<p style=\"text-align: justify;\"><span style=\"color: rgb(0, 0, 0);\">S\u00e9rgio \u00c1vila sublinhou ainda que, se no \u00faltimo ano os A\u00e7ores tivessem o mesmo d\u00e9fice do que aquele que se verificou no pa\u00eds, teria sido poss\u00edvel aumentar o investimento p\u00fablico e o apoio \u00e0s fam\u00edlias e empresas em 170 milh\u00f5es de euros\u201d.\u00a0<\/span><\/p>\n<p style=\"text-align: justify;\"><span style=\"color: rgb(0, 0, 0);\">Para o Vice-Presidente foi poss\u00edvel, apesar disso, \u201cmelhorar o n\u00edvel de competitividade das empresas, proporcionar melhores condi\u00e7\u00f5es de empregabilidade e, deste modo, impulsionar o crescimento da economia a\u00e7oriana a m\u00e9dio e longo prazos\u201d.\u00a0<\/span><\/p>\n<p style=\"text-align: justify;\"><span style=\"color: rgb(0, 0, 0);\">S\u00e9rgio \u00c1vila revelou que, apenas no \u00e2mbito da execu\u00e7\u00e3o da Agenda para a Cria\u00e7\u00e3o de Emprego e Competitividade Empresarial, \u201cforam j\u00e1 diretamente beneficiados 21.035 a\u00e7orianos, apoiadas 1.732 empresas e criados diretamente 2.173 novos postos de trabalho&#8221;.\u00a0<\/span><\/p>\n<p style=\"text-align: justify;\"><span style=\"color: rgb(0, 0, 0);\">Segundo o governante, a operacionaliza\u00e7\u00e3o do novo Quadro Comunit\u00e1rio de Apoio vai possibilitar a implementa\u00e7\u00e3o de mais medidas estruturais, designadamente a nova pol\u00edtica de apoios \u00e0s empresas e ao emprego consubstanciada no novo Sistema de Incentivos COMPETIR+. \u00a0<\/span><\/p>\n<p style=\"text-align: justify;\"><span style=\"color: rgb(0, 0, 0);\">Com essas medidas, o Governo Regional espera refor\u00e7ar significativamente o combate ao desemprego e a cria\u00e7\u00e3o de emprego, que, no \u00faltimo ano, tornou poss\u00edvel haver \u201cmais 2.156 a\u00e7orianos a trabalhar.\u201d\u00a0<\/span><\/p>\n<p style=\"text-align: justify;\"><span style=\"color: rgb(0, 0, 0);\">Aludindo a dados recentes, segundo os quais o n\u00famero de desempregados inscritos est\u00e1 a baixar nos A\u00e7ores pelo nono m\u00eas consecutivo, S\u00e9rgio \u00c1vila declarou que o Governo da Regi\u00e3o n\u00e3o est\u00e1 ainda satisfeito \u201cporque cada desempregado \u00e9 um problema que nos exige uma solu\u00e7\u00e3o que pretendemos encontrar\u201d.\u00a0<\/span><\/p>\n<p style=\"text-align: justify;\"><span style=\"color: rgb(0, 0, 0);\">O Vice-Presidente do Governo assegurou\u00a0que \u201c\u00e9 com esse esp\u00edrito positivo, de puxar os A\u00e7ores para cima, que o Governo Regional ir\u00e1 continuar a implementar todas as medidas, a montante e a jusante, no limite dos nossos recursos e das nossas compet\u00eancias\u201d.<\/span><\/p>\n<p style=\"text-align: justify;\"><span style=\"color: rgb(0, 0, 0);\"><em>DL\/GaCS<\/em><\/span><\/p>","protected":false},"excerpt":{"rendered":"<p>O Vice-Presidente do Governo dos A\u00e7ores afirmou que as propostas de Plano de Investimentos e de Or\u00e7amento para 2015, em\u00a0discuss\u00e3o na Assembleia Legislativa, est\u00e3o numa linha de \u201ccontinuidade \u00e0 pol\u00edtica de estabilidade das finan\u00e7as p\u00fablicas regionais\u201d.\u00a0 Na apresenta\u00e7\u00e3o das propostas, S\u00e9rgio \u00c1vila sublinhou, no entanto, que a Regi\u00e3o tem enfrentado \u201cconstrangimentos\u201d, designadamente os que resultam [&hellip;]<\/p>","protected":false},"author":2,"featured_media":0,"comment_status":"open","ping_status":"open","sticky":false,"template":"","format":"standard","meta":[],"categories":[21],"tags":[],"acf":[],"yoast_head":"<!-- This site is optimized with the Yoast SEO plugin v20.10 - https:\/\/yoast.com\/wordpress\/plugins\/seo\/ -->\n<title>S\u00e9rgio \u00c1vila afirma que Plano e Or\u00e7amento dos A\u00e7ores d\u00e3o continuidade \u00e0 pol\u00edtica de estabilidade das finan\u00e7as p\u00fablicas regionais - Di\u00e1rio da Lagoa<\/title>\n<meta name=\"robots\" content=\"index, follow, max-snippet:-1, max-image-preview:large, max-video-preview:-1\" \/>\n<link rel=\"canonical\" href=\"https:\/\/diariodalagoa.pt\/en\/sergio-avila-afirma-que-plano-e-orcamento-dos-acores-dao-continuidade-a-politica-de-estabilidade-das-financas-publicas-regionais\/\" \/>\n<meta property=\"og:locale\" content=\"en_US\" \/>\n<meta property=\"og:type\" content=\"article\" \/>\n<meta property=\"og:title\" content=\"S\u00e9rgio \u00c1vila afirma que Plano e Or\u00e7amento dos A\u00e7ores d\u00e3o continuidade \u00e0 pol\u00edtica de estabilidade das finan\u00e7as p\u00fablicas regionais - Di\u00e1rio da Lagoa\" \/>\n<meta property=\"og:description\" content=\"O Vice-Presidente do Governo dos A\u00e7ores afirmou que as propostas de Plano de Investimentos e de Or\u00e7amento para 2015, em\u00a0discuss\u00e3o na Assembleia Legislativa, est\u00e3o numa linha de \u201ccontinuidade \u00e0 pol\u00edtica de estabilidade das finan\u00e7as p\u00fablicas regionais\u201d.\u00a0 Na apresenta\u00e7\u00e3o das propostas, S\u00e9rgio \u00c1vila sublinhou, no entanto, que a Regi\u00e3o tem enfrentado \u201cconstrangimentos\u201d, designadamente os que resultam [&hellip;]\" \/>\n<meta property=\"og:url\" content=\"https:\/\/diariodalagoa.pt\/en\/sergio-avila-afirma-que-plano-e-orcamento-dos-acores-dao-continuidade-a-politica-de-estabilidade-das-financas-publicas-regionais\/\" \/>\n<meta property=\"og:site_name\" content=\"Di\u00e1rio da Lagoa\" \/>\n<meta property=\"article:published_time\" content=\"2014-11-25T16:31:17+00:00\" \/>\n<meta name=\"author\" content=\"Di\u00e1rio da Lagoa\" \/>\n<meta name=\"twitter:card\" content=\"summary_large_image\" \/>\n<meta name=\"twitter:label1\" content=\"Written by\" \/>\n\t<meta name=\"twitter:data1\" content=\"Di\u00e1rio da Lagoa\" \/>\n\t<meta name=\"twitter:label2\" content=\"Est. reading time\" \/>\n\t<meta name=\"twitter:data2\" content=\"3 minutes\" \/>\n<script type=\"application\/ld+json\" class=\"yoast-schema-graph\">{\"@context\":\"https:\/\/schema.org\",\"@graph\":[{\"@type\":\"WebPage\",\"@id\":\"https:\/\/diariodalagoa.pt\/sergio-avila-afirma-que-plano-e-orcamento-dos-acores-dao-continuidade-a-politica-de-estabilidade-das-financas-publicas-regionais\/\",\"url\":\"https:\/\/diariodalagoa.pt\/sergio-avila-afirma-que-plano-e-orcamento-dos-acores-dao-continuidade-a-politica-de-estabilidade-das-financas-publicas-regionais\/\",\"name\":\"S\u00e9rgio \u00c1vila afirma que Plano e Or\u00e7amento dos A\u00e7ores d\u00e3o continuidade \u00e0 pol\u00edtica de estabilidade das finan\u00e7as p\u00fablicas regionais - Di\u00e1rio da Lagoa\",\"isPartOf\":{\"@id\":\"https:\/\/diariodalagoa.pt\/#website\"},\"datePublished\":\"2014-11-25T16:31:17+00:00\",\"dateModified\":\"2014-11-25T16:31:17+00:00\",\"author\":{\"@id\":\"https:\/\/diariodalagoa.pt\/#\/schema\/person\/1615a002370e8857b6f972834bc43ece\"},\"breadcrumb\":{\"@id\":\"https:\/\/diariodalagoa.pt\/sergio-avila-afirma-que-plano-e-orcamento-dos-acores-dao-continuidade-a-politica-de-estabilidade-das-financas-publicas-regionais\/#breadcrumb\"},\"inLanguage\":\"en-US\",\"potentialAction\":[{\"@type\":\"ReadAction\",\"target\":[\"https:\/\/diariodalagoa.pt\/sergio-avila-afirma-que-plano-e-orcamento-dos-acores-dao-continuidade-a-politica-de-estabilidade-das-financas-publicas-regionais\/\"]}]},{\"@type\":\"BreadcrumbList\",\"@id\":\"https:\/\/diariodalagoa.pt\/sergio-avila-afirma-que-plano-e-orcamento-dos-acores-dao-continuidade-a-politica-de-estabilidade-das-financas-publicas-regionais\/#breadcrumb\",\"itemListElement\":[{\"@type\":\"ListItem\",\"position\":1,\"name\":\"In\u00edcio\",\"item\":\"https:\/\/diariodalagoa.pt\/\"},{\"@type\":\"ListItem\",\"position\":2,\"name\":\"S\u00e9rgio \u00c1vila afirma que Plano e Or\u00e7amento dos A\u00e7ores d\u00e3o continuidade \u00e0 pol\u00edtica de estabilidade das finan\u00e7as p\u00fablicas regionais\"}]},{\"@type\":\"WebSite\",\"@id\":\"https:\/\/diariodalagoa.pt\/#website\",\"url\":\"https:\/\/diariodalagoa.pt\/\",\"name\":\"Di\u00e1rio da Lagoa\",\"description\":\"Di\u00e1rio da Lagoa. As not\u00edcias que contam. A partir da Lagoa, nos A\u00e7ores, para o mundo.\",\"potentialAction\":[{\"@type\":\"SearchAction\",\"target\":{\"@type\":\"EntryPoint\",\"urlTemplate\":\"https:\/\/diariodalagoa.pt\/?s={search_term_string}\"},\"query-input\":\"required name=search_term_string\"}],\"inLanguage\":\"en-US\"},{\"@type\":\"Person\",\"@id\":\"https:\/\/diariodalagoa.pt\/#\/schema\/person\/1615a002370e8857b6f972834bc43ece\",\"name\":\"Di\u00e1rio da Lagoa\",\"image\":{\"@type\":\"ImageObject\",\"inLanguage\":\"en-US\",\"@id\":\"https:\/\/diariodalagoa.pt\/#\/schema\/person\/image\/\",\"url\":\"https:\/\/secure.gravatar.com\/avatar\/2cb5cef90a26f8fbd4d9d930608102c5?s=96&d=mm&r=g\",\"contentUrl\":\"https:\/\/secure.gravatar.com\/avatar\/2cb5cef90a26f8fbd4d9d930608102c5?s=96&d=mm&r=g\",\"caption\":\"Di\u00e1rio da Lagoa\"},\"url\":\"https:\/\/diariodalagoa.pt\/en\/author\/diariodalagoa\/\"}]}<\/script>\n<!-- \/ Yoast SEO plugin. -->","yoast_head_json":{"title":"S\u00e9rgio \u00c1vila afirma que Plano e Or\u00e7amento dos A\u00e7ores d\u00e3o continuidade \u00e0 pol\u00edtica de estabilidade das finan\u00e7as p\u00fablicas regionais - Di\u00e1rio da Lagoa","robots":{"index":"index","follow":"follow","max-snippet":"max-snippet:-1","max-image-preview":"max-image-preview:large","max-video-preview":"max-video-preview:-1"},"canonical":"https:\/\/diariodalagoa.pt\/en\/sergio-avila-afirma-que-plano-e-orcamento-dos-acores-dao-continuidade-a-politica-de-estabilidade-das-financas-publicas-regionais\/","og_locale":"en_US","og_type":"article","og_title":"S\u00e9rgio \u00c1vila afirma que Plano e Or\u00e7amento dos A\u00e7ores d\u00e3o continuidade \u00e0 pol\u00edtica de estabilidade das finan\u00e7as p\u00fablicas regionais - Di\u00e1rio da Lagoa","og_description":"O Vice-Presidente do Governo dos A\u00e7ores afirmou que as propostas de Plano de Investimentos e de Or\u00e7amento para 2015, em\u00a0discuss\u00e3o na Assembleia Legislativa, est\u00e3o numa linha de \u201ccontinuidade \u00e0 pol\u00edtica de estabilidade das finan\u00e7as p\u00fablicas regionais\u201d.\u00a0 Na apresenta\u00e7\u00e3o das propostas, S\u00e9rgio \u00c1vila sublinhou, no entanto, que a Regi\u00e3o tem enfrentado \u201cconstrangimentos\u201d, designadamente os que resultam [&hellip;]","og_url":"https:\/\/diariodalagoa.pt\/en\/sergio-avila-afirma-que-plano-e-orcamento-dos-acores-dao-continuidade-a-politica-de-estabilidade-das-financas-publicas-regionais\/","og_site_name":"Di\u00e1rio da Lagoa","article_published_time":"2014-11-25T16:31:17+00:00","author":"Di\u00e1rio da Lagoa","twitter_card":"summary_large_image","twitter_misc":{"Written by":"Di\u00e1rio da Lagoa","Est. reading time":"3 minutes"},"schema":{"@context":"https:\/\/schema.org","@graph":[{"@type":"WebPage","@id":"https:\/\/diariodalagoa.pt\/sergio-avila-afirma-que-plano-e-orcamento-dos-acores-dao-continuidade-a-politica-de-estabilidade-das-financas-publicas-regionais\/","url":"https:\/\/diariodalagoa.pt\/sergio-avila-afirma-que-plano-e-orcamento-dos-acores-dao-continuidade-a-politica-de-estabilidade-das-financas-publicas-regionais\/","name":"S\u00e9rgio \u00c1vila afirma que Plano e Or\u00e7amento dos A\u00e7ores d\u00e3o continuidade \u00e0 pol\u00edtica de estabilidade das finan\u00e7as p\u00fablicas regionais - Di\u00e1rio da Lagoa","isPartOf":{"@id":"https:\/\/diariodalagoa.pt\/#website"},"datePublished":"2014-11-25T16:31:17+00:00","dateModified":"2014-11-25T16:31:17+00:00","author":{"@id":"https:\/\/diariodalagoa.pt\/#\/schema\/person\/1615a002370e8857b6f972834bc43ece"},"breadcrumb":{"@id":"https:\/\/diariodalagoa.pt\/sergio-avila-afirma-que-plano-e-orcamento-dos-acores-dao-continuidade-a-politica-de-estabilidade-das-financas-publicas-regionais\/#breadcrumb"},"inLanguage":"en-US","potentialAction":[{"@type":"ReadAction","target":["https:\/\/diariodalagoa.pt\/sergio-avila-afirma-que-plano-e-orcamento-dos-acores-dao-continuidade-a-politica-de-estabilidade-das-financas-publicas-regionais\/"]}]},{"@type":"BreadcrumbList","@id":"https:\/\/diariodalagoa.pt\/sergio-avila-afirma-que-plano-e-orcamento-dos-acores-dao-continuidade-a-politica-de-estabilidade-das-financas-publicas-regionais\/#breadcrumb","itemListElement":[{"@type":"ListItem","position":1,"name":"In\u00edcio","item":"https:\/\/diariodalagoa.pt\/"},{"@type":"ListItem","position":2,"name":"S\u00e9rgio \u00c1vila afirma que Plano e Or\u00e7amento dos A\u00e7ores d\u00e3o continuidade \u00e0 pol\u00edtica de estabilidade das finan\u00e7as p\u00fablicas regionais"}]},{"@type":"WebSite","@id":"https:\/\/diariodalagoa.pt\/#website","url":"https:\/\/diariodalagoa.pt\/","name":"Di\u00e1rio da Lagoa","description":"Di\u00e1rio da Lagoa. As not\u00edcias que contam. A partir da Lagoa, nos A\u00e7ores, para o mundo.","potentialAction":[{"@type":"SearchAction","target":{"@type":"EntryPoint","urlTemplate":"https:\/\/diariodalagoa.pt\/?s={search_term_string}"},"query-input":"required name=search_term_string"}],"inLanguage":"en-US"},{"@type":"Person","@id":"https:\/\/diariodalagoa.pt\/#\/schema\/person\/1615a002370e8857b6f972834bc43ece","name":"Di\u00e1rio da Lagoa","image":{"@type":"ImageObject","inLanguage":"en-US","@id":"https:\/\/diariodalagoa.pt\/#\/schema\/person\/image\/","url":"https:\/\/secure.gravatar.com\/avatar\/2cb5cef90a26f8fbd4d9d930608102c5?s=96&d=mm&r=g","contentUrl":"https:\/\/secure.gravatar.com\/avatar\/2cb5cef90a26f8fbd4d9d930608102c5?s=96&d=mm&r=g","caption":"Di\u00e1rio da Lagoa"},"url":"https:\/\/diariodalagoa.pt\/en\/author\/diariodalagoa\/"}]}},"_links":{"self":[{"href":"https:\/\/diariodalagoa.pt\/en\/wp-json\/wp\/v2\/posts\/11599"}],"collection":[{"href":"https:\/\/diariodalagoa.pt\/en\/wp-json\/wp\/v2\/posts"}],"about":[{"href":"https:\/\/diariodalagoa.pt\/en\/wp-json\/wp\/v2\/types\/post"}],"author":[{"embeddable":true,"href":"https:\/\/diariodalagoa.pt\/en\/wp-json\/wp\/v2\/users\/2"}],"replies":[{"embeddable":true,"href":"https:\/\/diariodalagoa.pt\/en\/wp-json\/wp\/v2\/comments?post=11599"}],"version-history":[{"count":0,"href":"https:\/\/diariodalagoa.pt\/en\/wp-json\/wp\/v2\/posts\/11599\/revisions"}],"wp:attachment":[{"href":"https:\/\/diariodalagoa.pt\/en\/wp-json\/wp\/v2\/media?parent=11599"}],"wp:term":[{"taxonomy":"category","embeddable":true,"href":"https:\/\/diariodalagoa.pt\/en\/wp-json\/wp\/v2\/categories?post=11599"},{"taxonomy":"post_tag","embeddable":true,"href":"https:\/\/diariodalagoa.pt\/en\/wp-json\/wp\/v2\/tags?post=11599"}],"curies":[{"name":"wp","href":"https:\/\/api.w.org\/{rel}","templated":true}]}}