{"id":11569,"date":"2014-11-24T16:04:22","date_gmt":"2014-11-24T17:04:22","guid":{"rendered":"http:\/\/diariodalagoa.pt\/?p=11569"},"modified":"2014-11-24T16:04:22","modified_gmt":"2014-11-24T17:04:22","slug":"fatima-amorim-revela-que-mais-de-40-do-orcamento-do-prorural-foi-destinado-a-medidas-de-cariz-ambiental","status":"publish","type":"post","link":"https:\/\/diariodalagoa.pt\/en\/fatima-amorim-revela-que-mais-de-40-do-orcamento-do-prorural-foi-destinado-a-medidas-de-cariz-ambiental\/","title":{"rendered":"F\u00e1tima Amorim revela que \u201cmais de 40%&#8221; do or\u00e7amento do PRORURAL foi destinado a medidas de cariz ambiental"},"content":{"rendered":"<p style=\"text-align: justify;\"><img decoding=\"async\" class=\"alignnone size-full wp-image-11570\" src=\"http:\/\/diariodalagoa.pt\/wp-content\/uploads\/2014\/11\/Fatima-Amorim-Prorural.jpg\" alt=\"Fatima-Amorim-Prorural\" width=\"720\" height=\"380\" \/><\/p>\n<p style=\"text-align: justify;\"><span style=\"color: #000000;\">A Diretora Regional do Desenvolvimento Rural revelou que \u201cmais de 40% do or\u00e7amento do Programa de Desenvolvimento Rural &#8211; PRORURAL, entre 2007-2013, foi alocado a medidas de cariz ambiental\u201d, tendo sido aprovado um apoio de 55 mil euros para o projeto &#8216;Pegada Ambiental&#8217;.\u00a0<\/span><\/p>\n<p style=\"text-align: justify;\"><span style=\"color: #000000;\">F\u00e1tima Amorim, que falava na confer\u00eancia de imprensa para apresenta\u00e7\u00e3o da iniciativa &#8216;Desliga a Luz, Liga-te ao Planeta&#8217;, salientou que \u201ccom projetos desta natureza estamos, com certeza, a contribuir para uma Regi\u00e3o mais sustent\u00e1vel\u201d.\u00a0<\/span><\/p>\n<p style=\"text-align: justify;\"><span style=\"color: #000000;\">A Diretora Regional referiu que, atrav\u00e9s do PRORURAL, foram implementadas diversas medidas com preocupa\u00e7\u00f5es ou impacto ambiental positivo, uma vez que um dos objetivos do programa \u00e9 a preserva\u00e7\u00e3o e a conserva\u00e7\u00e3o.\u00a0<\/span><\/p>\n<p style=\"text-align: justify;\"><span style=\"color: #000000;\">Nesse sentido,\u00a0felicitou a GRATER e a ADELIA\u00c7OR pela apresenta\u00e7\u00e3o do projeto de coopera\u00e7\u00e3o interterritorial &#8216;Pegada Ambiental&#8217;, que visa a sensibiliza\u00e7\u00e3o da popula\u00e7\u00e3o e alertar para a gest\u00e3o correta dos res\u00edduos e para a redu\u00e7\u00e3o dos consumos energ\u00e9ticos.\u00a0<\/span><\/p>\n<p style=\"text-align: justify;\"><span style=\"color: #000000;\">A iniciativa &#8216;Desliga a Luz, Liga-te ao Planeta&#8217;, que integra aquele projeto, pretende sensibilizar a popula\u00e7\u00e3o para o consumo energ\u00e9tico e os h\u00e1bitos de poupan\u00e7a associados.\u00a0<\/span><\/p>\n<p style=\"text-align: justify;\"><span style=\"color: #000000;\">Esta\u00a0a\u00e7\u00e3o tem como p\u00fablicos-alvo as crian\u00e7as, as fam\u00edlias e as entidades p\u00fablicas.\u00a0<\/span><\/p>\n<p style=\"text-align: justify;\"><span style=\"color: #000000;\">No \u00e2mbito deste projeto, foi criada a mascote &#8216;Major Planeta&#8217;, um v\u00eddeo promocional, autocolantes, um site na Internet com informa\u00e7\u00e3o sobre a poupan\u00e7a energ\u00e9tica, uma aplica\u00e7\u00e3o\u00a0<em>android<\/em>\u00a0e uma p\u00e1gina de\u00a0<em>Facebook<\/em>\u00a0que retratar\u00e1 toda a campanha.<\/span><\/p>\n<p style=\"text-align: justify;\"><span style=\"color: #000000;\"><em>DL\/Gacs<\/em><\/span><\/p>","protected":false},"excerpt":{"rendered":"<p>A Diretora Regional do Desenvolvimento Rural revelou que \u201cmais de 40% do or\u00e7amento do Programa de Desenvolvimento Rural &#8211; PRORURAL, entre 2007-2013, foi alocado a medidas de cariz ambiental\u201d, tendo sido aprovado um apoio de 55 mil euros para o projeto &#8216;Pegada Ambiental&#8217;.\u00a0 F\u00e1tima Amorim, que falava na confer\u00eancia de imprensa para apresenta\u00e7\u00e3o da iniciativa [&hellip;]<\/p>","protected":false},"author":2,"featured_media":121667,"comment_status":"open","ping_status":"open","sticky":false,"template":"","format":"standard","meta":[],"categories":[21],"tags":[],"acf":[],"yoast_head":"<!-- This site is optimized with the Yoast SEO plugin v20.10 - https:\/\/yoast.com\/wordpress\/plugins\/seo\/ -->\n<title>F\u00e1tima Amorim revela que \u201cmais de 40%&quot; do or\u00e7amento do PRORURAL foi destinado a medidas de cariz ambiental - Di\u00e1rio da Lagoa<\/title>\n<meta name=\"robots\" content=\"index, follow, max-snippet:-1, max-image-preview:large, max-video-preview:-1\" \/>\n<link rel=\"canonical\" href=\"https:\/\/diariodalagoa.pt\/en\/fatima-amorim-revela-que-mais-de-40-do-orcamento-do-prorural-foi-destinado-a-medidas-de-cariz-ambiental\/\" \/>\n<meta property=\"og:locale\" content=\"en_US\" \/>\n<meta property=\"og:type\" content=\"article\" \/>\n<meta property=\"og:title\" content=\"F\u00e1tima Amorim revela que \u201cmais de 40%&quot; do or\u00e7amento do PRORURAL foi destinado a medidas de cariz ambiental - Di\u00e1rio da Lagoa\" \/>\n<meta property=\"og:description\" content=\"A Diretora Regional do Desenvolvimento Rural revelou que \u201cmais de 40% do or\u00e7amento do Programa de Desenvolvimento Rural &#8211; PRORURAL, entre 2007-2013, foi alocado a medidas de cariz ambiental\u201d, tendo sido aprovado um apoio de 55 mil euros para o projeto &#8216;Pegada Ambiental&#8217;.\u00a0 F\u00e1tima Amorim, que falava na confer\u00eancia de imprensa para apresenta\u00e7\u00e3o da iniciativa [&hellip;]\" \/>\n<meta property=\"og:url\" content=\"https:\/\/diariodalagoa.pt\/en\/fatima-amorim-revela-que-mais-de-40-do-orcamento-do-prorural-foi-destinado-a-medidas-de-cariz-ambiental\/\" \/>\n<meta property=\"og:site_name\" content=\"Di\u00e1rio da Lagoa\" \/>\n<meta property=\"article:published_time\" content=\"2014-11-24T17:04:22+00:00\" \/>\n<meta property=\"og:image\" content=\"https:\/\/diariodalagoa.pt\/wp-content\/uploads\/2014\/11\/fatima-amorim-prorural.jpg\" \/>\n\t<meta property=\"og:image:width\" content=\"720\" \/>\n\t<meta property=\"og:image:height\" content=\"380\" \/>\n\t<meta property=\"og:image:type\" content=\"image\/jpeg\" \/>\n<meta name=\"author\" content=\"Di\u00e1rio da Lagoa\" \/>\n<meta name=\"twitter:card\" content=\"summary_large_image\" \/>\n<meta name=\"twitter:label1\" content=\"Written by\" \/>\n\t<meta name=\"twitter:data1\" content=\"Di\u00e1rio da Lagoa\" \/>\n\t<meta name=\"twitter:label2\" content=\"Est. reading time\" \/>\n\t<meta name=\"twitter:data2\" content=\"1 minute\" \/>\n<script type=\"application\/ld+json\" class=\"yoast-schema-graph\">{\"@context\":\"https:\/\/schema.org\",\"@graph\":[{\"@type\":\"WebPage\",\"@id\":\"https:\/\/diariodalagoa.pt\/fatima-amorim-revela-que-mais-de-40-do-orcamento-do-prorural-foi-destinado-a-medidas-de-cariz-ambiental\/\",\"url\":\"https:\/\/diariodalagoa.pt\/fatima-amorim-revela-que-mais-de-40-do-orcamento-do-prorural-foi-destinado-a-medidas-de-cariz-ambiental\/\",\"name\":\"F\u00e1tima Amorim revela que \u201cmais de 40%\\\" do or\u00e7amento do PRORURAL foi destinado a medidas de cariz ambiental - Di\u00e1rio da Lagoa\",\"isPartOf\":{\"@id\":\"https:\/\/diariodalagoa.pt\/#website\"},\"datePublished\":\"2014-11-24T17:04:22+00:00\",\"dateModified\":\"2014-11-24T17:04:22+00:00\",\"author\":{\"@id\":\"https:\/\/diariodalagoa.pt\/#\/schema\/person\/1615a002370e8857b6f972834bc43ece\"},\"breadcrumb\":{\"@id\":\"https:\/\/diariodalagoa.pt\/fatima-amorim-revela-que-mais-de-40-do-orcamento-do-prorural-foi-destinado-a-medidas-de-cariz-ambiental\/#breadcrumb\"},\"inLanguage\":\"en-US\",\"potentialAction\":[{\"@type\":\"ReadAction\",\"target\":[\"https:\/\/diariodalagoa.pt\/fatima-amorim-revela-que-mais-de-40-do-orcamento-do-prorural-foi-destinado-a-medidas-de-cariz-ambiental\/\"]}]},{\"@type\":\"BreadcrumbList\",\"@id\":\"https:\/\/diariodalagoa.pt\/fatima-amorim-revela-que-mais-de-40-do-orcamento-do-prorural-foi-destinado-a-medidas-de-cariz-ambiental\/#breadcrumb\",\"itemListElement\":[{\"@type\":\"ListItem\",\"position\":1,\"name\":\"In\u00edcio\",\"item\":\"https:\/\/diariodalagoa.pt\/\"},{\"@type\":\"ListItem\",\"position\":2,\"name\":\"F\u00e1tima Amorim revela que \u201cmais de 40%&#8221; do or\u00e7amento do PRORURAL foi destinado a medidas de cariz ambiental\"}]},{\"@type\":\"WebSite\",\"@id\":\"https:\/\/diariodalagoa.pt\/#website\",\"url\":\"https:\/\/diariodalagoa.pt\/\",\"name\":\"Di\u00e1rio da Lagoa\",\"description\":\"Di\u00e1rio da Lagoa. As not\u00edcias que contam. A partir da Lagoa, nos A\u00e7ores, para o mundo.\",\"potentialAction\":[{\"@type\":\"SearchAction\",\"target\":{\"@type\":\"EntryPoint\",\"urlTemplate\":\"https:\/\/diariodalagoa.pt\/?s={search_term_string}\"},\"query-input\":\"required name=search_term_string\"}],\"inLanguage\":\"en-US\"},{\"@type\":\"Person\",\"@id\":\"https:\/\/diariodalagoa.pt\/#\/schema\/person\/1615a002370e8857b6f972834bc43ece\",\"name\":\"Di\u00e1rio da Lagoa\",\"image\":{\"@type\":\"ImageObject\",\"inLanguage\":\"en-US\",\"@id\":\"https:\/\/diariodalagoa.pt\/#\/schema\/person\/image\/\",\"url\":\"https:\/\/secure.gravatar.com\/avatar\/2cb5cef90a26f8fbd4d9d930608102c5?s=96&d=mm&r=g\",\"contentUrl\":\"https:\/\/secure.gravatar.com\/avatar\/2cb5cef90a26f8fbd4d9d930608102c5?s=96&d=mm&r=g\",\"caption\":\"Di\u00e1rio da Lagoa\"},\"url\":\"https:\/\/diariodalagoa.pt\/en\/author\/diariodalagoa\/\"}]}<\/script>\n<!-- \/ Yoast SEO plugin. -->","yoast_head_json":{"title":"F\u00e1tima Amorim revela que \u201cmais de 40%\" do or\u00e7amento do PRORURAL foi destinado a medidas de cariz ambiental - Di\u00e1rio da Lagoa","robots":{"index":"index","follow":"follow","max-snippet":"max-snippet:-1","max-image-preview":"max-image-preview:large","max-video-preview":"max-video-preview:-1"},"canonical":"https:\/\/diariodalagoa.pt\/en\/fatima-amorim-revela-que-mais-de-40-do-orcamento-do-prorural-foi-destinado-a-medidas-de-cariz-ambiental\/","og_locale":"en_US","og_type":"article","og_title":"F\u00e1tima Amorim revela que \u201cmais de 40%\" do or\u00e7amento do PRORURAL foi destinado a medidas de cariz ambiental - Di\u00e1rio da Lagoa","og_description":"A Diretora Regional do Desenvolvimento Rural revelou que \u201cmais de 40% do or\u00e7amento do Programa de Desenvolvimento Rural &#8211; PRORURAL, entre 2007-2013, foi alocado a medidas de cariz ambiental\u201d, tendo sido aprovado um apoio de 55 mil euros para o projeto &#8216;Pegada Ambiental&#8217;.\u00a0 F\u00e1tima Amorim, que falava na confer\u00eancia de imprensa para apresenta\u00e7\u00e3o da iniciativa [&hellip;]","og_url":"https:\/\/diariodalagoa.pt\/en\/fatima-amorim-revela-que-mais-de-40-do-orcamento-do-prorural-foi-destinado-a-medidas-de-cariz-ambiental\/","og_site_name":"Di\u00e1rio da Lagoa","article_published_time":"2014-11-24T17:04:22+00:00","og_image":[{"width":720,"height":380,"url":"https:\/\/diariodalagoa.pt\/wp-content\/uploads\/2014\/11\/fatima-amorim-prorural.jpg","type":"image\/jpeg"}],"author":"Di\u00e1rio da Lagoa","twitter_card":"summary_large_image","twitter_misc":{"Written by":"Di\u00e1rio da Lagoa","Est. reading time":"1 minute"},"schema":{"@context":"https:\/\/schema.org","@graph":[{"@type":"WebPage","@id":"https:\/\/diariodalagoa.pt\/fatima-amorim-revela-que-mais-de-40-do-orcamento-do-prorural-foi-destinado-a-medidas-de-cariz-ambiental\/","url":"https:\/\/diariodalagoa.pt\/fatima-amorim-revela-que-mais-de-40-do-orcamento-do-prorural-foi-destinado-a-medidas-de-cariz-ambiental\/","name":"F\u00e1tima Amorim revela que \u201cmais de 40%\" do or\u00e7amento do PRORURAL foi destinado a medidas de cariz ambiental - Di\u00e1rio da Lagoa","isPartOf":{"@id":"https:\/\/diariodalagoa.pt\/#website"},"datePublished":"2014-11-24T17:04:22+00:00","dateModified":"2014-11-24T17:04:22+00:00","author":{"@id":"https:\/\/diariodalagoa.pt\/#\/schema\/person\/1615a002370e8857b6f972834bc43ece"},"breadcrumb":{"@id":"https:\/\/diariodalagoa.pt\/fatima-amorim-revela-que-mais-de-40-do-orcamento-do-prorural-foi-destinado-a-medidas-de-cariz-ambiental\/#breadcrumb"},"inLanguage":"en-US","potentialAction":[{"@type":"ReadAction","target":["https:\/\/diariodalagoa.pt\/fatima-amorim-revela-que-mais-de-40-do-orcamento-do-prorural-foi-destinado-a-medidas-de-cariz-ambiental\/"]}]},{"@type":"BreadcrumbList","@id":"https:\/\/diariodalagoa.pt\/fatima-amorim-revela-que-mais-de-40-do-orcamento-do-prorural-foi-destinado-a-medidas-de-cariz-ambiental\/#breadcrumb","itemListElement":[{"@type":"ListItem","position":1,"name":"In\u00edcio","item":"https:\/\/diariodalagoa.pt\/"},{"@type":"ListItem","position":2,"name":"F\u00e1tima Amorim revela que \u201cmais de 40%&#8221; do or\u00e7amento do PRORURAL foi destinado a medidas de cariz ambiental"}]},{"@type":"WebSite","@id":"https:\/\/diariodalagoa.pt\/#website","url":"https:\/\/diariodalagoa.pt\/","name":"Di\u00e1rio da Lagoa","description":"Di\u00e1rio da Lagoa. As not\u00edcias que contam. A partir da Lagoa, nos A\u00e7ores, para o mundo.","potentialAction":[{"@type":"SearchAction","target":{"@type":"EntryPoint","urlTemplate":"https:\/\/diariodalagoa.pt\/?s={search_term_string}"},"query-input":"required name=search_term_string"}],"inLanguage":"en-US"},{"@type":"Person","@id":"https:\/\/diariodalagoa.pt\/#\/schema\/person\/1615a002370e8857b6f972834bc43ece","name":"Di\u00e1rio da Lagoa","image":{"@type":"ImageObject","inLanguage":"en-US","@id":"https:\/\/diariodalagoa.pt\/#\/schema\/person\/image\/","url":"https:\/\/secure.gravatar.com\/avatar\/2cb5cef90a26f8fbd4d9d930608102c5?s=96&d=mm&r=g","contentUrl":"https:\/\/secure.gravatar.com\/avatar\/2cb5cef90a26f8fbd4d9d930608102c5?s=96&d=mm&r=g","caption":"Di\u00e1rio da Lagoa"},"url":"https:\/\/diariodalagoa.pt\/en\/author\/diariodalagoa\/"}]}},"_links":{"self":[{"href":"https:\/\/diariodalagoa.pt\/en\/wp-json\/wp\/v2\/posts\/11569"}],"collection":[{"href":"https:\/\/diariodalagoa.pt\/en\/wp-json\/wp\/v2\/posts"}],"about":[{"href":"https:\/\/diariodalagoa.pt\/en\/wp-json\/wp\/v2\/types\/post"}],"author":[{"embeddable":true,"href":"https:\/\/diariodalagoa.pt\/en\/wp-json\/wp\/v2\/users\/2"}],"replies":[{"embeddable":true,"href":"https:\/\/diariodalagoa.pt\/en\/wp-json\/wp\/v2\/comments?post=11569"}],"version-history":[{"count":0,"href":"https:\/\/diariodalagoa.pt\/en\/wp-json\/wp\/v2\/posts\/11569\/revisions"}],"wp:featuredmedia":[{"embeddable":true,"href":"https:\/\/diariodalagoa.pt\/en\/wp-json\/wp\/v2\/media\/121667"}],"wp:attachment":[{"href":"https:\/\/diariodalagoa.pt\/en\/wp-json\/wp\/v2\/media?parent=11569"}],"wp:term":[{"taxonomy":"category","embeddable":true,"href":"https:\/\/diariodalagoa.pt\/en\/wp-json\/wp\/v2\/categories?post=11569"},{"taxonomy":"post_tag","embeddable":true,"href":"https:\/\/diariodalagoa.pt\/en\/wp-json\/wp\/v2\/tags?post=11569"}],"curies":[{"name":"wp","href":"https:\/\/api.w.org\/{rel}","templated":true}]}}