{"id":11551,"date":"2014-11-24T15:01:45","date_gmt":"2014-11-24T16:01:45","guid":{"rendered":"http:\/\/diariodalagoa.pt\/?p=11551"},"modified":"2014-11-24T15:01:45","modified_gmt":"2014-11-24T16:01:45","slug":"governo-dos-acores-atribui-300-mil-euros-em-novos-apoios-a-recuperacao-de-habitacao-degradada","status":"publish","type":"post","link":"https:\/\/diariodalagoa.pt\/en\/governo-dos-acores-atribui-300-mil-euros-em-novos-apoios-a-recuperacao-de-habitacao-degradada\/","title":{"rendered":"Governo dos A\u00e7ores atribui 300 mil euros em novos apoios \u00e0 recupera\u00e7\u00e3o de habita\u00e7\u00e3o degradada\u00a0"},"content":{"rendered":"<p style=\"text-align: justify;\"><img decoding=\"async\" class=\"alignnone size-full wp-image-11552\" src=\"http:\/\/diariodalagoa.pt\/wp-content\/uploads\/2014\/11\/Andreia-Cardoso-apoio-habita\u00e7\u00e3o-a\u00e7ores-.jpg\" alt=\"Andreia-Cardoso-apoio-habita\u00e7\u00e3o-a\u00e7ores-\" width=\"720\" height=\"380\" \/><\/p>\n<p style=\"text-align: justify;\"><span style=\"color: #000000;\">A Secretaria Regional da Solidariedade Social atribuiu, numa cerim\u00f3nia realizada\u00a0em Ponta Delgada, cerca de tr\u00eas dezenas de novos apoios \u00e0 recupera\u00e7\u00e3o de habita\u00e7\u00e3o degradada, num\u00a0investimento p\u00fablico que totaliza cerca de 300 mil euros.\u00a0<\/span><\/p>\n<p style=\"text-align: justify;\"><span style=\"color: #000000;\">Nesta cerim\u00f3nia, presidida pela Secret\u00e1ria Regional da Solidariedade Social, foram atribu\u00eddos apoios a 22 processos de recupera\u00e7\u00e3o de habita\u00e7\u00e3o degradada e im\u00f3veis infestados pela praga das t\u00e9rmitas, num montante superior a 255 mil euros, e seis apoios \u00e0 constru\u00e7\u00e3o e amplia\u00e7\u00e3o de habita\u00e7\u00e3o pr\u00f3pria permanente, no total de cerca de 42 mil euros.\u00a0<\/span><\/p>\n<p style=\"text-align: justify;\"><span style=\"color: #000000;\">\u201cA melhoria das condi\u00e7\u00f5es das habita\u00e7\u00f5es, dotando-as de seguran\u00e7a, higiene e conforto, \u00e9 um dos des\u00edgnios do Governo Regional, que \u00e9 materializado nesta legislatura atrav\u00e9s de iniciativas ao n\u00edvel da reabilita\u00e7\u00e3o do edificado, em detrimento da constru\u00e7\u00e3o nova, promovendo-se a preserva\u00e7\u00e3o da nossa identidade cultural, legado dos nossos antepassados, e combatendo a degrada\u00e7\u00e3o dos im\u00f3veis\u201d,\u00a0afirmou Andreia Cardoso.\u00a0<\/span><\/p>\n<p style=\"text-align: justify;\"><span style=\"color: #000000;\">A Secret\u00e1ria Regional recordou que, na atual legislatura, j\u00e1 foram autorizados cerca de 450 apoios, num montante de investimento do Governo Regional que ascende a 4,5 milh\u00f5es de euros.\u00a0<\/span><\/p>\n<p style=\"text-align: justify;\"><span style=\"color: #000000;\">Os apoios hoje atribu\u00eddos destinam-se a 28 fam\u00edlias residentes nos concelhos da Lagoa, Nordeste, Ponta Delgada e Ribeira Grande, na ilha de S. Miguel, num total de\u00a0cerca de uma centena de\u00a0pessoas.<\/span><\/p>\n<p style=\"text-align: justify;\"><span style=\"color: #000000;\"><em>DL\/GaCS<\/em><\/span><\/p>","protected":false},"excerpt":{"rendered":"<p>A Secretaria Regional da Solidariedade Social atribuiu, numa cerim\u00f3nia realizada\u00a0em Ponta Delgada, cerca de tr\u00eas dezenas de novos apoios \u00e0 recupera\u00e7\u00e3o de habita\u00e7\u00e3o degradada, num\u00a0investimento p\u00fablico que totaliza cerca de 300 mil euros.\u00a0 Nesta cerim\u00f3nia, presidida pela Secret\u00e1ria Regional da Solidariedade Social, foram atribu\u00eddos apoios a 22 processos de recupera\u00e7\u00e3o de habita\u00e7\u00e3o degradada e im\u00f3veis [&hellip;]<\/p>","protected":false},"author":2,"featured_media":0,"comment_status":"open","ping_status":"open","sticky":false,"template":"","format":"standard","meta":[],"categories":[21],"tags":[],"acf":[],"yoast_head":"<!-- This site is optimized with the Yoast SEO plugin v20.10 - https:\/\/yoast.com\/wordpress\/plugins\/seo\/ -->\n<title>Governo dos A\u00e7ores atribui 300 mil euros em novos apoios \u00e0 recupera\u00e7\u00e3o de habita\u00e7\u00e3o degradada\u00a0 - Di\u00e1rio da Lagoa<\/title>\n<meta name=\"robots\" content=\"index, follow, max-snippet:-1, max-image-preview:large, max-video-preview:-1\" \/>\n<link rel=\"canonical\" href=\"https:\/\/diariodalagoa.pt\/en\/governo-dos-acores-atribui-300-mil-euros-em-novos-apoios-a-recuperacao-de-habitacao-degradada\/\" \/>\n<meta property=\"og:locale\" content=\"en_US\" \/>\n<meta property=\"og:type\" content=\"article\" \/>\n<meta property=\"og:title\" content=\"Governo dos A\u00e7ores atribui 300 mil euros em novos apoios \u00e0 recupera\u00e7\u00e3o de habita\u00e7\u00e3o degradada\u00a0 - Di\u00e1rio da Lagoa\" \/>\n<meta property=\"og:description\" content=\"A Secretaria Regional da Solidariedade Social atribuiu, numa cerim\u00f3nia realizada\u00a0em Ponta Delgada, cerca de tr\u00eas dezenas de novos apoios \u00e0 recupera\u00e7\u00e3o de habita\u00e7\u00e3o degradada, num\u00a0investimento p\u00fablico que totaliza cerca de 300 mil euros.\u00a0 Nesta cerim\u00f3nia, presidida pela Secret\u00e1ria Regional da Solidariedade Social, foram atribu\u00eddos apoios a 22 processos de recupera\u00e7\u00e3o de habita\u00e7\u00e3o degradada e im\u00f3veis [&hellip;]\" \/>\n<meta property=\"og:url\" content=\"https:\/\/diariodalagoa.pt\/en\/governo-dos-acores-atribui-300-mil-euros-em-novos-apoios-a-recuperacao-de-habitacao-degradada\/\" \/>\n<meta property=\"og:site_name\" content=\"Di\u00e1rio da Lagoa\" \/>\n<meta property=\"article:published_time\" content=\"2014-11-24T16:01:45+00:00\" \/>\n<meta name=\"author\" content=\"Di\u00e1rio da Lagoa\" \/>\n<meta name=\"twitter:card\" content=\"summary_large_image\" \/>\n<meta name=\"twitter:label1\" content=\"Written by\" \/>\n\t<meta name=\"twitter:data1\" content=\"Di\u00e1rio da Lagoa\" \/>\n\t<meta name=\"twitter:label2\" content=\"Est. reading time\" \/>\n\t<meta name=\"twitter:data2\" content=\"1 minute\" \/>\n<script type=\"application\/ld+json\" class=\"yoast-schema-graph\">{\"@context\":\"https:\/\/schema.org\",\"@graph\":[{\"@type\":\"WebPage\",\"@id\":\"https:\/\/diariodalagoa.pt\/governo-dos-acores-atribui-300-mil-euros-em-novos-apoios-a-recuperacao-de-habitacao-degradada\/\",\"url\":\"https:\/\/diariodalagoa.pt\/governo-dos-acores-atribui-300-mil-euros-em-novos-apoios-a-recuperacao-de-habitacao-degradada\/\",\"name\":\"Governo dos A\u00e7ores atribui 300 mil euros em novos apoios \u00e0 recupera\u00e7\u00e3o de habita\u00e7\u00e3o degradada\u00a0 - Di\u00e1rio da Lagoa\",\"isPartOf\":{\"@id\":\"https:\/\/diariodalagoa.pt\/#website\"},\"datePublished\":\"2014-11-24T16:01:45+00:00\",\"dateModified\":\"2014-11-24T16:01:45+00:00\",\"author\":{\"@id\":\"https:\/\/diariodalagoa.pt\/#\/schema\/person\/1615a002370e8857b6f972834bc43ece\"},\"breadcrumb\":{\"@id\":\"https:\/\/diariodalagoa.pt\/governo-dos-acores-atribui-300-mil-euros-em-novos-apoios-a-recuperacao-de-habitacao-degradada\/#breadcrumb\"},\"inLanguage\":\"en-US\",\"potentialAction\":[{\"@type\":\"ReadAction\",\"target\":[\"https:\/\/diariodalagoa.pt\/governo-dos-acores-atribui-300-mil-euros-em-novos-apoios-a-recuperacao-de-habitacao-degradada\/\"]}]},{\"@type\":\"BreadcrumbList\",\"@id\":\"https:\/\/diariodalagoa.pt\/governo-dos-acores-atribui-300-mil-euros-em-novos-apoios-a-recuperacao-de-habitacao-degradada\/#breadcrumb\",\"itemListElement\":[{\"@type\":\"ListItem\",\"position\":1,\"name\":\"In\u00edcio\",\"item\":\"https:\/\/diariodalagoa.pt\/\"},{\"@type\":\"ListItem\",\"position\":2,\"name\":\"Governo dos A\u00e7ores atribui 300 mil euros em novos apoios \u00e0 recupera\u00e7\u00e3o de habita\u00e7\u00e3o degradada\u00a0\"}]},{\"@type\":\"WebSite\",\"@id\":\"https:\/\/diariodalagoa.pt\/#website\",\"url\":\"https:\/\/diariodalagoa.pt\/\",\"name\":\"Di\u00e1rio da Lagoa\",\"description\":\"Di\u00e1rio da Lagoa. As not\u00edcias que contam. A partir da Lagoa, nos A\u00e7ores, para o mundo.\",\"potentialAction\":[{\"@type\":\"SearchAction\",\"target\":{\"@type\":\"EntryPoint\",\"urlTemplate\":\"https:\/\/diariodalagoa.pt\/?s={search_term_string}\"},\"query-input\":\"required name=search_term_string\"}],\"inLanguage\":\"en-US\"},{\"@type\":\"Person\",\"@id\":\"https:\/\/diariodalagoa.pt\/#\/schema\/person\/1615a002370e8857b6f972834bc43ece\",\"name\":\"Di\u00e1rio da Lagoa\",\"image\":{\"@type\":\"ImageObject\",\"inLanguage\":\"en-US\",\"@id\":\"https:\/\/diariodalagoa.pt\/#\/schema\/person\/image\/\",\"url\":\"https:\/\/secure.gravatar.com\/avatar\/2cb5cef90a26f8fbd4d9d930608102c5?s=96&d=mm&r=g\",\"contentUrl\":\"https:\/\/secure.gravatar.com\/avatar\/2cb5cef90a26f8fbd4d9d930608102c5?s=96&d=mm&r=g\",\"caption\":\"Di\u00e1rio da Lagoa\"},\"url\":\"https:\/\/diariodalagoa.pt\/en\/author\/diariodalagoa\/\"}]}<\/script>\n<!-- \/ Yoast SEO plugin. -->","yoast_head_json":{"title":"Governo dos A\u00e7ores atribui 300 mil euros em novos apoios \u00e0 recupera\u00e7\u00e3o de habita\u00e7\u00e3o degradada\u00a0 - Di\u00e1rio da Lagoa","robots":{"index":"index","follow":"follow","max-snippet":"max-snippet:-1","max-image-preview":"max-image-preview:large","max-video-preview":"max-video-preview:-1"},"canonical":"https:\/\/diariodalagoa.pt\/en\/governo-dos-acores-atribui-300-mil-euros-em-novos-apoios-a-recuperacao-de-habitacao-degradada\/","og_locale":"en_US","og_type":"article","og_title":"Governo dos A\u00e7ores atribui 300 mil euros em novos apoios \u00e0 recupera\u00e7\u00e3o de habita\u00e7\u00e3o degradada\u00a0 - Di\u00e1rio da Lagoa","og_description":"A Secretaria Regional da Solidariedade Social atribuiu, numa cerim\u00f3nia realizada\u00a0em Ponta Delgada, cerca de tr\u00eas dezenas de novos apoios \u00e0 recupera\u00e7\u00e3o de habita\u00e7\u00e3o degradada, num\u00a0investimento p\u00fablico que totaliza cerca de 300 mil euros.\u00a0 Nesta cerim\u00f3nia, presidida pela Secret\u00e1ria Regional da Solidariedade Social, foram atribu\u00eddos apoios a 22 processos de recupera\u00e7\u00e3o de habita\u00e7\u00e3o degradada e im\u00f3veis [&hellip;]","og_url":"https:\/\/diariodalagoa.pt\/en\/governo-dos-acores-atribui-300-mil-euros-em-novos-apoios-a-recuperacao-de-habitacao-degradada\/","og_site_name":"Di\u00e1rio da Lagoa","article_published_time":"2014-11-24T16:01:45+00:00","author":"Di\u00e1rio da Lagoa","twitter_card":"summary_large_image","twitter_misc":{"Written by":"Di\u00e1rio da Lagoa","Est. reading time":"1 minute"},"schema":{"@context":"https:\/\/schema.org","@graph":[{"@type":"WebPage","@id":"https:\/\/diariodalagoa.pt\/governo-dos-acores-atribui-300-mil-euros-em-novos-apoios-a-recuperacao-de-habitacao-degradada\/","url":"https:\/\/diariodalagoa.pt\/governo-dos-acores-atribui-300-mil-euros-em-novos-apoios-a-recuperacao-de-habitacao-degradada\/","name":"Governo dos A\u00e7ores atribui 300 mil euros em novos apoios \u00e0 recupera\u00e7\u00e3o de habita\u00e7\u00e3o degradada\u00a0 - Di\u00e1rio da Lagoa","isPartOf":{"@id":"https:\/\/diariodalagoa.pt\/#website"},"datePublished":"2014-11-24T16:01:45+00:00","dateModified":"2014-11-24T16:01:45+00:00","author":{"@id":"https:\/\/diariodalagoa.pt\/#\/schema\/person\/1615a002370e8857b6f972834bc43ece"},"breadcrumb":{"@id":"https:\/\/diariodalagoa.pt\/governo-dos-acores-atribui-300-mil-euros-em-novos-apoios-a-recuperacao-de-habitacao-degradada\/#breadcrumb"},"inLanguage":"en-US","potentialAction":[{"@type":"ReadAction","target":["https:\/\/diariodalagoa.pt\/governo-dos-acores-atribui-300-mil-euros-em-novos-apoios-a-recuperacao-de-habitacao-degradada\/"]}]},{"@type":"BreadcrumbList","@id":"https:\/\/diariodalagoa.pt\/governo-dos-acores-atribui-300-mil-euros-em-novos-apoios-a-recuperacao-de-habitacao-degradada\/#breadcrumb","itemListElement":[{"@type":"ListItem","position":1,"name":"In\u00edcio","item":"https:\/\/diariodalagoa.pt\/"},{"@type":"ListItem","position":2,"name":"Governo dos A\u00e7ores atribui 300 mil euros em novos apoios \u00e0 recupera\u00e7\u00e3o de habita\u00e7\u00e3o degradada\u00a0"}]},{"@type":"WebSite","@id":"https:\/\/diariodalagoa.pt\/#website","url":"https:\/\/diariodalagoa.pt\/","name":"Di\u00e1rio da Lagoa","description":"Di\u00e1rio da Lagoa. As not\u00edcias que contam. A partir da Lagoa, nos A\u00e7ores, para o mundo.","potentialAction":[{"@type":"SearchAction","target":{"@type":"EntryPoint","urlTemplate":"https:\/\/diariodalagoa.pt\/?s={search_term_string}"},"query-input":"required name=search_term_string"}],"inLanguage":"en-US"},{"@type":"Person","@id":"https:\/\/diariodalagoa.pt\/#\/schema\/person\/1615a002370e8857b6f972834bc43ece","name":"Di\u00e1rio da Lagoa","image":{"@type":"ImageObject","inLanguage":"en-US","@id":"https:\/\/diariodalagoa.pt\/#\/schema\/person\/image\/","url":"https:\/\/secure.gravatar.com\/avatar\/2cb5cef90a26f8fbd4d9d930608102c5?s=96&d=mm&r=g","contentUrl":"https:\/\/secure.gravatar.com\/avatar\/2cb5cef90a26f8fbd4d9d930608102c5?s=96&d=mm&r=g","caption":"Di\u00e1rio da Lagoa"},"url":"https:\/\/diariodalagoa.pt\/en\/author\/diariodalagoa\/"}]}},"_links":{"self":[{"href":"https:\/\/diariodalagoa.pt\/en\/wp-json\/wp\/v2\/posts\/11551"}],"collection":[{"href":"https:\/\/diariodalagoa.pt\/en\/wp-json\/wp\/v2\/posts"}],"about":[{"href":"https:\/\/diariodalagoa.pt\/en\/wp-json\/wp\/v2\/types\/post"}],"author":[{"embeddable":true,"href":"https:\/\/diariodalagoa.pt\/en\/wp-json\/wp\/v2\/users\/2"}],"replies":[{"embeddable":true,"href":"https:\/\/diariodalagoa.pt\/en\/wp-json\/wp\/v2\/comments?post=11551"}],"version-history":[{"count":0,"href":"https:\/\/diariodalagoa.pt\/en\/wp-json\/wp\/v2\/posts\/11551\/revisions"}],"wp:attachment":[{"href":"https:\/\/diariodalagoa.pt\/en\/wp-json\/wp\/v2\/media?parent=11551"}],"wp:term":[{"taxonomy":"category","embeddable":true,"href":"https:\/\/diariodalagoa.pt\/en\/wp-json\/wp\/v2\/categories?post=11551"},{"taxonomy":"post_tag","embeddable":true,"href":"https:\/\/diariodalagoa.pt\/en\/wp-json\/wp\/v2\/tags?post=11551"}],"curies":[{"name":"wp","href":"https:\/\/api.w.org\/{rel}","templated":true}]}}