{"id":11547,"date":"2014-11-24T14:58:01","date_gmt":"2014-11-24T15:58:01","guid":{"rendered":"http:\/\/diariodalagoa.pt\/?p=11547"},"modified":"2014-11-24T14:58:01","modified_gmt":"2014-11-24T15:58:01","slug":"v-semana-dos-residuos-com-mais-de-60-acoes-de-sensibilizacao-em-todas-as-ilhas-dos-acores","status":"publish","type":"post","link":"https:\/\/diariodalagoa.pt\/en\/v-semana-dos-residuos-com-mais-de-60-acoes-de-sensibilizacao-em-todas-as-ilhas-dos-acores\/","title":{"rendered":"V Semana dos Res\u00edduos com mais de 60 a\u00e7\u00f5es de sensibiliza\u00e7\u00e3o em todas as ilhas dos A\u00e7ores"},"content":{"rendered":"<p style=\"text-align: justify;\"><img decoding=\"async\" class=\"alignnone size-full wp-image-11549\" src=\"http:\/\/diariodalagoa.pt\/wp-content\/uploads\/2014\/11\/Hernani-Jrge-Semana-residuos-A\u00c7ores1.jpg\" alt=\"Hernani-Jrge-Semana-residuos-A\u00c7ores\" width=\"720\" height=\"380\" \/><\/p>\n<p style=\"text-align: justify;\"><span style=\"color: #000000;\">O Governo dos A\u00e7ores, atrav\u00e9s da Secretaria Regional da Agricultura e Ambiente, promove, at\u00e9 30 de novembro, a realiza\u00e7\u00e3o\u00a0da V Semana dos Res\u00edduos, que inclui 64 a\u00e7\u00f5es de sensibiliza\u00e7\u00e3o em todas as ilhas, organizadas em parceria ou da iniciativa de entidades como autarquias, empresas e organiza\u00e7\u00f5es n\u00e3o-governamentais para o ambiente.\u00a0<\/span><\/p>\n<p style=\"text-align: justify;\"><span style=\"color: #000000;\">O Diretor Regional do Ambiente, Hern\u00e2ni Jorge, participou numa dessas a\u00e7\u00f5es, sob o lema &#8216;Res\u00edduos \u2013 Toma uma Atitude, Faz a Diferen\u00e7a&#8217;, salientou que\u00a0esta iniciativa pretende demonstrar a import\u00e2ncia da diminui\u00e7\u00e3o dos res\u00edduos produzidos.\u00a0<\/span><\/p>\n<p style=\"text-align: justify;\"><span style=\"color: #000000;\">A divulga\u00e7\u00e3o das estrat\u00e9gias e pol\u00edticas de gest\u00e3o de res\u00edduos e incentivar a aplica\u00e7\u00e3o de boas pr\u00e1ticas no \u00e2mbito empresarial, outro dos p\u00fablicos-alvo desta\u00a0quinta edi\u00e7\u00e3o, s\u00e3o tamb\u00e9m objetivos da iniciativa.\u00a0<\/span><\/p>\n<p style=\"text-align: justify;\"><span style=\"color: #000000;\">Hern\u00e2ni Jorge frisou que, no caso da a\u00e7\u00e3o em que participou, dirigida ao\u00a0meio escolar,\u00a0a abordagem foi no sentido da import\u00e2ncia\u00a0da separa\u00e7\u00e3o dos res\u00edduos, tendo em vista \u201caumentar as taxas de valoriza\u00e7\u00e3o\u201d e \u201cdiminuir substancialmente os res\u00edduos encaminhados para elimina\u00e7\u00e3o\u201d.\u00a0<\/span><\/p>\n<p style=\"text-align: justify;\"><span style=\"color: #000000;\">As atividades previstas podem ser consultadas no Portal dos Res\u00edduos,\u00a0no endere\u00e7o eletr\u00f3nico\u00a0<a href=\"http:\/\/www.azores.gov.pt\/Gra\/srrn-residuos\/conteudos\/livres\/Semana.htm\"><span style=\"color: #000000;\">http:\/\/www.azores.gov.pt\/Gra\/srrn-residuos\/conteudos\/livres\/Semana.htm<\/span><\/a>\u00a0.\u00a0<\/span><\/p>\n<p style=\"text-align: justify;\"><span style=\"color: #000000;\">A Semana Europeia da Preven\u00e7\u00e3o da Produ\u00e7\u00e3o de Res\u00edduos \u00e9 um projeto que conta com o apoio do programa LIFE+ da Comiss\u00e3o Europeia, cujo objetivo \u00e9 sensibilizar a popula\u00e7\u00e3o para a problem\u00e1tica dos res\u00edduos, em particular a preven\u00e7\u00e3o, envolvendo iniciativas como anima\u00e7\u00f5es e\u00a0workshops, entre outras atividades.\u00a0<\/span><\/p>\n<p style=\"text-align: justify;\"><span style=\"color: #000000;\">Esta semana foi adaptada aos A\u00e7ores pela Dire\u00e7\u00e3o Regional do Ambiente, no \u00e2mbito da operacionaliza\u00e7\u00e3o do Plano Estrat\u00e9gico de Gest\u00e3o de Res\u00edduos da Regi\u00e3o Aut\u00f3noma dos A\u00e7ores &#8211; PEGRA, atrav\u00e9s da promo\u00e7\u00e3o de a\u00e7\u00f5es organizadas em parceria com diversas entidades p\u00fablicas e privadas.\u00a0<\/span><\/p>\n<p style=\"text-align: justify;\"><span style=\"color: #000000;\">A preven\u00e7\u00e3o da produ\u00e7\u00e3o de res\u00edduos \u00e9 uma op\u00e7\u00e3o priorit\u00e1ria que visa a ado\u00e7\u00e3o de medidas organizacionais e operacionais que permitam diminuir a quantidade e a perigosidade dos res\u00edduos gerados.<\/span><\/p>\n<p style=\"text-align: justify;\"><span style=\"color: #000000;\"><em>DL\/GaCS<\/em><\/span><\/p>","protected":false},"excerpt":{"rendered":"<p>O Governo dos A\u00e7ores, atrav\u00e9s da Secretaria Regional da Agricultura e Ambiente, promove, at\u00e9 30 de novembro, a realiza\u00e7\u00e3o\u00a0da V Semana dos Res\u00edduos, que inclui 64 a\u00e7\u00f5es de sensibiliza\u00e7\u00e3o em todas as ilhas, organizadas em parceria ou da iniciativa de entidades como autarquias, empresas e organiza\u00e7\u00f5es n\u00e3o-governamentais para o ambiente.\u00a0 O Diretor Regional do Ambiente, [&hellip;]<\/p>","protected":false},"author":2,"featured_media":0,"comment_status":"open","ping_status":"open","sticky":false,"template":"","format":"standard","meta":[],"categories":[21],"tags":[],"acf":[],"yoast_head":"<!-- This site is optimized with the Yoast SEO plugin v20.10 - https:\/\/yoast.com\/wordpress\/plugins\/seo\/ -->\n<title>V Semana dos Res\u00edduos com mais de 60 a\u00e7\u00f5es de sensibiliza\u00e7\u00e3o em todas as ilhas dos A\u00e7ores - Di\u00e1rio da Lagoa<\/title>\n<meta name=\"robots\" content=\"index, follow, max-snippet:-1, max-image-preview:large, max-video-preview:-1\" \/>\n<link rel=\"canonical\" href=\"https:\/\/diariodalagoa.pt\/en\/v-semana-dos-residuos-com-mais-de-60-acoes-de-sensibilizacao-em-todas-as-ilhas-dos-acores\/\" \/>\n<meta property=\"og:locale\" content=\"en_US\" \/>\n<meta property=\"og:type\" content=\"article\" \/>\n<meta property=\"og:title\" content=\"V Semana dos Res\u00edduos com mais de 60 a\u00e7\u00f5es de sensibiliza\u00e7\u00e3o em todas as ilhas dos A\u00e7ores - Di\u00e1rio da Lagoa\" \/>\n<meta property=\"og:description\" content=\"O Governo dos A\u00e7ores, atrav\u00e9s da Secretaria Regional da Agricultura e Ambiente, promove, at\u00e9 30 de novembro, a realiza\u00e7\u00e3o\u00a0da V Semana dos Res\u00edduos, que inclui 64 a\u00e7\u00f5es de sensibiliza\u00e7\u00e3o em todas as ilhas, organizadas em parceria ou da iniciativa de entidades como autarquias, empresas e organiza\u00e7\u00f5es n\u00e3o-governamentais para o ambiente.\u00a0 O Diretor Regional do Ambiente, [&hellip;]\" \/>\n<meta property=\"og:url\" content=\"https:\/\/diariodalagoa.pt\/en\/v-semana-dos-residuos-com-mais-de-60-acoes-de-sensibilizacao-em-todas-as-ilhas-dos-acores\/\" \/>\n<meta property=\"og:site_name\" content=\"Di\u00e1rio da Lagoa\" \/>\n<meta property=\"article:published_time\" content=\"2014-11-24T15:58:01+00:00\" \/>\n<meta name=\"author\" content=\"Di\u00e1rio da Lagoa\" \/>\n<meta name=\"twitter:card\" content=\"summary_large_image\" \/>\n<meta name=\"twitter:label1\" content=\"Written by\" \/>\n\t<meta name=\"twitter:data1\" content=\"Di\u00e1rio da Lagoa\" \/>\n\t<meta name=\"twitter:label2\" content=\"Est. reading time\" \/>\n\t<meta name=\"twitter:data2\" content=\"2 minutes\" \/>\n<script type=\"application\/ld+json\" class=\"yoast-schema-graph\">{\"@context\":\"https:\/\/schema.org\",\"@graph\":[{\"@type\":\"WebPage\",\"@id\":\"https:\/\/diariodalagoa.pt\/v-semana-dos-residuos-com-mais-de-60-acoes-de-sensibilizacao-em-todas-as-ilhas-dos-acores\/\",\"url\":\"https:\/\/diariodalagoa.pt\/v-semana-dos-residuos-com-mais-de-60-acoes-de-sensibilizacao-em-todas-as-ilhas-dos-acores\/\",\"name\":\"V Semana dos Res\u00edduos com mais de 60 a\u00e7\u00f5es de sensibiliza\u00e7\u00e3o em todas as ilhas dos A\u00e7ores - Di\u00e1rio da Lagoa\",\"isPartOf\":{\"@id\":\"https:\/\/diariodalagoa.pt\/#website\"},\"datePublished\":\"2014-11-24T15:58:01+00:00\",\"dateModified\":\"2014-11-24T15:58:01+00:00\",\"author\":{\"@id\":\"https:\/\/diariodalagoa.pt\/#\/schema\/person\/1615a002370e8857b6f972834bc43ece\"},\"breadcrumb\":{\"@id\":\"https:\/\/diariodalagoa.pt\/v-semana-dos-residuos-com-mais-de-60-acoes-de-sensibilizacao-em-todas-as-ilhas-dos-acores\/#breadcrumb\"},\"inLanguage\":\"en-US\",\"potentialAction\":[{\"@type\":\"ReadAction\",\"target\":[\"https:\/\/diariodalagoa.pt\/v-semana-dos-residuos-com-mais-de-60-acoes-de-sensibilizacao-em-todas-as-ilhas-dos-acores\/\"]}]},{\"@type\":\"BreadcrumbList\",\"@id\":\"https:\/\/diariodalagoa.pt\/v-semana-dos-residuos-com-mais-de-60-acoes-de-sensibilizacao-em-todas-as-ilhas-dos-acores\/#breadcrumb\",\"itemListElement\":[{\"@type\":\"ListItem\",\"position\":1,\"name\":\"In\u00edcio\",\"item\":\"https:\/\/diariodalagoa.pt\/\"},{\"@type\":\"ListItem\",\"position\":2,\"name\":\"V Semana dos Res\u00edduos com mais de 60 a\u00e7\u00f5es de sensibiliza\u00e7\u00e3o em todas as ilhas dos A\u00e7ores\"}]},{\"@type\":\"WebSite\",\"@id\":\"https:\/\/diariodalagoa.pt\/#website\",\"url\":\"https:\/\/diariodalagoa.pt\/\",\"name\":\"Di\u00e1rio da Lagoa\",\"description\":\"Di\u00e1rio da Lagoa. As not\u00edcias que contam. A partir da Lagoa, nos A\u00e7ores, para o mundo.\",\"potentialAction\":[{\"@type\":\"SearchAction\",\"target\":{\"@type\":\"EntryPoint\",\"urlTemplate\":\"https:\/\/diariodalagoa.pt\/?s={search_term_string}\"},\"query-input\":\"required name=search_term_string\"}],\"inLanguage\":\"en-US\"},{\"@type\":\"Person\",\"@id\":\"https:\/\/diariodalagoa.pt\/#\/schema\/person\/1615a002370e8857b6f972834bc43ece\",\"name\":\"Di\u00e1rio da Lagoa\",\"image\":{\"@type\":\"ImageObject\",\"inLanguage\":\"en-US\",\"@id\":\"https:\/\/diariodalagoa.pt\/#\/schema\/person\/image\/\",\"url\":\"https:\/\/secure.gravatar.com\/avatar\/2cb5cef90a26f8fbd4d9d930608102c5?s=96&d=mm&r=g\",\"contentUrl\":\"https:\/\/secure.gravatar.com\/avatar\/2cb5cef90a26f8fbd4d9d930608102c5?s=96&d=mm&r=g\",\"caption\":\"Di\u00e1rio da Lagoa\"},\"url\":\"https:\/\/diariodalagoa.pt\/en\/author\/diariodalagoa\/\"}]}<\/script>\n<!-- \/ Yoast SEO plugin. -->","yoast_head_json":{"title":"V Semana dos Res\u00edduos com mais de 60 a\u00e7\u00f5es de sensibiliza\u00e7\u00e3o em todas as ilhas dos A\u00e7ores - Di\u00e1rio da Lagoa","robots":{"index":"index","follow":"follow","max-snippet":"max-snippet:-1","max-image-preview":"max-image-preview:large","max-video-preview":"max-video-preview:-1"},"canonical":"https:\/\/diariodalagoa.pt\/en\/v-semana-dos-residuos-com-mais-de-60-acoes-de-sensibilizacao-em-todas-as-ilhas-dos-acores\/","og_locale":"en_US","og_type":"article","og_title":"V Semana dos Res\u00edduos com mais de 60 a\u00e7\u00f5es de sensibiliza\u00e7\u00e3o em todas as ilhas dos A\u00e7ores - Di\u00e1rio da Lagoa","og_description":"O Governo dos A\u00e7ores, atrav\u00e9s da Secretaria Regional da Agricultura e Ambiente, promove, at\u00e9 30 de novembro, a realiza\u00e7\u00e3o\u00a0da V Semana dos Res\u00edduos, que inclui 64 a\u00e7\u00f5es de sensibiliza\u00e7\u00e3o em todas as ilhas, organizadas em parceria ou da iniciativa de entidades como autarquias, empresas e organiza\u00e7\u00f5es n\u00e3o-governamentais para o ambiente.\u00a0 O Diretor Regional do Ambiente, [&hellip;]","og_url":"https:\/\/diariodalagoa.pt\/en\/v-semana-dos-residuos-com-mais-de-60-acoes-de-sensibilizacao-em-todas-as-ilhas-dos-acores\/","og_site_name":"Di\u00e1rio da Lagoa","article_published_time":"2014-11-24T15:58:01+00:00","author":"Di\u00e1rio da Lagoa","twitter_card":"summary_large_image","twitter_misc":{"Written by":"Di\u00e1rio da Lagoa","Est. reading time":"2 minutes"},"schema":{"@context":"https:\/\/schema.org","@graph":[{"@type":"WebPage","@id":"https:\/\/diariodalagoa.pt\/v-semana-dos-residuos-com-mais-de-60-acoes-de-sensibilizacao-em-todas-as-ilhas-dos-acores\/","url":"https:\/\/diariodalagoa.pt\/v-semana-dos-residuos-com-mais-de-60-acoes-de-sensibilizacao-em-todas-as-ilhas-dos-acores\/","name":"V Semana dos Res\u00edduos com mais de 60 a\u00e7\u00f5es de sensibiliza\u00e7\u00e3o em todas as ilhas dos A\u00e7ores - Di\u00e1rio da Lagoa","isPartOf":{"@id":"https:\/\/diariodalagoa.pt\/#website"},"datePublished":"2014-11-24T15:58:01+00:00","dateModified":"2014-11-24T15:58:01+00:00","author":{"@id":"https:\/\/diariodalagoa.pt\/#\/schema\/person\/1615a002370e8857b6f972834bc43ece"},"breadcrumb":{"@id":"https:\/\/diariodalagoa.pt\/v-semana-dos-residuos-com-mais-de-60-acoes-de-sensibilizacao-em-todas-as-ilhas-dos-acores\/#breadcrumb"},"inLanguage":"en-US","potentialAction":[{"@type":"ReadAction","target":["https:\/\/diariodalagoa.pt\/v-semana-dos-residuos-com-mais-de-60-acoes-de-sensibilizacao-em-todas-as-ilhas-dos-acores\/"]}]},{"@type":"BreadcrumbList","@id":"https:\/\/diariodalagoa.pt\/v-semana-dos-residuos-com-mais-de-60-acoes-de-sensibilizacao-em-todas-as-ilhas-dos-acores\/#breadcrumb","itemListElement":[{"@type":"ListItem","position":1,"name":"In\u00edcio","item":"https:\/\/diariodalagoa.pt\/"},{"@type":"ListItem","position":2,"name":"V Semana dos Res\u00edduos com mais de 60 a\u00e7\u00f5es de sensibiliza\u00e7\u00e3o em todas as ilhas dos A\u00e7ores"}]},{"@type":"WebSite","@id":"https:\/\/diariodalagoa.pt\/#website","url":"https:\/\/diariodalagoa.pt\/","name":"Di\u00e1rio da Lagoa","description":"Di\u00e1rio da Lagoa. As not\u00edcias que contam. A partir da Lagoa, nos A\u00e7ores, para o mundo.","potentialAction":[{"@type":"SearchAction","target":{"@type":"EntryPoint","urlTemplate":"https:\/\/diariodalagoa.pt\/?s={search_term_string}"},"query-input":"required name=search_term_string"}],"inLanguage":"en-US"},{"@type":"Person","@id":"https:\/\/diariodalagoa.pt\/#\/schema\/person\/1615a002370e8857b6f972834bc43ece","name":"Di\u00e1rio da Lagoa","image":{"@type":"ImageObject","inLanguage":"en-US","@id":"https:\/\/diariodalagoa.pt\/#\/schema\/person\/image\/","url":"https:\/\/secure.gravatar.com\/avatar\/2cb5cef90a26f8fbd4d9d930608102c5?s=96&d=mm&r=g","contentUrl":"https:\/\/secure.gravatar.com\/avatar\/2cb5cef90a26f8fbd4d9d930608102c5?s=96&d=mm&r=g","caption":"Di\u00e1rio da Lagoa"},"url":"https:\/\/diariodalagoa.pt\/en\/author\/diariodalagoa\/"}]}},"_links":{"self":[{"href":"https:\/\/diariodalagoa.pt\/en\/wp-json\/wp\/v2\/posts\/11547"}],"collection":[{"href":"https:\/\/diariodalagoa.pt\/en\/wp-json\/wp\/v2\/posts"}],"about":[{"href":"https:\/\/diariodalagoa.pt\/en\/wp-json\/wp\/v2\/types\/post"}],"author":[{"embeddable":true,"href":"https:\/\/diariodalagoa.pt\/en\/wp-json\/wp\/v2\/users\/2"}],"replies":[{"embeddable":true,"href":"https:\/\/diariodalagoa.pt\/en\/wp-json\/wp\/v2\/comments?post=11547"}],"version-history":[{"count":0,"href":"https:\/\/diariodalagoa.pt\/en\/wp-json\/wp\/v2\/posts\/11547\/revisions"}],"wp:attachment":[{"href":"https:\/\/diariodalagoa.pt\/en\/wp-json\/wp\/v2\/media?parent=11547"}],"wp:term":[{"taxonomy":"category","embeddable":true,"href":"https:\/\/diariodalagoa.pt\/en\/wp-json\/wp\/v2\/categories?post=11547"},{"taxonomy":"post_tag","embeddable":true,"href":"https:\/\/diariodalagoa.pt\/en\/wp-json\/wp\/v2\/tags?post=11547"}],"curies":[{"name":"wp","href":"https:\/\/api.w.org\/{rel}","templated":true}]}}