{"id":11511,"date":"2014-11-22T16:52:04","date_gmt":"2014-11-22T17:52:04","guid":{"rendered":"http:\/\/diariodalagoa.pt\/?p=11511"},"modified":"2014-11-22T16:52:04","modified_gmt":"2014-11-22T17:52:04","slug":"fatima-amorim-congratula-se-com-posicoes-da-arev-em-defesa-do-setor-vitivinicola-na-europa","status":"publish","type":"post","link":"https:\/\/diariodalagoa.pt\/en\/fatima-amorim-congratula-se-com-posicoes-da-arev-em-defesa-do-setor-vitivinicola-na-europa\/","title":{"rendered":"F\u00e1tima Amorim congratula-se com posi\u00e7\u00f5es da AREV em defesa do setor vitivin\u00edcola na Europa"},"content":{"rendered":"<p style=\"text-align: justify;\"><img decoding=\"async\" class=\"alignnone size-full wp-image-11512\" src=\"http:\/\/diariodalagoa.pt\/wp-content\/uploads\/2014\/11\/F\u00e1tima-Amorim-vinhos-A\u00e7ores.jpg\" alt=\"~F\u00e1tima-Amorim-vinhos-A\u00e7ores\" width=\"720\" height=\"380\" \/><\/p>\n<p style=\"text-align: justify;\"><span style=\"color: rgb(0, 0, 0);\">A Diretora Regional do Desenvolvimento Rural destacou a realiza\u00e7\u00e3o nos A\u00e7ores, pela primeira vez, da reuni\u00e3o do Bureau Internacional da Regi\u00f5es Europeias Vit\u00edcolas (AREV), congratulando-se com a conson\u00e2ncia de posi\u00e7\u00f5es alcan\u00e7ada \u201cna defesa do setor vitivin\u00edcola na Europa\u201d.<\/span><\/p>\n<p style=\"text-align: justify;\"><span style=\"color: rgb(0, 0, 0);\">F\u00e1tima Amorim, que falava na confer\u00eancia de imprensa para apresenta\u00e7\u00e3o das conclus\u00f5es da reuni\u00e3o, salientou que se\u00a0encontraram consensos em quest\u00f5es como os direitos de planta\u00e7\u00e3o e a import\u00e2ncia do Enoturismo.<\/span><\/p>\n<p style=\"text-align: justify;\"><span style=\"color: rgb(0, 0, 0);\">A Diretora Regional manifestou ainda\u00a0satisfa\u00e7\u00e3o pelo reconhecimento p\u00fablico expresso pelo presidente do Bureau, Jean-Paul Bachy, relativamente ao trabalho de preserva\u00e7\u00e3o da paisagem e cultura da vinha do Pico.<\/span><\/p>\n<p style=\"text-align: justify;\"><span style=\"color: rgb(0, 0, 0);\">A Secretaria Regional da Agricultura e Ambiente tem em implementa\u00e7\u00e3o um plano de a\u00e7\u00e3o para recuperar, preservar e incentivar, de forma integrada, o aproveitamento de todo o potencial de riqueza da paisagem da vinha e da produ\u00e7\u00e3o de vinho no arquip\u00e9lago.<\/span><\/p>\n<p style=\"text-align: justify;\"><span style=\"color: rgb(0, 0, 0);\">Este plano, que concretiza a medida &#8216;Potenciar o Setor Vitivin\u00edcola&#8217;, no \u00e2mbito da Agenda A\u00e7oriana para a Cria\u00e7\u00e3o de Emprego e Competitividade Empresarial, contribui para a cria\u00e7\u00e3o de postos de trabalhos relacionados direta ou indiretamente com a atividade vitivin\u00edcola nos A\u00e7ores.<\/span><\/p>\n<p style=\"text-align: justify;\"><span style=\"color: rgb(0, 0, 0);\">Al\u00e9m de cursos de forma\u00e7\u00e3o, planeados de acordo com as necessidades de cada ilha, est\u00e3o em curso projetos para facultar aos empres\u00e1rios que apostarem na revitaliza\u00e7\u00e3o das vinhas material vegetativo das castas tradicionais dos A\u00e7ores.<\/span><\/p>\n<p style=\"text-align: justify;\"><span style=\"color: rgb(0, 0, 0);\"><em>DL\/Gacs<\/em><\/span><\/p>","protected":false},"excerpt":{"rendered":"<p>A Diretora Regional do Desenvolvimento Rural destacou a realiza\u00e7\u00e3o nos A\u00e7ores, pela primeira vez, da reuni\u00e3o do Bureau Internacional da Regi\u00f5es Europeias Vit\u00edcolas (AREV), congratulando-se com a conson\u00e2ncia de posi\u00e7\u00f5es alcan\u00e7ada \u201cna defesa do setor vitivin\u00edcola na Europa\u201d. F\u00e1tima Amorim, que falava na confer\u00eancia de imprensa para apresenta\u00e7\u00e3o das conclus\u00f5es da reuni\u00e3o, salientou que se\u00a0encontraram [&hellip;]<\/p>","protected":false},"author":2,"featured_media":0,"comment_status":"open","ping_status":"open","sticky":false,"template":"","format":"standard","meta":[],"categories":[21],"tags":[],"acf":[],"yoast_head":"<!-- This site is optimized with the Yoast SEO plugin v20.10 - https:\/\/yoast.com\/wordpress\/plugins\/seo\/ -->\n<title>F\u00e1tima Amorim congratula-se com posi\u00e7\u00f5es da AREV em defesa do setor vitivin\u00edcola na Europa - Di\u00e1rio da Lagoa<\/title>\n<meta name=\"robots\" content=\"index, follow, max-snippet:-1, max-image-preview:large, max-video-preview:-1\" \/>\n<link rel=\"canonical\" href=\"https:\/\/diariodalagoa.pt\/en\/fatima-amorim-congratula-se-com-posicoes-da-arev-em-defesa-do-setor-vitivinicola-na-europa\/\" \/>\n<meta property=\"og:locale\" content=\"en_US\" \/>\n<meta property=\"og:type\" content=\"article\" \/>\n<meta property=\"og:title\" content=\"F\u00e1tima Amorim congratula-se com posi\u00e7\u00f5es da AREV em defesa do setor vitivin\u00edcola na Europa - Di\u00e1rio da Lagoa\" \/>\n<meta property=\"og:description\" content=\"A Diretora Regional do Desenvolvimento Rural destacou a realiza\u00e7\u00e3o nos A\u00e7ores, pela primeira vez, da reuni\u00e3o do Bureau Internacional da Regi\u00f5es Europeias Vit\u00edcolas (AREV), congratulando-se com a conson\u00e2ncia de posi\u00e7\u00f5es alcan\u00e7ada \u201cna defesa do setor vitivin\u00edcola na Europa\u201d. F\u00e1tima Amorim, que falava na confer\u00eancia de imprensa para apresenta\u00e7\u00e3o das conclus\u00f5es da reuni\u00e3o, salientou que se\u00a0encontraram [&hellip;]\" \/>\n<meta property=\"og:url\" content=\"https:\/\/diariodalagoa.pt\/en\/fatima-amorim-congratula-se-com-posicoes-da-arev-em-defesa-do-setor-vitivinicola-na-europa\/\" \/>\n<meta property=\"og:site_name\" content=\"Di\u00e1rio da Lagoa\" \/>\n<meta property=\"article:published_time\" content=\"2014-11-22T17:52:04+00:00\" \/>\n<meta name=\"author\" content=\"Di\u00e1rio da Lagoa\" \/>\n<meta name=\"twitter:card\" content=\"summary_large_image\" \/>\n<meta name=\"twitter:label1\" content=\"Written by\" \/>\n\t<meta name=\"twitter:data1\" content=\"Di\u00e1rio da Lagoa\" \/>\n\t<meta name=\"twitter:label2\" content=\"Est. reading time\" \/>\n\t<meta name=\"twitter:data2\" content=\"1 minute\" \/>\n<script type=\"application\/ld+json\" class=\"yoast-schema-graph\">{\"@context\":\"https:\/\/schema.org\",\"@graph\":[{\"@type\":\"WebPage\",\"@id\":\"https:\/\/diariodalagoa.pt\/fatima-amorim-congratula-se-com-posicoes-da-arev-em-defesa-do-setor-vitivinicola-na-europa\/\",\"url\":\"https:\/\/diariodalagoa.pt\/fatima-amorim-congratula-se-com-posicoes-da-arev-em-defesa-do-setor-vitivinicola-na-europa\/\",\"name\":\"F\u00e1tima Amorim congratula-se com posi\u00e7\u00f5es da AREV em defesa do setor vitivin\u00edcola na Europa - Di\u00e1rio da Lagoa\",\"isPartOf\":{\"@id\":\"https:\/\/diariodalagoa.pt\/#website\"},\"datePublished\":\"2014-11-22T17:52:04+00:00\",\"dateModified\":\"2014-11-22T17:52:04+00:00\",\"author\":{\"@id\":\"https:\/\/diariodalagoa.pt\/#\/schema\/person\/1615a002370e8857b6f972834bc43ece\"},\"breadcrumb\":{\"@id\":\"https:\/\/diariodalagoa.pt\/fatima-amorim-congratula-se-com-posicoes-da-arev-em-defesa-do-setor-vitivinicola-na-europa\/#breadcrumb\"},\"inLanguage\":\"en-US\",\"potentialAction\":[{\"@type\":\"ReadAction\",\"target\":[\"https:\/\/diariodalagoa.pt\/fatima-amorim-congratula-se-com-posicoes-da-arev-em-defesa-do-setor-vitivinicola-na-europa\/\"]}]},{\"@type\":\"BreadcrumbList\",\"@id\":\"https:\/\/diariodalagoa.pt\/fatima-amorim-congratula-se-com-posicoes-da-arev-em-defesa-do-setor-vitivinicola-na-europa\/#breadcrumb\",\"itemListElement\":[{\"@type\":\"ListItem\",\"position\":1,\"name\":\"In\u00edcio\",\"item\":\"https:\/\/diariodalagoa.pt\/\"},{\"@type\":\"ListItem\",\"position\":2,\"name\":\"F\u00e1tima Amorim congratula-se com posi\u00e7\u00f5es da AREV em defesa do setor vitivin\u00edcola na Europa\"}]},{\"@type\":\"WebSite\",\"@id\":\"https:\/\/diariodalagoa.pt\/#website\",\"url\":\"https:\/\/diariodalagoa.pt\/\",\"name\":\"Di\u00e1rio da Lagoa\",\"description\":\"Di\u00e1rio da Lagoa. As not\u00edcias que contam. A partir da Lagoa, nos A\u00e7ores, para o mundo.\",\"potentialAction\":[{\"@type\":\"SearchAction\",\"target\":{\"@type\":\"EntryPoint\",\"urlTemplate\":\"https:\/\/diariodalagoa.pt\/?s={search_term_string}\"},\"query-input\":\"required name=search_term_string\"}],\"inLanguage\":\"en-US\"},{\"@type\":\"Person\",\"@id\":\"https:\/\/diariodalagoa.pt\/#\/schema\/person\/1615a002370e8857b6f972834bc43ece\",\"name\":\"Di\u00e1rio da Lagoa\",\"image\":{\"@type\":\"ImageObject\",\"inLanguage\":\"en-US\",\"@id\":\"https:\/\/diariodalagoa.pt\/#\/schema\/person\/image\/\",\"url\":\"https:\/\/secure.gravatar.com\/avatar\/2cb5cef90a26f8fbd4d9d930608102c5?s=96&d=mm&r=g\",\"contentUrl\":\"https:\/\/secure.gravatar.com\/avatar\/2cb5cef90a26f8fbd4d9d930608102c5?s=96&d=mm&r=g\",\"caption\":\"Di\u00e1rio da Lagoa\"},\"url\":\"https:\/\/diariodalagoa.pt\/en\/author\/diariodalagoa\/\"}]}<\/script>\n<!-- \/ Yoast SEO plugin. -->","yoast_head_json":{"title":"F\u00e1tima Amorim congratula-se com posi\u00e7\u00f5es da AREV em defesa do setor vitivin\u00edcola na Europa - Di\u00e1rio da Lagoa","robots":{"index":"index","follow":"follow","max-snippet":"max-snippet:-1","max-image-preview":"max-image-preview:large","max-video-preview":"max-video-preview:-1"},"canonical":"https:\/\/diariodalagoa.pt\/en\/fatima-amorim-congratula-se-com-posicoes-da-arev-em-defesa-do-setor-vitivinicola-na-europa\/","og_locale":"en_US","og_type":"article","og_title":"F\u00e1tima Amorim congratula-se com posi\u00e7\u00f5es da AREV em defesa do setor vitivin\u00edcola na Europa - Di\u00e1rio da Lagoa","og_description":"A Diretora Regional do Desenvolvimento Rural destacou a realiza\u00e7\u00e3o nos A\u00e7ores, pela primeira vez, da reuni\u00e3o do Bureau Internacional da Regi\u00f5es Europeias Vit\u00edcolas (AREV), congratulando-se com a conson\u00e2ncia de posi\u00e7\u00f5es alcan\u00e7ada \u201cna defesa do setor vitivin\u00edcola na Europa\u201d. F\u00e1tima Amorim, que falava na confer\u00eancia de imprensa para apresenta\u00e7\u00e3o das conclus\u00f5es da reuni\u00e3o, salientou que se\u00a0encontraram [&hellip;]","og_url":"https:\/\/diariodalagoa.pt\/en\/fatima-amorim-congratula-se-com-posicoes-da-arev-em-defesa-do-setor-vitivinicola-na-europa\/","og_site_name":"Di\u00e1rio da Lagoa","article_published_time":"2014-11-22T17:52:04+00:00","author":"Di\u00e1rio da Lagoa","twitter_card":"summary_large_image","twitter_misc":{"Written by":"Di\u00e1rio da Lagoa","Est. reading time":"1 minute"},"schema":{"@context":"https:\/\/schema.org","@graph":[{"@type":"WebPage","@id":"https:\/\/diariodalagoa.pt\/fatima-amorim-congratula-se-com-posicoes-da-arev-em-defesa-do-setor-vitivinicola-na-europa\/","url":"https:\/\/diariodalagoa.pt\/fatima-amorim-congratula-se-com-posicoes-da-arev-em-defesa-do-setor-vitivinicola-na-europa\/","name":"F\u00e1tima Amorim congratula-se com posi\u00e7\u00f5es da AREV em defesa do setor vitivin\u00edcola na Europa - Di\u00e1rio da Lagoa","isPartOf":{"@id":"https:\/\/diariodalagoa.pt\/#website"},"datePublished":"2014-11-22T17:52:04+00:00","dateModified":"2014-11-22T17:52:04+00:00","author":{"@id":"https:\/\/diariodalagoa.pt\/#\/schema\/person\/1615a002370e8857b6f972834bc43ece"},"breadcrumb":{"@id":"https:\/\/diariodalagoa.pt\/fatima-amorim-congratula-se-com-posicoes-da-arev-em-defesa-do-setor-vitivinicola-na-europa\/#breadcrumb"},"inLanguage":"en-US","potentialAction":[{"@type":"ReadAction","target":["https:\/\/diariodalagoa.pt\/fatima-amorim-congratula-se-com-posicoes-da-arev-em-defesa-do-setor-vitivinicola-na-europa\/"]}]},{"@type":"BreadcrumbList","@id":"https:\/\/diariodalagoa.pt\/fatima-amorim-congratula-se-com-posicoes-da-arev-em-defesa-do-setor-vitivinicola-na-europa\/#breadcrumb","itemListElement":[{"@type":"ListItem","position":1,"name":"In\u00edcio","item":"https:\/\/diariodalagoa.pt\/"},{"@type":"ListItem","position":2,"name":"F\u00e1tima Amorim congratula-se com posi\u00e7\u00f5es da AREV em defesa do setor vitivin\u00edcola na Europa"}]},{"@type":"WebSite","@id":"https:\/\/diariodalagoa.pt\/#website","url":"https:\/\/diariodalagoa.pt\/","name":"Di\u00e1rio da Lagoa","description":"Di\u00e1rio da Lagoa. As not\u00edcias que contam. A partir da Lagoa, nos A\u00e7ores, para o mundo.","potentialAction":[{"@type":"SearchAction","target":{"@type":"EntryPoint","urlTemplate":"https:\/\/diariodalagoa.pt\/?s={search_term_string}"},"query-input":"required name=search_term_string"}],"inLanguage":"en-US"},{"@type":"Person","@id":"https:\/\/diariodalagoa.pt\/#\/schema\/person\/1615a002370e8857b6f972834bc43ece","name":"Di\u00e1rio da Lagoa","image":{"@type":"ImageObject","inLanguage":"en-US","@id":"https:\/\/diariodalagoa.pt\/#\/schema\/person\/image\/","url":"https:\/\/secure.gravatar.com\/avatar\/2cb5cef90a26f8fbd4d9d930608102c5?s=96&d=mm&r=g","contentUrl":"https:\/\/secure.gravatar.com\/avatar\/2cb5cef90a26f8fbd4d9d930608102c5?s=96&d=mm&r=g","caption":"Di\u00e1rio da Lagoa"},"url":"https:\/\/diariodalagoa.pt\/en\/author\/diariodalagoa\/"}]}},"_links":{"self":[{"href":"https:\/\/diariodalagoa.pt\/en\/wp-json\/wp\/v2\/posts\/11511"}],"collection":[{"href":"https:\/\/diariodalagoa.pt\/en\/wp-json\/wp\/v2\/posts"}],"about":[{"href":"https:\/\/diariodalagoa.pt\/en\/wp-json\/wp\/v2\/types\/post"}],"author":[{"embeddable":true,"href":"https:\/\/diariodalagoa.pt\/en\/wp-json\/wp\/v2\/users\/2"}],"replies":[{"embeddable":true,"href":"https:\/\/diariodalagoa.pt\/en\/wp-json\/wp\/v2\/comments?post=11511"}],"version-history":[{"count":0,"href":"https:\/\/diariodalagoa.pt\/en\/wp-json\/wp\/v2\/posts\/11511\/revisions"}],"wp:attachment":[{"href":"https:\/\/diariodalagoa.pt\/en\/wp-json\/wp\/v2\/media?parent=11511"}],"wp:term":[{"taxonomy":"category","embeddable":true,"href":"https:\/\/diariodalagoa.pt\/en\/wp-json\/wp\/v2\/categories?post=11511"},{"taxonomy":"post_tag","embeddable":true,"href":"https:\/\/diariodalagoa.pt\/en\/wp-json\/wp\/v2\/tags?post=11511"}],"curies":[{"name":"wp","href":"https:\/\/api.w.org\/{rel}","templated":true}]}}