{"id":11496,"date":"2014-11-21T19:53:32","date_gmt":"2014-11-21T20:53:32","guid":{"rendered":"http:\/\/diariodalagoa.pt\/?p=11496"},"modified":"2014-11-21T19:53:32","modified_gmt":"2014-11-21T20:53:32","slug":"governo-dos-acores-vai-candidatar-a-regiao-a-certificacao-de-destino-sustentavel-do-mundo","status":"publish","type":"post","link":"https:\/\/diariodalagoa.pt\/en\/governo-dos-acores-vai-candidatar-a-regiao-a-certificacao-de-destino-sustentavel-do-mundo\/","title":{"rendered":"Governo dos A\u00e7ores vai candidatar a Regi\u00e3o \u00e0 certifica\u00e7\u00e3o de \u201cDestino Sustent\u00e1vel do Mundo\u201d"},"content":{"rendered":"<p style=\"text-align: justify;\"><img decoding=\"async\" class=\"alignnone size-full wp-image-8180\" src=\"http:\/\/diariodalagoa.pt\/wp-content\/uploads\/2014\/08\/Lagoa-fogo-turismo-A\u00e7ores.jpg\" alt=\"Lagoa-fogo-turismo-A\u00e7ores\" width=\"720\" height=\"379\" \/><\/p>\n<p style=\"text-align: justify;\"><span style=\"color: #000000;\">Os A\u00e7ores v\u00e3o iniciar o processo que culminar\u00e1 com a apresenta\u00e7\u00e3o de uma candidatura \u00e0 certifica\u00e7\u00e3o de \u201cDestino Sustent\u00e1vel doMundo\u201d, anunciou o Diretor Regional do Turismo, durante o primeiro Congresso Internacional GSTC DESTINATIONS COMMUNITY (Comunidade Biosphere &#8211; Destinos Sustent\u00e1veis), que decorreu em Barcelona.\u00a0<\/span><\/p>\n<p style=\"text-align: justify;\"><span style=\"color: #000000;\">A Regi\u00e3o esteve representada neste congresso a convite do Presidente do Instituto de Turismo Respons\u00e1vel (ITR), que \u00e9 igualmente representante do Sistema de Certifica\u00e7\u00e3o Biosphere \u2013 Turismo Sustent\u00e1vel em Portugal.<\/span><\/p>\n<p style=\"text-align: justify;\"><span style=\"color: #000000;\">Este convite surgiu\u00a0como reconhecimento do trabalho que o Governo dos A\u00e7ores tem desenvolvido no \u00e2mbito do Turismo Sustent\u00e1vel, levando tamb\u00e9m a Regi\u00e3o a apresentar a candidatura a esta certifica\u00e7\u00e3o.\u00a0<\/span><\/p>\n<p style=\"text-align: justify;\"><span style=\"color: #000000;\">A\u00a0sustentabilidade do Destino A\u00e7ores tem constitu\u00eddo, ao longo da \u00faltima d\u00e9cada e meia de governa\u00e7\u00e3o, um verdadeiro desafio, tendo o Governo dos A\u00e7ores sempre presente a preocupa\u00e7\u00e3o de crescer sem comprometer os valores ambientais que diferenciam o arquip\u00e9lago do resto do Mundo, o que levou\u00a0a que as\u00a0nove ilhas a\u00e7orianas fossem galardoadas com a distin\u00e7\u00e3o de \u201cSegundas Melhores Ilhas do Mundo para o Turismo Sustent\u00e1vel\u201d.\u00a0<\/span><\/p>\n<p style=\"text-align: justify;\"><span style=\"color: #000000;\">A realiza\u00e7\u00e3o deste Congresso teve como objetivo primordial formalizar a cria\u00e7\u00e3o do grupo pioneiro \u00e0 escala mundial do GSTC Destinations Community (Global Sustainable Tourism Council), com o prop\u00f3sito de partilhar boas pr\u00e1ticas, pol\u00edticas e estrat\u00e9gicas de comunica\u00e7\u00e3o acerca das a\u00e7\u00f5es sustent\u00e1veis desenvolvidas pelos destinos participantes, bem como, explicar publicamente os seus objetivos para os outros destinos, m\u00e9dia, operadores tur\u00edsticos e comunidade em geral.<\/span><\/p>\n<p style=\"text-align: justify;\"><span style=\"color: #000000;\"><em>DL\/Gacs<\/em><\/span><\/p>","protected":false},"excerpt":{"rendered":"<p>Os A\u00e7ores v\u00e3o iniciar o processo que culminar\u00e1 com a apresenta\u00e7\u00e3o de uma candidatura \u00e0 certifica\u00e7\u00e3o de \u201cDestino Sustent\u00e1vel doMundo\u201d, anunciou o Diretor Regional do Turismo, durante o primeiro Congresso Internacional GSTC DESTINATIONS COMMUNITY (Comunidade Biosphere &#8211; Destinos Sustent\u00e1veis), que decorreu em Barcelona.\u00a0 A Regi\u00e3o esteve representada neste congresso a convite do Presidente do Instituto [&hellip;]<\/p>","protected":false},"author":2,"featured_media":0,"comment_status":"open","ping_status":"open","sticky":false,"template":"","format":"standard","meta":[],"categories":[21],"tags":[],"acf":[],"yoast_head":"<!-- This site is optimized with the Yoast SEO plugin v20.10 - https:\/\/yoast.com\/wordpress\/plugins\/seo\/ -->\n<title>Governo dos A\u00e7ores vai candidatar a Regi\u00e3o \u00e0 certifica\u00e7\u00e3o de \u201cDestino Sustent\u00e1vel do Mundo\u201d - Di\u00e1rio da Lagoa<\/title>\n<meta name=\"robots\" content=\"index, follow, max-snippet:-1, max-image-preview:large, max-video-preview:-1\" \/>\n<link rel=\"canonical\" href=\"https:\/\/diariodalagoa.pt\/en\/governo-dos-acores-vai-candidatar-a-regiao-a-certificacao-de-destino-sustentavel-do-mundo\/\" \/>\n<meta property=\"og:locale\" content=\"en_US\" \/>\n<meta property=\"og:type\" content=\"article\" \/>\n<meta property=\"og:title\" content=\"Governo dos A\u00e7ores vai candidatar a Regi\u00e3o \u00e0 certifica\u00e7\u00e3o de \u201cDestino Sustent\u00e1vel do Mundo\u201d - Di\u00e1rio da Lagoa\" \/>\n<meta property=\"og:description\" content=\"Os A\u00e7ores v\u00e3o iniciar o processo que culminar\u00e1 com a apresenta\u00e7\u00e3o de uma candidatura \u00e0 certifica\u00e7\u00e3o de \u201cDestino Sustent\u00e1vel doMundo\u201d, anunciou o Diretor Regional do Turismo, durante o primeiro Congresso Internacional GSTC DESTINATIONS COMMUNITY (Comunidade Biosphere &#8211; Destinos Sustent\u00e1veis), que decorreu em Barcelona.\u00a0 A Regi\u00e3o esteve representada neste congresso a convite do Presidente do Instituto [&hellip;]\" \/>\n<meta property=\"og:url\" content=\"https:\/\/diariodalagoa.pt\/en\/governo-dos-acores-vai-candidatar-a-regiao-a-certificacao-de-destino-sustentavel-do-mundo\/\" \/>\n<meta property=\"og:site_name\" content=\"Di\u00e1rio da Lagoa\" \/>\n<meta property=\"article:published_time\" content=\"2014-11-21T20:53:32+00:00\" \/>\n<meta name=\"author\" content=\"Di\u00e1rio da Lagoa\" \/>\n<meta name=\"twitter:card\" content=\"summary_large_image\" \/>\n<meta name=\"twitter:label1\" content=\"Written by\" \/>\n\t<meta name=\"twitter:data1\" content=\"Di\u00e1rio da Lagoa\" \/>\n\t<meta name=\"twitter:label2\" content=\"Est. reading time\" \/>\n\t<meta name=\"twitter:data2\" content=\"1 minute\" \/>\n<script type=\"application\/ld+json\" class=\"yoast-schema-graph\">{\"@context\":\"https:\/\/schema.org\",\"@graph\":[{\"@type\":\"WebPage\",\"@id\":\"https:\/\/diariodalagoa.pt\/governo-dos-acores-vai-candidatar-a-regiao-a-certificacao-de-destino-sustentavel-do-mundo\/\",\"url\":\"https:\/\/diariodalagoa.pt\/governo-dos-acores-vai-candidatar-a-regiao-a-certificacao-de-destino-sustentavel-do-mundo\/\",\"name\":\"Governo dos A\u00e7ores vai candidatar a Regi\u00e3o \u00e0 certifica\u00e7\u00e3o de \u201cDestino Sustent\u00e1vel do Mundo\u201d - Di\u00e1rio da Lagoa\",\"isPartOf\":{\"@id\":\"https:\/\/diariodalagoa.pt\/#website\"},\"datePublished\":\"2014-11-21T20:53:32+00:00\",\"dateModified\":\"2014-11-21T20:53:32+00:00\",\"author\":{\"@id\":\"https:\/\/diariodalagoa.pt\/#\/schema\/person\/1615a002370e8857b6f972834bc43ece\"},\"breadcrumb\":{\"@id\":\"https:\/\/diariodalagoa.pt\/governo-dos-acores-vai-candidatar-a-regiao-a-certificacao-de-destino-sustentavel-do-mundo\/#breadcrumb\"},\"inLanguage\":\"en-US\",\"potentialAction\":[{\"@type\":\"ReadAction\",\"target\":[\"https:\/\/diariodalagoa.pt\/governo-dos-acores-vai-candidatar-a-regiao-a-certificacao-de-destino-sustentavel-do-mundo\/\"]}]},{\"@type\":\"BreadcrumbList\",\"@id\":\"https:\/\/diariodalagoa.pt\/governo-dos-acores-vai-candidatar-a-regiao-a-certificacao-de-destino-sustentavel-do-mundo\/#breadcrumb\",\"itemListElement\":[{\"@type\":\"ListItem\",\"position\":1,\"name\":\"In\u00edcio\",\"item\":\"https:\/\/diariodalagoa.pt\/\"},{\"@type\":\"ListItem\",\"position\":2,\"name\":\"Governo dos A\u00e7ores vai candidatar a Regi\u00e3o \u00e0 certifica\u00e7\u00e3o de \u201cDestino Sustent\u00e1vel do Mundo\u201d\"}]},{\"@type\":\"WebSite\",\"@id\":\"https:\/\/diariodalagoa.pt\/#website\",\"url\":\"https:\/\/diariodalagoa.pt\/\",\"name\":\"Di\u00e1rio da Lagoa\",\"description\":\"Di\u00e1rio da Lagoa. As not\u00edcias que contam. A partir da Lagoa, nos A\u00e7ores, para o mundo.\",\"potentialAction\":[{\"@type\":\"SearchAction\",\"target\":{\"@type\":\"EntryPoint\",\"urlTemplate\":\"https:\/\/diariodalagoa.pt\/?s={search_term_string}\"},\"query-input\":\"required name=search_term_string\"}],\"inLanguage\":\"en-US\"},{\"@type\":\"Person\",\"@id\":\"https:\/\/diariodalagoa.pt\/#\/schema\/person\/1615a002370e8857b6f972834bc43ece\",\"name\":\"Di\u00e1rio da Lagoa\",\"image\":{\"@type\":\"ImageObject\",\"inLanguage\":\"en-US\",\"@id\":\"https:\/\/diariodalagoa.pt\/#\/schema\/person\/image\/\",\"url\":\"https:\/\/secure.gravatar.com\/avatar\/2cb5cef90a26f8fbd4d9d930608102c5?s=96&d=mm&r=g\",\"contentUrl\":\"https:\/\/secure.gravatar.com\/avatar\/2cb5cef90a26f8fbd4d9d930608102c5?s=96&d=mm&r=g\",\"caption\":\"Di\u00e1rio da Lagoa\"},\"url\":\"https:\/\/diariodalagoa.pt\/en\/author\/diariodalagoa\/\"}]}<\/script>\n<!-- \/ Yoast SEO plugin. -->","yoast_head_json":{"title":"Governo dos A\u00e7ores vai candidatar a Regi\u00e3o \u00e0 certifica\u00e7\u00e3o de \u201cDestino Sustent\u00e1vel do Mundo\u201d - Di\u00e1rio da Lagoa","robots":{"index":"index","follow":"follow","max-snippet":"max-snippet:-1","max-image-preview":"max-image-preview:large","max-video-preview":"max-video-preview:-1"},"canonical":"https:\/\/diariodalagoa.pt\/en\/governo-dos-acores-vai-candidatar-a-regiao-a-certificacao-de-destino-sustentavel-do-mundo\/","og_locale":"en_US","og_type":"article","og_title":"Governo dos A\u00e7ores vai candidatar a Regi\u00e3o \u00e0 certifica\u00e7\u00e3o de \u201cDestino Sustent\u00e1vel do Mundo\u201d - Di\u00e1rio da Lagoa","og_description":"Os A\u00e7ores v\u00e3o iniciar o processo que culminar\u00e1 com a apresenta\u00e7\u00e3o de uma candidatura \u00e0 certifica\u00e7\u00e3o de \u201cDestino Sustent\u00e1vel doMundo\u201d, anunciou o Diretor Regional do Turismo, durante o primeiro Congresso Internacional GSTC DESTINATIONS COMMUNITY (Comunidade Biosphere &#8211; Destinos Sustent\u00e1veis), que decorreu em Barcelona.\u00a0 A Regi\u00e3o esteve representada neste congresso a convite do Presidente do Instituto [&hellip;]","og_url":"https:\/\/diariodalagoa.pt\/en\/governo-dos-acores-vai-candidatar-a-regiao-a-certificacao-de-destino-sustentavel-do-mundo\/","og_site_name":"Di\u00e1rio da Lagoa","article_published_time":"2014-11-21T20:53:32+00:00","author":"Di\u00e1rio da Lagoa","twitter_card":"summary_large_image","twitter_misc":{"Written by":"Di\u00e1rio da Lagoa","Est. reading time":"1 minute"},"schema":{"@context":"https:\/\/schema.org","@graph":[{"@type":"WebPage","@id":"https:\/\/diariodalagoa.pt\/governo-dos-acores-vai-candidatar-a-regiao-a-certificacao-de-destino-sustentavel-do-mundo\/","url":"https:\/\/diariodalagoa.pt\/governo-dos-acores-vai-candidatar-a-regiao-a-certificacao-de-destino-sustentavel-do-mundo\/","name":"Governo dos A\u00e7ores vai candidatar a Regi\u00e3o \u00e0 certifica\u00e7\u00e3o de \u201cDestino Sustent\u00e1vel do Mundo\u201d - Di\u00e1rio da Lagoa","isPartOf":{"@id":"https:\/\/diariodalagoa.pt\/#website"},"datePublished":"2014-11-21T20:53:32+00:00","dateModified":"2014-11-21T20:53:32+00:00","author":{"@id":"https:\/\/diariodalagoa.pt\/#\/schema\/person\/1615a002370e8857b6f972834bc43ece"},"breadcrumb":{"@id":"https:\/\/diariodalagoa.pt\/governo-dos-acores-vai-candidatar-a-regiao-a-certificacao-de-destino-sustentavel-do-mundo\/#breadcrumb"},"inLanguage":"en-US","potentialAction":[{"@type":"ReadAction","target":["https:\/\/diariodalagoa.pt\/governo-dos-acores-vai-candidatar-a-regiao-a-certificacao-de-destino-sustentavel-do-mundo\/"]}]},{"@type":"BreadcrumbList","@id":"https:\/\/diariodalagoa.pt\/governo-dos-acores-vai-candidatar-a-regiao-a-certificacao-de-destino-sustentavel-do-mundo\/#breadcrumb","itemListElement":[{"@type":"ListItem","position":1,"name":"In\u00edcio","item":"https:\/\/diariodalagoa.pt\/"},{"@type":"ListItem","position":2,"name":"Governo dos A\u00e7ores vai candidatar a Regi\u00e3o \u00e0 certifica\u00e7\u00e3o de \u201cDestino Sustent\u00e1vel do Mundo\u201d"}]},{"@type":"WebSite","@id":"https:\/\/diariodalagoa.pt\/#website","url":"https:\/\/diariodalagoa.pt\/","name":"Di\u00e1rio da Lagoa","description":"Di\u00e1rio da Lagoa. As not\u00edcias que contam. A partir da Lagoa, nos A\u00e7ores, para o mundo.","potentialAction":[{"@type":"SearchAction","target":{"@type":"EntryPoint","urlTemplate":"https:\/\/diariodalagoa.pt\/?s={search_term_string}"},"query-input":"required name=search_term_string"}],"inLanguage":"en-US"},{"@type":"Person","@id":"https:\/\/diariodalagoa.pt\/#\/schema\/person\/1615a002370e8857b6f972834bc43ece","name":"Di\u00e1rio da Lagoa","image":{"@type":"ImageObject","inLanguage":"en-US","@id":"https:\/\/diariodalagoa.pt\/#\/schema\/person\/image\/","url":"https:\/\/secure.gravatar.com\/avatar\/2cb5cef90a26f8fbd4d9d930608102c5?s=96&d=mm&r=g","contentUrl":"https:\/\/secure.gravatar.com\/avatar\/2cb5cef90a26f8fbd4d9d930608102c5?s=96&d=mm&r=g","caption":"Di\u00e1rio da Lagoa"},"url":"https:\/\/diariodalagoa.pt\/en\/author\/diariodalagoa\/"}]}},"_links":{"self":[{"href":"https:\/\/diariodalagoa.pt\/en\/wp-json\/wp\/v2\/posts\/11496"}],"collection":[{"href":"https:\/\/diariodalagoa.pt\/en\/wp-json\/wp\/v2\/posts"}],"about":[{"href":"https:\/\/diariodalagoa.pt\/en\/wp-json\/wp\/v2\/types\/post"}],"author":[{"embeddable":true,"href":"https:\/\/diariodalagoa.pt\/en\/wp-json\/wp\/v2\/users\/2"}],"replies":[{"embeddable":true,"href":"https:\/\/diariodalagoa.pt\/en\/wp-json\/wp\/v2\/comments?post=11496"}],"version-history":[{"count":0,"href":"https:\/\/diariodalagoa.pt\/en\/wp-json\/wp\/v2\/posts\/11496\/revisions"}],"wp:attachment":[{"href":"https:\/\/diariodalagoa.pt\/en\/wp-json\/wp\/v2\/media?parent=11496"}],"wp:term":[{"taxonomy":"category","embeddable":true,"href":"https:\/\/diariodalagoa.pt\/en\/wp-json\/wp\/v2\/categories?post=11496"},{"taxonomy":"post_tag","embeddable":true,"href":"https:\/\/diariodalagoa.pt\/en\/wp-json\/wp\/v2\/tags?post=11496"}],"curies":[{"name":"wp","href":"https:\/\/api.w.org\/{rel}","templated":true}]}}