{"id":11461,"date":"2014-11-21T12:33:52","date_gmt":"2014-11-21T13:33:52","guid":{"rendered":"http:\/\/diariodalagoa.pt\/?p=11461"},"modified":"2014-11-21T12:33:52","modified_gmt":"2014-11-21T13:33:52","slug":"governo-dos-acores-divulga-oportunidades-de-investimento-a-empresarios-do-norte-de-portugal-e-da-galiza","status":"publish","type":"post","link":"https:\/\/diariodalagoa.pt\/en\/governo-dos-acores-divulga-oportunidades-de-investimento-a-empresarios-do-norte-de-portugal-e-da-galiza\/","title":{"rendered":"Governo dos A\u00e7ores divulga oportunidades de investimento a empres\u00e1rios do Norte de Portugal e da Galiza"},"content":{"rendered":"<p style=\"text-align: justify;\"><img decoding=\"async\" class=\"alignnone size-full wp-image-4465\" src=\"http:\/\/diariodalagoa.pt\/wp-content\/uploads\/2014\/05\/Sergio-Avila-governo-a\u00e7ores.jpg\" alt=\"Sergio-Avila-governo-a\u00e7ores\" width=\"720\" height=\"381\" \/><\/p>\n<p style=\"text-align: justify;\"><span style=\"color: #000000;\">O Vice-Presidente do Governo manifestou-se convicto de que o\u00a0semin\u00e1rio<em>A\u00e7ores, Norte e Galiza \u2013 Oportunidades de Investimento<\/em>, que teve lugar hoje na cidade do Porto, constituiu \u201cum contributo para um melhor conhecimento dos A\u00e7ores e das suas realidades, do seu enquadramento econ\u00f3mico e do seu potencial de investimento\u201d.\u00a0<\/span><\/p>\n<p style=\"text-align: justify;\"><span style=\"color: #000000;\">S\u00e9rgio \u00c1vila, que falava na sess\u00e3o de abertura deste encontro, acrescentou esperar tamb\u00e9m \u201cum interesse espec\u00edfico nas oportunidades que os A\u00e7ores apresentam nesta fase do seu desenvolvimento\u201d, as quais, no decorrer do evento,\u00a0foram detalhadamente explicadas aos mais de\u00a050 empres\u00e1rios presentes. \u00a0<\/span><\/p>\n<p style=\"text-align: justify;\"><span style=\"color: #000000;\">Neste\u00a0encontro,\u00a0organizado pela Sociedade para o Desenvolvimento Empresarial dos A\u00e7ores (SDEA) e pela Casa dos A\u00e7ores do Norte, estiveram presentes, al\u00e9m do vereador da C\u00e2mara Municipal do Porto, Manuel Pizarro, representantes da Comiss\u00e3o de Coordena\u00e7\u00e3o para o Desenvolvimento Regional do Norte, da Associa\u00e7\u00e3o Empresarial de Portugal e do Instituto Galego de Promo\u00e7\u00e3o Econ\u00f3mica.<\/span><\/p>\n<p style=\"text-align: justify;\"><span style=\"color: #000000;\"><em>DL\/Gacs<\/em><\/span><\/p>","protected":false},"excerpt":{"rendered":"<p>O Vice-Presidente do Governo manifestou-se convicto de que o\u00a0semin\u00e1rioA\u00e7ores, Norte e Galiza \u2013 Oportunidades de Investimento, que teve lugar hoje na cidade do Porto, constituiu \u201cum contributo para um melhor conhecimento dos A\u00e7ores e das suas realidades, do seu enquadramento econ\u00f3mico e do seu potencial de investimento\u201d.\u00a0 S\u00e9rgio \u00c1vila, que falava na sess\u00e3o de abertura [&hellip;]<\/p>","protected":false},"author":2,"featured_media":0,"comment_status":"open","ping_status":"open","sticky":false,"template":"","format":"standard","meta":[],"categories":[21],"tags":[],"acf":[],"yoast_head":"<!-- This site is optimized with the Yoast SEO plugin v20.10 - https:\/\/yoast.com\/wordpress\/plugins\/seo\/ -->\n<title>Governo dos A\u00e7ores divulga oportunidades de investimento a empres\u00e1rios do Norte de Portugal e da Galiza - Di\u00e1rio da Lagoa<\/title>\n<meta name=\"robots\" content=\"index, follow, max-snippet:-1, max-image-preview:large, max-video-preview:-1\" \/>\n<link rel=\"canonical\" href=\"https:\/\/diariodalagoa.pt\/en\/governo-dos-acores-divulga-oportunidades-de-investimento-a-empresarios-do-norte-de-portugal-e-da-galiza\/\" \/>\n<meta property=\"og:locale\" content=\"en_US\" \/>\n<meta property=\"og:type\" content=\"article\" \/>\n<meta property=\"og:title\" content=\"Governo dos A\u00e7ores divulga oportunidades de investimento a empres\u00e1rios do Norte de Portugal e da Galiza - Di\u00e1rio da Lagoa\" \/>\n<meta property=\"og:description\" content=\"O Vice-Presidente do Governo manifestou-se convicto de que o\u00a0semin\u00e1rioA\u00e7ores, Norte e Galiza \u2013 Oportunidades de Investimento, que teve lugar hoje na cidade do Porto, constituiu \u201cum contributo para um melhor conhecimento dos A\u00e7ores e das suas realidades, do seu enquadramento econ\u00f3mico e do seu potencial de investimento\u201d.\u00a0 S\u00e9rgio \u00c1vila, que falava na sess\u00e3o de abertura [&hellip;]\" \/>\n<meta property=\"og:url\" content=\"https:\/\/diariodalagoa.pt\/en\/governo-dos-acores-divulga-oportunidades-de-investimento-a-empresarios-do-norte-de-portugal-e-da-galiza\/\" \/>\n<meta property=\"og:site_name\" content=\"Di\u00e1rio da Lagoa\" \/>\n<meta property=\"article:published_time\" content=\"2014-11-21T13:33:52+00:00\" \/>\n<meta name=\"author\" content=\"Di\u00e1rio da Lagoa\" \/>\n<meta name=\"twitter:card\" content=\"summary_large_image\" \/>\n<meta name=\"twitter:label1\" content=\"Written by\" \/>\n\t<meta name=\"twitter:data1\" content=\"Di\u00e1rio da Lagoa\" \/>\n\t<meta name=\"twitter:label2\" content=\"Est. reading time\" \/>\n\t<meta name=\"twitter:data2\" content=\"1 minute\" \/>\n<script type=\"application\/ld+json\" class=\"yoast-schema-graph\">{\"@context\":\"https:\/\/schema.org\",\"@graph\":[{\"@type\":\"WebPage\",\"@id\":\"https:\/\/diariodalagoa.pt\/governo-dos-acores-divulga-oportunidades-de-investimento-a-empresarios-do-norte-de-portugal-e-da-galiza\/\",\"url\":\"https:\/\/diariodalagoa.pt\/governo-dos-acores-divulga-oportunidades-de-investimento-a-empresarios-do-norte-de-portugal-e-da-galiza\/\",\"name\":\"Governo dos A\u00e7ores divulga oportunidades de investimento a empres\u00e1rios do Norte de Portugal e da Galiza - Di\u00e1rio da Lagoa\",\"isPartOf\":{\"@id\":\"https:\/\/diariodalagoa.pt\/#website\"},\"datePublished\":\"2014-11-21T13:33:52+00:00\",\"dateModified\":\"2014-11-21T13:33:52+00:00\",\"author\":{\"@id\":\"https:\/\/diariodalagoa.pt\/#\/schema\/person\/1615a002370e8857b6f972834bc43ece\"},\"breadcrumb\":{\"@id\":\"https:\/\/diariodalagoa.pt\/governo-dos-acores-divulga-oportunidades-de-investimento-a-empresarios-do-norte-de-portugal-e-da-galiza\/#breadcrumb\"},\"inLanguage\":\"en-US\",\"potentialAction\":[{\"@type\":\"ReadAction\",\"target\":[\"https:\/\/diariodalagoa.pt\/governo-dos-acores-divulga-oportunidades-de-investimento-a-empresarios-do-norte-de-portugal-e-da-galiza\/\"]}]},{\"@type\":\"BreadcrumbList\",\"@id\":\"https:\/\/diariodalagoa.pt\/governo-dos-acores-divulga-oportunidades-de-investimento-a-empresarios-do-norte-de-portugal-e-da-galiza\/#breadcrumb\",\"itemListElement\":[{\"@type\":\"ListItem\",\"position\":1,\"name\":\"In\u00edcio\",\"item\":\"https:\/\/diariodalagoa.pt\/\"},{\"@type\":\"ListItem\",\"position\":2,\"name\":\"Governo dos A\u00e7ores divulga oportunidades de investimento a empres\u00e1rios do Norte de Portugal e da Galiza\"}]},{\"@type\":\"WebSite\",\"@id\":\"https:\/\/diariodalagoa.pt\/#website\",\"url\":\"https:\/\/diariodalagoa.pt\/\",\"name\":\"Di\u00e1rio da Lagoa\",\"description\":\"Di\u00e1rio da Lagoa. As not\u00edcias que contam. A partir da Lagoa, nos A\u00e7ores, para o mundo.\",\"potentialAction\":[{\"@type\":\"SearchAction\",\"target\":{\"@type\":\"EntryPoint\",\"urlTemplate\":\"https:\/\/diariodalagoa.pt\/?s={search_term_string}\"},\"query-input\":\"required name=search_term_string\"}],\"inLanguage\":\"en-US\"},{\"@type\":\"Person\",\"@id\":\"https:\/\/diariodalagoa.pt\/#\/schema\/person\/1615a002370e8857b6f972834bc43ece\",\"name\":\"Di\u00e1rio da Lagoa\",\"image\":{\"@type\":\"ImageObject\",\"inLanguage\":\"en-US\",\"@id\":\"https:\/\/diariodalagoa.pt\/#\/schema\/person\/image\/\",\"url\":\"https:\/\/secure.gravatar.com\/avatar\/2cb5cef90a26f8fbd4d9d930608102c5?s=96&d=mm&r=g\",\"contentUrl\":\"https:\/\/secure.gravatar.com\/avatar\/2cb5cef90a26f8fbd4d9d930608102c5?s=96&d=mm&r=g\",\"caption\":\"Di\u00e1rio da Lagoa\"},\"url\":\"https:\/\/diariodalagoa.pt\/en\/author\/diariodalagoa\/\"}]}<\/script>\n<!-- \/ Yoast SEO plugin. -->","yoast_head_json":{"title":"Governo dos A\u00e7ores divulga oportunidades de investimento a empres\u00e1rios do Norte de Portugal e da Galiza - Di\u00e1rio da Lagoa","robots":{"index":"index","follow":"follow","max-snippet":"max-snippet:-1","max-image-preview":"max-image-preview:large","max-video-preview":"max-video-preview:-1"},"canonical":"https:\/\/diariodalagoa.pt\/en\/governo-dos-acores-divulga-oportunidades-de-investimento-a-empresarios-do-norte-de-portugal-e-da-galiza\/","og_locale":"en_US","og_type":"article","og_title":"Governo dos A\u00e7ores divulga oportunidades de investimento a empres\u00e1rios do Norte de Portugal e da Galiza - Di\u00e1rio da Lagoa","og_description":"O Vice-Presidente do Governo manifestou-se convicto de que o\u00a0semin\u00e1rioA\u00e7ores, Norte e Galiza \u2013 Oportunidades de Investimento, que teve lugar hoje na cidade do Porto, constituiu \u201cum contributo para um melhor conhecimento dos A\u00e7ores e das suas realidades, do seu enquadramento econ\u00f3mico e do seu potencial de investimento\u201d.\u00a0 S\u00e9rgio \u00c1vila, que falava na sess\u00e3o de abertura [&hellip;]","og_url":"https:\/\/diariodalagoa.pt\/en\/governo-dos-acores-divulga-oportunidades-de-investimento-a-empresarios-do-norte-de-portugal-e-da-galiza\/","og_site_name":"Di\u00e1rio da Lagoa","article_published_time":"2014-11-21T13:33:52+00:00","author":"Di\u00e1rio da Lagoa","twitter_card":"summary_large_image","twitter_misc":{"Written by":"Di\u00e1rio da Lagoa","Est. reading time":"1 minute"},"schema":{"@context":"https:\/\/schema.org","@graph":[{"@type":"WebPage","@id":"https:\/\/diariodalagoa.pt\/governo-dos-acores-divulga-oportunidades-de-investimento-a-empresarios-do-norte-de-portugal-e-da-galiza\/","url":"https:\/\/diariodalagoa.pt\/governo-dos-acores-divulga-oportunidades-de-investimento-a-empresarios-do-norte-de-portugal-e-da-galiza\/","name":"Governo dos A\u00e7ores divulga oportunidades de investimento a empres\u00e1rios do Norte de Portugal e da Galiza - Di\u00e1rio da Lagoa","isPartOf":{"@id":"https:\/\/diariodalagoa.pt\/#website"},"datePublished":"2014-11-21T13:33:52+00:00","dateModified":"2014-11-21T13:33:52+00:00","author":{"@id":"https:\/\/diariodalagoa.pt\/#\/schema\/person\/1615a002370e8857b6f972834bc43ece"},"breadcrumb":{"@id":"https:\/\/diariodalagoa.pt\/governo-dos-acores-divulga-oportunidades-de-investimento-a-empresarios-do-norte-de-portugal-e-da-galiza\/#breadcrumb"},"inLanguage":"en-US","potentialAction":[{"@type":"ReadAction","target":["https:\/\/diariodalagoa.pt\/governo-dos-acores-divulga-oportunidades-de-investimento-a-empresarios-do-norte-de-portugal-e-da-galiza\/"]}]},{"@type":"BreadcrumbList","@id":"https:\/\/diariodalagoa.pt\/governo-dos-acores-divulga-oportunidades-de-investimento-a-empresarios-do-norte-de-portugal-e-da-galiza\/#breadcrumb","itemListElement":[{"@type":"ListItem","position":1,"name":"In\u00edcio","item":"https:\/\/diariodalagoa.pt\/"},{"@type":"ListItem","position":2,"name":"Governo dos A\u00e7ores divulga oportunidades de investimento a empres\u00e1rios do Norte de Portugal e da Galiza"}]},{"@type":"WebSite","@id":"https:\/\/diariodalagoa.pt\/#website","url":"https:\/\/diariodalagoa.pt\/","name":"Di\u00e1rio da Lagoa","description":"Di\u00e1rio da Lagoa. As not\u00edcias que contam. A partir da Lagoa, nos A\u00e7ores, para o mundo.","potentialAction":[{"@type":"SearchAction","target":{"@type":"EntryPoint","urlTemplate":"https:\/\/diariodalagoa.pt\/?s={search_term_string}"},"query-input":"required name=search_term_string"}],"inLanguage":"en-US"},{"@type":"Person","@id":"https:\/\/diariodalagoa.pt\/#\/schema\/person\/1615a002370e8857b6f972834bc43ece","name":"Di\u00e1rio da Lagoa","image":{"@type":"ImageObject","inLanguage":"en-US","@id":"https:\/\/diariodalagoa.pt\/#\/schema\/person\/image\/","url":"https:\/\/secure.gravatar.com\/avatar\/2cb5cef90a26f8fbd4d9d930608102c5?s=96&d=mm&r=g","contentUrl":"https:\/\/secure.gravatar.com\/avatar\/2cb5cef90a26f8fbd4d9d930608102c5?s=96&d=mm&r=g","caption":"Di\u00e1rio da Lagoa"},"url":"https:\/\/diariodalagoa.pt\/en\/author\/diariodalagoa\/"}]}},"_links":{"self":[{"href":"https:\/\/diariodalagoa.pt\/en\/wp-json\/wp\/v2\/posts\/11461"}],"collection":[{"href":"https:\/\/diariodalagoa.pt\/en\/wp-json\/wp\/v2\/posts"}],"about":[{"href":"https:\/\/diariodalagoa.pt\/en\/wp-json\/wp\/v2\/types\/post"}],"author":[{"embeddable":true,"href":"https:\/\/diariodalagoa.pt\/en\/wp-json\/wp\/v2\/users\/2"}],"replies":[{"embeddable":true,"href":"https:\/\/diariodalagoa.pt\/en\/wp-json\/wp\/v2\/comments?post=11461"}],"version-history":[{"count":0,"href":"https:\/\/diariodalagoa.pt\/en\/wp-json\/wp\/v2\/posts\/11461\/revisions"}],"wp:attachment":[{"href":"https:\/\/diariodalagoa.pt\/en\/wp-json\/wp\/v2\/media?parent=11461"}],"wp:term":[{"taxonomy":"category","embeddable":true,"href":"https:\/\/diariodalagoa.pt\/en\/wp-json\/wp\/v2\/categories?post=11461"},{"taxonomy":"post_tag","embeddable":true,"href":"https:\/\/diariodalagoa.pt\/en\/wp-json\/wp\/v2\/tags?post=11461"}],"curies":[{"name":"wp","href":"https:\/\/api.w.org\/{rel}","templated":true}]}}