{"id":11387,"date":"2014-11-19T21:50:48","date_gmt":"2014-11-19T22:50:48","guid":{"rendered":"http:\/\/diariodalagoa.pt\/?p=11387"},"modified":"2014-11-19T21:50:48","modified_gmt":"2014-11-19T22:50:48","slug":"climatologia-e-vulcanologia-sao-areas-cientificas-que-os-acores-devem-desenvolver","status":"publish","type":"post","link":"https:\/\/diariodalagoa.pt\/en\/climatologia-e-vulcanologia-sao-areas-cientificas-que-os-acores-devem-desenvolver\/","title":{"rendered":"Climatologia e Vulcanologia s\u00e3o \u00e1reas cient\u00edficas que os A\u00e7ores devem desenvolver"},"content":{"rendered":"<p style=\"text-align: justify;\"><a href=\"http:\/\/diariodalagoa.pt\/wp-content\/uploads\/2014\/11\/Fausto-Brito-Abreu-redes-metereologicas-.jpg\"><img decoding=\"async\" class=\"alignnone size-full wp-image-11388\" src=\"http:\/\/diariodalagoa.pt\/wp-content\/uploads\/2014\/11\/Fausto-Brito-Abreu-redes-metereologicas-.jpg\" alt=\"Fausto-Brito-Abreu-redes-metereologicas-\" width=\"720\" height=\"380\" \/><\/a><\/p>\n<p style=\"text-align: justify;\"><span style=\"color: #000000;\">O Secret\u00e1rio Regional do Mar, Ci\u00eancia e Tecnologia visitou o Observat\u00f3rio de Investiga\u00e7\u00e3o Clim\u00e1tica, na Graciosa, e conheceu o projeto ARM (Atmospheric Radiation Measurement), que resulta de um programa internacional promovido pelo Departamento de Energia dos Estados Unidos que \u00e9 desenvolvido atrav\u00e9s do Los Alamos National Laboratory.\u00a0<\/span><\/p>\n<p style=\"text-align: justify;\"><span style=\"color: #000000;\">Nos A\u00e7ores,\u00a0este projeto conta com o apoio do Governo Regional e com a parceria da Universidade dos A\u00e7ores, atrav\u00e9s do Centro de Clima, Meteorologia e Mudan\u00e7as Globais, encarregue de toda a gest\u00e3o t\u00e9cnica.\u00a0<\/span><\/p>\n<p style=\"text-align: justify;\"><span style=\"color: #000000;\">Fausto Brito e Abreu reconheceu o trabalho que tem sido desenvolvido no ARM, frisando acreditar que \u00e9 poss\u00edvel que este projeto na Graciosa &#8220;permita alargar a investiga\u00e7\u00e3o, a pesquisa e a recolha de dados cient\u00edficos no dom\u00ednio da Climatologia na Regi\u00e3o&#8221;.\u00a0<\/span><\/p>\n<p style=\"text-align: justify;\"><span style=\"color: #000000;\">O projeto ARM come\u00e7ou por ser uma esta\u00e7\u00e3o m\u00f3vel que passou depois a ser definitiva, o que \u201ccomprova a localiza\u00e7\u00e3o estrat\u00e9gica e a centralidade atl\u00e2ntica dos A\u00e7ores\u201d, salientou Fausto Brito e Abreu. \u00a0<\/span><\/p>\n<p style=\"text-align: justify;\"><span style=\"color: #000000;\">O ARM do Observat\u00f3rio de Investiga\u00e7\u00e3o Clim\u00e1tica da Graciosa faz uma avalia\u00e7\u00e3o tridimensional da atmosfera e ir\u00e1 contar, a partir do pr\u00f3ximo ano, com um radar de banda x para medir a precipita\u00e7\u00e3o.\u00a0<\/span><\/p>\n<p style=\"text-align: justify;\"><span style=\"color: #000000;\">Com este projeto \u00e9 poss\u00edvel trabalhar com a mais recente tecnologia ao servi\u00e7o das ci\u00eancias atmosf\u00e9ricas e do clima, numa estrutura de calibra\u00e7\u00e3o e de valida\u00e7\u00e3o de dados ao dispor da comunidade cient\u00edfica internacional.\u00a0<\/span><\/p>\n<p style=\"text-align: justify;\"><span style=\"color: #000000;\">Durante a visita \u00e0 ilha Graciosa, o Secret\u00e1rio Regional do Mar, Ci\u00eancia e Tecnologia visitou tamb\u00e9m\u00a0a Esta\u00e7\u00e3o de Infrassons IS42, uma das 60 esta\u00e7\u00f5es da rede internacional da Comiss\u00e3o Preparat\u00f3ria da Organiza\u00e7\u00e3o do Tratado sobre a Proibi\u00e7\u00e3o Total de Ensaios Nucleares (CTBTO), cuja manuten\u00e7\u00e3o \u00e9 da responsabilidade do Centro de Vulcanologia e Avalia\u00e7\u00e3o de Riscos Geol\u00f3gicos da Universidade dos A\u00e7ores.\u00a0<\/span><\/p>\n<p style=\"text-align: justify;\"><span style=\"color: #000000;\">A\u00a0Esta\u00e7\u00e3o de Infrassons IS42, inaugurada em 2011,\u00a0tem capacidade para a dete\u00e7\u00e3o de v\u00e1rios tipos de eventos, a dist\u00e2ncias que podem atingir v\u00e1rios milhares de quil\u00f3metros, sendo decisiva no acompanhamento de ensaios nucleares, mas tamb\u00e9m no estudo e monotoriza\u00e7\u00e3o das atividades s\u00edsmica e vulc\u00e2nica. \u00a0<\/span><\/p>\n<p style=\"text-align: justify;\"><span style=\"color: #000000;\">Para o Secret\u00e1rio Regional, \u201cos projetos que se desenvolvem na Graciosa s\u00e3o extremamente interessantes para estas \u00e1reas, podendo criar pontes entre elas e novos projetos multidisciplinares, para al\u00e9m de serem relevantes para a vigil\u00e2ncia de desastres naturais\u201d.<\/span><\/p>\n<p style=\"text-align: justify;\"><span style=\"color: #000000;\"><em>DL\/Gacs<\/em><\/span><\/p>","protected":false},"excerpt":{"rendered":"<p>O Secret\u00e1rio Regional do Mar, Ci\u00eancia e Tecnologia visitou o Observat\u00f3rio de Investiga\u00e7\u00e3o Clim\u00e1tica, na Graciosa, e conheceu o projeto ARM (Atmospheric Radiation Measurement), que resulta de um programa internacional promovido pelo Departamento de Energia dos Estados Unidos que \u00e9 desenvolvido atrav\u00e9s do Los Alamos National Laboratory.\u00a0 Nos A\u00e7ores,\u00a0este projeto conta com o apoio do [&hellip;]<\/p>","protected":false},"author":2,"featured_media":121673,"comment_status":"open","ping_status":"open","sticky":false,"template":"","format":"standard","meta":[],"categories":[21],"tags":[],"acf":[],"yoast_head":"<!-- This site is optimized with the Yoast SEO plugin v20.10 - https:\/\/yoast.com\/wordpress\/plugins\/seo\/ -->\n<title>Climatologia e Vulcanologia s\u00e3o \u00e1reas cient\u00edficas que os A\u00e7ores devem desenvolver - Di\u00e1rio da Lagoa<\/title>\n<meta name=\"robots\" content=\"index, follow, max-snippet:-1, max-image-preview:large, max-video-preview:-1\" \/>\n<link rel=\"canonical\" href=\"https:\/\/diariodalagoa.pt\/en\/climatologia-e-vulcanologia-sao-areas-cientificas-que-os-acores-devem-desenvolver\/\" \/>\n<meta property=\"og:locale\" content=\"en_US\" \/>\n<meta property=\"og:type\" content=\"article\" \/>\n<meta property=\"og:title\" content=\"Climatologia e Vulcanologia s\u00e3o \u00e1reas cient\u00edficas que os A\u00e7ores devem desenvolver - Di\u00e1rio da Lagoa\" \/>\n<meta property=\"og:description\" content=\"O Secret\u00e1rio Regional do Mar, Ci\u00eancia e Tecnologia visitou o Observat\u00f3rio de Investiga\u00e7\u00e3o Clim\u00e1tica, na Graciosa, e conheceu o projeto ARM (Atmospheric Radiation Measurement), que resulta de um programa internacional promovido pelo Departamento de Energia dos Estados Unidos que \u00e9 desenvolvido atrav\u00e9s do Los Alamos National Laboratory.\u00a0 Nos A\u00e7ores,\u00a0este projeto conta com o apoio do [&hellip;]\" \/>\n<meta property=\"og:url\" content=\"https:\/\/diariodalagoa.pt\/en\/climatologia-e-vulcanologia-sao-areas-cientificas-que-os-acores-devem-desenvolver\/\" \/>\n<meta property=\"og:site_name\" content=\"Di\u00e1rio da Lagoa\" \/>\n<meta property=\"article:published_time\" content=\"2014-11-19T22:50:48+00:00\" \/>\n<meta property=\"og:image\" content=\"https:\/\/diariodalagoa.pt\/wp-content\/uploads\/2014\/11\/fausto-brito-abreu-redes-metereologicas.jpg\" \/>\n\t<meta property=\"og:image:width\" content=\"720\" \/>\n\t<meta property=\"og:image:height\" content=\"380\" \/>\n\t<meta property=\"og:image:type\" content=\"image\/jpeg\" \/>\n<meta name=\"author\" content=\"Di\u00e1rio da Lagoa\" \/>\n<meta name=\"twitter:card\" content=\"summary_large_image\" \/>\n<meta name=\"twitter:label1\" content=\"Written by\" \/>\n\t<meta name=\"twitter:data1\" content=\"Di\u00e1rio da Lagoa\" \/>\n\t<meta name=\"twitter:label2\" content=\"Est. reading time\" \/>\n\t<meta name=\"twitter:data2\" content=\"2 minutes\" \/>\n<script type=\"application\/ld+json\" class=\"yoast-schema-graph\">{\"@context\":\"https:\/\/schema.org\",\"@graph\":[{\"@type\":\"WebPage\",\"@id\":\"https:\/\/diariodalagoa.pt\/climatologia-e-vulcanologia-sao-areas-cientificas-que-os-acores-devem-desenvolver\/\",\"url\":\"https:\/\/diariodalagoa.pt\/climatologia-e-vulcanologia-sao-areas-cientificas-que-os-acores-devem-desenvolver\/\",\"name\":\"Climatologia e Vulcanologia s\u00e3o \u00e1reas cient\u00edficas que os A\u00e7ores devem desenvolver - Di\u00e1rio da Lagoa\",\"isPartOf\":{\"@id\":\"https:\/\/diariodalagoa.pt\/#website\"},\"datePublished\":\"2014-11-19T22:50:48+00:00\",\"dateModified\":\"2014-11-19T22:50:48+00:00\",\"author\":{\"@id\":\"https:\/\/diariodalagoa.pt\/#\/schema\/person\/1615a002370e8857b6f972834bc43ece\"},\"breadcrumb\":{\"@id\":\"https:\/\/diariodalagoa.pt\/climatologia-e-vulcanologia-sao-areas-cientificas-que-os-acores-devem-desenvolver\/#breadcrumb\"},\"inLanguage\":\"en-US\",\"potentialAction\":[{\"@type\":\"ReadAction\",\"target\":[\"https:\/\/diariodalagoa.pt\/climatologia-e-vulcanologia-sao-areas-cientificas-que-os-acores-devem-desenvolver\/\"]}]},{\"@type\":\"BreadcrumbList\",\"@id\":\"https:\/\/diariodalagoa.pt\/climatologia-e-vulcanologia-sao-areas-cientificas-que-os-acores-devem-desenvolver\/#breadcrumb\",\"itemListElement\":[{\"@type\":\"ListItem\",\"position\":1,\"name\":\"In\u00edcio\",\"item\":\"https:\/\/diariodalagoa.pt\/\"},{\"@type\":\"ListItem\",\"position\":2,\"name\":\"Climatologia e Vulcanologia s\u00e3o \u00e1reas cient\u00edficas que os A\u00e7ores devem desenvolver\"}]},{\"@type\":\"WebSite\",\"@id\":\"https:\/\/diariodalagoa.pt\/#website\",\"url\":\"https:\/\/diariodalagoa.pt\/\",\"name\":\"Di\u00e1rio da Lagoa\",\"description\":\"Di\u00e1rio da Lagoa. As not\u00edcias que contam. A partir da Lagoa, nos A\u00e7ores, para o mundo.\",\"potentialAction\":[{\"@type\":\"SearchAction\",\"target\":{\"@type\":\"EntryPoint\",\"urlTemplate\":\"https:\/\/diariodalagoa.pt\/?s={search_term_string}\"},\"query-input\":\"required name=search_term_string\"}],\"inLanguage\":\"en-US\"},{\"@type\":\"Person\",\"@id\":\"https:\/\/diariodalagoa.pt\/#\/schema\/person\/1615a002370e8857b6f972834bc43ece\",\"name\":\"Di\u00e1rio da Lagoa\",\"image\":{\"@type\":\"ImageObject\",\"inLanguage\":\"en-US\",\"@id\":\"https:\/\/diariodalagoa.pt\/#\/schema\/person\/image\/\",\"url\":\"https:\/\/secure.gravatar.com\/avatar\/2cb5cef90a26f8fbd4d9d930608102c5?s=96&d=mm&r=g\",\"contentUrl\":\"https:\/\/secure.gravatar.com\/avatar\/2cb5cef90a26f8fbd4d9d930608102c5?s=96&d=mm&r=g\",\"caption\":\"Di\u00e1rio da Lagoa\"},\"url\":\"https:\/\/diariodalagoa.pt\/en\/author\/diariodalagoa\/\"}]}<\/script>\n<!-- \/ Yoast SEO plugin. -->","yoast_head_json":{"title":"Climatologia e Vulcanologia s\u00e3o \u00e1reas cient\u00edficas que os A\u00e7ores devem desenvolver - Di\u00e1rio da Lagoa","robots":{"index":"index","follow":"follow","max-snippet":"max-snippet:-1","max-image-preview":"max-image-preview:large","max-video-preview":"max-video-preview:-1"},"canonical":"https:\/\/diariodalagoa.pt\/en\/climatologia-e-vulcanologia-sao-areas-cientificas-que-os-acores-devem-desenvolver\/","og_locale":"en_US","og_type":"article","og_title":"Climatologia e Vulcanologia s\u00e3o \u00e1reas cient\u00edficas que os A\u00e7ores devem desenvolver - Di\u00e1rio da Lagoa","og_description":"O Secret\u00e1rio Regional do Mar, Ci\u00eancia e Tecnologia visitou o Observat\u00f3rio de Investiga\u00e7\u00e3o Clim\u00e1tica, na Graciosa, e conheceu o projeto ARM (Atmospheric Radiation Measurement), que resulta de um programa internacional promovido pelo Departamento de Energia dos Estados Unidos que \u00e9 desenvolvido atrav\u00e9s do Los Alamos National Laboratory.\u00a0 Nos A\u00e7ores,\u00a0este projeto conta com o apoio do [&hellip;]","og_url":"https:\/\/diariodalagoa.pt\/en\/climatologia-e-vulcanologia-sao-areas-cientificas-que-os-acores-devem-desenvolver\/","og_site_name":"Di\u00e1rio da Lagoa","article_published_time":"2014-11-19T22:50:48+00:00","og_image":[{"width":720,"height":380,"url":"https:\/\/diariodalagoa.pt\/wp-content\/uploads\/2014\/11\/fausto-brito-abreu-redes-metereologicas.jpg","type":"image\/jpeg"}],"author":"Di\u00e1rio da Lagoa","twitter_card":"summary_large_image","twitter_misc":{"Written by":"Di\u00e1rio da Lagoa","Est. reading time":"2 minutes"},"schema":{"@context":"https:\/\/schema.org","@graph":[{"@type":"WebPage","@id":"https:\/\/diariodalagoa.pt\/climatologia-e-vulcanologia-sao-areas-cientificas-que-os-acores-devem-desenvolver\/","url":"https:\/\/diariodalagoa.pt\/climatologia-e-vulcanologia-sao-areas-cientificas-que-os-acores-devem-desenvolver\/","name":"Climatologia e Vulcanologia s\u00e3o \u00e1reas cient\u00edficas que os A\u00e7ores devem desenvolver - Di\u00e1rio da Lagoa","isPartOf":{"@id":"https:\/\/diariodalagoa.pt\/#website"},"datePublished":"2014-11-19T22:50:48+00:00","dateModified":"2014-11-19T22:50:48+00:00","author":{"@id":"https:\/\/diariodalagoa.pt\/#\/schema\/person\/1615a002370e8857b6f972834bc43ece"},"breadcrumb":{"@id":"https:\/\/diariodalagoa.pt\/climatologia-e-vulcanologia-sao-areas-cientificas-que-os-acores-devem-desenvolver\/#breadcrumb"},"inLanguage":"en-US","potentialAction":[{"@type":"ReadAction","target":["https:\/\/diariodalagoa.pt\/climatologia-e-vulcanologia-sao-areas-cientificas-que-os-acores-devem-desenvolver\/"]}]},{"@type":"BreadcrumbList","@id":"https:\/\/diariodalagoa.pt\/climatologia-e-vulcanologia-sao-areas-cientificas-que-os-acores-devem-desenvolver\/#breadcrumb","itemListElement":[{"@type":"ListItem","position":1,"name":"In\u00edcio","item":"https:\/\/diariodalagoa.pt\/"},{"@type":"ListItem","position":2,"name":"Climatologia e Vulcanologia s\u00e3o \u00e1reas cient\u00edficas que os A\u00e7ores devem desenvolver"}]},{"@type":"WebSite","@id":"https:\/\/diariodalagoa.pt\/#website","url":"https:\/\/diariodalagoa.pt\/","name":"Di\u00e1rio da Lagoa","description":"Di\u00e1rio da Lagoa. As not\u00edcias que contam. A partir da Lagoa, nos A\u00e7ores, para o mundo.","potentialAction":[{"@type":"SearchAction","target":{"@type":"EntryPoint","urlTemplate":"https:\/\/diariodalagoa.pt\/?s={search_term_string}"},"query-input":"required name=search_term_string"}],"inLanguage":"en-US"},{"@type":"Person","@id":"https:\/\/diariodalagoa.pt\/#\/schema\/person\/1615a002370e8857b6f972834bc43ece","name":"Di\u00e1rio da Lagoa","image":{"@type":"ImageObject","inLanguage":"en-US","@id":"https:\/\/diariodalagoa.pt\/#\/schema\/person\/image\/","url":"https:\/\/secure.gravatar.com\/avatar\/2cb5cef90a26f8fbd4d9d930608102c5?s=96&d=mm&r=g","contentUrl":"https:\/\/secure.gravatar.com\/avatar\/2cb5cef90a26f8fbd4d9d930608102c5?s=96&d=mm&r=g","caption":"Di\u00e1rio da Lagoa"},"url":"https:\/\/diariodalagoa.pt\/en\/author\/diariodalagoa\/"}]}},"_links":{"self":[{"href":"https:\/\/diariodalagoa.pt\/en\/wp-json\/wp\/v2\/posts\/11387"}],"collection":[{"href":"https:\/\/diariodalagoa.pt\/en\/wp-json\/wp\/v2\/posts"}],"about":[{"href":"https:\/\/diariodalagoa.pt\/en\/wp-json\/wp\/v2\/types\/post"}],"author":[{"embeddable":true,"href":"https:\/\/diariodalagoa.pt\/en\/wp-json\/wp\/v2\/users\/2"}],"replies":[{"embeddable":true,"href":"https:\/\/diariodalagoa.pt\/en\/wp-json\/wp\/v2\/comments?post=11387"}],"version-history":[{"count":0,"href":"https:\/\/diariodalagoa.pt\/en\/wp-json\/wp\/v2\/posts\/11387\/revisions"}],"wp:featuredmedia":[{"embeddable":true,"href":"https:\/\/diariodalagoa.pt\/en\/wp-json\/wp\/v2\/media\/121673"}],"wp:attachment":[{"href":"https:\/\/diariodalagoa.pt\/en\/wp-json\/wp\/v2\/media?parent=11387"}],"wp:term":[{"taxonomy":"category","embeddable":true,"href":"https:\/\/diariodalagoa.pt\/en\/wp-json\/wp\/v2\/categories?post=11387"},{"taxonomy":"post_tag","embeddable":true,"href":"https:\/\/diariodalagoa.pt\/en\/wp-json\/wp\/v2\/tags?post=11387"}],"curies":[{"name":"wp","href":"https:\/\/api.w.org\/{rel}","templated":true}]}}