{"id":11304,"date":"2014-11-17T16:45:25","date_gmt":"2014-11-17T17:45:25","guid":{"rendered":"http:\/\/diariodalagoa.pt\/?p=11304"},"modified":"2014-11-17T16:45:25","modified_gmt":"2014-11-17T17:45:25","slug":"jornadas-do-priolo-debatem-natureza-e-sustentabilidade-no-nordeste","status":"publish","type":"post","link":"https:\/\/diariodalagoa.pt\/en\/jornadas-do-priolo-debatem-natureza-e-sustentabilidade-no-nordeste\/","title":{"rendered":"Jornadas do Priolo debatem natureza e sustentabilidade no Nordeste"},"content":{"rendered":"<p style=\"text-align: justify;\"><img decoding=\"async\" class=\"alignnone size-full wp-image-11305\" src=\"http:\/\/diariodalagoa.pt\/wp-content\/uploads\/2014\/11\/Jornadas-Priolo-Nordeste_SPEA.jpg\" alt=\"Jornadas-Priolo-Nordeste_SPEA\" width=\"720\" height=\"380\" \/><\/p>\n<p style=\"text-align: justify;\"><span style=\"color: #000000;\">O Nordeste, em pleno territ\u00f3rio das Terras do Priolo, vai acolher nos dias 21 a 23 de novembro as IX Jornadas do Priolo. Estas jornadas ir\u00e3o decorrer no Centro Municipal de Atividades Culturais do Nordeste, e incluem um vasto programa para informar e aproximar a popula\u00e7\u00e3o da Natureza dos A\u00e7ores, o seu valor e import\u00e2ncia da sua conserva\u00e7\u00e3o.\u00a0<\/span><\/p>\n<p style=\"text-align: justify;\"><span style=\"color: #000000;\">A IX edi\u00e7\u00e3o das Jornadas do Priolo \u00e9 organizada pela SPEA no \u00e2mbito do Projeto Life+ Terras do Priolo, em parceria com a Escola B\u00e1sica e Secund\u00e1ria do Nordeste e Escola Profissional do Nordeste e com o apoio da C\u00e2mara Municipal do Nordeste. <\/span><\/p>\n<p style=\"text-align: justify;\"><span style=\"color: #000000;\">As jornadas ir\u00e3o contar com contribui\u00e7\u00f5es de diversas entidades no dia 21, entre as quais a Dire\u00e7\u00e3o Regional de Recursos Florestais, os Servi\u00e7os de Desenvolvimento Agr\u00e1rio de S\u00e3o Miguel, o Parque Natural de Ilha de S\u00e3o Miguel, o Observat\u00f3rio Microbiano dos A\u00e7ores, a Cresa\u00e7or e a pr\u00f3pria SPEA, reunindo uma diversidade de temas para aproximar o p\u00fablico em geral, e em especial as camadas mais jovens, dos valores naturais a conservar no arquip\u00e9lago dos A\u00e7ores, bem como do conceito de sustentabilidade e desenvolvimento.<\/span><\/p>\n<p style=\"text-align: justify;\"><span style=\"color: #000000;\">\u00c0s 17h30 do dia 22 de novembro ser\u00e1 feita uma apresenta\u00e7\u00e3o sobre o trabalho que tem sido realizado no \u00e2mbito do Projeto LIFE+ Terras do Priolo que resulta de uma parceria entre a SPEA e a Secretaria Regional da Agricultura e Ambiente (SRAA), cofinanciado pelo programa LIFE+ da Uni\u00e3o Europeia. Segundo Joaquim Teod\u00f3sio, coordenador do projeto e da SPEA nos A\u00e7ores, \u201ceste projeto tem vindo a dar um enorme contributo para a gest\u00e3o do s\u00edtio da Rede Natura 2000 ZPE Pico da Vara\/ Ribeira do Guilherme, atrav\u00e9s da implementa\u00e7\u00e3o de medidas inovadoras de gest\u00e3o e restaura\u00e7\u00e3o da floresta laurissilva, monitoriza\u00e7\u00e3o da biodiversidade, gest\u00e3o do uso p\u00fablico, sensibiliza\u00e7\u00e3o das popula\u00e7\u00f5es e promo\u00e7\u00e3o da sustentabilidade a longo prazo\u201d.\u00a0<\/span><\/p>\n<p style=\"text-align: justify;\"><span style=\"color: #000000;\">Este ano, o programa destas jornadas inclu\u00ed uma a\u00e7\u00e3o de voluntariado, mais especificamente o controlo de esp\u00e9cies invasoras e a planta\u00e7\u00e3o de esp\u00e9cies end\u00e9micas e nativas da laurissilva dos A\u00e7ores numa das \u00e1reas intervencionadas do projeto Life+ Terras do Priolo. Desta forma, p\u00fablico e volunt\u00e1rios podem associar-se ao Dia Mundial da Floresta Aut\u00f3ctone, 23 de novembro, e contribuir para a conserva\u00e7\u00e3o de um habitat priorit\u00e1rio dos A\u00e7ores. No final desta atividade ir\u00e1 ter lugar um pequeno conv\u00edvio celebrando ainda o 21\u00ba anivers\u00e1rio de atividade da SPEA.<\/span><\/p>\n<p style=\"text-align: justify;\"><span style=\"color: #000000;\"><em>DL\/SPEA<\/em><\/span><\/p>","protected":false},"excerpt":{"rendered":"<p>O Nordeste, em pleno territ\u00f3rio das Terras do Priolo, vai acolher nos dias 21 a 23 de novembro as IX Jornadas do Priolo. Estas jornadas ir\u00e3o decorrer no Centro Municipal de Atividades Culturais do Nordeste, e incluem um vasto programa para informar e aproximar a popula\u00e7\u00e3o da Natureza dos A\u00e7ores, o seu valor e import\u00e2ncia [&hellip;]<\/p>","protected":false},"author":2,"featured_media":121676,"comment_status":"open","ping_status":"open","sticky":false,"template":"","format":"standard","meta":[],"categories":[21],"tags":[],"acf":[],"yoast_head":"<!-- This site is optimized with the Yoast SEO plugin v20.10 - https:\/\/yoast.com\/wordpress\/plugins\/seo\/ -->\n<title>Jornadas do Priolo debatem natureza e sustentabilidade no Nordeste - Di\u00e1rio da Lagoa<\/title>\n<meta name=\"robots\" content=\"index, follow, max-snippet:-1, max-image-preview:large, max-video-preview:-1\" \/>\n<link rel=\"canonical\" href=\"https:\/\/diariodalagoa.pt\/en\/jornadas-do-priolo-debatem-natureza-e-sustentabilidade-no-nordeste\/\" \/>\n<meta property=\"og:locale\" content=\"en_US\" \/>\n<meta property=\"og:type\" content=\"article\" \/>\n<meta property=\"og:title\" content=\"Jornadas do Priolo debatem natureza e sustentabilidade no Nordeste - Di\u00e1rio da Lagoa\" \/>\n<meta property=\"og:description\" content=\"O Nordeste, em pleno territ\u00f3rio das Terras do Priolo, vai acolher nos dias 21 a 23 de novembro as IX Jornadas do Priolo. Estas jornadas ir\u00e3o decorrer no Centro Municipal de Atividades Culturais do Nordeste, e incluem um vasto programa para informar e aproximar a popula\u00e7\u00e3o da Natureza dos A\u00e7ores, o seu valor e import\u00e2ncia [&hellip;]\" \/>\n<meta property=\"og:url\" content=\"https:\/\/diariodalagoa.pt\/en\/jornadas-do-priolo-debatem-natureza-e-sustentabilidade-no-nordeste\/\" \/>\n<meta property=\"og:site_name\" content=\"Di\u00e1rio da Lagoa\" \/>\n<meta property=\"article:published_time\" content=\"2014-11-17T17:45:25+00:00\" \/>\n<meta property=\"og:image\" content=\"https:\/\/diariodalagoa.pt\/wp-content\/uploads\/2014\/11\/jornadas-priolo-nordeste-spea.jpg\" \/>\n\t<meta property=\"og:image:width\" content=\"720\" \/>\n\t<meta property=\"og:image:height\" content=\"380\" \/>\n\t<meta property=\"og:image:type\" content=\"image\/jpeg\" \/>\n<meta name=\"author\" content=\"Di\u00e1rio da Lagoa\" \/>\n<meta name=\"twitter:card\" content=\"summary_large_image\" \/>\n<meta name=\"twitter:label1\" content=\"Written by\" \/>\n\t<meta name=\"twitter:data1\" content=\"Di\u00e1rio da Lagoa\" \/>\n\t<meta name=\"twitter:label2\" content=\"Est. reading time\" \/>\n\t<meta name=\"twitter:data2\" content=\"2 minutes\" \/>\n<script type=\"application\/ld+json\" class=\"yoast-schema-graph\">{\"@context\":\"https:\/\/schema.org\",\"@graph\":[{\"@type\":\"WebPage\",\"@id\":\"https:\/\/diariodalagoa.pt\/jornadas-do-priolo-debatem-natureza-e-sustentabilidade-no-nordeste\/\",\"url\":\"https:\/\/diariodalagoa.pt\/jornadas-do-priolo-debatem-natureza-e-sustentabilidade-no-nordeste\/\",\"name\":\"Jornadas do Priolo debatem natureza e sustentabilidade no Nordeste - Di\u00e1rio da Lagoa\",\"isPartOf\":{\"@id\":\"https:\/\/diariodalagoa.pt\/#website\"},\"datePublished\":\"2014-11-17T17:45:25+00:00\",\"dateModified\":\"2014-11-17T17:45:25+00:00\",\"author\":{\"@id\":\"https:\/\/diariodalagoa.pt\/#\/schema\/person\/1615a002370e8857b6f972834bc43ece\"},\"breadcrumb\":{\"@id\":\"https:\/\/diariodalagoa.pt\/jornadas-do-priolo-debatem-natureza-e-sustentabilidade-no-nordeste\/#breadcrumb\"},\"inLanguage\":\"en-US\",\"potentialAction\":[{\"@type\":\"ReadAction\",\"target\":[\"https:\/\/diariodalagoa.pt\/jornadas-do-priolo-debatem-natureza-e-sustentabilidade-no-nordeste\/\"]}]},{\"@type\":\"BreadcrumbList\",\"@id\":\"https:\/\/diariodalagoa.pt\/jornadas-do-priolo-debatem-natureza-e-sustentabilidade-no-nordeste\/#breadcrumb\",\"itemListElement\":[{\"@type\":\"ListItem\",\"position\":1,\"name\":\"In\u00edcio\",\"item\":\"https:\/\/diariodalagoa.pt\/\"},{\"@type\":\"ListItem\",\"position\":2,\"name\":\"Jornadas do Priolo debatem natureza e sustentabilidade no Nordeste\"}]},{\"@type\":\"WebSite\",\"@id\":\"https:\/\/diariodalagoa.pt\/#website\",\"url\":\"https:\/\/diariodalagoa.pt\/\",\"name\":\"Di\u00e1rio da Lagoa\",\"description\":\"Di\u00e1rio da Lagoa. As not\u00edcias que contam. A partir da Lagoa, nos A\u00e7ores, para o mundo.\",\"potentialAction\":[{\"@type\":\"SearchAction\",\"target\":{\"@type\":\"EntryPoint\",\"urlTemplate\":\"https:\/\/diariodalagoa.pt\/?s={search_term_string}\"},\"query-input\":\"required name=search_term_string\"}],\"inLanguage\":\"en-US\"},{\"@type\":\"Person\",\"@id\":\"https:\/\/diariodalagoa.pt\/#\/schema\/person\/1615a002370e8857b6f972834bc43ece\",\"name\":\"Di\u00e1rio da Lagoa\",\"image\":{\"@type\":\"ImageObject\",\"inLanguage\":\"en-US\",\"@id\":\"https:\/\/diariodalagoa.pt\/#\/schema\/person\/image\/\",\"url\":\"https:\/\/secure.gravatar.com\/avatar\/2cb5cef90a26f8fbd4d9d930608102c5?s=96&d=mm&r=g\",\"contentUrl\":\"https:\/\/secure.gravatar.com\/avatar\/2cb5cef90a26f8fbd4d9d930608102c5?s=96&d=mm&r=g\",\"caption\":\"Di\u00e1rio da Lagoa\"},\"url\":\"https:\/\/diariodalagoa.pt\/en\/author\/diariodalagoa\/\"}]}<\/script>\n<!-- \/ Yoast SEO plugin. -->","yoast_head_json":{"title":"Jornadas do Priolo debatem natureza e sustentabilidade no Nordeste - Di\u00e1rio da Lagoa","robots":{"index":"index","follow":"follow","max-snippet":"max-snippet:-1","max-image-preview":"max-image-preview:large","max-video-preview":"max-video-preview:-1"},"canonical":"https:\/\/diariodalagoa.pt\/en\/jornadas-do-priolo-debatem-natureza-e-sustentabilidade-no-nordeste\/","og_locale":"en_US","og_type":"article","og_title":"Jornadas do Priolo debatem natureza e sustentabilidade no Nordeste - Di\u00e1rio da Lagoa","og_description":"O Nordeste, em pleno territ\u00f3rio das Terras do Priolo, vai acolher nos dias 21 a 23 de novembro as IX Jornadas do Priolo. Estas jornadas ir\u00e3o decorrer no Centro Municipal de Atividades Culturais do Nordeste, e incluem um vasto programa para informar e aproximar a popula\u00e7\u00e3o da Natureza dos A\u00e7ores, o seu valor e import\u00e2ncia [&hellip;]","og_url":"https:\/\/diariodalagoa.pt\/en\/jornadas-do-priolo-debatem-natureza-e-sustentabilidade-no-nordeste\/","og_site_name":"Di\u00e1rio da Lagoa","article_published_time":"2014-11-17T17:45:25+00:00","og_image":[{"width":720,"height":380,"url":"https:\/\/diariodalagoa.pt\/wp-content\/uploads\/2014\/11\/jornadas-priolo-nordeste-spea.jpg","type":"image\/jpeg"}],"author":"Di\u00e1rio da Lagoa","twitter_card":"summary_large_image","twitter_misc":{"Written by":"Di\u00e1rio da Lagoa","Est. reading time":"2 minutes"},"schema":{"@context":"https:\/\/schema.org","@graph":[{"@type":"WebPage","@id":"https:\/\/diariodalagoa.pt\/jornadas-do-priolo-debatem-natureza-e-sustentabilidade-no-nordeste\/","url":"https:\/\/diariodalagoa.pt\/jornadas-do-priolo-debatem-natureza-e-sustentabilidade-no-nordeste\/","name":"Jornadas do Priolo debatem natureza e sustentabilidade no Nordeste - Di\u00e1rio da Lagoa","isPartOf":{"@id":"https:\/\/diariodalagoa.pt\/#website"},"datePublished":"2014-11-17T17:45:25+00:00","dateModified":"2014-11-17T17:45:25+00:00","author":{"@id":"https:\/\/diariodalagoa.pt\/#\/schema\/person\/1615a002370e8857b6f972834bc43ece"},"breadcrumb":{"@id":"https:\/\/diariodalagoa.pt\/jornadas-do-priolo-debatem-natureza-e-sustentabilidade-no-nordeste\/#breadcrumb"},"inLanguage":"en-US","potentialAction":[{"@type":"ReadAction","target":["https:\/\/diariodalagoa.pt\/jornadas-do-priolo-debatem-natureza-e-sustentabilidade-no-nordeste\/"]}]},{"@type":"BreadcrumbList","@id":"https:\/\/diariodalagoa.pt\/jornadas-do-priolo-debatem-natureza-e-sustentabilidade-no-nordeste\/#breadcrumb","itemListElement":[{"@type":"ListItem","position":1,"name":"In\u00edcio","item":"https:\/\/diariodalagoa.pt\/"},{"@type":"ListItem","position":2,"name":"Jornadas do Priolo debatem natureza e sustentabilidade no Nordeste"}]},{"@type":"WebSite","@id":"https:\/\/diariodalagoa.pt\/#website","url":"https:\/\/diariodalagoa.pt\/","name":"Di\u00e1rio da Lagoa","description":"Di\u00e1rio da Lagoa. As not\u00edcias que contam. A partir da Lagoa, nos A\u00e7ores, para o mundo.","potentialAction":[{"@type":"SearchAction","target":{"@type":"EntryPoint","urlTemplate":"https:\/\/diariodalagoa.pt\/?s={search_term_string}"},"query-input":"required name=search_term_string"}],"inLanguage":"en-US"},{"@type":"Person","@id":"https:\/\/diariodalagoa.pt\/#\/schema\/person\/1615a002370e8857b6f972834bc43ece","name":"Di\u00e1rio da Lagoa","image":{"@type":"ImageObject","inLanguage":"en-US","@id":"https:\/\/diariodalagoa.pt\/#\/schema\/person\/image\/","url":"https:\/\/secure.gravatar.com\/avatar\/2cb5cef90a26f8fbd4d9d930608102c5?s=96&d=mm&r=g","contentUrl":"https:\/\/secure.gravatar.com\/avatar\/2cb5cef90a26f8fbd4d9d930608102c5?s=96&d=mm&r=g","caption":"Di\u00e1rio da Lagoa"},"url":"https:\/\/diariodalagoa.pt\/en\/author\/diariodalagoa\/"}]}},"_links":{"self":[{"href":"https:\/\/diariodalagoa.pt\/en\/wp-json\/wp\/v2\/posts\/11304"}],"collection":[{"href":"https:\/\/diariodalagoa.pt\/en\/wp-json\/wp\/v2\/posts"}],"about":[{"href":"https:\/\/diariodalagoa.pt\/en\/wp-json\/wp\/v2\/types\/post"}],"author":[{"embeddable":true,"href":"https:\/\/diariodalagoa.pt\/en\/wp-json\/wp\/v2\/users\/2"}],"replies":[{"embeddable":true,"href":"https:\/\/diariodalagoa.pt\/en\/wp-json\/wp\/v2\/comments?post=11304"}],"version-history":[{"count":0,"href":"https:\/\/diariodalagoa.pt\/en\/wp-json\/wp\/v2\/posts\/11304\/revisions"}],"wp:featuredmedia":[{"embeddable":true,"href":"https:\/\/diariodalagoa.pt\/en\/wp-json\/wp\/v2\/media\/121676"}],"wp:attachment":[{"href":"https:\/\/diariodalagoa.pt\/en\/wp-json\/wp\/v2\/media?parent=11304"}],"wp:term":[{"taxonomy":"category","embeddable":true,"href":"https:\/\/diariodalagoa.pt\/en\/wp-json\/wp\/v2\/categories?post=11304"},{"taxonomy":"post_tag","embeddable":true,"href":"https:\/\/diariodalagoa.pt\/en\/wp-json\/wp\/v2\/tags?post=11304"}],"curies":[{"name":"wp","href":"https:\/\/api.w.org\/{rel}","templated":true}]}}