{"id":11127,"date":"2014-11-11T14:53:55","date_gmt":"2014-11-11T15:53:55","guid":{"rendered":"http:\/\/diariodalagoa.pt\/?p=11127"},"modified":"2014-11-11T14:53:55","modified_gmt":"2014-11-11T15:53:55","slug":"conselho-consultivo-regional-para-os-assuntos-da-imigracao-reune-quarta-feira","status":"publish","type":"post","link":"https:\/\/diariodalagoa.pt\/en\/conselho-consultivo-regional-para-os-assuntos-da-imigracao-reune-quarta-feira\/","title":{"rendered":"Conselho Consultivo Regional para os Assuntos da Imigra\u00e7\u00e3o re\u00fane quarta-feira"},"content":{"rendered":"<p><img decoding=\"async\" class=\"alignnone size-full wp-image-11128\" src=\"http:\/\/diariodalagoa.pt\/wp-content\/uploads\/2014\/11\/CCRAI-apoio.imigrantes-conselho-consultivo.jpg\" alt=\"CCRAI-apoio-imigrantes-conselho-consultivo\" width=\"720\" height=\"380\" \/><\/p>\n<p style=\"text-align: justify;\"><span style=\"color: #000000;\">O Subsecret\u00e1rio Regional da Presid\u00eancia para as Rela\u00e7\u00f5es Externas preside quarta-feira, em Ponta Delgada, \u00e0 primeira reuni\u00e3o do Conselho Consultivo Regional para os Assuntos da Imigra\u00e7\u00e3o (CCRAI) depois das altera\u00e7\u00f5es regulamentares que visaram atualizar a sua composi\u00e7\u00e3o e tornar mais flex\u00edvel e abrangente o seu funcionamento, revela o Gabinete de Apoio \u00e0 Comunica\u00e7\u00e3o Social (Gacs).<\/span><\/p>\n<p style=\"text-align: justify;\"><span style=\"color: #000000;\">O CCRAI, que funciona no \u00e2mbito da Presid\u00eancia do Governo, tem como objetivo assegurar a participa\u00e7\u00e3o e a colabora\u00e7\u00e3o das associa\u00e7\u00f5es representativas dos imigrantes, dos parceiros sociais e das institui\u00e7\u00f5es de solidariedade social, entre outras organiza\u00e7\u00f5es, na defini\u00e7\u00e3o e coordena\u00e7\u00e3o das pol\u00edticas em mat\u00e9ria de imigra\u00e7\u00e3o.\u00a0<\/span><\/p>\n<p style=\"text-align: justify;\"><span style=\"color: #000000;\">Este Conselho tem por miss\u00e3o, em particular, colaborar e contribuir para a defini\u00e7\u00e3o e execu\u00e7\u00e3o das pol\u00edticas promovam a integra\u00e7\u00e3o dos imigrantes residentes na Regi\u00e3o Aut\u00f3noma dos A\u00e7ores, a igualdade de oportunidades e a interculturalidade, tendo em vista ainda uma melhor coordena\u00e7\u00e3o de a\u00e7\u00f5es entre todos os parceiros e entidades intervenientes.\u00a0<\/span><\/p>\n<p style=\"text-align: justify;\"><span style=\"color: #000000;\">O\u00a0CCRAI \u00e9 constitu\u00eddo por representantes das associa\u00e7\u00f5es que trabalham a \u00e1rea da imigra\u00e7\u00e3o, designadamente a AIPA \u2013 Associa\u00e7\u00e3o dos Imigrantes nos A\u00e7ores e a CRESA\u00c7OR &#8211; Cooperativa Regional de Economia Solid\u00e1ria, das Institui\u00e7\u00f5es Particulares de Solidariedade Social com a\u00e7\u00e3o nos mesmos assuntos, da Associa\u00e7\u00e3o de Munic\u00edpios da Regi\u00e3o Aut\u00f3noma dos A\u00e7ores, do Servi\u00e7o de Estrangeiros e Fronteiras e do Alto-Comissariado para as Migra\u00e7\u00f5es, integrando ainda os diretores regionais com compet\u00eancias em mat\u00e9rias de imigra\u00e7\u00e3o, de educa\u00e7\u00e3o, de solidariedade social e de emprego e qualifica\u00e7\u00e3o profissional.\u00a0<\/span><\/p>\n<p style=\"text-align: justify;\"><span style=\"color: #000000;\">Segundo a mesma noticia, hoje divulgada, na reuni\u00e3o que se realiza quarta-feira ser\u00e3o analisadas as atividades desenvolvidas no \u00e2mbito da imigra\u00e7\u00e3o pelo Governo dos A\u00e7ores e pelas diversas entidades em 2014, bem como as iniciativas previstas para o pr\u00f3ximo ano, al\u00e9m de quest\u00f5es internas de funcionamento, como a aprova\u00e7\u00e3o do regimento do CCRAI.<\/span><\/p>\n<p style=\"text-align: justify;\"><span style=\"color: #000000;\"><em>DL\/Gacs<\/em><\/span><\/p>","protected":false},"excerpt":{"rendered":"<p>O Subsecret\u00e1rio Regional da Presid\u00eancia para as Rela\u00e7\u00f5es Externas preside quarta-feira, em Ponta Delgada, \u00e0 primeira reuni\u00e3o do Conselho Consultivo Regional para os Assuntos da Imigra\u00e7\u00e3o (CCRAI) depois das altera\u00e7\u00f5es regulamentares que visaram atualizar a sua composi\u00e7\u00e3o e tornar mais flex\u00edvel e abrangente o seu funcionamento, revela o Gabinete de Apoio \u00e0 Comunica\u00e7\u00e3o Social (Gacs). [&hellip;]<\/p>","protected":false},"author":2,"featured_media":121691,"comment_status":"open","ping_status":"open","sticky":false,"template":"","format":"standard","meta":[],"categories":[21],"tags":[],"acf":[],"yoast_head":"<!-- This site is optimized with the Yoast SEO plugin v20.10 - https:\/\/yoast.com\/wordpress\/plugins\/seo\/ -->\n<title>Conselho Consultivo Regional para os Assuntos da Imigra\u00e7\u00e3o re\u00fane quarta-feira - Di\u00e1rio da Lagoa<\/title>\n<meta name=\"robots\" content=\"index, follow, max-snippet:-1, max-image-preview:large, max-video-preview:-1\" \/>\n<link rel=\"canonical\" href=\"https:\/\/diariodalagoa.pt\/en\/conselho-consultivo-regional-para-os-assuntos-da-imigracao-reune-quarta-feira\/\" \/>\n<meta property=\"og:locale\" content=\"en_US\" \/>\n<meta property=\"og:type\" content=\"article\" \/>\n<meta property=\"og:title\" content=\"Conselho Consultivo Regional para os Assuntos da Imigra\u00e7\u00e3o re\u00fane quarta-feira - Di\u00e1rio da Lagoa\" \/>\n<meta property=\"og:description\" content=\"O Subsecret\u00e1rio Regional da Presid\u00eancia para as Rela\u00e7\u00f5es Externas preside quarta-feira, em Ponta Delgada, \u00e0 primeira reuni\u00e3o do Conselho Consultivo Regional para os Assuntos da Imigra\u00e7\u00e3o (CCRAI) depois das altera\u00e7\u00f5es regulamentares que visaram atualizar a sua composi\u00e7\u00e3o e tornar mais flex\u00edvel e abrangente o seu funcionamento, revela o Gabinete de Apoio \u00e0 Comunica\u00e7\u00e3o Social (Gacs). [&hellip;]\" \/>\n<meta property=\"og:url\" content=\"https:\/\/diariodalagoa.pt\/en\/conselho-consultivo-regional-para-os-assuntos-da-imigracao-reune-quarta-feira\/\" \/>\n<meta property=\"og:site_name\" content=\"Di\u00e1rio da Lagoa\" \/>\n<meta property=\"article:published_time\" content=\"2014-11-11T15:53:55+00:00\" \/>\n<meta property=\"og:image\" content=\"https:\/\/diariodalagoa.pt\/wp-content\/uploads\/2014\/11\/ccrai-apoioimigrantes-conselho-consultivo.jpg\" \/>\n\t<meta property=\"og:image:width\" content=\"720\" \/>\n\t<meta property=\"og:image:height\" content=\"380\" \/>\n\t<meta property=\"og:image:type\" content=\"image\/jpeg\" \/>\n<meta name=\"author\" content=\"Di\u00e1rio da Lagoa\" \/>\n<meta name=\"twitter:card\" content=\"summary_large_image\" \/>\n<meta name=\"twitter:label1\" content=\"Written by\" \/>\n\t<meta name=\"twitter:data1\" content=\"Di\u00e1rio da Lagoa\" \/>\n\t<meta name=\"twitter:label2\" content=\"Est. reading time\" \/>\n\t<meta name=\"twitter:data2\" content=\"2 minutes\" \/>\n<script type=\"application\/ld+json\" class=\"yoast-schema-graph\">{\"@context\":\"https:\/\/schema.org\",\"@graph\":[{\"@type\":\"WebPage\",\"@id\":\"https:\/\/diariodalagoa.pt\/conselho-consultivo-regional-para-os-assuntos-da-imigracao-reune-quarta-feira\/\",\"url\":\"https:\/\/diariodalagoa.pt\/conselho-consultivo-regional-para-os-assuntos-da-imigracao-reune-quarta-feira\/\",\"name\":\"Conselho Consultivo Regional para os Assuntos da Imigra\u00e7\u00e3o re\u00fane quarta-feira - Di\u00e1rio da Lagoa\",\"isPartOf\":{\"@id\":\"https:\/\/diariodalagoa.pt\/#website\"},\"datePublished\":\"2014-11-11T15:53:55+00:00\",\"dateModified\":\"2014-11-11T15:53:55+00:00\",\"author\":{\"@id\":\"https:\/\/diariodalagoa.pt\/#\/schema\/person\/1615a002370e8857b6f972834bc43ece\"},\"breadcrumb\":{\"@id\":\"https:\/\/diariodalagoa.pt\/conselho-consultivo-regional-para-os-assuntos-da-imigracao-reune-quarta-feira\/#breadcrumb\"},\"inLanguage\":\"en-US\",\"potentialAction\":[{\"@type\":\"ReadAction\",\"target\":[\"https:\/\/diariodalagoa.pt\/conselho-consultivo-regional-para-os-assuntos-da-imigracao-reune-quarta-feira\/\"]}]},{\"@type\":\"BreadcrumbList\",\"@id\":\"https:\/\/diariodalagoa.pt\/conselho-consultivo-regional-para-os-assuntos-da-imigracao-reune-quarta-feira\/#breadcrumb\",\"itemListElement\":[{\"@type\":\"ListItem\",\"position\":1,\"name\":\"In\u00edcio\",\"item\":\"https:\/\/diariodalagoa.pt\/\"},{\"@type\":\"ListItem\",\"position\":2,\"name\":\"Conselho Consultivo Regional para os Assuntos da Imigra\u00e7\u00e3o re\u00fane quarta-feira\"}]},{\"@type\":\"WebSite\",\"@id\":\"https:\/\/diariodalagoa.pt\/#website\",\"url\":\"https:\/\/diariodalagoa.pt\/\",\"name\":\"Di\u00e1rio da Lagoa\",\"description\":\"Di\u00e1rio da Lagoa. As not\u00edcias que contam. A partir da Lagoa, nos A\u00e7ores, para o mundo.\",\"potentialAction\":[{\"@type\":\"SearchAction\",\"target\":{\"@type\":\"EntryPoint\",\"urlTemplate\":\"https:\/\/diariodalagoa.pt\/?s={search_term_string}\"},\"query-input\":\"required name=search_term_string\"}],\"inLanguage\":\"en-US\"},{\"@type\":\"Person\",\"@id\":\"https:\/\/diariodalagoa.pt\/#\/schema\/person\/1615a002370e8857b6f972834bc43ece\",\"name\":\"Di\u00e1rio da Lagoa\",\"image\":{\"@type\":\"ImageObject\",\"inLanguage\":\"en-US\",\"@id\":\"https:\/\/diariodalagoa.pt\/#\/schema\/person\/image\/\",\"url\":\"https:\/\/secure.gravatar.com\/avatar\/2cb5cef90a26f8fbd4d9d930608102c5?s=96&d=mm&r=g\",\"contentUrl\":\"https:\/\/secure.gravatar.com\/avatar\/2cb5cef90a26f8fbd4d9d930608102c5?s=96&d=mm&r=g\",\"caption\":\"Di\u00e1rio da Lagoa\"},\"url\":\"https:\/\/diariodalagoa.pt\/en\/author\/diariodalagoa\/\"}]}<\/script>\n<!-- \/ Yoast SEO plugin. -->","yoast_head_json":{"title":"Conselho Consultivo Regional para os Assuntos da Imigra\u00e7\u00e3o re\u00fane quarta-feira - Di\u00e1rio da Lagoa","robots":{"index":"index","follow":"follow","max-snippet":"max-snippet:-1","max-image-preview":"max-image-preview:large","max-video-preview":"max-video-preview:-1"},"canonical":"https:\/\/diariodalagoa.pt\/en\/conselho-consultivo-regional-para-os-assuntos-da-imigracao-reune-quarta-feira\/","og_locale":"en_US","og_type":"article","og_title":"Conselho Consultivo Regional para os Assuntos da Imigra\u00e7\u00e3o re\u00fane quarta-feira - Di\u00e1rio da Lagoa","og_description":"O Subsecret\u00e1rio Regional da Presid\u00eancia para as Rela\u00e7\u00f5es Externas preside quarta-feira, em Ponta Delgada, \u00e0 primeira reuni\u00e3o do Conselho Consultivo Regional para os Assuntos da Imigra\u00e7\u00e3o (CCRAI) depois das altera\u00e7\u00f5es regulamentares que visaram atualizar a sua composi\u00e7\u00e3o e tornar mais flex\u00edvel e abrangente o seu funcionamento, revela o Gabinete de Apoio \u00e0 Comunica\u00e7\u00e3o Social (Gacs). [&hellip;]","og_url":"https:\/\/diariodalagoa.pt\/en\/conselho-consultivo-regional-para-os-assuntos-da-imigracao-reune-quarta-feira\/","og_site_name":"Di\u00e1rio da Lagoa","article_published_time":"2014-11-11T15:53:55+00:00","og_image":[{"width":720,"height":380,"url":"https:\/\/diariodalagoa.pt\/wp-content\/uploads\/2014\/11\/ccrai-apoioimigrantes-conselho-consultivo.jpg","type":"image\/jpeg"}],"author":"Di\u00e1rio da Lagoa","twitter_card":"summary_large_image","twitter_misc":{"Written by":"Di\u00e1rio da Lagoa","Est. reading time":"2 minutes"},"schema":{"@context":"https:\/\/schema.org","@graph":[{"@type":"WebPage","@id":"https:\/\/diariodalagoa.pt\/conselho-consultivo-regional-para-os-assuntos-da-imigracao-reune-quarta-feira\/","url":"https:\/\/diariodalagoa.pt\/conselho-consultivo-regional-para-os-assuntos-da-imigracao-reune-quarta-feira\/","name":"Conselho Consultivo Regional para os Assuntos da Imigra\u00e7\u00e3o re\u00fane quarta-feira - Di\u00e1rio da Lagoa","isPartOf":{"@id":"https:\/\/diariodalagoa.pt\/#website"},"datePublished":"2014-11-11T15:53:55+00:00","dateModified":"2014-11-11T15:53:55+00:00","author":{"@id":"https:\/\/diariodalagoa.pt\/#\/schema\/person\/1615a002370e8857b6f972834bc43ece"},"breadcrumb":{"@id":"https:\/\/diariodalagoa.pt\/conselho-consultivo-regional-para-os-assuntos-da-imigracao-reune-quarta-feira\/#breadcrumb"},"inLanguage":"en-US","potentialAction":[{"@type":"ReadAction","target":["https:\/\/diariodalagoa.pt\/conselho-consultivo-regional-para-os-assuntos-da-imigracao-reune-quarta-feira\/"]}]},{"@type":"BreadcrumbList","@id":"https:\/\/diariodalagoa.pt\/conselho-consultivo-regional-para-os-assuntos-da-imigracao-reune-quarta-feira\/#breadcrumb","itemListElement":[{"@type":"ListItem","position":1,"name":"In\u00edcio","item":"https:\/\/diariodalagoa.pt\/"},{"@type":"ListItem","position":2,"name":"Conselho Consultivo Regional para os Assuntos da Imigra\u00e7\u00e3o re\u00fane quarta-feira"}]},{"@type":"WebSite","@id":"https:\/\/diariodalagoa.pt\/#website","url":"https:\/\/diariodalagoa.pt\/","name":"Di\u00e1rio da Lagoa","description":"Di\u00e1rio da Lagoa. As not\u00edcias que contam. A partir da Lagoa, nos A\u00e7ores, para o mundo.","potentialAction":[{"@type":"SearchAction","target":{"@type":"EntryPoint","urlTemplate":"https:\/\/diariodalagoa.pt\/?s={search_term_string}"},"query-input":"required name=search_term_string"}],"inLanguage":"en-US"},{"@type":"Person","@id":"https:\/\/diariodalagoa.pt\/#\/schema\/person\/1615a002370e8857b6f972834bc43ece","name":"Di\u00e1rio da Lagoa","image":{"@type":"ImageObject","inLanguage":"en-US","@id":"https:\/\/diariodalagoa.pt\/#\/schema\/person\/image\/","url":"https:\/\/secure.gravatar.com\/avatar\/2cb5cef90a26f8fbd4d9d930608102c5?s=96&d=mm&r=g","contentUrl":"https:\/\/secure.gravatar.com\/avatar\/2cb5cef90a26f8fbd4d9d930608102c5?s=96&d=mm&r=g","caption":"Di\u00e1rio da Lagoa"},"url":"https:\/\/diariodalagoa.pt\/en\/author\/diariodalagoa\/"}]}},"_links":{"self":[{"href":"https:\/\/diariodalagoa.pt\/en\/wp-json\/wp\/v2\/posts\/11127"}],"collection":[{"href":"https:\/\/diariodalagoa.pt\/en\/wp-json\/wp\/v2\/posts"}],"about":[{"href":"https:\/\/diariodalagoa.pt\/en\/wp-json\/wp\/v2\/types\/post"}],"author":[{"embeddable":true,"href":"https:\/\/diariodalagoa.pt\/en\/wp-json\/wp\/v2\/users\/2"}],"replies":[{"embeddable":true,"href":"https:\/\/diariodalagoa.pt\/en\/wp-json\/wp\/v2\/comments?post=11127"}],"version-history":[{"count":0,"href":"https:\/\/diariodalagoa.pt\/en\/wp-json\/wp\/v2\/posts\/11127\/revisions"}],"wp:featuredmedia":[{"embeddable":true,"href":"https:\/\/diariodalagoa.pt\/en\/wp-json\/wp\/v2\/media\/121691"}],"wp:attachment":[{"href":"https:\/\/diariodalagoa.pt\/en\/wp-json\/wp\/v2\/media?parent=11127"}],"wp:term":[{"taxonomy":"category","embeddable":true,"href":"https:\/\/diariodalagoa.pt\/en\/wp-json\/wp\/v2\/categories?post=11127"},{"taxonomy":"post_tag","embeddable":true,"href":"https:\/\/diariodalagoa.pt\/en\/wp-json\/wp\/v2\/tags?post=11127"}],"curies":[{"name":"wp","href":"https:\/\/api.w.org\/{rel}","templated":true}]}}